{"id":15805,"date":"2019-07-25T21:47:04","date_gmt":"2019-07-25T21:47:04","guid":{"rendered":"http:\/\/historiografija.hr\/?p=15805"},"modified":"2019-07-25T21:47:04","modified_gmt":"2019-07-25T21:47:04","slug":"spor-knjizevnika-knausgaarda-s-povjesnicarom-kershawom-o-hitlerovoj-biografiji","status":"publish","type":"post","link":"https:\/\/historiografija.hr\/?p=15805","title":{"rendered":"Spor knji\u017eevnika Knausgaarda s povjesni\u010darom Kershawom o Hitlerovoj biografiji"},"content":{"rendered":"<p>Pi\u0161u\u0107i o \u0161estoj knjizi \u201cMoje borbe\u201d knji\u017eevnika Karla Ovea Knausgarda (Zagreb: OceanMore, 2019) Miljenko Jergovi\u0107 upozorio je sljede\u0107e: \u201cU svom, na nekoliko mjesta prekidanom, ekskursu o Hitleru i o pjesnicima protivu njegova djela, Knausgaard se kao \u010ditatelj spori s Ianom Kershawom, povjesni\u010darom Tre\u0107ega Reicha i najva\u017enijim Hitlerovim biografom. Kershaw ga tako \u017eivcira, da po\u010dinje pisati o njemu s visine i s prezirom, kakav ponekad upu\u0107ujemo onima koji ni\u0161ta ne razumiju, ili ne razumiju ono \u0161to je zbilja va\u017eno. Zamjera mu \u0161to neprestano negativno konotira Hitlera u njegovoj ranoj mladosti, u vrijeme kada je bio prakti\u010dno bez uvjerenja.<\/p>\n<p>&nbsp;<\/p>\n<p>\u201cTakvo je rezoniranje tipi\u010dno za Kershawov rad, koji kvari time \u0161to sve, doista sve, o Hitleru opisuje kao izrazito negativno, \u010dak i ono \u0161to se odnosi na njegovo djetinjstvo i mladost, kao da je cijeli njegov \u017eivot bio obojen onime \u0161to \u0107e postati i \u0161to \u0107e raditi dvadeset godina poslije, kao da na neki na\u010din utjelovljuje zlo, ili da je zlo bilo u njemu kao kakvo sjeme, ne\u0161to nepromjenjivo i nepopravljivo, \u0161to onda obja\u0161njava za\u0161to je po\u0161lo tako kako je po\u0161lo. Takvo shva\u0107anje Hitlera nezrelo je, i zbog toga su Kershawove knjige, koje su poznate kao definitivna Hitlerova biografija, gotovo ne\u010ditljive.\u201d<\/p>\n<p>&nbsp;<\/p>\n<p>Knausgaardov sasvim nenadani gnjev na slavnog povjesni\u010dara, gotovo pa potreba da ga uvrijedi, ima svoj razlog, koji je mnogo va\u017eniji i od samoga povoda. Pisac, naime, brani knji\u017eevnost, onu romanesknu, i njezine razloge i na\u010dine, od historiografije, od povijesnog i povjesni\u010darskog diskursa. Dok je za povjesni\u010dara Hitler definiran svojom ulogom u povijesti, i sve \u0161to \u010dini njegovu intimu, njegov privatni i gra\u0111anski \u017eivot, uklju\u010duju\u0107i i djetinjstvo kao najintimniji element njegova bivanja, u slu\u017ebi je njegove uloge u povijesti, tako da za povjesni\u010dara i ne postoji vrijeme u kojem Hitler postaje Hitlerom, premda je mogao postati i netko drugi, dotle je za pisca va\u017eno razumjeti Hitlera, uvu\u0107i mu se u du\u0161u, razmi\u0161ljati iz njegove perspektive, \u017eivjeti u njegovu djetinjstvu kao u svome vlastitom.<\/p>\n<p>&nbsp;<\/p>\n<p>Djetinjstvo i rana mladost su, naime, ono posljednje vrijeme kada pisac mo\u017ee u\u0107i u Hitlerovu perspektivu, biti Hitler, pravdati njegove postupke. Ono \u0161to \u0107e kasnije do\u0107i, osim \u0161to je moralno neprihvatljivo i \u0161to se opire ljudskosti, nerazumljivo je i neproni\u010dno sa stanovi\u0161ta romaneskne knji\u017eevnosti, te izgradnje i razumijevanja lika. Knausgaarda zanimaju radikalne situacije, zanimaju ga granice romana i romanesknog pripovijedanja, i onda je sasvim o\u010dekivano da ga zanima Hitler. Razumijevanje Hitlera je tabu, kao \u0161to je tabu i fikcionalizacija bli\u017enjih, skupa s njihovim stvarnim imenima i prezimenima. Na vi\u0161e mjesta u knjizi, pripovjeda\u010d se, sav o\u010dajan, pita za\u0161to obi\u010dan \u017eivot postaje tako skandalozan i za\u0161to se njegovi akteri na\u0111u uvrije\u0111enim ako se taj \u017eivot detaljno opi\u0161e i napi\u0161e?<\/p>\n<p>&nbsp;<\/p>\n<p>\u010citatelju se \u010dini da je rije\u010d o istom skandaliziranju na kakvo nailazi ideja o razumijevanju za dje\u010daka i mladi\u0107a Adolfa Hitlera, dok mu onako bijednom i usamljenom umire majka, ili dok se ne usu\u0111uje pri\u0107i djevojci u koju je godinama zaljubljen, ili kad ne odlazi na konsultacije profesoru koji mu je mogao pomo\u0107i oko upisa na umjetni\u010dku akademiju. Trenutak u kojemu se \u017eivot prestilizira i preimaginira u knji\u017eevni tekst, umjesto u romanesknu legendu, udaljenu od \u017eivota i temeljito anonimiziranu i prilago\u0111enu o\u010dekivanjima romana, trenutak je u kojemu se ra\u0111a nepopravljiv skandal. Jedno je vidjeti sebe u tu\u0111oj uspomeni, a drugo je vidjeti sebe u tu\u0111em \u017eivotu.\u201d<\/p>\n<p>&nbsp;<\/p>\n<p><strong><em>Cijeli \u010dlanak dostupan je na poveznicama:<\/em><\/strong><\/p>\n<p>&nbsp;<\/p>\n<p><a href=\"https:\/\/www.jutarnji.hr\/magazin\/romaneskna-pustolovina-vijeka-ili-kako-razumjeti-sebe-a-kako-hitlera\/9142235\/\">https:\/\/www.jutarnji.hr\/magazin\/romaneskna-pustolovina-vijeka-ili-kako-razumjeti-sebe-a-kako-hitlera\/9142235\/<\/a><\/p>\n<p>&nbsp;<\/p>\n<p><a href=\"https:\/\/www.jergovic.com\/subotnja-matineja\/finale-najuzbudljivije-romaneskne-pustolovine-naseg-vijeka-ili-kako-razumjeti-sebe-a-kako-razumjeti-hitlera\/\">https:\/\/www.jergovic.com\/subotnja-matineja\/finale-najuzbudljivije-romaneskne-pustolovine-naseg-vijeka-ili-kako-razumjeti-sebe-a-kako-razumjeti-hitlera\/<\/a><\/p>\n<p>&nbsp;<\/p>\n<p>&nbsp;<\/p>\n<p><strong>Vi\u0161e o knjizi:<\/strong><\/p>\n<p>&nbsp;<\/p>\n<p><a href=\"https:\/\/www.oceanmore.hr\/\">https:\/\/www.oceanmore.hr\/<\/a><\/p>\n<p>&nbsp;<\/p>\n<p><a href=\"https:\/\/shop.skolskaknjiga.hr\/moja-borba-sesta-knjiga.html\">https:\/\/shop.skolskaknjiga.hr\/moja-borba-sesta-knjiga.html<\/a><\/p>\n<p>&nbsp;<\/p>\n<p>&nbsp;<\/p>\n<p>&nbsp;<\/p>\n","protected":false},"excerpt":{"rendered":"","protected":false},"author":2,"featured_media":15806,"comment_status":"open","ping_status":"open","sticky":false,"template":"","format":"standard","meta":{"_acf_changed":false,"jetpack_post_was_ever_published":false,"_jetpack_newsletter_access":"","_jetpack_dont_email_post_to_subs":false,"_jetpack_newsletter_tier_id":0,"_jetpack_memberships_contains_paywalled_content":false,"_jetpack_memberships_contains_paid_content":false,"footnotes":"","jetpack_publicize_message":"","jetpack_publicize_feature_enabled":true,"jetpack_social_post_already_shared":true,"jetpack_social_options":{"image_generator_settings":{"template":"highway","default_image_id":0,"font":"","enabled":false},"version":2}},"categories":[3,12],"tags":[],"class_list":["post-15805","post","type-post","status-publish","format-standard","has-post-thumbnail","hentry","category-novosti","category-knjizevnost"],"acf":{"facebook_opis":""},"jetpack_publicize_connections":[],"jetpack_featured_media_url":"https:\/\/i0.wp.com\/historiografija.hr\/wp-content\/uploads\/2019\/07\/naslovnica_knausgard_moja_borba.jpg?fit=1623%2C2362&ssl=1","jetpack_sharing_enabled":true,"jetpack-related-posts":[{"id":52536,"url":"https:\/\/historiografija.hr\/?p=52536","url_meta":{"origin":15805,"position":0},"title":"Kader Abdolah, \u201ePrije nego \u0161to bude kasno\u201c","author":"Branimir Jankovi\u0107","date":"20. travnja 2026.","format":false,"excerpt":"Kader Abdolah \u017eeli se vratiti ku\u0107i. Ali povratak je nemogu\u0107: u Iranu bi bio uhap\u0161en. Pod la\u017enim imenom i s krivotvorenim paso\u0161em ipak uspijeva u\u0107i u domovinu i sti\u017ee do roditeljske ku\u0107e, visoko u planinama. Majka ga ne prepoznaje, otac je mrtav, a sve \u0161to je tra\u017eio izmi\u010de mu pred\u2026","rel":"","context":"U &quot;Novosti&quot;","block_context":{"text":"Novosti","link":"https:\/\/historiografija.hr\/?cat=3"},"img":{"alt_text":"","src":"https:\/\/i0.wp.com\/historiografija.hr\/wp-content\/uploads\/2026\/04\/Prije-nego-sto-bude-kasno.webp?fit=566%2C872&ssl=1&resize=350%2C200","width":350,"height":200,"srcset":"https:\/\/i0.wp.com\/historiografija.hr\/wp-content\/uploads\/2026\/04\/Prije-nego-sto-bude-kasno.webp?fit=566%2C872&ssl=1&resize=350%2C200 1x, https:\/\/i0.wp.com\/historiografija.hr\/wp-content\/uploads\/2026\/04\/Prije-nego-sto-bude-kasno.webp?fit=566%2C872&ssl=1&resize=525%2C300 1.5x"},"classes":[]},{"id":52733,"url":"https:\/\/historiografija.hr\/?p=52733","url_meta":{"origin":15805,"position":1},"title":"Vlado Raji\u0107 \u201eGranica na kraju stolje\u0107a\u201c","author":"Filip \u0160imunjak","date":"29. travnja 2026.","format":false,"excerpt":"U suizdanju Durieuxa i Beletre objavljena je 2025. godine knjiga Granica na kraju stolje\u0107a autora Vlade Raji\u0107a.\u00a0 O knjizi\u00a0 Romansirana biografija Vladimira Iblera mnogo je vi\u0161e od zanimljive pri\u010de o privatnom \u017eivotu i impresivnoj profesionalnoj karijeri istaknutog stru\u010dnjaka za me\u0111unarodno pravo i dugo\u00adgodi\u0161njeg profesora na zagreba\u010dkom Pravnom fakultetu, akademika, koji\u2026","rel":"","context":"U &quot;Knjige&quot;","block_context":{"text":"Knjige","link":"https:\/\/historiografija.hr\/?cat=8"},"img":{"alt_text":"","src":"https:\/\/i0.wp.com\/historiografija.hr\/wp-content\/uploads\/2026\/04\/VLADO-RAJIC-GRANICA-NA-KRAJU-STOLJECA.jpg?fit=450%2C650&ssl=1&resize=350%2C200","width":350,"height":200},"classes":[]},{"id":52592,"url":"https:\/\/historiografija.hr\/?p=52592","url_meta":{"origin":15805,"position":2},"title":"Predstavljanje knjige &#8220;Turska ku\u0107a u Rijeci&#8221; u Zagrebu","author":"Branimir Jankovi\u0107","date":"22. travnja 2026.","format":false,"excerpt":"U prostorijama Turskog kulturnog centra Yunus Emre u Zagrebu, u utorak 21. travnja 2026. godine, odr\u017eano je sve\u010dano predstavljanje dopunjenog izdanja knjige Turska ku\u0107a u Rijeci, u organizaciji Hrvatsko-turskog dru\u0161tva Rijeka i partnerstvu sa Skupinom prijateljstva Hrvatska-Turska Hrvatskog sabora, Veleposlanstvom Republike Turske u Republici Hrvatskoj te Turskim kulturnim centrom Yunus\u2026","rel":"","context":"U &quot;Novosti&quot;","block_context":{"text":"Novosti","link":"https:\/\/historiografija.hr\/?cat=3"},"img":{"alt_text":"","src":"https:\/\/i0.wp.com\/historiografija.hr\/wp-content\/uploads\/2026\/04\/Turska-kuca-ZG.jpg?fit=1200%2C800&ssl=1&resize=350%2C200","width":350,"height":200,"srcset":"https:\/\/i0.wp.com\/historiografija.hr\/wp-content\/uploads\/2026\/04\/Turska-kuca-ZG.jpg?fit=1200%2C800&ssl=1&resize=350%2C200 1x, https:\/\/i0.wp.com\/historiografija.hr\/wp-content\/uploads\/2026\/04\/Turska-kuca-ZG.jpg?fit=1200%2C800&ssl=1&resize=525%2C300 1.5x, https:\/\/i0.wp.com\/historiografija.hr\/wp-content\/uploads\/2026\/04\/Turska-kuca-ZG.jpg?fit=1200%2C800&ssl=1&resize=700%2C400 2x, https:\/\/i0.wp.com\/historiografija.hr\/wp-content\/uploads\/2026\/04\/Turska-kuca-ZG.jpg?fit=1200%2C800&ssl=1&resize=1050%2C600 3x"},"classes":[]},{"id":52502,"url":"https:\/\/historiografija.hr\/?p=52502","url_meta":{"origin":15805,"position":3},"title":"Novi znanstveni projekt Hrvatskog instituta za povijest: \u201c\u017drtve ratova i dr\u017eavnog\/politi\u010dkog nasilja u hrvatskoj povijesti 20. stolje\u0107a\u201d","author":"Branimir Jankovi\u0107","date":"17. travnja 2026.","format":false,"excerpt":"Na redovitoj sjednici Vlade RH, 16. travnja 2026., donijet je Zaklju\u010dak kojim se pokre\u0107e znanstveni projekt \u201c\u017drtve ratova i dr\u017eavnog\/politi\u010dkog nasilja u hrvatskoj povijesti 20. stolje\u0107a\u201d. Projekt \u0107e provoditi i koordinirati Hrvatski institut za povijest u razdoblju trajanja projekta od pet godina. Zakljucak Vlade RH Iz teksta projektnog prijedloga: Problematika\u2026","rel":"","context":"U &quot;Novosti&quot;","block_context":{"text":"Novosti","link":"https:\/\/historiografija.hr\/?cat=3"},"img":{"alt_text":"","src":"https:\/\/i0.wp.com\/historiografija.hr\/wp-content\/uploads\/2026\/04\/Vlada-RH.jpg?fit=1200%2C557&ssl=1&resize=350%2C200","width":350,"height":200,"srcset":"https:\/\/i0.wp.com\/historiografija.hr\/wp-content\/uploads\/2026\/04\/Vlada-RH.jpg?fit=1200%2C557&ssl=1&resize=350%2C200 1x, https:\/\/i0.wp.com\/historiografija.hr\/wp-content\/uploads\/2026\/04\/Vlada-RH.jpg?fit=1200%2C557&ssl=1&resize=525%2C300 1.5x, https:\/\/i0.wp.com\/historiografija.hr\/wp-content\/uploads\/2026\/04\/Vlada-RH.jpg?fit=1200%2C557&ssl=1&resize=700%2C400 2x, https:\/\/i0.wp.com\/historiografija.hr\/wp-content\/uploads\/2026\/04\/Vlada-RH.jpg?fit=1200%2C557&ssl=1&resize=1050%2C600 3x"},"classes":[]},{"id":52704,"url":"https:\/\/historiografija.hr\/?p=52704","url_meta":{"origin":15805,"position":4},"title":"Predstavljanje knjige &#8220;Vladimir Vasiljevi\u0107: Moji do\u017eivljaji. Dnevni\u010dki zapisi iz Prvoga svjetskog rata i poratnoga vremena&#8221;","author":"Filip \u0160imunjak","date":"29. travnja 2026.","format":false,"excerpt":"Doga\u0111anja ovogodi\u0161njega Festivala povijesti Kliofest zapo\u010dinjemo ve\u0107 i prije samoga slu\u017ebenog otvaranja, predstavljanjem knjige \u201eMoji do\u017eivljaji. Dnevni\u010dki zapisi iz Prvoga svjetskog rata i poratnoga vremena\u201d Vladimira Vasiljevi\u0107a, koju su priredili Karlo Rukavina i Damir Agi\u010di\u0107. Pozivamo Vas na predstavljanje koje \u0107e se odr\u017eati u ponedjeljak 4. svibnja, s po\u010detkom u\u2026","rel":"","context":"U &quot;Knjige&quot;","block_context":{"text":"Knjige","link":"https:\/\/historiografija.hr\/?cat=8"},"img":{"alt_text":"","src":"https:\/\/i0.wp.com\/historiografija.hr\/wp-content\/uploads\/2026\/04\/Naslovna-V.-Vasiljevic.webp?fit=1200%2C600&ssl=1&resize=350%2C200","width":350,"height":200,"srcset":"https:\/\/i0.wp.com\/historiografija.hr\/wp-content\/uploads\/2026\/04\/Naslovna-V.-Vasiljevic.webp?fit=1200%2C600&ssl=1&resize=350%2C200 1x, https:\/\/i0.wp.com\/historiografija.hr\/wp-content\/uploads\/2026\/04\/Naslovna-V.-Vasiljevic.webp?fit=1200%2C600&ssl=1&resize=525%2C300 1.5x, https:\/\/i0.wp.com\/historiografija.hr\/wp-content\/uploads\/2026\/04\/Naslovna-V.-Vasiljevic.webp?fit=1200%2C600&ssl=1&resize=700%2C400 2x, https:\/\/i0.wp.com\/historiografija.hr\/wp-content\/uploads\/2026\/04\/Naslovna-V.-Vasiljevic.webp?fit=1200%2C600&ssl=1&resize=1050%2C600 3x"},"classes":[]},{"id":52589,"url":"https:\/\/historiografija.hr\/?p=52589","url_meta":{"origin":15805,"position":5},"title":"Predstavljena knjiga Miomira \u017du\u017eula &#8220;Dayton: Diplomacija &#8211; druga strana rata&#8221;","author":"Branimir Jankovi\u0107","date":"22. travnja 2026.","format":false,"excerpt":"Knjiga Miomira \u017du\u017eula \u201eDayton: Diplomacija \u2013 druga strana rata\u201d predstavljena je u srijedu, 22. travnja 2026. godine u foajeu Hrvatskoga narodnog kazali\u0161ta u Zagrebu. Op\u0161irnije: https:\/\/vijesti.hrt.hr\/hrvatska\/predstavljena-knjiga-miomira-zuzula-dayton-diplomacija-druga-strana-rata-12683259 https:\/\/www.vecernji.ba\/amp\/vijesti\/zuzulova-knjiga-o-daytonu-predstavljena-u-zagrebu-diplomacija-kao-druga-strana-rata-1953700 https:\/\/www.tportal.hr\/vijesti\/clanak\/bivsi-sanaderov-ministar-odrzao-promociju-evo-tko-je-sve-dosao-na-predstavljanje-knjige-miomira-zuzula-foto-20260422 https:\/\/direktno.hr\/zivot\/kultura\/zuzul-otkrio-sve-o-drugoj-strani-rata-za-hrvatsku-se-nije-libio-povuci-nekoga-i-za-kosu-395042 https:\/\/www.24sata.hr\/news\/miomir-zuzul-predstavio-je-knjigu-o-daytonu-diplomacija-je-bila-druga-strana-rata-1123152 https:\/\/www.vecernji.hr\/kultura\/kolinda-grabar-kitarovic-otvoreno-miomir-zuzul-nije-vukao-samo-za-rukav-nego-i-za-kosu-1953722 https:\/\/www.vecernji.hr\/kultura\/i-papa-lav-xiv-eksplicitno-je-daytonski-sporazum-istaknuo-kao-primjer-uspjesna-rjesavanja-sukoba-1952215","rel":"","context":"U &quot;Novosti&quot;","block_context":{"text":"Novosti","link":"https:\/\/historiografija.hr\/?cat=3"},"img":{"alt_text":"","src":"https:\/\/i0.wp.com\/historiografija.hr\/wp-content\/uploads\/2026\/04\/Dayton.jpg?fit=1024%2C683&ssl=1&resize=350%2C200","width":350,"height":200,"srcset":"https:\/\/i0.wp.com\/historiografija.hr\/wp-content\/uploads\/2026\/04\/Dayton.jpg?fit=1024%2C683&ssl=1&resize=350%2C200 1x, https:\/\/i0.wp.com\/historiografija.hr\/wp-content\/uploads\/2026\/04\/Dayton.jpg?fit=1024%2C683&ssl=1&resize=525%2C300 1.5x, https:\/\/i0.wp.com\/historiografija.hr\/wp-content\/uploads\/2026\/04\/Dayton.jpg?fit=1024%2C683&ssl=1&resize=700%2C400 2x"},"classes":[]}],"_links":{"self":[{"href":"https:\/\/historiografija.hr\/index.php?rest_route=\/wp\/v2\/posts\/15805","targetHints":{"allow":["GET"]}}],"collection":[{"href":"https:\/\/historiografija.hr\/index.php?rest_route=\/wp\/v2\/posts"}],"about":[{"href":"https:\/\/historiografija.hr\/index.php?rest_route=\/wp\/v2\/types\/post"}],"author":[{"embeddable":true,"href":"https:\/\/historiografija.hr\/index.php?rest_route=\/wp\/v2\/users\/2"}],"replies":[{"embeddable":true,"href":"https:\/\/historiografija.hr\/index.php?rest_route=%2Fwp%2Fv2%2Fcomments&post=15805"}],"version-history":[{"count":1,"href":"https:\/\/historiografija.hr\/index.php?rest_route=\/wp\/v2\/posts\/15805\/revisions"}],"predecessor-version":[{"id":15807,"href":"https:\/\/historiografija.hr\/index.php?rest_route=\/wp\/v2\/posts\/15805\/revisions\/15807"}],"wp:featuredmedia":[{"embeddable":true,"href":"https:\/\/historiografija.hr\/index.php?rest_route=\/wp\/v2\/media\/15806"}],"wp:attachment":[{"href":"https:\/\/historiografija.hr\/index.php?rest_route=%2Fwp%2Fv2%2Fmedia&parent=15805"}],"wp:term":[{"taxonomy":"category","embeddable":true,"href":"https:\/\/historiografija.hr\/index.php?rest_route=%2Fwp%2Fv2%2Fcategories&post=15805"},{"taxonomy":"post_tag","embeddable":true,"href":"https:\/\/historiografija.hr\/index.php?rest_route=%2Fwp%2Fv2%2Ftags&post=15805"}],"curies":[{"name":"wp","href":"https:\/\/api.w.org\/{rel}","templated":true}]}}