{"id":15763,"date":"2019-07-22T20:47:37","date_gmt":"2019-07-22T20:47:37","guid":{"rendered":"http:\/\/historiografija.hr\/?p=15763"},"modified":"2019-08-29T12:10:19","modified_gmt":"2019-08-29T12:10:19","slug":"premijerno-prikazani-filmovi-dnevnik-diane-budisavljevic-i-general","status":"publish","type":"post","link":"https:\/\/historiografija.hr\/?p=15763","title":{"rendered":"Premijerno prikazani filmovi \u201cDnevnik Diane Budisavljevi\u0107\u201d i \u201cGeneral\u201d"},"content":{"rendered":"<p>Na 66. Pulskom filmskom festivalu premijerno su prikazani filmovi \u201cDnevnik Diane Budisavljevi\u0107\u201d i \u201cGeneral\u201d koji su izazvali veliku medijsku pozornost. Priznanje za najbolji hrvatski dugometra\u017eni film dodijeljeno je filmu \u201cDnevnik Diane Budisavljevi\u0107\u201d. U nastavku upu\u0107ujemo na filmske kritike i medijske odjeke te pozivamo povjesni\u010dare da i oni pi\u0161u o spomenutim filmovima.<\/p>\n<p>&nbsp;<\/p>\n<p><strong>Nagrade 66. Pulskog filmskog festivala<\/strong><\/p>\n<p>&nbsp;<\/p>\n<p><a href=\"https:\/\/www.pulafilmfestival.hr\/hr\/vijesti-2\/1169-nagrade-66-pulskog-filmskog-festivala\">https:\/\/www.pulafilmfestival.hr\/hr\/vijesti-2\/1169-nagrade-66-pulskog-filmskog-festivala<\/a><\/p>\n<p>&nbsp;<\/p>\n<p><a href=\"https:\/\/www.hina.hr\/vijest\/10125372\">https:\/\/www.hina.hr\/vijest\/10125372<\/a><\/p>\n<p>&nbsp;<\/p>\n<p><a href=\"https:\/\/magazin.hrt.hr\/529441\/nagrade-66-pulskog-filmskog-festivala\">https:\/\/magazin.hrt.hr\/529441\/nagrade-66-pulskog-filmskog-festivala<\/a><\/p>\n<p>&nbsp;<\/p>\n<p><strong>Kritike filmova \u201eGeneral\u201c i \u201eDnevnik Diane Budisavljevi\u0107\u201c i medijski odjeci: <\/strong><\/p>\n<p>&nbsp;<\/p>\n<p><a href=\"https:\/\/www.slobodnadalmacija.hr\/kultura\/clanak\/id\/613614\/pogledali-smo-najskuplji-hrvatski-film-svih-vremena-u-prici-o-gotovininom-zivotu-dominiraju-dijalozi-na-granici-latinoamericke-sapunice-puno-je-drame-a-malo-pravoga-covjeka\">https:\/\/www.slobodnadalmacija.hr\/kultura\/clanak\/id\/613614\/pogledali-smo-najskuplji-hrvatski-film-svih-vremena-u-prici-o-gotovininom-zivotu-dominiraju-dijalozi-na-granici-latinoamericke-sapunice-puno-je-drame-a-malo-pravoga-covjeka<\/a><\/p>\n<p>&nbsp;<\/p>\n<p><a href=\"http:\/\/www.matica.hr\/vijenac\/662%20-%20664\/gotovina-junak-veci-od-zivota-29377\/\">http:\/\/www.matica.hr\/vijenac\/662%20-%20664\/gotovina-junak-veci-od-zivota-29377\/<\/a><\/p>\n<p>&nbsp;<\/p>\n<p><a href=\"https:\/\/www.jutarnji.hr\/kultura\/film-i-tv\/general-je-suh-siv-i-dosadan-filmski-kriticar-jutarnjeg-jurica-pavicic-pogledao-je-najiscekivaniji-hrvatski-film-stoljeca-film-o-anti-gotovini\/9118070\/\">https:\/\/www.jutarnji.hr\/kultura\/film-i-tv\/general-je-suh-siv-i-dosadan-filmski-kriticar-jutarnjeg-jurica-pavicic-pogledao-je-najiscekivaniji-hrvatski-film-stoljeca-film-o-anti-gotovini\/9118070\/<\/a><\/p>\n<p>&nbsp;<\/p>\n<p><a href=\"https:\/\/www.index.hr\/magazin\/clanak\/pogledali-smo-film-o-gotovini-staromodan-je-neizdrzivo-patetican-i-unakazen\/2100728.aspx\">https:\/\/www.index.hr\/magazin\/clanak\/pogledali-smo-film-o-gotovini-staromodan-je-neizdrzivo-patetican-i-unakazen\/2100728.aspx<\/a><\/p>\n<p>&nbsp;<\/p>\n<p><a href=\"https:\/\/www.portalnovosti.com\/filmska-kritika-general-poslije-bitke\">https:\/\/www.portalnovosti.com\/filmska-kritika-general-poslije-bitke<\/a><\/p>\n<p>&nbsp;<\/p>\n<p><a href=\"http:\/\/ziher.hr\/general-film-antuna-vrdoljaka-ispunio-je-ocekivanja-koja-je-i-postavio\/\">http:\/\/ziher.hr\/general-film-antuna-vrdoljaka-ispunio-je-ocekivanja-koja-je-i-postavio\/<\/a><\/p>\n<p>&nbsp;<\/p>\n<p><a href=\"https:\/\/narod.hr\/hrvatska\/tihomir-dujmovic-zasto-u-puli-na-projekciji-filma-general-nije-bio-hrvatski-premijer\">https:\/\/narod.hr\/hrvatska\/tihomir-dujmovic-zasto-u-puli-na-projekciji-filma-general-nije-bio-hrvatski-premijer<\/a><\/p>\n<p>&nbsp;<\/p>\n<p><a href=\"https:\/\/www.vecernji.hr\/kultura\/trijumf-dnevnika-diane-budisavljevic-general-ostao-bez-glavnih-nagrada-1333433\">https:\/\/www.vecernji.hr\/kultura\/trijumf-dnevnika-diane-budisavljevic-general-ostao-bez-glavnih-nagrada-1333433<\/a><\/p>\n<p>&nbsp;<\/p>\n<p><a href=\"https:\/\/www.danas.rs\/kultura\/rajko-grlic-hdz-vrti-svoj-glavni-film-u-puli\/\">https:\/\/www.danas.rs\/kultura\/rajko-grlic-hdz-vrti-svoj-glavni-film-u-puli\/<\/a><\/p>\n<p>&nbsp;<\/p>\n<p><a href=\"https:\/\/www.tportal.hr\/kultura\/clanak\/dnevnik-diane-budisavljevic-film-koji-ce-vam-slomiti-srce-ali-vas-i-podsjetiti-da-uvijek-treba-stati-na-stranu-ljudskosti-20190713\">https:\/\/www.tportal.hr\/kultura\/clanak\/dnevnik-diane-budisavljevic-film-koji-ce-vam-slomiti-srce-ali-vas-i-podsjetiti-da-uvijek-treba-stati-na-stranu-ljudskosti-20190713<\/a><\/p>\n<p>&nbsp;<\/p>\n<p><a href=\"https:\/\/www.slobodnadalmacija.hr\/misljenja\/vlaska-posla\/clanak\/id\/612720\/ante-tomic-i-dalje-zivimo-u-3941-i-dalje-se-pjeva-o-39gustoj-magli39-zato-je-vazno-pogledati-ovaj-film-ako-u-vama-ima-imalo-pameti-shvatit-cete-koliko-je-ustaski-rezim-bio-nakazan-i-sotonski\">https:\/\/www.slobodnadalmacija.hr\/misljenja\/vlaska-posla\/clanak\/id\/612720\/ante-tomic-i-dalje-zivimo-u-3941-i-dalje-se-pjeva-o-39gustoj-magli39-zato-je-vazno-pogledati-ovaj-film-ako-u-vama-ima-imalo-pameti-shvatit-cete-koliko-je-ustaski-rezim-bio-nakazan-i-sotonski<\/a><\/p>\n<p>&nbsp;<\/p>\n<p><a href=\"https:\/\/www.jutarnji.hr\/kultura\/film-i-tv\/prica-o-zeni-koja-je-za-vrijeme-ndh-spasila-barem-sedam-tisuca-srpske-djece-ovo-je-film-koji-uzdrma-kao-malo-koje-ostvarenje-nase-kinematografije\/9057305\/\">https:\/\/www.jutarnji.hr\/kultura\/film-i-tv\/prica-o-zeni-koja-je-za-vrijeme-ndh-spasila-barem-sedam-tisuca-srpske-djece-ovo-je-film-koji-uzdrma-kao-malo-koje-ostvarenje-nase-kinematografije\/9057305\/<\/a><\/p>\n<p>&nbsp;<\/p>\n<p><a href=\"https:\/\/www.jutarnji.hr\/kultura\/film-i-tv\/film-koji-najostrije-prokazuje-ustasku-vlast-ali-ne-stedi-ni-onu-nakon-1945\/9137984\/\">https:\/\/www.jutarnji.hr\/kultura\/film-i-tv\/film-koji-najostrije-prokazuje-ustasku-vlast-ali-ne-stedi-ni-onu-nakon-1945\/9137984\/<\/a><\/p>\n<p>&nbsp;<\/p>\n<p><a href=\"https:\/\/www.portalnovosti.com\/osmominutna-hrvatska\">https:\/\/www.portalnovosti.com\/osmominutna-hrvatska<\/a><\/p>\n<p>&nbsp;<\/p>\n<p><a href=\"https:\/\/www.slobodnadalmacija.hr\/kultura\/clanak\/id\/614426\/tihi-vrisak-protiv-fasizma-zenskog-oscara-schindlera-iz-ndh-dnevnik-diane-budisavljevic-je-potresni-film-o-spasavanju-tisuca-srpske-djece-iz-ustaskih-logora-koji-ne-izlazi-iz-glave\">https:\/\/www.slobodnadalmacija.hr\/kultura\/clanak\/id\/614426\/tihi-vrisak-protiv-fasizma-zenskog-oscara-schindlera-iz-ndh-dnevnik-diane-budisavljevic-je-potresni-film-o-spasavanju-tisuca-srpske-djece-iz-ustaskih-logora-koji-ne-izlazi-iz-glave<\/a><\/p>\n<p>&nbsp;<\/p>\n<p><a href=\"https:\/\/www.jutarnji.hr\/komentari\/bol-ne-mora-biti-svjetska-da-bi-boljela-prica-o-filmu-koji-hrvatsko-drustvo-suocava-s-njegovom-najdubljom-tabu-temom-zakljucanom-iza-sedam-brava\/9152783\/\">https:\/\/www.jutarnji.hr\/komentari\/bol-ne-mora-biti-svjetska-da-bi-boljela-prica-o-filmu-koji-hrvatsko-drustvo-suocava-s-njegovom-najdubljom-tabu-temom-zakljucanom-iza-sedam-brava\/9152783\/<\/a><\/p>\n<p>&nbsp;<\/p>\n<p><a href=\"https:\/\/www.jutarnji.hr\/kultura\/film-i-tv\/osvrt-jurice-pavicica-na-66-pulu-proglasenje-pobjednika-u-ozracju-navijackog-delirija-kao-da-domaci-u-zadnjoj-cetvrtini-trpaju-tricu-za-tricom\/9149120\/\">https:\/\/www.jutarnji.hr\/kultura\/film-i-tv\/osvrt-jurice-pavicica-na-66-pulu-proglasenje-pobjednika-u-ozracju-navijackog-delirija-kao-da-domaci-u-zadnjoj-cetvrtini-trpaju-tricu-za-tricom\/9149120\/<\/a><\/p>\n<p>&nbsp;<\/p>\n<p><a href=\"http:\/\/www.novilist.hr\/Komentari\/Blogovi\/Blogovanje-ludom-radovanje-Sinise-Pavica\/SINISA-PAVIC-Danin-film-o-dobru\">http:\/\/www.novilist.hr\/Komentari\/Blogovi\/Blogovanje-ludom-radovanje-Sinise-Pavica\/SINISA-PAVIC-Danin-film-o-dobru<\/a><\/p>\n<p>&nbsp;<\/p>\n<p><a href=\"https:\/\/www.jutarnji.hr\/kultura\/film-i-tv\/video-kakav-je-general-filmski-kriticar-jutarnjeg-nenad-polimac-pogledao-je-film-o-anti-gotovini-ovako-nesto-do-sada-nisam-nikada-vidio\/9220895\/\">https:\/\/www.jutarnji.hr\/kultura\/film-i-tv\/video-kakav-je-general-filmski-kriticar-jutarnjeg-nenad-polimac-pogledao-je-film-o-anti-gotovini-ovako-nesto-do-sada-nisam-nikada-vidio\/9220895\/<\/a><\/p>\n<p><span style=\"color: #000000; font-family: Calibri; font-size: medium;\">\u00a0<\/span><\/p>\n<p><a href=\"https:\/\/www.jutarnji.hr\/kultura\/film-i-tv\/nenad-polimac-je-vrdoljakovog-generala-pogledao-drugi-put-slab-film-s-trash-elementima-i-nizom-scena-nekorektnih-prema-srbima\/9231452\/\">https:\/\/www.jutarnji.hr\/kultura\/film-i-tv\/nenad-polimac-je-vrdoljakovog-generala-pogledao-drugi-put-slab-film-s-trash-elementima-i-nizom-scena-nekorektnih-prema-srbima\/9231452\/<\/a><\/p>\n<p><span style=\"color: #000000; font-family: Calibri; font-size: medium;\">\u00a0<\/span><\/p>\n<p><a href=\"https:\/\/www.portalnovosti.com\/neprijateljska-propaganda-nagrada-za-specijalne-afekte\">https:\/\/www.portalnovosti.com\/neprijateljska-propaganda-nagrada-za-specijalne-afekte<\/a><\/p>\n<p>&nbsp;<\/p>\n<p><a href=\"https:\/\/www.jutarnji.hr\/globus\/Globus-politika\/skrivena-istina-o-ratnom-filmu-koji-publika-voli-kritika-mrzi-a-drzavna-politika-slavi-globus-otkriva-je-li-vrdoljakov-general-u-svadi-s-cinjenicama\/9285791\/\">https:\/\/www.jutarnji.hr\/globus\/Globus-politika\/skrivena-istina-o-ratnom-filmu-koji-publika-voli-kritika-mrzi-a-drzavna-politika-slavi-globus-otkriva-je-li-vrdoljakov-general-u-svadi-s-cinjenicama\/9285791\/<\/a><\/p>\n<p><span style=\"color: #000000; font-family: Calibri; font-size: medium;\">\u00a0<\/span><\/p>\n<p><a href=\"https:\/\/www.hkv.hr\/vijesti\/komentari\/32436-j-jovic-general-pred-streljackim-vodom.html\">https:\/\/www.hkv.hr\/vijesti\/komentari\/32436-j-jovic-general-pred-streljackim-vodom.html<\/a><\/p>\n<p>&nbsp;<\/p>\n<blockquote class=\"wp-embedded-content\" data-secret=\"nJ9NnEJ2Tv\"><p><a href=\"https:\/\/balkaninsight.com\/2019\/08\/13\/croatias-state-funded-gotovina-movie-reinforces-war-myths\/\">Croatia\u2019s State-Funded Gotovina Movie Reinforces War Myths<\/a><\/p><\/blockquote>\n<p><iframe loading=\"lazy\" class=\"wp-embedded-content\" sandbox=\"allow-scripts\" security=\"restricted\" style=\"position: absolute; clip: rect(1px, 1px, 1px, 1px);\" src=\"https:\/\/balkaninsight.com\/2019\/08\/13\/croatias-state-funded-gotovina-movie-reinforces-war-myths\/embed\/#?secret=nJ9NnEJ2Tv\" data-secret=\"nJ9NnEJ2Tv\" width=\"600\" height=\"338\" title=\"&#8220;Croatia\u2019s State-Funded Gotovina Movie Reinforces War Myths&#8221; &#8212; Balkan Insight\" frameborder=\"0\" marginwidth=\"0\" marginheight=\"0\" scrolling=\"no\"><\/iframe><\/p>\n<p>&nbsp;<\/p>\n<p>&nbsp;<\/p>\n","protected":false},"excerpt":{"rendered":"","protected":false},"author":2,"featured_media":15764,"comment_status":"open","ping_status":"open","sticky":false,"template":"","format":"standard","meta":{"_acf_changed":false,"jetpack_post_was_ever_published":false,"_jetpack_newsletter_access":"","_jetpack_dont_email_post_to_subs":false,"_jetpack_newsletter_tier_id":0,"_jetpack_memberships_contains_paywalled_content":false,"_jetpack_memberships_contains_paid_content":false,"footnotes":"","jetpack_publicize_message":"","jetpack_publicize_feature_enabled":true,"jetpack_social_post_already_shared":true,"jetpack_social_options":{"image_generator_settings":{"template":"highway","default_image_id":0,"font":"","enabled":false},"version":2}},"categories":[13,3],"tags":[],"class_list":["post-15763","post","type-post","status-publish","format-standard","has-post-thumbnail","hentry","category-filmovi-i-serije","category-novosti"],"acf":{"facebook_opis":""},"jetpack_publicize_connections":[],"jetpack_featured_media_url":"https:\/\/i0.wp.com\/historiografija.hr\/wp-content\/uploads\/2019\/07\/Gotovina-Budisavljevic.jpg?fit=780%2C462&ssl=1","jetpack_sharing_enabled":true,"jetpack-related-posts":[{"id":52559,"url":"https:\/\/historiografija.hr\/?p=52559","url_meta":{"origin":15763,"position":0},"title":"Dobitnici dr\u017eavne nagrade za znanost za 2024. godinu","author":"Branimir Jankovi\u0107","date":"20. travnja 2026.","format":false,"excerpt":"Na sjednici Odbora za podjelu dr\u017eavnih nagrada za znanost odr\u017eanoj 16. travnja 2026. godine donesena je Odluka o dodjeli dr\u017eavnih nagrada za znanost za 2024. godinu. Godi\u0161njom nagradom za popularizaciju i promid\u017ebu znanosti nagra\u0111eni su u podru\u010dju humanisti\u010dkih znanosti znanstveni suradnici dr. sc. Josip Mihaljevi\u0107 i dr. sc. Gordan Ravan\u010di\u0107,\u2026","rel":"","context":"U &quot;Novosti&quot;","block_context":{"text":"Novosti","link":"https:\/\/historiografija.hr\/?cat=3"},"img":{"alt_text":"","src":"https:\/\/i0.wp.com\/historiografija.hr\/wp-content\/uploads\/2021\/12\/povijesne-kontroverze.jpg?fit=1200%2C675&ssl=1&resize=350%2C200","width":350,"height":200,"srcset":"https:\/\/i0.wp.com\/historiografija.hr\/wp-content\/uploads\/2021\/12\/povijesne-kontroverze.jpg?fit=1200%2C675&ssl=1&resize=350%2C200 1x, https:\/\/i0.wp.com\/historiografija.hr\/wp-content\/uploads\/2021\/12\/povijesne-kontroverze.jpg?fit=1200%2C675&ssl=1&resize=525%2C300 1.5x, https:\/\/i0.wp.com\/historiografija.hr\/wp-content\/uploads\/2021\/12\/povijesne-kontroverze.jpg?fit=1200%2C675&ssl=1&resize=700%2C400 2x, https:\/\/i0.wp.com\/historiografija.hr\/wp-content\/uploads\/2021\/12\/povijesne-kontroverze.jpg?fit=1200%2C675&ssl=1&resize=1050%2C600 3x"},"classes":[]},{"id":52563,"url":"https:\/\/historiografija.hr\/?p=52563","url_meta":{"origin":15763,"position":1},"title":"Predavanje Nenada Fabijani\u0107a o stadionu Poljud u Splitu","author":"Branimir Jankovi\u0107","date":"21. travnja 2026.","format":false,"excerpt":"Znanstveno vije\u0107e za arhitekturu, urbanizam i ure\u0111enje prostora Hrvatske akademije znanosti i umjetnosti organizira predavanje \u201cPo Poljudu\u201d koje \u0107e u srijedu 22. travnja 2026. s po\u010detkom u 14 sati u Knji\u017enici HAZU, Strossmayerov trg 14 u Zagrebu, odr\u017eati\u00a0prof. emerit. dr. art. Nenad Fabijani\u0107,\u00a0\u010dlan suradnik HAZU. Predavanje \u201ePo Poljudu\u201c (Projekt obnove)\u2026","rel":"","context":"U &quot;Novosti&quot;","block_context":{"text":"Novosti","link":"https:\/\/historiografija.hr\/?cat=3"},"img":{"alt_text":"","src":"https:\/\/i0.wp.com\/historiografija.hr\/wp-content\/uploads\/2026\/04\/Poljud-scaled.jpeg?fit=1200%2C800&ssl=1&resize=350%2C200","width":350,"height":200,"srcset":"https:\/\/i0.wp.com\/historiografija.hr\/wp-content\/uploads\/2026\/04\/Poljud-scaled.jpeg?fit=1200%2C800&ssl=1&resize=350%2C200 1x, https:\/\/i0.wp.com\/historiografija.hr\/wp-content\/uploads\/2026\/04\/Poljud-scaled.jpeg?fit=1200%2C800&ssl=1&resize=525%2C300 1.5x, https:\/\/i0.wp.com\/historiografija.hr\/wp-content\/uploads\/2026\/04\/Poljud-scaled.jpeg?fit=1200%2C800&ssl=1&resize=700%2C400 2x, https:\/\/i0.wp.com\/historiografija.hr\/wp-content\/uploads\/2026\/04\/Poljud-scaled.jpeg?fit=1200%2C800&ssl=1&resize=1050%2C600 3x"},"classes":[]},{"id":52699,"url":"https:\/\/historiografija.hr\/?p=52699","url_meta":{"origin":15763,"position":2},"title":"Sve\u010dano otvaranje Festivala povijesti Kliofest","author":"Filip \u0160imunjak","date":"28. travnja 2026.","format":false,"excerpt":"Pozivamo Vas na sve\u010dano otvaranje XIII. Festivala povijesti Kliofest, u utorak, 5. svibnja 2026. u Nacionalnoj i sveu\u010dili\u0161noj knji\u017enici u Zagrebu, s po\u010detkom u 11 sati. Cijeli program skupa mo\u017eete poglededati na www.kliofest.hr te https:\/\/historiografija.hr\/?p=52681.","rel":"","context":"U &quot;Novosti&quot;","block_context":{"text":"Novosti","link":"https:\/\/historiografija.hr\/?cat=3"},"img":{"alt_text":"","src":"https:\/\/i0.wp.com\/historiografija.hr\/wp-content\/uploads\/2026\/04\/Otvaranje-Kliofest-2026.jpg?fit=1200%2C566&ssl=1&resize=350%2C200","width":350,"height":200,"srcset":"https:\/\/i0.wp.com\/historiografija.hr\/wp-content\/uploads\/2026\/04\/Otvaranje-Kliofest-2026.jpg?fit=1200%2C566&ssl=1&resize=350%2C200 1x, https:\/\/i0.wp.com\/historiografija.hr\/wp-content\/uploads\/2026\/04\/Otvaranje-Kliofest-2026.jpg?fit=1200%2C566&ssl=1&resize=525%2C300 1.5x, https:\/\/i0.wp.com\/historiografija.hr\/wp-content\/uploads\/2026\/04\/Otvaranje-Kliofest-2026.jpg?fit=1200%2C566&ssl=1&resize=700%2C400 2x, https:\/\/i0.wp.com\/historiografija.hr\/wp-content\/uploads\/2026\/04\/Otvaranje-Kliofest-2026.jpg?fit=1200%2C566&ssl=1&resize=1050%2C600 3x"},"classes":[]},{"id":52556,"url":"https:\/\/historiografija.hr\/?p=52556","url_meta":{"origin":15763,"position":3},"title":"ZagrebDox 2026.","author":"Branimir Jankovi\u0107","date":"20. travnja 2026.","format":false,"excerpt":"Me\u0111unarodni festival dokumentarnog filma 19. - 26. travnja 2026. Kaptol Boutique Cinema, Zagreb Program i dodatne obavijesti: https:\/\/zagrebdox.net\/hr","rel":"","context":"U &quot;Filmovi i serije&quot;","block_context":{"text":"Filmovi i serije","link":"https:\/\/historiografija.hr\/?cat=13"},"img":{"alt_text":"","src":"https:\/\/i0.wp.com\/historiografija.hr\/wp-content\/uploads\/2026\/04\/DOX-logo.jpg?fit=600%2C600&ssl=1&resize=350%2C200","width":350,"height":200,"srcset":"https:\/\/i0.wp.com\/historiografija.hr\/wp-content\/uploads\/2026\/04\/DOX-logo.jpg?fit=600%2C600&ssl=1&resize=350%2C200 1x, https:\/\/i0.wp.com\/historiografija.hr\/wp-content\/uploads\/2026\/04\/DOX-logo.jpg?fit=600%2C600&ssl=1&resize=525%2C300 1.5x"},"classes":[]},{"id":52547,"url":"https:\/\/historiografija.hr\/?p=52547","url_meta":{"origin":15763,"position":4},"title":"ISHA Zagreb \u2013 Filmska ve\u010der: Povratak Martina Guerrea","author":"Branimir Jankovi\u0107","date":"20. travnja 2026.","format":false,"excerpt":"Klub studenata povijesti \u2013 ISHA Zagreb poziva Vas na filmsku ve\u010der na kojoj \u0107e se prikazivati \u201ePovratak Martina Guerrea\u201c, povijesna drama iz 1982. godine s radnjom smje\u0161tenom u 16. stolje\u0107u. Radnja je utemeljena na stvarnoj povijesnoj li\u010dnosti Martina Guerrea koji se nakon mnogo godina izbivanja vra\u0107a u svoje rodno mjesto\u2026","rel":"","context":"U &quot;Filmovi i serije&quot;","block_context":{"text":"Filmovi i serije","link":"https:\/\/historiografija.hr\/?cat=13"},"img":{"alt_text":"","src":"https:\/\/i0.wp.com\/historiografija.hr\/wp-content\/uploads\/2026\/04\/M-Guerre.png?fit=702%2C1006&ssl=1&resize=350%2C200","width":350,"height":200,"srcset":"https:\/\/i0.wp.com\/historiografija.hr\/wp-content\/uploads\/2026\/04\/M-Guerre.png?fit=702%2C1006&ssl=1&resize=350%2C200 1x, https:\/\/i0.wp.com\/historiografija.hr\/wp-content\/uploads\/2026\/04\/M-Guerre.png?fit=702%2C1006&ssl=1&resize=525%2C300 1.5x, https:\/\/i0.wp.com\/historiografija.hr\/wp-content\/uploads\/2026\/04\/M-Guerre.png?fit=702%2C1006&ssl=1&resize=700%2C400 2x"},"classes":[]},{"id":52666,"url":"https:\/\/historiografija.hr\/?p=52666","url_meta":{"origin":15763,"position":5},"title":"Najava programa Festivala povijesti Kliofest (5-8. V. 2026)","author":"Branimir Jankovi\u0107","date":"24. travnja 2026.","format":false,"excerpt":"Po trinaesti put odr\u017eava se Festival povijesti Kliofest! Do petka \u0107emo odr\u017eati osam okruglih stolova i dva kolokvija te niz predstavljanja knjiga i projekata razli\u010dite tematike, od antike do suvremenosti. Bit \u0107e predstavljeno i nekoliko izlo\u017ebi te odr\u017ean jedan povijesni kviz. Prikazat \u0107emo i jedan film \u2013 o generalu Boroevi\u0107u.\u2026","rel":"","context":"U &quot;Novosti&quot;","block_context":{"text":"Novosti","link":"https:\/\/historiografija.hr\/?cat=3"},"img":{"alt_text":"","src":"https:\/\/i0.wp.com\/historiografija.hr\/wp-content\/uploads\/2026\/04\/Kliofest-2026.jpg?fit=526%2C526&ssl=1&resize=350%2C200","width":350,"height":200,"srcset":"https:\/\/i0.wp.com\/historiografija.hr\/wp-content\/uploads\/2026\/04\/Kliofest-2026.jpg?fit=526%2C526&ssl=1&resize=350%2C200 1x, https:\/\/i0.wp.com\/historiografija.hr\/wp-content\/uploads\/2026\/04\/Kliofest-2026.jpg?fit=526%2C526&ssl=1&resize=525%2C300 1.5x"},"classes":[]}],"_links":{"self":[{"href":"https:\/\/historiografija.hr\/index.php?rest_route=\/wp\/v2\/posts\/15763","targetHints":{"allow":["GET"]}}],"collection":[{"href":"https:\/\/historiografija.hr\/index.php?rest_route=\/wp\/v2\/posts"}],"about":[{"href":"https:\/\/historiografija.hr\/index.php?rest_route=\/wp\/v2\/types\/post"}],"author":[{"embeddable":true,"href":"https:\/\/historiografija.hr\/index.php?rest_route=\/wp\/v2\/users\/2"}],"replies":[{"embeddable":true,"href":"https:\/\/historiografija.hr\/index.php?rest_route=%2Fwp%2Fv2%2Fcomments&post=15763"}],"version-history":[{"count":7,"href":"https:\/\/historiografija.hr\/index.php?rest_route=\/wp\/v2\/posts\/15763\/revisions"}],"predecessor-version":[{"id":16154,"href":"https:\/\/historiografija.hr\/index.php?rest_route=\/wp\/v2\/posts\/15763\/revisions\/16154"}],"wp:featuredmedia":[{"embeddable":true,"href":"https:\/\/historiografija.hr\/index.php?rest_route=\/wp\/v2\/media\/15764"}],"wp:attachment":[{"href":"https:\/\/historiografija.hr\/index.php?rest_route=%2Fwp%2Fv2%2Fmedia&parent=15763"}],"wp:term":[{"taxonomy":"category","embeddable":true,"href":"https:\/\/historiografija.hr\/index.php?rest_route=%2Fwp%2Fv2%2Fcategories&post=15763"},{"taxonomy":"post_tag","embeddable":true,"href":"https:\/\/historiografija.hr\/index.php?rest_route=%2Fwp%2Fv2%2Ftags&post=15763"}],"curies":[{"name":"wp","href":"https:\/\/api.w.org\/{rel}","templated":true}]}}