{"id":15748,"date":"2019-07-20T21:37:07","date_gmt":"2019-07-20T21:37:07","guid":{"rendered":"http:\/\/historiografija.hr\/?p=15748"},"modified":"2019-07-20T21:37:07","modified_gmt":"2019-07-20T21:37:07","slug":"jasna-capo-dva-doma-hrvatska-radna-migracija-kao-transnacionalni-fenomen-zagreb-durieux-2019","status":"publish","type":"post","link":"https:\/\/historiografija.hr\/?p=15748","title":{"rendered":"Jasna \u010capo, \u201eDva doma. Hrvatska radna migracija kao transnacionalni fenomen\u201c (Zagreb: Durieux, 2019)"},"content":{"rendered":"<p>\u201cStudija nudi dubinske uvide u kompleksnost migracijskih putanja, motiva, osobnih i obiteljskih sudbina iseljenika iz Hrvatske te Bosne i Hercegovine koji su od 1960-ih naovamo mijenjali zavi\u010dajno, doma\u0107e i poznato podneblje s gospodarski prosperitetnijim i donekle socijalno sigurnijim njema\u010dkim tr\u017ei\u0161tem rada.\u201c<\/p>\n<p>&nbsp;<\/p>\n<p>&#8212;<\/p>\n<p><strong>\u00a0<\/strong><\/p>\n<p><strong>Dva doma. Hrvatska radna migracija kao transnacionalni fenomen<\/strong><\/p>\n<p>&nbsp;<\/p>\n<p>Knjiga Jasne \u010capo o gastarbajterima i njihovim potomcima (transnacionalne generacije) plod je petnaestogodi\u0161njeg istra\u017eivanja kvalitativnom metodologijom. Oba ta aspekta \u010dine izuzetnu kvalitetu ove studije. Kulturnoantropolo\u0161ka metodologija omogu\u0107ava pristup individualnim pri\u010dama i obiteljskim kontekstima \u2014 drugim rije\u010dima, pristup ljudima. Dugotrajnost istra\u017eivanja pak omogu\u0107uje uvid u dinamiku \u017eivota. Gastarbajteri, koji su dosad naj\u010de\u0161\u0107e figurirali u znanstvenoj literaturi kao statisti\u010dki broj, a u popularnoj kulturi kao karikatura ili stereotip, u ovoj studiji su zbiljski ljudi u dugome \u017eivotnome vijeku, sa svim dobrobitima i te\u0161ko\u0107ama, radostima i bolima odluke da odu raditi u inozemstvo. Kroz te \u017eivote prelamaju se politi\u010dko-ekonomski i dru\u0161tveni trendovi koje autorica detaljno ispisuje, ali u sredi\u0161tu autori\u010dine etnografije uvijek je \u010dovjek, onaj koji te trendove \u017eivi, grade\u0107i transnacionalni socijalni prostor. Njegova je pak glavna karakteristika uklju\u010divost \u2014 uklju\u010duje dvije dr\u017eave, dva doma i hibridne identitete koji uklju\u010duju i hrvatsko i njema\u010dko. (Valentina Gulin Zrni\u0107)<\/p>\n<p>&nbsp;<\/p>\n<p>Monografija Dva doma rezultat je autori\u010dina dugogodi\u0161njeg bavljenja migracijskim temama iz etnolo\u0161ke i kulturnoantropolo\u0161ke perspektive te svojevrsna kruna njezina dosada\u0161njega etnolo\u0161kog rada. Kreativno osmi\u0161ljenim metodolo\u0161kim instrumentarijem u sklopu kvalitativne istra\u017eiva\u010dke paradigme, Jasna \u010capo ekstrahira iz narativa svojih brojnih sugovornika klju\u010dne teme i koncepte koji su differentia specifica \u017eivota i razmi\u0161ljanja hrvatskih radnih migranata u Njema\u010dkoj i njihovih potomaka ispisuju\u0107i monumentalnu znanstvenu sagu o jednoj velikoj nacionalnoj i transnacionalnoj temi: hrvatsko-njema\u010dkome svagdanu i blagdanu. Odgovaraju\u0107e narativne analize i interpretacije argumentirano i virtuozno uklapa u interdisciplinarni okvir etnologije i kulturne antropologije, demografije i sociologije, politi\u010dke, dru\u0161tvene i kulturne povijesti te povijesti znanosti. (Velimir Pi\u0161korec)<\/p>\n<p>&nbsp;<\/p>\n<p>Studija nudi dubinske uvide u kompleksnost migracijskih putanja, motiva, osobnih i obiteljskih sudbina iseljenika iz Hrvatske te Bosne i Hercegovine koji su od 1960-ih naovamo mijenjali zavi\u010dajno, doma\u0107e i poznato podneblje s gospodarski prosperitetnijim i donekle socijalno sigurnijim njema\u010dkim tr\u017ei\u0161tem rada. Kroz longitudinalno istra\u017eivanje o \u017eivotima onih koji su neko\u0107 u o\u010dima biv\u0161eg re\u017eima smatrani \u201cradnicima na privremenom radu u inozemstvu\u201d, autorica etnografski utemeljeno, analiti\u010dki britko i spisateljski pitko, opisuje i analizira fenomen gastarbajterstva oboga\u0107uju\u0107i tako ne samo teorijski okvir u polju migracijskih studija, nego i empirijske uvide nu\u017ene za svako budu\u0107e istra\u017eivanje ove specifi\u010dne teme. Unutar transnacionalne istra\u017eiva\u010dke paradigme autorica zadobiva i odr\u017eava dugogodi\u0161nje povjerenje svojih brojnih kaziva\u010da, te analiti\u010dki minuciozno rekonstruira mitove, narative i ideologeme o njihovoj privremenosti, povratku i (re)migraciji, a potom prezentira zaklju\u010dke koji poti\u010du na razmi\u0161ljanje o \u017eivotu i identitetima migranata i njihovih potomaka, posebice o dinami\u010dnim procesima njihova uklju\u010divanja u dru\u0161tvo, bivanja, vezanosti i pripadanja, dvodomnosti i u\u010destale mobilnosti u transnacionalnom socijalnom prostoru. (Drago \u017dupari\u0107-Ilji\u0107)<\/p>\n<p>&nbsp;<\/p>\n<p>Fotografija na naslovnici: Mladen Tudor iz serije Gastarbajteri, Zagreb 1978.<\/p>\n<p>&nbsp;<\/p>\n<p>Knjiga je objavljena uz potporu Ministarstva znanosti i obrazovanja Republike Hrvatske i Grada Zagreba.<\/p>\n<p>&nbsp;<\/p>\n<p>Izvor: <a href=\"http:\/\/durieux.hr\/wordpress\/dva-doma-hrvatska-radna-migracija-kao-transnacionalni-fenomen\/\">http:\/\/durieux.hr\/wordpress\/dva-doma-hrvatska-radna-migracija-kao-transnacionalni-fenomen\/<\/a><\/p>\n<p>&nbsp;<\/p>\n<p>&nbsp;<\/p>\n<p>&nbsp;<\/p>\n","protected":false},"excerpt":{"rendered":"","protected":false},"author":2,"featured_media":15749,"comment_status":"open","ping_status":"open","sticky":false,"template":"","format":"standard","meta":{"_acf_changed":false,"jetpack_post_was_ever_published":false,"_jetpack_newsletter_access":"","_jetpack_dont_email_post_to_subs":false,"_jetpack_newsletter_tier_id":0,"_jetpack_memberships_contains_paywalled_content":false,"_jetpack_memberships_contains_paid_content":false,"footnotes":"","jetpack_publicize_message":"","jetpack_publicize_feature_enabled":true,"jetpack_social_post_already_shared":true,"jetpack_social_options":{"image_generator_settings":{"template":"highway","default_image_id":0,"font":"","enabled":false},"version":2}},"categories":[8,3],"tags":[],"class_list":["post-15748","post","type-post","status-publish","format-standard","has-post-thumbnail","hentry","category-knjige","category-novosti"],"acf":{"facebook_opis":""},"jetpack_publicize_connections":[],"jetpack_featured_media_url":"https:\/\/i0.wp.com\/historiografija.hr\/wp-content\/uploads\/2019\/07\/capo-gastarbeiteri-slika.jpg?fit=533%2C620&ssl=1","jetpack_sharing_enabled":true,"jetpack-related-posts":[{"id":52592,"url":"https:\/\/historiografija.hr\/?p=52592","url_meta":{"origin":15748,"position":0},"title":"Predstavljanje knjige &#8220;Turska ku\u0107a u Rijeci&#8221; u Zagrebu","author":"Branimir Jankovi\u0107","date":"22. travnja 2026.","format":false,"excerpt":"U prostorijama Turskog kulturnog centra Yunus Emre u Zagrebu, u utorak 21. travnja 2026. godine, odr\u017eano je sve\u010dano predstavljanje dopunjenog izdanja knjige Turska ku\u0107a u Rijeci, u organizaciji Hrvatsko-turskog dru\u0161tva Rijeka i partnerstvu sa Skupinom prijateljstva Hrvatska-Turska Hrvatskog sabora, Veleposlanstvom Republike Turske u Republici Hrvatskoj te Turskim kulturnim centrom Yunus\u2026","rel":"","context":"U &quot;Novosti&quot;","block_context":{"text":"Novosti","link":"https:\/\/historiografija.hr\/?cat=3"},"img":{"alt_text":"","src":"https:\/\/i0.wp.com\/historiografija.hr\/wp-content\/uploads\/2026\/04\/Turska-kuca-ZG.jpg?fit=1200%2C800&ssl=1&resize=350%2C200","width":350,"height":200,"srcset":"https:\/\/i0.wp.com\/historiografija.hr\/wp-content\/uploads\/2026\/04\/Turska-kuca-ZG.jpg?fit=1200%2C800&ssl=1&resize=350%2C200 1x, https:\/\/i0.wp.com\/historiografija.hr\/wp-content\/uploads\/2026\/04\/Turska-kuca-ZG.jpg?fit=1200%2C800&ssl=1&resize=525%2C300 1.5x, https:\/\/i0.wp.com\/historiografija.hr\/wp-content\/uploads\/2026\/04\/Turska-kuca-ZG.jpg?fit=1200%2C800&ssl=1&resize=700%2C400 2x, https:\/\/i0.wp.com\/historiografija.hr\/wp-content\/uploads\/2026\/04\/Turska-kuca-ZG.jpg?fit=1200%2C800&ssl=1&resize=1050%2C600 3x"},"classes":[]},{"id":52502,"url":"https:\/\/historiografija.hr\/?p=52502","url_meta":{"origin":15748,"position":1},"title":"Novi znanstveni projekt Hrvatskog instituta za povijest: \u201c\u017drtve ratova i dr\u017eavnog\/politi\u010dkog nasilja u hrvatskoj povijesti 20. stolje\u0107a\u201d","author":"Branimir Jankovi\u0107","date":"17. travnja 2026.","format":false,"excerpt":"Na redovitoj sjednici Vlade RH, 16. travnja 2026., donijet je Zaklju\u010dak kojim se pokre\u0107e znanstveni projekt \u201c\u017drtve ratova i dr\u017eavnog\/politi\u010dkog nasilja u hrvatskoj povijesti 20. stolje\u0107a\u201d. Projekt \u0107e provoditi i koordinirati Hrvatski institut za povijest u razdoblju trajanja projekta od pet godina. Zakljucak Vlade RH Iz teksta projektnog prijedloga: Problematika\u2026","rel":"","context":"U &quot;Novosti&quot;","block_context":{"text":"Novosti","link":"https:\/\/historiografija.hr\/?cat=3"},"img":{"alt_text":"","src":"https:\/\/i0.wp.com\/historiografija.hr\/wp-content\/uploads\/2026\/04\/Vlada-RH.jpg?fit=1200%2C557&ssl=1&resize=350%2C200","width":350,"height":200,"srcset":"https:\/\/i0.wp.com\/historiografija.hr\/wp-content\/uploads\/2026\/04\/Vlada-RH.jpg?fit=1200%2C557&ssl=1&resize=350%2C200 1x, https:\/\/i0.wp.com\/historiografija.hr\/wp-content\/uploads\/2026\/04\/Vlada-RH.jpg?fit=1200%2C557&ssl=1&resize=525%2C300 1.5x, https:\/\/i0.wp.com\/historiografija.hr\/wp-content\/uploads\/2026\/04\/Vlada-RH.jpg?fit=1200%2C557&ssl=1&resize=700%2C400 2x, https:\/\/i0.wp.com\/historiografija.hr\/wp-content\/uploads\/2026\/04\/Vlada-RH.jpg?fit=1200%2C557&ssl=1&resize=1050%2C600 3x"},"classes":[]},{"id":52631,"url":"https:\/\/historiografija.hr\/?p=52631","url_meta":{"origin":15748,"position":2},"title":"Predavanje Ivana Tepe\u0161a: Djelovanje hrvatske politi\u010dke emigracije","author":"Branimir Jankovi\u0107","date":"23. travnja 2026.","format":false,"excerpt":"Odjel za me\u0111unarodnu suradnju i iseljeni\u0161tvo Matice hrvatske Predavanje Ivana Tepe\u0161a: Djelovanje hrvatske politi\u010dke emigracije Utorak, 28. travnja 2026. u 18:00 sati, Dvorana Ljudevita Jonkea (Mala dvorana MH), Strossmayerov trg 4, Zagreb dr. sc. Ivan Tepe\u0161, Institut za istra\u017eivanje migracija Hrvatska politi\u010dka emigracija obilje\u017eila je polustoljetnu hrvatsku povijest u drugoj\u2026","rel":"","context":"U &quot;Novosti&quot;","block_context":{"text":"Novosti","link":"https:\/\/historiografija.hr\/?cat=3"},"img":{"alt_text":"","src":"","width":0,"height":0},"classes":[]},{"id":52543,"url":"https:\/\/historiografija.hr\/?p=52543","url_meta":{"origin":15748,"position":3},"title":"Znanstveno-stru\u010dni skup \u201eOto\u010dne pu\u010dke pobo\u017enosti: kontinuiteti i transformacije\u201c","author":"Branimir Jankovi\u0107","date":"20. travnja 2026.","format":false,"excerpt":"Najavljujemo\u00a0znanstveno-stru\u010dni skup \u201eOto\u010dne pu\u010dke pobo\u017enosti: kontinuiteti i transformacije\u201c,\u00a0koji \u0107e se odr\u017eati\u00a0u Rabu od 24. do 26. travnja 2026.,\u00a0u organizaciji i uz potporu\u00a0Instituta za etnologiju i folkloristiku, Zagreb, \u00a0Grada Raba, Pu\u010dkog otvorenog u\u010dili\u0161ta Rab i Centra za istra\u017eivanje srednjovjekovne ba\u0161tine Jadrana RIMAH. Skup okuplja vode\u0107e doma\u0107e stru\u010dnjake koji \u0107e kroz niz\u2026","rel":"","context":"U &quot;Novosti&quot;","block_context":{"text":"Novosti","link":"https:\/\/historiografija.hr\/?cat=3"},"img":{"alt_text":"","src":"https:\/\/i0.wp.com\/historiografija.hr\/wp-content\/uploads\/2026\/04\/Skup_Rab.jpg?fit=848%2C1200&ssl=1&resize=350%2C200","width":350,"height":200,"srcset":"https:\/\/i0.wp.com\/historiografija.hr\/wp-content\/uploads\/2026\/04\/Skup_Rab.jpg?fit=848%2C1200&ssl=1&resize=350%2C200 1x, https:\/\/i0.wp.com\/historiografija.hr\/wp-content\/uploads\/2026\/04\/Skup_Rab.jpg?fit=848%2C1200&ssl=1&resize=525%2C300 1.5x, https:\/\/i0.wp.com\/historiografija.hr\/wp-content\/uploads\/2026\/04\/Skup_Rab.jpg?fit=848%2C1200&ssl=1&resize=700%2C400 2x"},"classes":[]},{"id":52589,"url":"https:\/\/historiografija.hr\/?p=52589","url_meta":{"origin":15748,"position":4},"title":"Predstavljena knjiga Miomira \u017du\u017eula &#8220;Dayton: Diplomacija &#8211; druga strana rata&#8221;","author":"Branimir Jankovi\u0107","date":"22. travnja 2026.","format":false,"excerpt":"Knjiga Miomira \u017du\u017eula \u201eDayton: Diplomacija \u2013 druga strana rata\u201d predstavljena je u srijedu, 22. travnja 2026. godine u foajeu Hrvatskoga narodnog kazali\u0161ta u Zagrebu. Op\u0161irnije: https:\/\/vijesti.hrt.hr\/hrvatska\/predstavljena-knjiga-miomira-zuzula-dayton-diplomacija-druga-strana-rata-12683259 https:\/\/www.vecernji.ba\/amp\/vijesti\/zuzulova-knjiga-o-daytonu-predstavljena-u-zagrebu-diplomacija-kao-druga-strana-rata-1953700 https:\/\/www.tportal.hr\/vijesti\/clanak\/bivsi-sanaderov-ministar-odrzao-promociju-evo-tko-je-sve-dosao-na-predstavljanje-knjige-miomira-zuzula-foto-20260422 https:\/\/direktno.hr\/zivot\/kultura\/zuzul-otkrio-sve-o-drugoj-strani-rata-za-hrvatsku-se-nije-libio-povuci-nekoga-i-za-kosu-395042 https:\/\/www.24sata.hr\/news\/miomir-zuzul-predstavio-je-knjigu-o-daytonu-diplomacija-je-bila-druga-strana-rata-1123152 https:\/\/www.vecernji.hr\/kultura\/kolinda-grabar-kitarovic-otvoreno-miomir-zuzul-nije-vukao-samo-za-rukav-nego-i-za-kosu-1953722 https:\/\/www.vecernji.hr\/kultura\/i-papa-lav-xiv-eksplicitno-je-daytonski-sporazum-istaknuo-kao-primjer-uspjesna-rjesavanja-sukoba-1952215","rel":"","context":"U &quot;Novosti&quot;","block_context":{"text":"Novosti","link":"https:\/\/historiografija.hr\/?cat=3"},"img":{"alt_text":"","src":"https:\/\/i0.wp.com\/historiografija.hr\/wp-content\/uploads\/2026\/04\/Dayton.jpg?fit=1024%2C683&ssl=1&resize=350%2C200","width":350,"height":200,"srcset":"https:\/\/i0.wp.com\/historiografija.hr\/wp-content\/uploads\/2026\/04\/Dayton.jpg?fit=1024%2C683&ssl=1&resize=350%2C200 1x, https:\/\/i0.wp.com\/historiografija.hr\/wp-content\/uploads\/2026\/04\/Dayton.jpg?fit=1024%2C683&ssl=1&resize=525%2C300 1.5x, https:\/\/i0.wp.com\/historiografija.hr\/wp-content\/uploads\/2026\/04\/Dayton.jpg?fit=1024%2C683&ssl=1&resize=700%2C400 2x"},"classes":[]},{"id":52657,"url":"https:\/\/historiografija.hr\/?p=52657","url_meta":{"origin":15748,"position":5},"title":"[Predavanje] Jezik i drugost u (post)socijalisti\u010dkoj Srbiji: diskurzivne politike identiteta (YugoLab)","author":"Branimir Jankovi\u0107","date":"24. travnja 2026.","format":false,"excerpt":"U sklopu projekta Prizma \/ IMAGINATION (\u201eZami\u0161ljanje nacije: srpski nacionalni narativi u sporu (XX\u2013XXI vek)\u201c), koji se realizuje na Institutu za filozofiju i dru\u0161tvenu teoriju Univerziteta u Beogradu (2024\u20132027) uz finansijsku podr\u0161ku Fonda za nauku Republike Srbije, organizuje se serija predavanja na kojoj istra\u017eiva\u010di i istra\u017eiva\u010dice projekta predstavljaju rezultate svojih\u2026","rel":"","context":"U &quot;Novosti&quot;","block_context":{"text":"Novosti","link":"https:\/\/historiografija.hr\/?cat=3"},"img":{"alt_text":"","src":"https:\/\/i0.wp.com\/historiografija.hr\/wp-content\/uploads\/2026\/04\/IFDT_28_IV.png?fit=1200%2C675&ssl=1&resize=350%2C200","width":350,"height":200,"srcset":"https:\/\/i0.wp.com\/historiografija.hr\/wp-content\/uploads\/2026\/04\/IFDT_28_IV.png?fit=1200%2C675&ssl=1&resize=350%2C200 1x, https:\/\/i0.wp.com\/historiografija.hr\/wp-content\/uploads\/2026\/04\/IFDT_28_IV.png?fit=1200%2C675&ssl=1&resize=525%2C300 1.5x, https:\/\/i0.wp.com\/historiografija.hr\/wp-content\/uploads\/2026\/04\/IFDT_28_IV.png?fit=1200%2C675&ssl=1&resize=700%2C400 2x, https:\/\/i0.wp.com\/historiografija.hr\/wp-content\/uploads\/2026\/04\/IFDT_28_IV.png?fit=1200%2C675&ssl=1&resize=1050%2C600 3x"},"classes":[]}],"_links":{"self":[{"href":"https:\/\/historiografija.hr\/index.php?rest_route=\/wp\/v2\/posts\/15748","targetHints":{"allow":["GET"]}}],"collection":[{"href":"https:\/\/historiografija.hr\/index.php?rest_route=\/wp\/v2\/posts"}],"about":[{"href":"https:\/\/historiografija.hr\/index.php?rest_route=\/wp\/v2\/types\/post"}],"author":[{"embeddable":true,"href":"https:\/\/historiografija.hr\/index.php?rest_route=\/wp\/v2\/users\/2"}],"replies":[{"embeddable":true,"href":"https:\/\/historiografija.hr\/index.php?rest_route=%2Fwp%2Fv2%2Fcomments&post=15748"}],"version-history":[{"count":1,"href":"https:\/\/historiografija.hr\/index.php?rest_route=\/wp\/v2\/posts\/15748\/revisions"}],"predecessor-version":[{"id":15750,"href":"https:\/\/historiografija.hr\/index.php?rest_route=\/wp\/v2\/posts\/15748\/revisions\/15750"}],"wp:featuredmedia":[{"embeddable":true,"href":"https:\/\/historiografija.hr\/index.php?rest_route=\/wp\/v2\/media\/15749"}],"wp:attachment":[{"href":"https:\/\/historiografija.hr\/index.php?rest_route=%2Fwp%2Fv2%2Fmedia&parent=15748"}],"wp:term":[{"taxonomy":"category","embeddable":true,"href":"https:\/\/historiografija.hr\/index.php?rest_route=%2Fwp%2Fv2%2Fcategories&post=15748"},{"taxonomy":"post_tag","embeddable":true,"href":"https:\/\/historiografija.hr\/index.php?rest_route=%2Fwp%2Fv2%2Ftags&post=15748"}],"curies":[{"name":"wp","href":"https:\/\/api.w.org\/{rel}","templated":true}]}}