{"id":15629,"date":"2019-07-10T09:15:50","date_gmt":"2019-07-10T09:15:50","guid":{"rendered":"http:\/\/historiografija.hr\/?p=15629"},"modified":"2019-07-10T09:19:18","modified_gmt":"2019-07-10T09:19:18","slug":"pre-and-postdoc-workshop-south-eastern-and-central-european-histories-of-science-and-the-humanities","status":"publish","type":"post","link":"https:\/\/historiografija.hr\/?p=15629","title":{"rendered":"Pre- and Postdoc Workshop: South\/Eastern and Central European Histories of Science and the Humanities"},"content":{"rendered":"<p>U Erfurtu \u0107e se 12. srpnja 2019. odr\u017eati seminar o povijesti znanosti na kojem \u0107e R\u00e9ka Krizmanics izlagati o povijesnoj znanosti kasnog socijalizma u Ma\u0111arskoj i Hrvatskoj.<\/p>\n<p>&nbsp;<\/p>\n<p>&#8212;<\/p>\n<p>&nbsp;<\/p>\n<p>Over the last couple of years, historians of science and the humanities have taken great interest in projects related to Eastern, Central and South Eastern Europe and their global interconnectedness. However, opportunities for a joint discussion of such projects are rare and often rely on ad hoc initiatives. With this meeting we inaugurate a forum to discuss projects that link approaches from the history of science and the humanities with specific regional expertise.<\/p>\n<p>&nbsp;<\/p>\n<p>Our seminar will bring together projects from history, sociology, literature, media studies etc. dealing with scientific endeavour and specific investigations in (academic) research, institutions, migration of knowledge etc. We will discuss perspectives on the local, regional, (post-)imperial or national frameworks of Eastern, Central and South Eastern Europe in the light of specific theoretical frames, and challenge methodological perspectives of these projects.<\/p>\n<p>&nbsp;<\/p>\n<p>The seminar is open to all researchers focussing on the history of politics, materiality, and practices of (non-)academic research, discussing Eastern, Central and South Eastern Europe case studies in the broadest sense. To create a productive environment, we are particularly interested in discussing work in progress. Discussions will be based on texts from ongoing research projects, with opening expert commentaries. The reading material will be pre-circulated among all registered participants.<\/p>\n<p>&nbsp;<\/p>\n<p>Organisers: Friedrich Cain (Univ. Erfurt), Bernhard Kleeberg (Univ. Erfurt), Jan Surman (IGITI\/HSE Moscow)<\/p>\n<p>&nbsp;<\/p>\n<p>Max Weber Center for Advanced Cultural and Social Studies, University of Erfurt; Chair for the History of Science, University of Erfurt<\/p>\n<div class=\"hfn-item-metarow\">\n<div class=\"hfn-item-key\"><\/div>\n<div class=\"hfn-item-val\">12.07.2019<\/div>\n<\/div>\n<p>&nbsp;<\/p>\n<p><strong>Programm<\/strong><\/p>\n<p>&nbsp;<\/p>\n<p>10:00-10:15 Friedrich Cain (Erfurt) \/ Bernhard Kleeberg (Erfurt) \/ Jan Surman (Moscow): Introduction<\/p>\n<p>&nbsp;<\/p>\n<p>10:15-11:15 Adela-Gabriela Hincu (Budapest): Academic Mobility and Epistemological Change in State Socialist Romania: Three Generations of Sociologists and \u201ethe West\u201c (Response: Bernhard Kleeberg)<\/p>\n<p>&nbsp;<\/p>\n<p>Coffee break<\/p>\n<p>&nbsp;<\/p>\n<p>11:30-12:30 Aleksei Lokhmatov (K\u00f6ln): The First Scientific Congress in Poland and the Public Debates on the Genealogy of Polish Social Sciences (Response: Adela-Gabriela Hincu)<\/p>\n<p>&nbsp;<\/p>\n<p>12:30-13:30 Lukas Becht (Wien): Genese der Zukunftsforschung in der Volksrepublik Polen bis 1968: Entstehungskontexte, intellektuelle Wurzeln und Formation eines \u201efuturologischen\u201c Denkkollektivs (Response: Friedrich Cain)<\/p>\n<p>&nbsp;<\/p>\n<p>Lunch break<\/p>\n<p>&nbsp;<\/p>\n<p>14:30-15:30 Kai Johann Willms (M\u00fcnchen): Inventing East Central Europe: The Transnational Experience of Polish \u00c9migr\u00e9 Scholars in the United States after 1945 and its Epistemic Repercussions (Response: Jan Surman)<\/p>\n<p>&nbsp;<\/p>\n<p>15:30-16:30 Frank Henschel (Bremen\/Leipzig): Wissen(schaft)sgeschichte der Kindheit im sozialistischen Ostmitteleuropa. Die Verwissenschaftlichung des Sozialen, Social Engineering und Biopolitik in transnationaler Perspektive (Response: Yves H\u00e4nggi (Basel))<\/p>\n<p>&nbsp;<\/p>\n<p>Coffee break<\/p>\n<p>&nbsp;<\/p>\n<p>16:45-17:45 R\u00e9ka Krizmanics (Budapest): Historical Scholarship in Late Socialism: Institutional Landscapes in Hungary and in Croatia (Response: Verena Lehmbrock (Gotha\/Erfurt))<\/p>\n<p>&nbsp;<\/p>\n<p>17:45-18:00 Closing Remarks<\/p>\n<p>&nbsp;<\/p>\n<p>Joint Dinner<\/p>\n<p>&nbsp;<\/p>\n<p>If You like to attend discussions, please register with: friedrich.cain@uni-erfurt.de<\/p>\n<p>&nbsp;<\/p>\n<p>Kontakt<\/p>\n<p>&nbsp;<\/p>\n<p>Friedrich Cain<\/p>\n<p>Steinplatz 2<\/p>\n<p>99085 Erfurt<\/p>\n<p>&nbsp;<\/p>\n<p><a href=\"mailto:friedrich.cain@uni-erfurt.de\">friedrich.cain@uni-erfurt.de<\/a><\/p>\n<p>&nbsp;<\/p>\n<p>Max Weber Center for Advanced Cultural and Social Studies, University of Erfurt; Chair for the History of Science, University of Erfurt<\/p>\n<p>&nbsp;<\/p>\n<p><a href=\"https:\/\/www.uni-erfurt.de\/max-weber-kolleg\/forschungsgruppen-und-stellen\/forschungsgruppen\/wissenschaftsgeschichte\/forschung\/forschungsprojekte\/east-european-epistemologies\/\">https:\/\/www.uni-erfurt.de\/max-weber-kolleg\/forschungsgruppen-und-stellen\/forschungsgruppen\/wissenschaftsgeschichte\/forschung\/forschungsprojekte\/east-european-epistemologies\/<\/a><\/p>\n<p>&nbsp;<\/p>\n<p><a href=\"https:\/\/www.hsozkult.de\/event\/id\/termine-40451\">https:\/\/www.hsozkult.de\/event\/id\/termine-40451<\/a><\/p>\n<p>&nbsp;<\/p>\n<p>&nbsp;<\/p>\n","protected":false},"excerpt":{"rendered":"","protected":false},"author":2,"featured_media":15630,"comment_status":"open","ping_status":"open","sticky":false,"template":"","format":"standard","meta":{"_acf_changed":false,"jetpack_post_was_ever_published":false,"_jetpack_newsletter_access":"","_jetpack_dont_email_post_to_subs":false,"_jetpack_newsletter_tier_id":0,"_jetpack_memberships_contains_paywalled_content":false,"_jetpack_memberships_contains_paid_content":false,"footnotes":"","jetpack_publicize_message":"","jetpack_publicize_feature_enabled":true,"jetpack_social_post_already_shared":true,"jetpack_social_options":{"image_generator_settings":{"template":"highway","default_image_id":0,"font":"","enabled":false},"version":2}},"categories":[3,9],"tags":[],"class_list":["post-15629","post","type-post","status-publish","format-standard","has-post-thumbnail","hentry","category-novosti","category-skupovi"],"acf":{"facebook_opis":""},"jetpack_publicize_connections":[],"jetpack_featured_media_url":"https:\/\/i0.wp.com\/historiografija.hr\/wp-content\/uploads\/2019\/07\/Erfurt.png?fit=990%2C490&ssl=1","jetpack_sharing_enabled":true,"jetpack-related-posts":[{"id":52520,"url":"https:\/\/historiografija.hr\/?p=52520","url_meta":{"origin":15629,"position":0},"title":"Predstavljanje knjige &#8220;Socialist Economics in Yugoslavia: A Critical History&#8221; u Zagrebu","author":"Branimir Jankovi\u0107","date":"17. travnja 2026.","format":false,"excerpt":"Pozivamo vas na predstavljanje knjige \"Socialist Economics in Yugoslavia: A Critical History\", autora Mislava \u00a0\u017ditka i Marka Grde\u0161i\u0107a (Routledge, 2026). Na predstavljanju \u0107e govoriti Branko Milanovi\u0107 (CUNY), Milica Uvali\u0107 (EUI), Zdravko Petak (FPZG) te autori.\u00a0 Predstavljanje \u0107e se odr\u017eati u srijedu 22. travnja u 16:00 sati na Fakultetu politi\u010dkih znanosti\u2026","rel":"","context":"U &quot;Novosti&quot;","block_context":{"text":"Novosti","link":"https:\/\/historiografija.hr\/?cat=3"},"img":{"alt_text":"","src":"https:\/\/i0.wp.com\/historiografija.hr\/wp-content\/uploads\/2026\/04\/Poziv-na-predstavljanje.png?fit=800%2C652&ssl=1&resize=350%2C200","width":350,"height":200,"srcset":"https:\/\/i0.wp.com\/historiografija.hr\/wp-content\/uploads\/2026\/04\/Poziv-na-predstavljanje.png?fit=800%2C652&ssl=1&resize=350%2C200 1x, https:\/\/i0.wp.com\/historiografija.hr\/wp-content\/uploads\/2026\/04\/Poziv-na-predstavljanje.png?fit=800%2C652&ssl=1&resize=525%2C300 1.5x, https:\/\/i0.wp.com\/historiografija.hr\/wp-content\/uploads\/2026\/04\/Poziv-na-predstavljanje.png?fit=800%2C652&ssl=1&resize=700%2C400 2x"},"classes":[]},{"id":52559,"url":"https:\/\/historiografija.hr\/?p=52559","url_meta":{"origin":15629,"position":1},"title":"Dobitnici dr\u017eavne nagrade za znanost za 2024. godinu","author":"Branimir Jankovi\u0107","date":"20. travnja 2026.","format":false,"excerpt":"Na sjednici Odbora za podjelu dr\u017eavnih nagrada za znanost odr\u017eanoj 16. travnja 2026. godine donesena je Odluka o dodjeli dr\u017eavnih nagrada za znanost za 2024. godinu. Godi\u0161njom nagradom za popularizaciju i promid\u017ebu znanosti nagra\u0111eni su u podru\u010dju humanisti\u010dkih znanosti znanstveni suradnici dr. sc. Josip Mihaljevi\u0107 i dr. sc. Gordan Ravan\u010di\u0107,\u2026","rel":"","context":"U &quot;Novosti&quot;","block_context":{"text":"Novosti","link":"https:\/\/historiografija.hr\/?cat=3"},"img":{"alt_text":"","src":"https:\/\/i0.wp.com\/historiografija.hr\/wp-content\/uploads\/2021\/12\/povijesne-kontroverze.jpg?fit=1200%2C675&ssl=1&resize=350%2C200","width":350,"height":200,"srcset":"https:\/\/i0.wp.com\/historiografija.hr\/wp-content\/uploads\/2021\/12\/povijesne-kontroverze.jpg?fit=1200%2C675&ssl=1&resize=350%2C200 1x, https:\/\/i0.wp.com\/historiografija.hr\/wp-content\/uploads\/2021\/12\/povijesne-kontroverze.jpg?fit=1200%2C675&ssl=1&resize=525%2C300 1.5x, https:\/\/i0.wp.com\/historiografija.hr\/wp-content\/uploads\/2021\/12\/povijesne-kontroverze.jpg?fit=1200%2C675&ssl=1&resize=700%2C400 2x, https:\/\/i0.wp.com\/historiografija.hr\/wp-content\/uploads\/2021\/12\/povijesne-kontroverze.jpg?fit=1200%2C675&ssl=1&resize=1050%2C600 3x"},"classes":[]},{"id":52660,"url":"https:\/\/historiografija.hr\/?p=52660","url_meta":{"origin":15629,"position":2},"title":"Medijski odjeci \u010dlanka Steve \u0110ura\u0161kovi\u0107a \u201e\u017dupanovljeva ne\u017eeljena djeca: ideolo\u0161ko pribli\u017eavanje neoliberala i kr\u0161\u0107anske radikalne desnice u Hrvatskoj\u201c","author":"Branimir Jankovi\u0107","date":"24. travnja 2026.","format":false,"excerpt":"U sklopu projekta \u201eIzazovi intelektualne povijesti: recepcije, preobrazbe i upotrebe politi\u010dkih ideja\u201c objavljen je polemi\u010dki \u010dlanak Steve \u0110ura\u0161kovi\u0107a \u201e\u017dupanovljeva ne\u017eeljena djeca: ideolo\u0161ko pribli\u017eavanje neoliberala i kr\u0161\u0107anske radikalne desnice u Hrvatskoj\u201c, koji je izazvao odre\u0111ene medijske reakcije. Stevo \u0110ura\u0161kovi\u0107 \u017dupanovljeva ne\u017eeljena djeca: ideolo\u0161ko pribli\u017eavanje neoliberala i kr\u0161\u0107anske radikalne desnice u Hrvatskoj\u2026","rel":"","context":"U &quot;Novosti&quot;","block_context":{"text":"Novosti","link":"https:\/\/historiografija.hr\/?cat=3"},"img":{"alt_text":"","src":"https:\/\/i0.wp.com\/historiografija.hr\/wp-content\/uploads\/2026\/04\/SD.png?fit=809%2C821&ssl=1&resize=350%2C200","width":350,"height":200,"srcset":"https:\/\/i0.wp.com\/historiografija.hr\/wp-content\/uploads\/2026\/04\/SD.png?fit=809%2C821&ssl=1&resize=350%2C200 1x, https:\/\/i0.wp.com\/historiografija.hr\/wp-content\/uploads\/2026\/04\/SD.png?fit=809%2C821&ssl=1&resize=525%2C300 1.5x, https:\/\/i0.wp.com\/historiografija.hr\/wp-content\/uploads\/2026\/04\/SD.png?fit=809%2C821&ssl=1&resize=700%2C400 2x"},"classes":[]},{"id":52578,"url":"https:\/\/historiografija.hr\/?p=52578","url_meta":{"origin":15629,"position":3},"title":"Poziv za sudjelovanje: XXII. Dani Julija Bene\u0161i\u0107a u Iloku","author":"Branimir Jankovi\u0107","date":"21. travnja 2026.","format":false,"excerpt":"Zavod za lingvisti\u010dka istra\u017eivanja Hrvatske akademije znanosti i umjetnosti, zajedno s Muzejom grada Iloka, organizira XXII. Dane Julija Bene\u0161i\u0107a, koji \u0107e se odr\u017eati od 28. do 30. listopada 2026. u Iloku.\u00a0Teme ovogodi\u0161njih Dana podijeljene su u dvije cjeline: Knji\u017eevno-jezikoslovni d\u00ecv\u0101n s Bene\u0161i\u0107em te Ilok i Srijem u povijesnim stalnicama i\u2026","rel":"","context":"U &quot;Novosti&quot;","block_context":{"text":"Novosti","link":"https:\/\/historiografija.hr\/?cat=3"},"img":{"alt_text":"","src":"https:\/\/i0.wp.com\/historiografija.hr\/wp-content\/uploads\/2019\/10\/HE2_Benesic.jpg?fit=413%2C591&ssl=1&resize=350%2C200","width":350,"height":200},"classes":[]},{"id":52643,"url":"https:\/\/historiografija.hr\/?p=52643","url_meta":{"origin":15629,"position":4},"title":"BRACEWELL TRAVELLING SCHOLARSHIP\u202fFOR PHD STUDENTS (DEADLINE: 30TH APRIL 2026)","author":"Branimir Jankovi\u0107","date":"24. travnja 2026.","format":false,"excerpt":"The Bracewell Travelling Scholarship\u202fis funded by a gift from SSEES Emeritus Professor of History Wendy Bracewell, whose research examines South Slav history, and travel writing in eastern Europe. The Scholarship honours the long tradition of mutual curiosity between the UK and eastern, central and southeastern Europe by supporting PhD students\u2026","rel":"","context":"U &quot;Novosti&quot;","block_context":{"text":"Novosti","link":"https:\/\/historiografija.hr\/?cat=3"},"img":{"alt_text":"","src":"https:\/\/i0.wp.com\/historiografija.hr\/wp-content\/uploads\/2026\/04\/Bracewell-Travelling-Scholarship-.webp?fit=980%2C700&ssl=1&resize=350%2C200","width":350,"height":200,"srcset":"https:\/\/i0.wp.com\/historiografija.hr\/wp-content\/uploads\/2026\/04\/Bracewell-Travelling-Scholarship-.webp?fit=980%2C700&ssl=1&resize=350%2C200 1x, https:\/\/i0.wp.com\/historiografija.hr\/wp-content\/uploads\/2026\/04\/Bracewell-Travelling-Scholarship-.webp?fit=980%2C700&ssl=1&resize=525%2C300 1.5x, https:\/\/i0.wp.com\/historiografija.hr\/wp-content\/uploads\/2026\/04\/Bracewell-Travelling-Scholarship-.webp?fit=980%2C700&ssl=1&resize=700%2C400 2x"},"classes":[]},{"id":52646,"url":"https:\/\/historiografija.hr\/?p=52646","url_meta":{"origin":15629,"position":5},"title":"5. MALI FESTIVAL POVIJESTI U LASTOVU","author":"Branimir Jankovi\u0107","date":"24. travnja 2026.","format":false,"excerpt":"Peti Mali festival povijesti odr\u017eava se od 25. do 27. travnja 2026. na Lastovu, u suradnji Zavoda za povijesne znanosti HAZU u Dubrovniku, Op\u0107ine Lastovo i Turisti\u010dke zajednice te uz potporu Dubrova\u010dko-neretvanske \u017eupanije. Predavanja: Dr. sc. Jasna \u010capo \u201eKu\u0107a kao zalog budu\u0107nosti i most izme\u0111u iseljenika i domovine\u201c Dr. sc.\u2026","rel":"","context":"U &quot;Novosti&quot;","block_context":{"text":"Novosti","link":"https:\/\/historiografija.hr\/?cat=3"},"img":{"alt_text":"","src":"https:\/\/i0.wp.com\/historiografija.hr\/wp-content\/uploads\/2026\/04\/Lastovo.jpg?fit=1200%2C700&ssl=1&resize=350%2C200","width":350,"height":200,"srcset":"https:\/\/i0.wp.com\/historiografija.hr\/wp-content\/uploads\/2026\/04\/Lastovo.jpg?fit=1200%2C700&ssl=1&resize=350%2C200 1x, https:\/\/i0.wp.com\/historiografija.hr\/wp-content\/uploads\/2026\/04\/Lastovo.jpg?fit=1200%2C700&ssl=1&resize=525%2C300 1.5x, https:\/\/i0.wp.com\/historiografija.hr\/wp-content\/uploads\/2026\/04\/Lastovo.jpg?fit=1200%2C700&ssl=1&resize=700%2C400 2x, https:\/\/i0.wp.com\/historiografija.hr\/wp-content\/uploads\/2026\/04\/Lastovo.jpg?fit=1200%2C700&ssl=1&resize=1050%2C600 3x"},"classes":[]}],"_links":{"self":[{"href":"https:\/\/historiografija.hr\/index.php?rest_route=\/wp\/v2\/posts\/15629","targetHints":{"allow":["GET"]}}],"collection":[{"href":"https:\/\/historiografija.hr\/index.php?rest_route=\/wp\/v2\/posts"}],"about":[{"href":"https:\/\/historiografija.hr\/index.php?rest_route=\/wp\/v2\/types\/post"}],"author":[{"embeddable":true,"href":"https:\/\/historiografija.hr\/index.php?rest_route=\/wp\/v2\/users\/2"}],"replies":[{"embeddable":true,"href":"https:\/\/historiografija.hr\/index.php?rest_route=%2Fwp%2Fv2%2Fcomments&post=15629"}],"version-history":[{"count":3,"href":"https:\/\/historiografija.hr\/index.php?rest_route=\/wp\/v2\/posts\/15629\/revisions"}],"predecessor-version":[{"id":15633,"href":"https:\/\/historiografija.hr\/index.php?rest_route=\/wp\/v2\/posts\/15629\/revisions\/15633"}],"wp:featuredmedia":[{"embeddable":true,"href":"https:\/\/historiografija.hr\/index.php?rest_route=\/wp\/v2\/media\/15630"}],"wp:attachment":[{"href":"https:\/\/historiografija.hr\/index.php?rest_route=%2Fwp%2Fv2%2Fmedia&parent=15629"}],"wp:term":[{"taxonomy":"category","embeddable":true,"href":"https:\/\/historiografija.hr\/index.php?rest_route=%2Fwp%2Fv2%2Fcategories&post=15629"},{"taxonomy":"post_tag","embeddable":true,"href":"https:\/\/historiografija.hr\/index.php?rest_route=%2Fwp%2Fv2%2Ftags&post=15629"}],"curies":[{"name":"wp","href":"https:\/\/api.w.org\/{rel}","templated":true}]}}