{"id":15619,"date":"2019-07-09T10:43:44","date_gmt":"2019-07-09T10:43:44","guid":{"rendered":"http:\/\/historiografija.hr\/?p=15619"},"modified":"2019-07-09T10:43:44","modified_gmt":"2019-07-09T10:43:44","slug":"moritz-csaky-das-gedachtnis-zentraleuropas-kulturelle-und-literarische-projektionen-auf-eine-region","status":"publish","type":"post","link":"https:\/\/historiografija.hr\/?p=15619","title":{"rendered":"Moritz Cs\u00e1ky, \u201eDas Ged\u00e4chtnis Zentraleuropas: Kulturelle und literarische Projektionen auf eine Region\u201c"},"content":{"rendered":"<p>Izdava\u010d B\u00f6hlau Verlag Wien objavio je 2019. godine knjigu povjesni\u010dara Moritza Cs\u00e1kyja o kulturnoj povijesti Srednje Europe u kojoj govori, izme\u0111u ostalog, o Miroslavu Krle\u017ei, Vilmi Vukeli\u0107, Danilu Ki\u0161u\u2026<\/p>\n<p>&nbsp;<\/p>\n<p>&#8212;<\/p>\n<p>&nbsp;<\/p>\n<p>Moritz Cs\u00e1ky<\/p>\n<p>&nbsp;<\/p>\n<p><strong>Das Ged\u00e4chtnis Zentraleuropas <\/strong><\/p>\n<p><strong>\u00a0<\/strong><\/p>\n<p><strong>Kulturelle und literarische Projektionen auf eine Region<\/strong><\/p>\n<p>&nbsp;<\/p>\n<p>&nbsp;<\/p>\n<p>Zentraleuropa ist als Raum zwar nur \u201eschwer greifbar\u201c (Milan Kundera), hat im Vielv\u00f6lkerstaat der Habsburgermonarchie aber \u201ereal-territoriale Z\u00fcge\u201c angenommen, die der Region \u201eeine w\u00f6rtlich zu verstehende r\u00e4umliche Bedeutung\u201c verleihen (Jurij Lotman). \u00d6konomische, soziale, religi\u00f6se und sprachliche-kulturelle Pluralit\u00e4ten bestimmen hier die allt\u00e4gliche Kommunikation von Individuen und gesellschaftlichen Gruppen. Sie beeinflussen die kulturelle Kreativit\u00e4t, sind aber auch f\u00fcr permanente Krisen, Konflikte und Instabilit\u00e4ten verantwortlich. Diese Aspekte analysiert der Kulturwissenschaftler Moritz Cs\u00e1ky im vorliegenden Buch anhand essayistischer und literarischer Texte u.a. von H. Bahr, F. Kafka, J. Roth, H. von Hofmannsthal und M. Krle\u017ea, die solche Perspektiven bereits vorweggenommen haben. Dabei erweist sich Zentraleuropa als ein Laboratorium, das zur Deutung von analogen, global-kulturellen Prozessen und Problemen der Gegenwart beizutragen vermag.<\/p>\n<p>&nbsp;<\/p>\n<p><strong>Moritz Cs\u00e1ky<\/strong> war Ordinarius f\u00fcr \u00d6sterreichische Geschichte an der Universit\u00e4t Graz und ist Mitglied der \u00d6sterreichischen sowie der Ungarischen Akademie der Wissenschaften.<\/p>\n<p>&nbsp;<\/p>\n<p><strong>Download Leseprobe:<\/strong><\/p>\n<p><a href=\"https:\/\/www.vandenhoeck-ruprecht-verlage.com\/downloads\/productPreviewFiles\/LP_978-3-205-20877-8.pdf\">https:\/\/www.vandenhoeck-ruprecht-verlage.com\/downloads\/productPreviewFiles\/LP_978-3-205-20877-8.pdf<\/a><\/p>\n<p>&nbsp;<\/p>\n<p><a href=\"https:\/\/www.vandenhoeck-ruprecht-verlage.com\/themen-entdecken\/geschichte\/sozial-und-kulturgeschichte\/50222\/das-gedaechtnis-zentraleuropas\">https:\/\/www.vandenhoeck-ruprecht-verlage.com\/themen-entdecken\/geschichte\/sozial-und-kulturgeschichte\/50222\/das-gedaechtnis-zentraleuropas<\/a><\/p>\n<p>&nbsp;<\/p>\n","protected":false},"excerpt":{"rendered":"","protected":false},"author":2,"featured_media":15620,"comment_status":"open","ping_status":"open","sticky":false,"template":"","format":"standard","meta":{"_acf_changed":false,"jetpack_post_was_ever_published":false,"_jetpack_newsletter_access":"","_jetpack_dont_email_post_to_subs":false,"_jetpack_newsletter_tier_id":0,"_jetpack_memberships_contains_paywalled_content":false,"_jetpack_memberships_contains_paid_content":false,"footnotes":"","jetpack_publicize_message":"","jetpack_publicize_feature_enabled":true,"jetpack_social_post_already_shared":true,"jetpack_social_options":{"image_generator_settings":{"template":"highway","default_image_id":0,"font":"","enabled":false},"version":2}},"categories":[8,3],"tags":[],"class_list":["post-15619","post","type-post","status-publish","format-standard","has-post-thumbnail","hentry","category-knjige","category-novosti"],"acf":{"facebook_opis":""},"jetpack_publicize_connections":[],"jetpack_featured_media_url":"https:\/\/i0.wp.com\/historiografija.hr\/wp-content\/uploads\/2019\/07\/Zentraleuropa.jpg?fit=398%2C600&ssl=1","jetpack_sharing_enabled":true,"jetpack-related-posts":[{"id":52643,"url":"https:\/\/historiografija.hr\/?p=52643","url_meta":{"origin":15619,"position":0},"title":"BRACEWELL TRAVELLING SCHOLARSHIP\u202fFOR PHD STUDENTS (DEADLINE: 30TH APRIL 2026)","author":"Branimir Jankovi\u0107","date":"24. travnja 2026.","format":false,"excerpt":"The Bracewell Travelling Scholarship\u202fis funded by a gift from SSEES Emeritus Professor of History Wendy Bracewell, whose research examines South Slav history, and travel writing in eastern Europe. The Scholarship honours the long tradition of mutual curiosity between the UK and eastern, central and southeastern Europe by supporting PhD students\u2026","rel":"","context":"U &quot;Novosti&quot;","block_context":{"text":"Novosti","link":"https:\/\/historiografija.hr\/?cat=3"},"img":{"alt_text":"","src":"https:\/\/i0.wp.com\/historiografija.hr\/wp-content\/uploads\/2026\/04\/Bracewell-Travelling-Scholarship-.webp?fit=980%2C700&ssl=1&resize=350%2C200","width":350,"height":200,"srcset":"https:\/\/i0.wp.com\/historiografija.hr\/wp-content\/uploads\/2026\/04\/Bracewell-Travelling-Scholarship-.webp?fit=980%2C700&ssl=1&resize=350%2C200 1x, https:\/\/i0.wp.com\/historiografija.hr\/wp-content\/uploads\/2026\/04\/Bracewell-Travelling-Scholarship-.webp?fit=980%2C700&ssl=1&resize=525%2C300 1.5x, https:\/\/i0.wp.com\/historiografija.hr\/wp-content\/uploads\/2026\/04\/Bracewell-Travelling-Scholarship-.webp?fit=980%2C700&ssl=1&resize=700%2C400 2x"},"classes":[]},{"id":52531,"url":"https:\/\/historiografija.hr\/?p=52531","url_meta":{"origin":15619,"position":1},"title":"Jonathan G. Leslie, \u201eFear and Insecurity: Israel and the Iran Threat Narrative\u201c","author":"Branimir Jankovi\u0107","date":"17. travnja 2026.","format":false,"excerpt":"Why is Israel\u2019s former ally Iran now perceived as the country\u2019s greatest threat? Description To observers of the Iran-Israel conflict, its vitriolic rhetoric might suggest an ancient hatred between Jews and Muslims\u2013a biblical feud dating back hundreds, or thousands, of years. But this rivalry is a far more modern development.\u2026","rel":"","context":"U &quot;Knjige&quot;","block_context":{"text":"Knjige","link":"https:\/\/historiografija.hr\/?cat=8"},"img":{"alt_text":"","src":"https:\/\/i0.wp.com\/historiografija.hr\/wp-content\/uploads\/2026\/04\/Leslie.jpg?fit=391%2C612&ssl=1&resize=350%2C200","width":350,"height":200},"classes":[]}],"_links":{"self":[{"href":"https:\/\/historiografija.hr\/index.php?rest_route=\/wp\/v2\/posts\/15619","targetHints":{"allow":["GET"]}}],"collection":[{"href":"https:\/\/historiografija.hr\/index.php?rest_route=\/wp\/v2\/posts"}],"about":[{"href":"https:\/\/historiografija.hr\/index.php?rest_route=\/wp\/v2\/types\/post"}],"author":[{"embeddable":true,"href":"https:\/\/historiografija.hr\/index.php?rest_route=\/wp\/v2\/users\/2"}],"replies":[{"embeddable":true,"href":"https:\/\/historiografija.hr\/index.php?rest_route=%2Fwp%2Fv2%2Fcomments&post=15619"}],"version-history":[{"count":1,"href":"https:\/\/historiografija.hr\/index.php?rest_route=\/wp\/v2\/posts\/15619\/revisions"}],"predecessor-version":[{"id":15621,"href":"https:\/\/historiografija.hr\/index.php?rest_route=\/wp\/v2\/posts\/15619\/revisions\/15621"}],"wp:featuredmedia":[{"embeddable":true,"href":"https:\/\/historiografija.hr\/index.php?rest_route=\/wp\/v2\/media\/15620"}],"wp:attachment":[{"href":"https:\/\/historiografija.hr\/index.php?rest_route=%2Fwp%2Fv2%2Fmedia&parent=15619"}],"wp:term":[{"taxonomy":"category","embeddable":true,"href":"https:\/\/historiografija.hr\/index.php?rest_route=%2Fwp%2Fv2%2Fcategories&post=15619"},{"taxonomy":"post_tag","embeddable":true,"href":"https:\/\/historiografija.hr\/index.php?rest_route=%2Fwp%2Fv2%2Ftags&post=15619"}],"curies":[{"name":"wp","href":"https:\/\/api.w.org\/{rel}","templated":true}]}}