{"id":15576,"date":"2019-07-06T18:10:14","date_gmt":"2019-07-06T18:10:14","guid":{"rendered":"http:\/\/historiografija.hr\/?p=15576"},"modified":"2019-07-06T18:10:14","modified_gmt":"2019-07-06T18:10:14","slug":"international-conference-cities-and-regions-in-flux-after-border-change-reconfiguring-the-frontier-reshaping-memory-and-visualizing-change-in-twentieth-century-europe-rijeka-10-1","status":"publish","type":"post","link":"https:\/\/historiografija.hr\/?p=15576","title":{"rendered":"International Conference \u201cCities and regions in flux after border change: Reconfiguring the frontier, reshaping memory and visualizing change in twentieth century Europe\u201d (Rijeka, 10-12 July 2019)"},"content":{"rendered":"<p>U Rijeci se od 10. do 12. srpnja 2019. odr\u017eava me\u0111unarodna konferencija \u201cCities and regions in flux after border change: Reconfiguring the frontier, reshaping memory and visualizing change in twentieth century Europe\u201d s nizom izlaganja o Rijeci i drugim gradovima.<\/p>\n<p>&nbsp;<\/p>\n<p>&#8212;<\/p>\n<p>&nbsp;<\/p>\n<p><strong>\u201cCITIES AND REGIONS IN FLUX AFTER BORDER CHANGE: RECONFIGURING THE FRONTIER, RESHAPING MEMORY AND VISUALIZING CHANGE IN TWENTIETH CENTURY EUROPE\u201d<\/strong><\/p>\n<p><strong>INTERNATIONAL CONFERENCE<\/strong><\/p>\n<p><strong>RIJEKA, CROATIA, 10-12 JULY 2019Venue:<\/strong> <a href=\"https:\/\/www.google.com\/maps\/uv?hl=en&amp;pb=!1s0x4764a1abbca39755%3A0xa12a1f41eacebcfc!2m22!2m2!1i80!2i80!3m1!2i20!16m16!1b1!2m2!1m1!1e1!2m2!1m1!1e3!2m2!1m1!1e5!2m2!1m1!1e4!2m2!1m1!1e6!3m1!7e115!4s%2Fmaps%2Fplace%2FFaculty%2Bof%2BHumanities%2Band%2BSocial%2BSciences%2Bin%2BRijeka%2F%4045.3284914%2C14.4653792%2C3a%2C75y%2C157.41h%2C90t%2Fdata%3D*213m4*211e1*213m2*211sHHMZ-Mhofi9WBxYec1kr1A*212e0*214m2*213m1*211s0x4764a1abbca39755%3A0xa12a1f41eacebcfc%3Fsa%3DX!5sFaculty%20of%20Humanities%20and%20Social%20Sciences%20in%20Rijeka%20-%20Google%20Search!15sCAQ&amp;imagekey=!1e10!2sAF1QipNS15dLturJLEQ_bFgCWOVgtcSWNBPGo4NIJFKS&amp;sa=X&amp;ved=2ahUKEwjv4YDmt-jiAhXE_aQKHbbeAooQpx8wCnoECA4QCw\"><strong>Faculty of Humanities and Social Sciences in Rijeka<\/strong><\/a><\/p>\n<p><strong>Address:<\/strong> Sveu\u010dili\u0161na avenija 4, 51000 Rijeka (Room 230, 2nd Floor)<\/p>\n<p>&nbsp;<\/p>\n<p>Since the end of the First World War, cities and regions in Europe, particularly in the eastern half of the continent, witnessed frequent changes in borders. Previous research on border change and territorial transfers has focused on the actions of nationalizing regimes after the 1919 Paris conference, as well as the post-1945 transfer of territories in East-Central Europe and ensuing flight, expulsions and repopulation programs (Rieber 2000, Ther and Siljak 2001, Ballinger 2003, Crainz Pupo and Salvatici 2008, Snyder 2010, Ferrara 2011, Thum 2011, Reinisch, and White 2011, Ferrara and Pianciola 2012, Service 2013, Sezneva 2013). Recent research has analysed how states appropriated cities and regions they gained from neighbours (Karch 2018), and, in the case of socialist states, used urban remodelling as an opportunity to showcase socialist modernization projects, as occurred in Lviv, Ukraine (Amar 2015) and in Yugoslavia (Kuli\u0107 and Mrdulja\u0161 2012, Le Normand 2014). While research on transferred cities and territories has tended to see border changes primarily as ruptures tearing people from their old lives and cutting cities off from their previous national frameworks, this emphasis is called into question by scholarship by geographers and sociologists who comprehend cities not as discrete entities but as nodes within regional, national and global networks. From this perspective, cities are spaces in which flows of different types (goods, labour, capital, information) enter, converge, and exit, connecting these cities with other circuits and points across the globe (Massey 1991, Castells 2002, Harvey 2003).<\/p>\n<p>This conference seeks contributions that showcase research on history, memory, and mapping tools in the context of European border changes in the twentieth century. We are interested in highlighting research on the experience of cities and regions that have undergone border changes in the twentieth century in order to showcase histories of transition, to examine the reshaping of local and regional memory practices, and to explore the variety of research methods that might be used to conceptualize and visualize change.<\/p>\n<p>&nbsp;<\/p>\n<p><strong>Keynote speakers:<\/strong><\/p>\n<p><strong>Dominique Kirchner Reill<\/strong>, Associate Professor, University of Miami, author of\u00a0<em>Nationalists Who Feared the Nation: Adriatic Multi-Nationalism in Habsburg Dalmatia, Trieste, and Venice<\/em>\u00a0(Stanford University Press, 2012.) presenting<strong>\u00a0her<\/strong>\u00a0new book\u00a0<strong><em>The Fiume Crisis: Life in the Wake of the Habsburg Empire<\/em><\/strong>.<\/p>\n<p><strong>Anne Kelly Knowles<\/strong>, McBride Professor of History at the University of Maine, editor of <em>Placing History: How Maps, Spatial Data, and GIS Are Changing Historical Scholarship (2008) <\/em>and <em>Geographies of the Holocaust (2014), <\/em>Guggenheim fellow (2015).<\/p>\n<p><strong>Brendan Karch<\/strong>, Assistant Professor of History at Louisiana State University, author of <em>Nation and Loyalty in a German-Polish Borderland: Upper Silesia, 1848\u20131960 <\/em>(Cambridge University Press, 2018)<\/p>\n<p><strong>Olga Sezneva<\/strong>, Assistant Professor of Sociology at the University of Amsterdam, whose work has examined the connection between the urban built environment and social memory (particularly in the case of Kaliningrad\/K\u00f6nigsberg), human mobility, and digital technologies; part of the artistic collective <a href=\"http:\/\/movingmattersworkshops.ucr.edu\/\"><strong>Moving Matters Traveling Workshop<\/strong>.<\/a><\/p>\n<p><strong>Organisers: <\/strong>The conference is organized by the <strong><a href=\"https:\/\/uniri.hr\/en\/home\/\">Univeristy of Rijeka<\/a>, <a href=\"http:\/\/cas.uniri.hr\/\">Centre for Advanced Studies \u2013 South East Europe<\/a><\/strong>, with the support of the <a href=\"http:\/\/www.sshrc-crsh.gc.ca\/home-accueil-eng.aspx\"><strong>Social Sciences and Humanities Research Council of Canada<\/strong><\/a>-funded project <strong><a href=\"https:\/\/rijekafiume.geolive.ca\/\">Rijeka in Flux: Borders and Urban Change after World War II<\/a><\/strong>, the <em>Memoryscapes<\/em> project\u2019s <a href=\"http:\/\/rijeka2020.eu\/en\/program\/seasons-of-power\/\"><strong>Seasons of Power <\/strong><\/a>flagship programme for <a href=\"https:\/\/rijeka2020.eu\/en\/\"><strong>Rijeka 2020 \u2013 European Capital of Culture<\/strong><\/a>, and the <strong><a href=\"https:\/\/www.mmg.mpg.de\/home\">Max Planck Institute for the Study of Religious and Ethnic Diversity<\/a> <a href=\"http:\/\/www.mmg.mpg.de\/departments\/max-planck-research-group-empires-of-memory\/\">Research Group, \u201cEmpires of Memory: The Cultural Politics of Historicity in Former Habsburg and Ottoman Cities\u201d<\/a><\/strong>.<\/p>\n<p>&nbsp;<\/p>\n<p><strong>Program:<\/strong><\/p>\n<p>&nbsp;<\/p>\n<p><a href=\"http:\/\/cas.uniri.hr\/conference-cities-and-regions-in-flux-after-border-change-reconfiguring-the-frontier-reshaping-memory-and-visualizing-change-in-twentieth-century-europe\/\">http:\/\/cas.uniri.hr\/conference-cities-and-regions-in-flux-after-border-change-reconfiguring-the-frontier-reshaping-memory-and-visualizing-change-in-twentieth-century-europe\/<\/a><\/p>\n<p>&nbsp;<\/p>\n<p>&nbsp;<\/p>\n<p>&nbsp;<\/p>\n","protected":false},"excerpt":{"rendered":"","protected":false},"author":2,"featured_media":15577,"comment_status":"open","ping_status":"open","sticky":false,"template":"","format":"standard","meta":{"_acf_changed":false,"jetpack_post_was_ever_published":false,"_jetpack_newsletter_access":"","_jetpack_dont_email_post_to_subs":false,"_jetpack_newsletter_tier_id":0,"_jetpack_memberships_contains_paywalled_content":false,"_jetpack_memberships_contains_paid_content":false,"footnotes":"","jetpack_publicize_message":"","jetpack_publicize_feature_enabled":true,"jetpack_social_post_already_shared":true,"jetpack_social_options":{"image_generator_settings":{"template":"highway","default_image_id":0,"font":"","enabled":false},"version":2}},"categories":[3,9],"tags":[],"class_list":["post-15576","post","type-post","status-publish","format-standard","has-post-thumbnail","hentry","category-novosti","category-skupovi"],"acf":{"facebook_opis":""},"jetpack_publicize_connections":[],"jetpack_featured_media_url":"https:\/\/i0.wp.com\/historiografija.hr\/wp-content\/uploads\/2019\/07\/Border-Cities_PROGRAM.jpg?fit=1390%2C984&ssl=1","jetpack_sharing_enabled":true,"jetpack-related-posts":[{"id":52580,"url":"https:\/\/historiografija.hr\/?p=52580","url_meta":{"origin":15576,"position":0},"title":"Conference &#8220;Living in the aftermaths: Trauma, politics and survival in Yugoslavia and successor states, 1945 \u2013 present&#8221;","author":"Branimir Jankovi\u0107","date":"21. travnja 2026.","format":false,"excerpt":"The conference aims to explore how war-related psychological distress was experienced, narrated, debated and reframed in Yugoslavia in the second half of the twentieth century. It asks how the theme of wounded psyche and wartime suffering was addressed and acknowledged in political, psychiatric and broader cultural discourses of socialist Yugoslavia,\u2026","rel":"","context":"U &quot;Novosti&quot;","block_context":{"text":"Novosti","link":"https:\/\/historiografija.hr\/?cat=3"},"img":{"alt_text":"","src":"https:\/\/i0.wp.com\/historiografija.hr\/wp-content\/uploads\/2026\/04\/Battle_of_Neretva_Picasso_poster-Conference-Living-in-the-aftermaths.webp?fit=564%2C954&ssl=1&resize=350%2C200","width":350,"height":200,"srcset":"https:\/\/i0.wp.com\/historiografija.hr\/wp-content\/uploads\/2026\/04\/Battle_of_Neretva_Picasso_poster-Conference-Living-in-the-aftermaths.webp?fit=564%2C954&ssl=1&resize=350%2C200 1x, https:\/\/i0.wp.com\/historiografija.hr\/wp-content\/uploads\/2026\/04\/Battle_of_Neretva_Picasso_poster-Conference-Living-in-the-aftermaths.webp?fit=564%2C954&ssl=1&resize=525%2C300 1.5x"},"classes":[]},{"id":52592,"url":"https:\/\/historiografija.hr\/?p=52592","url_meta":{"origin":15576,"position":1},"title":"Predstavljanje knjige &#8220;Turska ku\u0107a u Rijeci&#8221; u Zagrebu","author":"Branimir Jankovi\u0107","date":"22. travnja 2026.","format":false,"excerpt":"U prostorijama Turskog kulturnog centra Yunus Emre u Zagrebu, u utorak 21. travnja 2026. godine, odr\u017eano je sve\u010dano predstavljanje dopunjenog izdanja knjige Turska ku\u0107a u Rijeci, u organizaciji Hrvatsko-turskog dru\u0161tva Rijeka i partnerstvu sa Skupinom prijateljstva Hrvatska-Turska Hrvatskog sabora, Veleposlanstvom Republike Turske u Republici Hrvatskoj te Turskim kulturnim centrom Yunus\u2026","rel":"","context":"U &quot;Novosti&quot;","block_context":{"text":"Novosti","link":"https:\/\/historiografija.hr\/?cat=3"},"img":{"alt_text":"","src":"https:\/\/i0.wp.com\/historiografija.hr\/wp-content\/uploads\/2026\/04\/Turska-kuca-ZG.jpg?fit=1200%2C800&ssl=1&resize=350%2C200","width":350,"height":200,"srcset":"https:\/\/i0.wp.com\/historiografija.hr\/wp-content\/uploads\/2026\/04\/Turska-kuca-ZG.jpg?fit=1200%2C800&ssl=1&resize=350%2C200 1x, https:\/\/i0.wp.com\/historiografija.hr\/wp-content\/uploads\/2026\/04\/Turska-kuca-ZG.jpg?fit=1200%2C800&ssl=1&resize=525%2C300 1.5x, https:\/\/i0.wp.com\/historiografija.hr\/wp-content\/uploads\/2026\/04\/Turska-kuca-ZG.jpg?fit=1200%2C800&ssl=1&resize=700%2C400 2x, https:\/\/i0.wp.com\/historiografija.hr\/wp-content\/uploads\/2026\/04\/Turska-kuca-ZG.jpg?fit=1200%2C800&ssl=1&resize=1050%2C600 3x"},"classes":[]},{"id":52148,"url":"https:\/\/historiografija.hr\/?p=52148","url_meta":{"origin":15576,"position":2},"title":"Poziv za prijavu na me\u0111unarodnu znanstvenu konferenciju \u201eGranice (ne)slobode: Zadarski krug 1966. Intelektualna opozicija u totalitarnom dru\u0161tvu\u201c","author":"Branimir Jankovi\u0107","date":"27. o\u017eujka 2026.","format":false,"excerpt":"\u00a0\u00a0\u00a0\u00a0 Povodom \u0161ezdesete obljetnice poku\u0161aja osnivanja \u010dasopisa Slobodan glas u Zadru 1966. godine, pozivamo vas na znanstvenu konferenciju posve\u0107enu istra\u017eivanju disidentstva, intelektualne opozicije i granica divergentnog mi\u0161ljenja nasuprot slu\u017ebenoj ideologiji u komunisti\u010dkoj Jugoslaviji. Ideja konferencije je analizirati konkretan fenomen zadarskog slu\u010daja razloge i okolnosti njegove pojave, ali uz otvaranje komparativnih\u2026","rel":"","context":"U &quot;Novosti&quot;","block_context":{"text":"Novosti","link":"https:\/\/historiografija.hr\/?cat=3"},"img":{"alt_text":"","src":"https:\/\/i0.wp.com\/historiografija.hr\/wp-content\/uploads\/2026\/03\/Poziv-konferencija-Zadar.jpg?fit=1200%2C509&ssl=1&resize=350%2C200","width":350,"height":200,"srcset":"https:\/\/i0.wp.com\/historiografija.hr\/wp-content\/uploads\/2026\/03\/Poziv-konferencija-Zadar.jpg?fit=1200%2C509&ssl=1&resize=350%2C200 1x, https:\/\/i0.wp.com\/historiografija.hr\/wp-content\/uploads\/2026\/03\/Poziv-konferencija-Zadar.jpg?fit=1200%2C509&ssl=1&resize=525%2C300 1.5x, https:\/\/i0.wp.com\/historiografija.hr\/wp-content\/uploads\/2026\/03\/Poziv-konferencija-Zadar.jpg?fit=1200%2C509&ssl=1&resize=700%2C400 2x, https:\/\/i0.wp.com\/historiografija.hr\/wp-content\/uploads\/2026\/03\/Poziv-konferencija-Zadar.jpg?fit=1200%2C509&ssl=1&resize=1050%2C600 3x"},"classes":[]},{"id":52622,"url":"https:\/\/historiografija.hr\/?p=52622","url_meta":{"origin":15576,"position":3},"title":"Annual CAPONEU conference: Political Novel in Europe Between Democracy and Authoritarianism","author":"Branimir Jankovi\u0107","date":"23. travnja 2026.","format":false,"excerpt":"Caponeu event 22.04.2026 - 24.04.2026 Location: The Faculty of Polish and Classical Philology AMU (Fredry 10, Pozna\u0144)Organized by: Tomasz Mizerkiewicz, Krystyna Pieni\u0105\u017cek-Markovi\u0107, Anna Gawarecka, Ewa Szperlik, Magda Potok, B\u0142a\u017cej Warkocki, Gerard Ronge (all Adam Mickiewicz University in Pozna\u0144)Contact: gerron@amu.edu.pl The Adam Mickiewicz University team, as part of the international CAPONEU\u2026","rel":"","context":"U &quot;Novosti&quot;","block_context":{"text":"Novosti","link":"https:\/\/historiografija.hr\/?cat=3"},"img":{"alt_text":"","src":"https:\/\/i0.wp.com\/historiografija.hr\/wp-content\/uploads\/2026\/04\/Caponeu-political-novel.jpg?fit=500%2C261&ssl=1&resize=350%2C200","width":350,"height":200},"classes":[]},{"id":52664,"url":"https:\/\/historiografija.hr\/?p=52664","url_meta":{"origin":15576,"position":4},"title":"CfP: CONFERENCE OF THE HISTORY OF CONCEPTS GROUP, HELSINKI, 19TH\u201321ST AUGUST 2026 (DEADLINE: 30TH APRIL 2026)","author":"Branimir Jankovi\u0107","date":"24. travnja 2026.","format":false,"excerpt":"The annual conference of the History of Concepts Group is held at the University of Helsinki, 19-21 August 2026. Conference of the History of Concepts Group Conceptual history studies the use of concepts and tries to understand how historical actors have linguistically articulated views of the world. Studying concepts from\u2026","rel":"","context":"U &quot;Novosti&quot;","block_context":{"text":"Novosti","link":"https:\/\/historiografija.hr\/?cat=3"},"img":{"alt_text":"","src":"https:\/\/i0.wp.com\/historiografija.hr\/wp-content\/uploads\/2017\/10\/hsozkult.png?fit=1006%2C241&ssl=1&resize=350%2C200","width":350,"height":200,"srcset":"https:\/\/i0.wp.com\/historiografija.hr\/wp-content\/uploads\/2017\/10\/hsozkult.png?fit=1006%2C241&ssl=1&resize=350%2C200 1x, https:\/\/i0.wp.com\/historiografija.hr\/wp-content\/uploads\/2017\/10\/hsozkult.png?fit=1006%2C241&ssl=1&resize=525%2C300 1.5x, https:\/\/i0.wp.com\/historiografija.hr\/wp-content\/uploads\/2017\/10\/hsozkult.png?fit=1006%2C241&ssl=1&resize=700%2C400 2x"},"classes":[]},{"id":52516,"url":"https:\/\/historiografija.hr\/?p=52516","url_meta":{"origin":15576,"position":5},"title":"Marko Grde\u0161i\u0107, Mislav \u017ditko, \u201eSocialist Economics in Yugoslavia: A Critical History\u201c","author":"Branimir Jankovi\u0107","date":"17. travnja 2026.","format":false,"excerpt":"This book presents a critical history of Yugoslav socialist economics, from its inception in the late 1940s to its dissolution in the late 1980s. After the dramatic break with the Soviet Union in 1948, Yugoslavia found itself in urgent need of a third way: A socialist trajectory which would not\u2026","rel":"","context":"U &quot;Knjige&quot;","block_context":{"text":"Knjige","link":"https:\/\/historiografija.hr\/?cat=8"},"img":{"alt_text":"","src":"https:\/\/i0.wp.com\/historiografija.hr\/wp-content\/uploads\/2026\/04\/Zitko_Grdesic.jpg?fit=350%2C535&ssl=1&resize=350%2C200","width":350,"height":200},"classes":[]}],"_links":{"self":[{"href":"https:\/\/historiografija.hr\/index.php?rest_route=\/wp\/v2\/posts\/15576","targetHints":{"allow":["GET"]}}],"collection":[{"href":"https:\/\/historiografija.hr\/index.php?rest_route=\/wp\/v2\/posts"}],"about":[{"href":"https:\/\/historiografija.hr\/index.php?rest_route=\/wp\/v2\/types\/post"}],"author":[{"embeddable":true,"href":"https:\/\/historiografija.hr\/index.php?rest_route=\/wp\/v2\/users\/2"}],"replies":[{"embeddable":true,"href":"https:\/\/historiografija.hr\/index.php?rest_route=%2Fwp%2Fv2%2Fcomments&post=15576"}],"version-history":[{"count":1,"href":"https:\/\/historiografija.hr\/index.php?rest_route=\/wp\/v2\/posts\/15576\/revisions"}],"predecessor-version":[{"id":15578,"href":"https:\/\/historiografija.hr\/index.php?rest_route=\/wp\/v2\/posts\/15576\/revisions\/15578"}],"wp:featuredmedia":[{"embeddable":true,"href":"https:\/\/historiografija.hr\/index.php?rest_route=\/wp\/v2\/media\/15577"}],"wp:attachment":[{"href":"https:\/\/historiografija.hr\/index.php?rest_route=%2Fwp%2Fv2%2Fmedia&parent=15576"}],"wp:term":[{"taxonomy":"category","embeddable":true,"href":"https:\/\/historiografija.hr\/index.php?rest_route=%2Fwp%2Fv2%2Fcategories&post=15576"},{"taxonomy":"post_tag","embeddable":true,"href":"https:\/\/historiografija.hr\/index.php?rest_route=%2Fwp%2Fv2%2Ftags&post=15576"}],"curies":[{"name":"wp","href":"https:\/\/api.w.org\/{rel}","templated":true}]}}