{"id":15548,"date":"2019-07-04T14:51:00","date_gmt":"2019-07-04T14:51:00","guid":{"rendered":"http:\/\/historiografija.hr\/?p=15548"},"modified":"2019-07-06T19:05:45","modified_gmt":"2019-07-06T19:05:45","slug":"otvorenje-muzeja-domovinskog-rata-karlovac-turanj","status":"publish","type":"post","link":"https:\/\/historiografija.hr\/?p=15548","title":{"rendered":"Otvorenje Muzeja Domovinskog rata Karlovac \u2013 Turanj"},"content":{"rendered":"<p>Sve\u010dano otvorenje novog muzeja u sastavu Gradskog muzeja Karlovac bit \u0107e 5. srpnja, a zainteresirani gra\u0111ani novi \u0107e postav mo\u0107i besplatno razgledati 6. i 7. srpnja od 10 do 16 sati.<\/p>\n<p>&nbsp;<\/p>\n<p>U prostoru Muzeja mo\u0107i \u0107e se razgledati stalni postav s vi\u0161e od 350 predmeta, 3 sata multimedijskih sadr\u017eaja, animacija, filmova, glazbe i fotografija. Izlo\u017eba je velikim dijelom interaktivna i zbog toga \u0107e posebno biti zanimljiva mladim posjetiteljima. Unutar muzeja nalazi se i Spomen &#8211; soba posve\u0107ena poginulim braniteljima, vi\u0161enamjenska dvorana, biblioteka, suvenirnica i caffe.<\/p>\n<p>&nbsp;<\/p>\n<p>Muzej Domovinskog rata nalazi se u sklopu Kompleksa Kri\u017eani\u0107 Turnja, biv\u0161eg vojnog prostora koji je 2013. godine uvr\u0161ten na Listu za\u0161ti\u0107enih kulturnih dobara Republike Hrvatske.<\/p>\n<p>&nbsp;<\/p>\n<p>\u010citav kompleks zauzima povr\u0161inu od 13 000 m2 i na njemu se nalaze objekti koji predstavljaju vrijedan primjer austrijskog vojnog graditeljstva.<\/p>\n<p>&nbsp;<\/p>\n<p>Posebnost ovog lokaliteta le\u017ei u kontinuiranoj, vi\u0161estoljetnoj vojnoj namjeni: od 1582. godine, kada je na njemu napravljena drvena stra\u017earska kula koja je \u010duvala ju\u017ene prilaze karlova\u010dkoj tvr\u0111avi, pa sve do Domovinskog rata kompleks slu\u017ei potrebama vojski koje su tu obitavale.<\/p>\n<p>&nbsp;<\/p>\n<p>Rijetko je koja karlova\u010dka lokacija toliko povijesno i memorijski slojevita, a istovremeno jednostavno jasna i prihvatljiva kao Turanj. Tijekom Domovinskog rata, nalaze\u0107i se na samoj crti boji\u0161nice, Turanj je postao simbol obrane grada Karlovca. Na Turnju su hrvatski branitelji zaustavili sve poku\u0161aje zauzimanja grada, tu su vo\u0111eni brojni pregovori o uspostavljanju primirja, vr\u0161ile su se razmjene zarobljenika, prihva\u0107ali izbjegli i prognani.<\/p>\n<p>&nbsp;<\/p>\n<p>Prostor Kri\u017eani\u0107 Turnja Gradski muzej Karlovac preuzeo je 2007. godine s namjerom da upravo na tome mjestu u okviru suvremenih muzejskih mogu\u0107nosti prezentira Domovinski rat na karlova\u010dkom podru\u010dju.<\/p>\n<p>&nbsp;<\/p>\n<p>Temu Domovinskog rata u novom muzeju prezentirat \u0107emo kroz stalnu izlo\u017ebu Karlovac 1991. \u2013 1995. u zgradi Californiji te kroz vanjsku izlo\u017ebu vojne tehnike. Zgrada je sa\u010duvana i konzervirana, sa svim vidljivim o\u0161te\u0107enjima iz Domovinskog rata, u\u010dvr\u0161\u0107ena \u010deli\u010dnim nosa\u010dima i zatvorena u staklenu opnu \u010dime je i sama dobila ulogu muzejskog eksponata, svjedo\u010danstva bezumnog ratnog razaranja.<\/p>\n<p>&nbsp;<\/p>\n<p>U projektu je uspje\u0161no sura\u0111ivao ve\u0107i broj stru\u010dnjaka: arhitekti, gra\u0111evinari, kustosi, dizajneri. Projekt je izradio Projektni biro 2A iz Karlovca, autorica muzeolo\u0161ke koncepcije je na\u0161a kustosica Ru\u017eica Stjepanovi\u0107, a likovni postav izlo\u017ebe napravila je dizajnerica Nikolina Jelavi\u0107 Mitrovi\u0107.<\/p>\n<p>&nbsp;<\/p>\n<p>Izlo\u017eba, uz ba\u0161tinsku i edukativnu komponentu, kao jedan od prioriteta ima uklju\u010divanje destinacije u ponudu kulturnog turizma grada Karlovca, budu\u0107i da je smje\u0161tena na atraktivnoj lokaciji koja privla\u010di veliki broj turista.<\/p>\n<p>&nbsp;<\/p>\n<p>Muzejski sadr\u017eaji usmjereni su na edukaciju razli\u010ditih dobnih i motivacijskih skupina posjetitelja. Poseban je naglasak na djeci \u0161kolskog uzrasta i studentima kojima \u017eelimo pru\u017eiti mogu\u0107nost u\u010denja i istra\u017eivanja povijesti nastanka suvremene hrvatske dr\u017eave. Zatim, hrvatskim braniteljima, organiziranim skupinama doma\u0107ih turista, individualnim posjetiteljima kao i inozemnim turistima koji nisu dovoljno informirani o suvremenoj hrvatskoj povijesti, nastanku Republike Hrvatske i Domovinskom ratu.<\/p>\n<p>&nbsp;<\/p>\n<p>Osnovna ideja izlo\u017ebe \u2012 prikaz \u017eivota grada Karlovca i njegovih stanovnika u Domovinskom ratu \u2012 bit \u0107e prikazana kroz \u0161est tematskih cjelina: Kako je po\u010deo rat?, Virovitica \u2012 Karlovac \u2012 Karlobag, Postali su branitelji, \u017divotom protiv rata, Pobjeda i Borbena sredstva na otvorenom. Autorica koncepcije izlo\u017ebu je oblikovala tako da tematske cjeline budu prezentirane ambijentalno, uz kori\u0161tenje suvremene multimedijske tehnologije, kako bi izlo\u017eba postala prostor osjetilnog iskustva i interakcije, te kod posjetitelja izazivala osje\u0107aje i potrebu za promi\u0161ljanjem. Svi predmeti prezentirani na izlo\u017ebi dio su zbirki na\u0161eg muzeja, najve\u0107im dijelom prikupljeni donacijom 26 donatora.<\/p>\n<p>&nbsp;<\/p>\n<p>Pored izlo\u017ebe unutar zgrade Californije, postav stalne izlo\u017ebe Karlovac 1991. \u2012 1995. sastoji se i od vanjskog postava koji prezentira borbenu tehniku s ukupno 23 predmeta.<\/p>\n<p>&nbsp;<\/p>\n<p>Posebno isti\u010demo 3 predmeta\/vozila koja su nastala 1991. godine u trenutku kada na\u0161i branitelji nisu imali vojna vozila te su improvizirali oklopna vozila za potrebe ZNG-a. Tako imamo na Turnju in\u017eenjerijsko aniteroristi\u010dko oklopno vozilo \u201eStra\u0161ko\u201c, izgra\u0111eno u rije\u010dkom Torpedu, a osnova mu je podvozje rovokopa\u010da. \u201eSokol\u201c je improvizirani oklopni transporter kojem je osnova Zastava 640 oklopljena s dva sloja \u010deli\u010dnog lima, a oklopni bojni kamion Sv. Juraj, \u010dija je osnova kamion marke Tatra, kori\u0161ten je za prijevoz branitelja, ranjenika i dostavu u opkoljeno Topusko. Pa\u017enju posjetitelja svakako privla\u010di i izlo\u017eeni borbeni zrakoplov MiG 21, kao i ostatci zrakoplova MiG 21 bis koji su oborili branitelji Saborskog.<\/p>\n<p>&nbsp;<\/p>\n<p>Izlo\u017eena sredstva vojne tehnike najve\u0107im su dijelom restaurirana sredstvima Ministarstva kulture i Grada Karlovca te donacijama u radu HV-a.<\/p>\n<p>&nbsp;<\/p>\n<p><strong>Muzealizacija Domovinskog rata \u2013 Vojni kompleks Turanj<\/strong><\/p>\n<p>&nbsp;<\/p>\n<p>Ovog petka, 5. srpnja, odr\u017eat \u0107e se sve\u010dano otvorenje dugo najavljivanog <a href=\"http:\/\/www.gmk.hr\/Aktivnost\/Posebna%20doga%C4%91anja\/2357\">Muzeja Domovinskog rata Karlovac \u2013 Turanj<\/a>, jedne od ustrojbenih jedinica u sklopu Gradskog muzeja Karlovac. Naime, otkako je 2007. godine Grad Karlovac ustupio Vojni kompleks Turanj Gradskom muzeju, zapo\u010dela su kapitalna ulaganja u obnovu i ure\u0111enje lokaliteta i razorenih objekata radi smje\u0161taja zbirke naoru\u017eanja iz Domovinskog rata. Ina\u010de, vojni kompleks je od 2013. godine za\u0161ti\u0107eno kulturno dobro s obzirom na to da njegova povijest se\u017ee u 16. stolje\u0107e.<\/p>\n<p>Projekt muzejske zgrade dizajnirale su arhitektice iz Projektnog biroa 2A (Karlovac) Tatjana Basar i Vlasta Lendler-Adamec. Tako je zgrada California prenamijenjena iz ru\u0161evnog vojnog u moderni muzejski objekt na na\u010din da je konstrukcija stati\u010dki oja\u010dana, ali su istovremeno tragovi rata ostali vidljivi ispod staklene opne.<\/p>\n<p>Autorica muzeolo\u0161ke koncepcije je kustosica Ru\u017eica Stjepanovi\u0107 (Gradski muzej Karlovac), dok je autorica likovnog postava dizajnerica Nikolina Jelavi\u0107 Mitrovi\u0107. Pored postava na otvorenom, stalna izlo\u017eba Karlovac 1991. \u2013 1995. uklju\u010duje postav unutar atraktivno obnovljene zgrade California. Poginulim braniteljima posve\u0107ena je spomen-soba. Interaktivnost kao i obilje multimedijalnih sadr\u017eaja u trajanju od \u010dak tri sata u slu\u017ebi su evociranja osje\u0107aja i odr\u017eavanja memorije. Zgrada je opremljena i ostalim potrebnim prostorima (kafi\u0107, suvenirnica, vi\u0161enamjenska dvorana&#8230;).<\/p>\n<p>Ovime je nastavljen niz osnutaka i\/ili otvaranja specijaliziranih muzeja koji su svojom misijom usmjereni na sakupljanje, \u010duvanje i prezentaciju gra\u0111e povezane s Domovinskim ratom, u\u017ee vezane uz pojedina geografska podru\u010dja. Godine 2017. dotada\u0161nji Muzej suvremene povijesti Dubrova\u010dkih muzeja slijedom osniva\u010dke odluke iz 2016. godine izdvojio se iz krovne ustanove i postao samostalna ustanova \u2013 <a href=\"https:\/\/mdrd.hr\/\">Muzej Domovinskog rata Dubrovnik<\/a>, smje\u0161ten u tvr\u0111avi Imperijal na Sr\u0111u. <a href=\"https:\/\/www.facebook.com\/muzejdomovinskogratausplitu\/\">Muzej Domovinskog rata u Splitu<\/a>, osnovan 2017. godine, registriran je u Upisniku javnih i privatnih muzeja u Republici Hrvatskoj, ali kako jo\u0161 nema stalnog ni privremenog postava te djeluje u privremenim prostorijama na adresi Polji\u010dka cesta 39 (nije otvoren za javnost), muzej organizira povremene izlo\u017ebe po raznim lokacijama.<\/p>\n<p>Tematika vojnih muzeja \u010dini se veoma atraktivnom za posjetitelje, \u010diji potencijal mo\u017ee ispuniti dobro osmi\u0161ljen i realiziran postav. Avioni te topni\u010dka i oklopna vozila postavljena na otvorenom u Turnju ve\u0107 godinama privla\u010de posjetitelje (turiste), djelomi\u010dno zahvaljuju\u0107i smje\u0161taju neposredno uz dr\u017eavnu cestu D1, prometni pravac koji spaja sjever i jug Hrvatske. Muzej Domovinskog rata Dubrovnik tako\u0111er bilje\u017ei dobru posje\u0107enost koja se u 2017. te u 2018. godini kre\u0107e oko 80 tisu\u0107a posjeta. U oba slu\u010daja radi se o in situ postavima na klju\u010dnim to\u010dkama obrane Dubrovnika odnosno Karlovca, gdje neprekinutom ostaje spona izme\u0111u povijesnog doga\u0111aja i muzejskog predmeta. Kako \u0107e se realizirati projekt Muzeja Domovinskog rata u Splitu koji ne dijeli to specifi\u010dno obilje\u017eje, ostaje jo\u0161 za vidjeti.<\/p>\n<p>Kad ve\u0107 govorimo o vojnim muzejima, na nacionalnoj razini ne zaboravimo ni najavljivani <a href=\"https:\/\/hrvatski-vojnik.hr\/hrvatski-vojni-muzej-dom-vojne-povijesti\/\">Hrvatski vojni muzej<\/a> (u Upisniku jo\u0161 uvijek evidentiran kao Vojni muzej MORH-a), koji trenuta\u010dno \u201epostoji\u201c samo kao odjel unutar Ministarstva obrane RH. S druge strane, lokalnu vojnu povijest tematizira <a href=\"https:\/\/www.facebook.com\/mvrp.pakrac\/\">Muzej vojne i ratne povijesti Pakrac<\/a> koji je upisan u MDC-ov Registar muzeja, galerija i zbirki u RH.<\/p>\n<p>Sredstva za projekt obnove vojnog kompleksa i realizacije stalnog postava Muzeja Domovinskog rata Karlovac \u2013 Turanj osigurana su iz prora\u010duna Grada Karlovca, Ministarstva kulture, Ministarstva branitelja, Ministarstva turizma i Karlova\u010dke \u017eupanije. Otvaranje novog Muzeja zasigurno \u0107e pridonijeti slavlju kojim Grad Karlovac ovih dana obilje\u017eava okruglih 440 godina. (Ivona Mari\u0107)<\/p>\n<p>&nbsp;<\/p>\n<p>Izvori:<\/p>\n<p>&nbsp;<\/p>\n<p><a href=\"http:\/\/www.gmk.hr\/\">http:\/\/www.gmk.hr\/<\/a><\/p>\n<p>&nbsp;<\/p>\n<p><a href=\"http:\/\/www.mdc.hr\/\">http:\/\/www.mdc.hr\/<\/a><\/p>\n<p>&nbsp;<\/p>\n<p>&#8212;<\/p>\n<p>&nbsp;<\/p>\n<p>Iz medija:<\/p>\n<p>&nbsp;<\/p>\n<p><strong>Otvoren muzej Domovinskog rata<\/strong><\/p>\n<p><a href=\"https:\/\/www.jutarnji.hr\/vijesti\/hrvatska\/foto-na-turnju-otvoren-muzej-domovinskog-rata-atmosfera-posebno-ganula-predsjednicu-republike-nestvarna-je-ova-vecer-a-ipak-toliko-stvarna\/9084887\/\">https:\/\/www.jutarnji.hr\/vijesti\/hrvatska\/foto-na-turnju-otvoren-muzej-domovinskog-rata-atmosfera-posebno-ganula-predsjednicu-republike-nestvarna-je-ova-vecer-a-ipak-toliko-stvarna\/9084887\/<\/a><\/p>\n<p>&nbsp;<\/p>\n<p>&nbsp;<\/p>\n","protected":false},"excerpt":{"rendered":"","protected":false},"author":2,"featured_media":15549,"comment_status":"open","ping_status":"open","sticky":false,"template":"","format":"standard","meta":{"_acf_changed":false,"jetpack_post_was_ever_published":false,"_jetpack_newsletter_access":"","_jetpack_dont_email_post_to_subs":false,"_jetpack_newsletter_tier_id":0,"_jetpack_memberships_contains_paywalled_content":false,"_jetpack_memberships_contains_paid_content":false,"footnotes":"","jetpack_publicize_message":"","jetpack_publicize_feature_enabled":true,"jetpack_social_post_already_shared":true,"jetpack_social_options":{"image_generator_settings":{"template":"highway","default_image_id":0,"font":"","enabled":false},"version":2}},"categories":[10,3],"tags":[],"class_list":["post-15548","post","type-post","status-publish","format-standard","has-post-thumbnail","hentry","category-izlozbe","category-novosti"],"acf":{"facebook_opis":""},"jetpack_publicize_connections":[],"jetpack_featured_media_url":"https:\/\/i0.wp.com\/historiografija.hr\/wp-content\/uploads\/2019\/07\/Turanj-1.jpg?fit=540%2C360&ssl=1","jetpack_sharing_enabled":true,"jetpack-related-posts":[{"id":52760,"url":"https:\/\/historiografija.hr\/?p=52760","url_meta":{"origin":15548,"position":0},"title":"Izlo\u017eba \u201cLo\u0161injski brodovi, njihove zastave i ljudi\u201d, 4. svibnja u 19h","author":"Filip \u0160imunjak","date":"30. travnja 2026.","format":false,"excerpt":"Hrvatski pomorski muzej Split, Glagolja\u0161a 18 (Tvr\u0111ava Gripe) Nakon \u0161to je u rujnu 2025. godine na otoku Lo\u0161inju, u suradnji Lo\u0161injskog muzeja i Hrvatskog pomorskog muzeja Split, predstavljena izlo\u017eba posve\u0107ena bogatoj pomorskoj ba\u0161tini otoka, njezino pro\u0161ireno izdanje postavlja se u Splitu. Uo\u010di blagdana svetog Dujma splitskoj \u0107e se publici predstaviti\u2026","rel":"","context":"U &quot;Izlo\u017ebe&quot;","block_context":{"text":"Izlo\u017ebe","link":"https:\/\/historiografija.hr\/?cat=10"},"img":{"alt_text":"","src":"https:\/\/i0.wp.com\/historiografija.hr\/wp-content\/uploads\/2026\/04\/Losinjski-brodovi-Izlozba-1-scaled.webp?fit=840%2C1200&ssl=1&resize=350%2C200","width":350,"height":200,"srcset":"https:\/\/i0.wp.com\/historiografija.hr\/wp-content\/uploads\/2026\/04\/Losinjski-brodovi-Izlozba-1-scaled.webp?fit=840%2C1200&ssl=1&resize=350%2C200 1x, https:\/\/i0.wp.com\/historiografija.hr\/wp-content\/uploads\/2026\/04\/Losinjski-brodovi-Izlozba-1-scaled.webp?fit=840%2C1200&ssl=1&resize=525%2C300 1.5x, https:\/\/i0.wp.com\/historiografija.hr\/wp-content\/uploads\/2026\/04\/Losinjski-brodovi-Izlozba-1-scaled.webp?fit=840%2C1200&ssl=1&resize=700%2C400 2x"},"classes":[]},{"id":52633,"url":"https:\/\/historiografija.hr\/?p=52633","url_meta":{"origin":15548,"position":1},"title":"POVIJEST TRE\u0160NJEVA\u010cKE GLAZBE: prikupljanje virtualnog fundusa Muzeja susjedstva Tre\u0161njevka","author":"Branimir Jankovi\u0107","date":"23. travnja 2026.","format":false,"excerpt":"utorak 28. 4. 2026. 14 - 18 h Nova BAZA, Nova cesta 66, Zagreb Prvi su dani ljeta 1957. godine. Bo\u017eica Kalafati\u0107 poha\u0111a drugi razred Osnovne \u0161kole Bratstvo i jedinstvo, danas kralja Tomislava, a ide i na muzi\u010dke satove u Mo\u0161\u0107eni\u010dkoj ulici. Na fotografiji s harmonikom u rukama stoji u\u2026","rel":"","context":"U &quot;Novosti&quot;","block_context":{"text":"Novosti","link":"https:\/\/historiografija.hr\/?cat=3"},"img":{"alt_text":"","src":"https:\/\/i0.wp.com\/historiografija.hr\/wp-content\/uploads\/2026\/04\/MST_prikupljanje.jpg?fit=380%2C475&ssl=1&resize=350%2C200","width":350,"height":200},"classes":[]},{"id":52578,"url":"https:\/\/historiografija.hr\/?p=52578","url_meta":{"origin":15548,"position":2},"title":"Poziv za sudjelovanje: XXII. Dani Julija Bene\u0161i\u0107a u Iloku","author":"Branimir Jankovi\u0107","date":"21. travnja 2026.","format":false,"excerpt":"Zavod za lingvisti\u010dka istra\u017eivanja Hrvatske akademije znanosti i umjetnosti, zajedno s Muzejom grada Iloka, organizira XXII. Dane Julija Bene\u0161i\u0107a, koji \u0107e se odr\u017eati od 28. do 30. listopada 2026. u Iloku.\u00a0Teme ovogodi\u0161njih Dana podijeljene su u dvije cjeline: Knji\u017eevno-jezikoslovni d\u00ecv\u0101n s Bene\u0161i\u0107em te Ilok i Srijem u povijesnim stalnicama i\u2026","rel":"","context":"U &quot;Novosti&quot;","block_context":{"text":"Novosti","link":"https:\/\/historiografija.hr\/?cat=3"},"img":{"alt_text":"","src":"https:\/\/i0.wp.com\/historiografija.hr\/wp-content\/uploads\/2019\/10\/HE2_Benesic.jpg?fit=413%2C591&ssl=1&resize=350%2C200","width":350,"height":200},"classes":[]},{"id":52511,"url":"https:\/\/historiografija.hr\/?p=52511","url_meta":{"origin":15548,"position":3},"title":"Izlo\u017eba &#8220;Lica Sljemena&#8221;","author":"Branimir Jankovi\u0107","date":"17. travnja 2026.","format":false,"excerpt":"Srda\u010dno vas pozivamo na otvorenje izlo\u017ebe Lica Sljemena koje \u0107e se odr\u017eati u srijedu 22. travnja 2026. u 18 h ispred Muzeja Prigorja (Trg Dragutina Domjani\u0107a 5, Sesvete). Izlo\u017eba proizlazi iz istra\u017eivanja Nevene \u0160krbi\u0107 Alempijevi\u0107, Petre Kelemen i Sanje Potkonjak te intervjua sa Sljemena\u0161icama i Sljemena\u0161ima, koji su provedeni u\u2026","rel":"","context":"U &quot;Izlo\u017ebe&quot;","block_context":{"text":"Izlo\u017ebe","link":"https:\/\/historiografija.hr\/?cat=10"},"img":{"alt_text":"","src":"https:\/\/i0.wp.com\/historiografija.hr\/wp-content\/uploads\/2026\/04\/Izlozba-Lica-Sljemena.png?fit=1080%2C686&ssl=1&resize=350%2C200","width":350,"height":200,"srcset":"https:\/\/i0.wp.com\/historiografija.hr\/wp-content\/uploads\/2026\/04\/Izlozba-Lica-Sljemena.png?fit=1080%2C686&ssl=1&resize=350%2C200 1x, https:\/\/i0.wp.com\/historiografija.hr\/wp-content\/uploads\/2026\/04\/Izlozba-Lica-Sljemena.png?fit=1080%2C686&ssl=1&resize=525%2C300 1.5x, https:\/\/i0.wp.com\/historiografija.hr\/wp-content\/uploads\/2026\/04\/Izlozba-Lica-Sljemena.png?fit=1080%2C686&ssl=1&resize=700%2C400 2x, https:\/\/i0.wp.com\/historiografija.hr\/wp-content\/uploads\/2026\/04\/Izlozba-Lica-Sljemena.png?fit=1080%2C686&ssl=1&resize=1050%2C600 3x"},"classes":[]},{"id":52666,"url":"https:\/\/historiografija.hr\/?p=52666","url_meta":{"origin":15548,"position":4},"title":"Najava programa Festivala povijesti Kliofest (5-8. V. 2026)","author":"Branimir Jankovi\u0107","date":"24. travnja 2026.","format":false,"excerpt":"Po trinaesti put odr\u017eava se Festival povijesti Kliofest! Do petka \u0107emo odr\u017eati osam okruglih stolova i dva kolokvija te niz predstavljanja knjiga i projekata razli\u010dite tematike, od antike do suvremenosti. Bit \u0107e predstavljeno i nekoliko izlo\u017ebi te odr\u017ean jedan povijesni kviz. Prikazat \u0107emo i jedan film \u2013 o generalu Boroevi\u0107u.\u2026","rel":"","context":"U &quot;Novosti&quot;","block_context":{"text":"Novosti","link":"https:\/\/historiografija.hr\/?cat=3"},"img":{"alt_text":"","src":"https:\/\/i0.wp.com\/historiografija.hr\/wp-content\/uploads\/2026\/04\/Kliofest-2026.jpg?fit=526%2C526&ssl=1&resize=350%2C200","width":350,"height":200,"srcset":"https:\/\/i0.wp.com\/historiografija.hr\/wp-content\/uploads\/2026\/04\/Kliofest-2026.jpg?fit=526%2C526&ssl=1&resize=350%2C200 1x, https:\/\/i0.wp.com\/historiografija.hr\/wp-content\/uploads\/2026\/04\/Kliofest-2026.jpg?fit=526%2C526&ssl=1&resize=525%2C300 1.5x"},"classes":[]},{"id":52704,"url":"https:\/\/historiografija.hr\/?p=52704","url_meta":{"origin":15548,"position":5},"title":"Predstavljanje knjige &#8220;Vladimir Vasiljevi\u0107: Moji do\u017eivljaji. Dnevni\u010dki zapisi iz Prvoga svjetskog rata i poratnoga vremena&#8221;","author":"Filip \u0160imunjak","date":"29. travnja 2026.","format":false,"excerpt":"Doga\u0111anja ovogodi\u0161njega Festivala povijesti Kliofest zapo\u010dinjemo ve\u0107 i prije samoga slu\u017ebenog otvaranja, predstavljanjem knjige \u201eMoji do\u017eivljaji. Dnevni\u010dki zapisi iz Prvoga svjetskog rata i poratnoga vremena\u201d Vladimira Vasiljevi\u0107a, koju su priredili Karlo Rukavina i Damir Agi\u010di\u0107. Pozivamo Vas na predstavljanje koje \u0107e se odr\u017eati u ponedjeljak 4. svibnja, s po\u010detkom u\u2026","rel":"","context":"U &quot;Knjige&quot;","block_context":{"text":"Knjige","link":"https:\/\/historiografija.hr\/?cat=8"},"img":{"alt_text":"","src":"https:\/\/i0.wp.com\/historiografija.hr\/wp-content\/uploads\/2026\/04\/Naslovna-V.-Vasiljevic.webp?fit=1200%2C600&ssl=1&resize=350%2C200","width":350,"height":200,"srcset":"https:\/\/i0.wp.com\/historiografija.hr\/wp-content\/uploads\/2026\/04\/Naslovna-V.-Vasiljevic.webp?fit=1200%2C600&ssl=1&resize=350%2C200 1x, https:\/\/i0.wp.com\/historiografija.hr\/wp-content\/uploads\/2026\/04\/Naslovna-V.-Vasiljevic.webp?fit=1200%2C600&ssl=1&resize=525%2C300 1.5x, https:\/\/i0.wp.com\/historiografija.hr\/wp-content\/uploads\/2026\/04\/Naslovna-V.-Vasiljevic.webp?fit=1200%2C600&ssl=1&resize=700%2C400 2x, https:\/\/i0.wp.com\/historiografija.hr\/wp-content\/uploads\/2026\/04\/Naslovna-V.-Vasiljevic.webp?fit=1200%2C600&ssl=1&resize=1050%2C600 3x"},"classes":[]}],"_links":{"self":[{"href":"https:\/\/historiografija.hr\/index.php?rest_route=\/wp\/v2\/posts\/15548","targetHints":{"allow":["GET"]}}],"collection":[{"href":"https:\/\/historiografija.hr\/index.php?rest_route=\/wp\/v2\/posts"}],"about":[{"href":"https:\/\/historiografija.hr\/index.php?rest_route=\/wp\/v2\/types\/post"}],"author":[{"embeddable":true,"href":"https:\/\/historiografija.hr\/index.php?rest_route=\/wp\/v2\/users\/2"}],"replies":[{"embeddable":true,"href":"https:\/\/historiografija.hr\/index.php?rest_route=%2Fwp%2Fv2%2Fcomments&post=15548"}],"version-history":[{"count":3,"href":"https:\/\/historiografija.hr\/index.php?rest_route=\/wp\/v2\/posts\/15548\/revisions"}],"predecessor-version":[{"id":15588,"href":"https:\/\/historiografija.hr\/index.php?rest_route=\/wp\/v2\/posts\/15548\/revisions\/15588"}],"wp:featuredmedia":[{"embeddable":true,"href":"https:\/\/historiografija.hr\/index.php?rest_route=\/wp\/v2\/media\/15549"}],"wp:attachment":[{"href":"https:\/\/historiografija.hr\/index.php?rest_route=%2Fwp%2Fv2%2Fmedia&parent=15548"}],"wp:term":[{"taxonomy":"category","embeddable":true,"href":"https:\/\/historiografija.hr\/index.php?rest_route=%2Fwp%2Fv2%2Fcategories&post=15548"},{"taxonomy":"post_tag","embeddable":true,"href":"https:\/\/historiografija.hr\/index.php?rest_route=%2Fwp%2Fv2%2Ftags&post=15548"}],"curies":[{"name":"wp","href":"https:\/\/api.w.org\/{rel}","templated":true}]}}