{"id":15541,"date":"2019-07-04T14:17:01","date_gmt":"2019-07-04T14:17:01","guid":{"rendered":"http:\/\/historiografija.hr\/?p=15541"},"modified":"2019-08-29T12:17:15","modified_gmt":"2019-08-29T12:17:15","slug":"izlozba-omladinske-radne-akcije-dizajn-ideologije-2","status":"publish","type":"post","link":"https:\/\/historiografija.hr\/?p=15541","title":{"rendered":"Izlo\u017eba \u201cOmladinske radne akcije \u2013 dizajn ideologije\u201d u Osijeku"},"content":{"rendered":"<p>U sklopu Muzejskog \u010detvrtka, 4. srpnja s po\u010detkom u 19 sati u Muzeju Slavonije u Osijeku (Trg Sv. Trojstva 6) otvara se izlo\u017eba pod nazivom \u201cOmladinske radne akcije \u2013 dizajn ideologije\u201d.<\/p>\n<p>&nbsp;<\/p>\n<p>Izlo\u017ebu organizira umjetni\u010dka organizacija Kultura umjetnosti iz Zagreba u suradnji s Muzejom Slavonije Osijek iz Osijeka.<\/p>\n<p>&nbsp;<\/p>\n<p>Omladinske radne akcije (ORA) bile su dio kulture svakodnevnice u doba socijalizma. Povijest omladinskih radnih akcija dijeli se u nekoliko faza. Po\u010detak se bilje\u017ei za trajanja Drugog svjetskog rata, nakon \u010dega slijede velike poslijeratne radne akcije: 1946\u20131951. U godinama do 1968. godine smjenjuje se ritam odr\u017eavanja lokalnih i velikih radnih akcija, sukladno preispitivanju njihovog cilja i mjesta u dru\u0161tvu. Neke od najpoznatijih omladinskih radnih akcija su izgradnja pruga Br\u010dko-Banovi\u0107i, \u0160amac-Sarajevo te autoputa Bratstvo i jedinstvo.<\/p>\n<p>&nbsp;<\/p>\n<p>Izlo\u017eba daje uvid u na\u010din predstavljanja i promid\u017ebe radnih akcija posredstvom vizualnih medija.<\/p>\n<p>&nbsp;<\/p>\n<p>Od po\u010detne agitacije zasnovane na tiskanim i \u0161apirografiranim materijalima, dugovje\u010dnost radnih akcija rezultirala je bogatom i \u0161arolikom produkcijom oblikovanja grafi\u010dkih mapa, plakata, letaka, brigadnih novina, razglednica, knji\u017eica, iskaznica, priznanja, diploma, prigodnih po\u0161tanskih marki, stru\u010dnih publikacija\u2026<\/p>\n<p>&nbsp;<\/p>\n<p>Za omladinske radne akcije skladana su djela ozbiljne i popularne glazbe, dizajnirane omotnice singl i LP izdanja. Snimani su filmovi: edukacijski, dokumentarni, igrani za koje su oblikovani plakati. Za akcije koje su trajale vi\u0161e godina zaredom gradila su se i opremala cijela naselja, proizvodila se odje\u0107a i obu\u0107a. Pored grafi\u010dkih dizajnera i likovni umjetnici bili su anga\u017eirani i stvarali na terenu \u2013 u brigadama.<\/p>\n<p>&nbsp;<\/p>\n<p>Na izlo\u017ebi se prikazuje izbor materijala posu\u0111en iz brojnih institucija i od privatnih kolekcionara: plakati, knjige, novine, monografska izdanja, fotografije, grafi\u010dke mape, odje\u0107a, zna\u010dke i medalje, iskaznice, mape vizualnih identiteta. Bit \u0107e izlo\u017eeni radovi mnogih poznatih autora: od grafi\u010dkih rje\u0161enja Marijana Detonija, Zvonimira Agbabe, Ivana Picelja, Mladena Gali\u0107a, Branka Gavri\u0107a, Likovnog studia, preko fotografija Milana Pavi\u0107a i Borisa Cvjetanovi\u0107a do djela Pive Karamatijevi\u0107a i Franje Mraza, filmskih i glazbenih uradaka.<\/p>\n<p>&nbsp;<\/p>\n<p>Rije\u010dima Bojana Kri\u0161tofi\u0107a, jednog od autora tekstova kataloga izlo\u017ebe: \u201cDizajn za omladinske radne akcije osvje\u017eava prou\u010davanje jugoslavenskog dru\u0161tvenog polja jer danas djeluje naivno, zaigrano i osloba\u0111aju\u0107e na na\u010din druga\u010diji od hipijevske i punkerske pobune omladinskih listova ili neoavangardne zafrkancije pripadnika Nove umjetni\u010dke prakse (koji su se istodobno bavili dizajnom). \u2026. U tom kontekstu, dizajn za omladinske radne akcije volim promatrati kao dizajnerski pandan doma\u0107oj naivnoj umjetnosti \u2015 iznimno potentni simboli s vremenom su prerasli u ki\u010daste prikaze svakodnevnice, dodu\u0161e ne ruralne nego rubno urbane, k tome premazani patinom odrastanja u davno pro\u0161lim vremenima kad je bilo mogu\u0107e di\u010diti se Radom Kon\u010darom na prednjoj strani majice, a Che Guevarom na stra\u017enjoj, a pritom ne sablazniti ni roditelje ni profesore, a kamoli lokalnog popa. Me\u0111utim, kao i u slu\u010daju proturje\u010dne \u201chrvatske naive\u201d, ispod povr\u0161nih slojeva mitologije i podsmje\u0161ljive nesposobnosti propagande da nadi\u0111e samu sebe, kriju se ozbiljne, pa makar i slu\u010dajne opservacije socijalne zbilje, dok je krajnji cilj dizajna za omladinske radne akcije u osnovi bio itekako plemenit \u2015 ujediniti mlade oko radnih zadataka od kojih \u0107e imati korist cijela zajednica te omogu\u0107iti im da se poistovjete jedni s drugima u procesu rada koji nije smio biti otu\u0111en. Rije\u010d je o porukama kojih se dan-danas ne bi bilo zgorega prisjetiti.\u201d<\/p>\n<p>&nbsp;<\/p>\n<p>Ulaz je za sve posjetitelje slobodan. Veselimo se va\u0161em dolasku i ugodnom dru\u017eenju.<\/p>\n<p>&nbsp;<\/p>\n<p>Izvor: <a href=\"https:\/\/mso.hr\/?p=9110&amp;lang=hr\">https:\/\/mso.hr\/?p=9110&amp;lang=hr<\/a><\/p>\n<p>&nbsp;<\/p>\n<p>&#8212;<\/p>\n<p>&nbsp;<\/p>\n<p>Miljenko Jergovi\u0107<\/p>\n<p><a href=\"https:\/\/www.jutarnji.hr\/vijesti\/hrvatska\/mi-gradimo-prugu-pruga-gradi-nas-istina-i-mit-o-radnim-akcijama\/9255125\/\">https:\/\/www.jutarnji.hr\/vijesti\/hrvatska\/mi-gradimo-prugu-pruga-gradi-nas-istina-i-mit-o-radnim-akcijama\/9255125\/<\/a><\/p>\n<p>&nbsp;<\/p>\n<p>&nbsp;<\/p>\n","protected":false},"excerpt":{"rendered":"","protected":false},"author":2,"featured_media":15542,"comment_status":"open","ping_status":"open","sticky":false,"template":"","format":"standard","meta":{"_acf_changed":false,"jetpack_post_was_ever_published":false,"_jetpack_newsletter_access":"","_jetpack_dont_email_post_to_subs":false,"_jetpack_newsletter_tier_id":0,"_jetpack_memberships_contains_paywalled_content":false,"_jetpack_memberships_contains_paid_content":false,"footnotes":"","jetpack_publicize_message":"","jetpack_publicize_feature_enabled":true,"jetpack_social_post_already_shared":true,"jetpack_social_options":{"image_generator_settings":{"template":"highway","default_image_id":0,"font":"","enabled":false},"version":2}},"categories":[10,3],"tags":[],"class_list":["post-15541","post","type-post","status-publish","format-standard","has-post-thumbnail","hentry","category-izlozbe","category-novosti"],"acf":{"facebook_opis":""},"jetpack_publicize_connections":[],"jetpack_featured_media_url":"https:\/\/i0.wp.com\/historiografija.hr\/wp-content\/uploads\/2019\/07\/dizajn-ideologije.jpg?fit=717%2C1024&ssl=1","jetpack_sharing_enabled":true,"jetpack-related-posts":[{"id":52511,"url":"https:\/\/historiografija.hr\/?p=52511","url_meta":{"origin":15541,"position":0},"title":"Izlo\u017eba &#8220;Lica Sljemena&#8221;","author":"Branimir Jankovi\u0107","date":"17. travnja 2026.","format":false,"excerpt":"Srda\u010dno vas pozivamo na otvorenje izlo\u017ebe Lica Sljemena koje \u0107e se odr\u017eati u srijedu 22. travnja 2026. u 18 h ispred Muzeja Prigorja (Trg Dragutina Domjani\u0107a 5, Sesvete). Izlo\u017eba proizlazi iz istra\u017eivanja Nevene \u0160krbi\u0107 Alempijevi\u0107, Petre Kelemen i Sanje Potkonjak te intervjua sa Sljemena\u0161icama i Sljemena\u0161ima, koji su provedeni u\u2026","rel":"","context":"U &quot;Izlo\u017ebe&quot;","block_context":{"text":"Izlo\u017ebe","link":"https:\/\/historiografija.hr\/?cat=10"},"img":{"alt_text":"","src":"https:\/\/i0.wp.com\/historiografija.hr\/wp-content\/uploads\/2026\/04\/Izlozba-Lica-Sljemena.png?fit=1080%2C686&ssl=1&resize=350%2C200","width":350,"height":200,"srcset":"https:\/\/i0.wp.com\/historiografija.hr\/wp-content\/uploads\/2026\/04\/Izlozba-Lica-Sljemena.png?fit=1080%2C686&ssl=1&resize=350%2C200 1x, https:\/\/i0.wp.com\/historiografija.hr\/wp-content\/uploads\/2026\/04\/Izlozba-Lica-Sljemena.png?fit=1080%2C686&ssl=1&resize=525%2C300 1.5x, https:\/\/i0.wp.com\/historiografija.hr\/wp-content\/uploads\/2026\/04\/Izlozba-Lica-Sljemena.png?fit=1080%2C686&ssl=1&resize=700%2C400 2x, https:\/\/i0.wp.com\/historiografija.hr\/wp-content\/uploads\/2026\/04\/Izlozba-Lica-Sljemena.png?fit=1080%2C686&ssl=1&resize=1050%2C600 3x"},"classes":[]},{"id":52575,"url":"https:\/\/historiografija.hr\/?p=52575","url_meta":{"origin":15541,"position":1},"title":"Izlo\u017eba dje\u010djih radova \u201cU po\u010detku bija\u0161e crte\u017e\u2026\u201d","author":"Branimir Jankovi\u0107","date":"21. travnja 2026.","format":false,"excerpt":"U subotu, 25. travnja 2026. u 11 sati u Galeriji Klovi\u0107evi dvori sve\u010dano otvaramo izlo\u017ebu dje\u010djih radova pod nazivom U po\u010detku bija\u0161e crte\u017e\u2026 Radovi su nastali u sklopu likovnih radionica uz izlo\u017ebu U po\u010detku bija\u0161e kraljevstvo \u2013 izlo\u017eba povodom 1100 godina Hrvatskoga Kraljevstva. Na brojnim likovnim radionicama, uz \u0161kolsku djecu,\u2026","rel":"","context":"U &quot;Izlo\u017ebe&quot;","block_context":{"text":"Izlo\u017ebe","link":"https:\/\/historiografija.hr\/?cat=10"},"img":{"alt_text":"","src":"https:\/\/i0.wp.com\/historiografija.hr\/wp-content\/uploads\/2025\/10\/Klovicevi_sluzbeni-plakat.png?fit=840%2C1200&ssl=1&resize=350%2C200","width":350,"height":200,"srcset":"https:\/\/i0.wp.com\/historiografija.hr\/wp-content\/uploads\/2025\/10\/Klovicevi_sluzbeni-plakat.png?fit=840%2C1200&ssl=1&resize=350%2C200 1x, https:\/\/i0.wp.com\/historiografija.hr\/wp-content\/uploads\/2025\/10\/Klovicevi_sluzbeni-plakat.png?fit=840%2C1200&ssl=1&resize=525%2C300 1.5x, https:\/\/i0.wp.com\/historiografija.hr\/wp-content\/uploads\/2025\/10\/Klovicevi_sluzbeni-plakat.png?fit=840%2C1200&ssl=1&resize=700%2C400 2x"},"classes":[]},{"id":52760,"url":"https:\/\/historiografija.hr\/?p=52760","url_meta":{"origin":15541,"position":2},"title":"Izlo\u017eba \u201cLo\u0161injski brodovi, njihove zastave i ljudi\u201d, 4. svibnja u 19h","author":"Filip \u0160imunjak","date":"30. travnja 2026.","format":false,"excerpt":"Hrvatski pomorski muzej Split, Glagolja\u0161a 18 (Tvr\u0111ava Gripe) Nakon \u0161to je u rujnu 2025. godine na otoku Lo\u0161inju, u suradnji Lo\u0161injskog muzeja i Hrvatskog pomorskog muzeja Split, predstavljena izlo\u017eba posve\u0107ena bogatoj pomorskoj ba\u0161tini otoka, njezino pro\u0161ireno izdanje postavlja se u Splitu. Uo\u010di blagdana svetog Dujma splitskoj \u0107e se publici predstaviti\u2026","rel":"","context":"U &quot;Izlo\u017ebe&quot;","block_context":{"text":"Izlo\u017ebe","link":"https:\/\/historiografija.hr\/?cat=10"},"img":{"alt_text":"","src":"https:\/\/i0.wp.com\/historiografija.hr\/wp-content\/uploads\/2026\/04\/Losinjski-brodovi-Izlozba-1-scaled.webp?fit=840%2C1200&ssl=1&resize=350%2C200","width":350,"height":200,"srcset":"https:\/\/i0.wp.com\/historiografija.hr\/wp-content\/uploads\/2026\/04\/Losinjski-brodovi-Izlozba-1-scaled.webp?fit=840%2C1200&ssl=1&resize=350%2C200 1x, https:\/\/i0.wp.com\/historiografija.hr\/wp-content\/uploads\/2026\/04\/Losinjski-brodovi-Izlozba-1-scaled.webp?fit=840%2C1200&ssl=1&resize=525%2C300 1.5x, https:\/\/i0.wp.com\/historiografija.hr\/wp-content\/uploads\/2026\/04\/Losinjski-brodovi-Izlozba-1-scaled.webp?fit=840%2C1200&ssl=1&resize=700%2C400 2x"},"classes":[]},{"id":52505,"url":"https:\/\/historiografija.hr\/?p=52505","url_meta":{"origin":15541,"position":3},"title":"Izlo\u017eba &#8220;Eschenstock \/ Jasenov prut&#8221;","author":"Branimir Jankovi\u0107","date":"17. travnja 2026.","format":false,"excerpt":"Srpsko narodno vije\u0107e (SNV) i Vizura aperta postavljaju izlo\u017ebu \u0161vicarskog slikara Velimira Ili\u0161evi\u0107a: Eschenstock \/ Jasenov prut. Izlo\u017eba se uz prisustvo autora otvara povodom 81. godi\u0161njice proboja logora\u0161a iz usta\u0161kog logora smrti Jasenovac 22. aprila 2026. u 19 sati u Srpskom kulturnom centru (SKC) u Preradovi\u0107evoj ulici 21 u Zagrebu.\u2026","rel":"","context":"U &quot;Izlo\u017ebe&quot;","block_context":{"text":"Izlo\u017ebe","link":"https:\/\/historiografija.hr\/?cat=10"},"img":{"alt_text":"","src":"https:\/\/i0.wp.com\/historiografija.hr\/wp-content\/uploads\/2026\/04\/Jasenov_prut.jpg?fit=1024%2C640&ssl=1&resize=350%2C200","width":350,"height":200,"srcset":"https:\/\/i0.wp.com\/historiografija.hr\/wp-content\/uploads\/2026\/04\/Jasenov_prut.jpg?fit=1024%2C640&ssl=1&resize=350%2C200 1x, https:\/\/i0.wp.com\/historiografija.hr\/wp-content\/uploads\/2026\/04\/Jasenov_prut.jpg?fit=1024%2C640&ssl=1&resize=525%2C300 1.5x, https:\/\/i0.wp.com\/historiografija.hr\/wp-content\/uploads\/2026\/04\/Jasenov_prut.jpg?fit=1024%2C640&ssl=1&resize=700%2C400 2x"},"classes":[]},{"id":52616,"url":"https:\/\/historiografija.hr\/?p=52616","url_meta":{"origin":15541,"position":4},"title":"No\u0107 knjige 2026.","author":"Branimir Jankovi\u0107","date":"22. travnja 2026.","format":false,"excerpt":"Slavljeni\u010dka 15. No\u0107 knjige odr\u017eat \u0107e se 23. travnja diljem Hrvatske u povodu Svjetskog dana knjige i autorskih prava te Dana hrvatske knjige. S vi\u0161e od 1.000 prijavljenih programa i akcija s pravom nosi epitet najmasovnije doma\u0107e kulturne manifestacije, a ove \u0107e godine prote\u0107i u znaku mira, razumijevanja, tolerancije, srodnosti\u2026","rel":"","context":"U &quot;Novosti&quot;","block_context":{"text":"Novosti","link":"https:\/\/historiografija.hr\/?cat=3"},"img":{"alt_text":"","src":"https:\/\/i0.wp.com\/historiografija.hr\/wp-content\/uploads\/2026\/04\/noc_knjige_2026.jpg?fit=680%2C276&ssl=1&resize=350%2C200","width":350,"height":200,"srcset":"https:\/\/i0.wp.com\/historiografija.hr\/wp-content\/uploads\/2026\/04\/noc_knjige_2026.jpg?fit=680%2C276&ssl=1&resize=350%2C200 1x, https:\/\/i0.wp.com\/historiografija.hr\/wp-content\/uploads\/2026\/04\/noc_knjige_2026.jpg?fit=680%2C276&ssl=1&resize=525%2C300 1.5x"},"classes":[]},{"id":52666,"url":"https:\/\/historiografija.hr\/?p=52666","url_meta":{"origin":15541,"position":5},"title":"Najava programa Festivala povijesti Kliofest (5-8. V. 2026)","author":"Branimir Jankovi\u0107","date":"24. travnja 2026.","format":false,"excerpt":"Po trinaesti put odr\u017eava se Festival povijesti Kliofest! Do petka \u0107emo odr\u017eati osam okruglih stolova i dva kolokvija te niz predstavljanja knjiga i projekata razli\u010dite tematike, od antike do suvremenosti. Bit \u0107e predstavljeno i nekoliko izlo\u017ebi te odr\u017ean jedan povijesni kviz. Prikazat \u0107emo i jedan film \u2013 o generalu Boroevi\u0107u.\u2026","rel":"","context":"U &quot;Novosti&quot;","block_context":{"text":"Novosti","link":"https:\/\/historiografija.hr\/?cat=3"},"img":{"alt_text":"","src":"https:\/\/i0.wp.com\/historiografija.hr\/wp-content\/uploads\/2026\/04\/Kliofest-2026.jpg?fit=526%2C526&ssl=1&resize=350%2C200","width":350,"height":200,"srcset":"https:\/\/i0.wp.com\/historiografija.hr\/wp-content\/uploads\/2026\/04\/Kliofest-2026.jpg?fit=526%2C526&ssl=1&resize=350%2C200 1x, https:\/\/i0.wp.com\/historiografija.hr\/wp-content\/uploads\/2026\/04\/Kliofest-2026.jpg?fit=526%2C526&ssl=1&resize=525%2C300 1.5x"},"classes":[]}],"_links":{"self":[{"href":"https:\/\/historiografija.hr\/index.php?rest_route=\/wp\/v2\/posts\/15541","targetHints":{"allow":["GET"]}}],"collection":[{"href":"https:\/\/historiografija.hr\/index.php?rest_route=\/wp\/v2\/posts"}],"about":[{"href":"https:\/\/historiografija.hr\/index.php?rest_route=\/wp\/v2\/types\/post"}],"author":[{"embeddable":true,"href":"https:\/\/historiografija.hr\/index.php?rest_route=\/wp\/v2\/users\/2"}],"replies":[{"embeddable":true,"href":"https:\/\/historiografija.hr\/index.php?rest_route=%2Fwp%2Fv2%2Fcomments&post=15541"}],"version-history":[{"count":3,"href":"https:\/\/historiografija.hr\/index.php?rest_route=\/wp\/v2\/posts\/15541\/revisions"}],"predecessor-version":[{"id":16157,"href":"https:\/\/historiografija.hr\/index.php?rest_route=\/wp\/v2\/posts\/15541\/revisions\/16157"}],"wp:featuredmedia":[{"embeddable":true,"href":"https:\/\/historiografija.hr\/index.php?rest_route=\/wp\/v2\/media\/15542"}],"wp:attachment":[{"href":"https:\/\/historiografija.hr\/index.php?rest_route=%2Fwp%2Fv2%2Fmedia&parent=15541"}],"wp:term":[{"taxonomy":"category","embeddable":true,"href":"https:\/\/historiografija.hr\/index.php?rest_route=%2Fwp%2Fv2%2Fcategories&post=15541"},{"taxonomy":"post_tag","embeddable":true,"href":"https:\/\/historiografija.hr\/index.php?rest_route=%2Fwp%2Fv2%2Ftags&post=15541"}],"curies":[{"name":"wp","href":"https:\/\/api.w.org\/{rel}","templated":true}]}}