{"id":15521,"date":"2019-07-02T08:52:30","date_gmt":"2019-07-02T08:52:30","guid":{"rendered":"http:\/\/historiografija.hr\/?p=15521"},"modified":"2019-07-02T08:52:30","modified_gmt":"2019-07-02T08:52:30","slug":"4th-international-conference-socialism-on-the-bench-continuities-and-innovations-pula-september-26-28-2019","status":"publish","type":"post","link":"https:\/\/historiografija.hr\/?p=15521","title":{"rendered":"4th International Conference Socialism on the Bench, CONTINUITIES AND INNOVATIONS, Pula, September 26-28, 2019"},"content":{"rendered":"<p>The first version of our conference programme is available now. It includes three keynote lectures (Muriel Blaive, Marie-Janine Calic, Catherine Samary), 86 presentations divided in 14 panels, as well as book launches and round tables \u2013 altogether nearly 100 participants.<\/p>\n<p>&nbsp;<\/p>\n<p><strong>\u00a0<\/strong><\/p>\n<p><strong>Socialism on the Bench 2019<\/strong><\/p>\n<p>4th International Conference Socialism on the Bench<\/p>\n<p>CONTINUITIES AND INNOVATIONS<\/p>\n<p>Pula, September 26-28, 2019<\/p>\n<p>&nbsp;<\/p>\n<p><strong>\u00a0<\/strong><\/p>\n<p><strong>PROGRAM:<\/strong><\/p>\n<p><a href=\"https:\/\/ckpis.unipu.hr\/images\/50024549\/4SnK%20PROGRAM%2027-06.pdf\">https:\/\/ckpis.unipu.hr\/images\/50024549\/4SnK%20PROGRAM%2027-06.pdf<\/a><\/p>\n<p><a href=\"https:\/\/ckpis.unipu.hr\/ckpis\/en\/socialism_on_the_bench\/2019\">https:\/\/ckpis.unipu.hr\/ckpis\/en\/socialism_on_the_bench\/2019<\/a><\/p>\n<p><a href=\"https:\/\/www.facebook.com\/ckpis.unipu.hr\/\">https:\/\/www.facebook.com\/ckpis.unipu.hr\/<\/a><\/p>\n<p>&nbsp;<\/p>\n<p><strong>\u00a0<\/strong><\/p>\n<p><strong>Keynote speakers<\/strong><\/p>\n<p>Muriel Blaive (Prague)<\/p>\n<p>Marie-Janine Calic (Munich)<\/p>\n<p>Catherine Samary (Paris)<\/p>\n<p>&nbsp;<\/p>\n<p>&nbsp;<\/p>\n<p>While the themes of the two previous conferences marked important anniversaries, this will not be the case now. In the European context, the chosen theme might evoke associations with 1989, but this was not our intention. In the history of Yugoslavia, which constitutes the backbone of our conferences, the following two years have an incomparably stronger resonance. However, with the theme Continuities and Innovations we want to encompass a geographical space larger than Yugoslavia, either as an independent subject of inquiry, or by way of contact or comparison. Also, much more importantly, we aim to cover a longer historical dimension, that goes beyond the duration of one-party socialist systems and Cold War divides. Socialist society was understood as a transitional society: it included characteristics of both past and future, of both capitalist bourgeois and utopian communist society. Therefore, we are interested in what communists could or had to rely on when they came to power, what they preserved and adjusted, what they invented anew and how much of it survived, was transferred to post-socialism and became a welcome heritage or unwanted burden. We would like to invite the participants to be aware of &#8220;year zero&#8221; moments, of political and historical ruptures and of proclaims of a new era in which there would be no return to the old. Participants should also look beyond the usual chronological fences, and find metamorphoses and re-semantisations, spontaneous and imposed oblivion, repressed and living memories in the continuous, social longue-dur\u00e9e. From the 1920s, 1940s and 1990s until the present day, one can find both old and new, backward and progressive, permanent values and short-term experiments, invented traditions and sunken cultural goods in the spheres of politics, economy, everyday life, culture, art and sport. We would like to listen and discuss all these topics and much more during the conference.<\/p>\n<p>&nbsp;<\/p>\n<p><strong>Organizer<\/strong><\/p>\n<p>Sveu\u010dili\u0161te Jurja Dobrile u Puli \/ Juraj Dobrila University of Pula<\/p>\n<p>Centar za kulturolo\u0161ka i povijesna istra\u017eivanja socijalizma \/ Centre for Cultural and Historical Research of Socialism<\/p>\n<p>&nbsp;<\/p>\n<p><strong>Contact<\/strong><\/p>\n<p>ckpis.conf@gmail.com<\/p>\n<p>&nbsp;<\/p>\n<p><strong>Conference venue<\/strong><\/p>\n<p>Sveu\u010dili\u0161te Jurja Dobrile u Puli \/ Juraj Dobrila University of Pula<\/p>\n<p>Filozofski fakultet \/ Faculty of Humanities<\/p>\n<p>Ivana Mateti\u0107a Ronjgova 1, Pula<\/p>\n<p>&nbsp;<\/p>\n<p><strong>We thank for the support<\/strong><\/p>\n<p>Rosa Luxemburg Stiftung Southeast Europe<\/p>\n<p>&nbsp;<\/p>\n<p>&nbsp;<\/p>\n","protected":false},"excerpt":{"rendered":"","protected":false},"author":2,"featured_media":15522,"comment_status":"open","ping_status":"open","sticky":false,"template":"","format":"standard","meta":{"_acf_changed":false,"jetpack_post_was_ever_published":false,"_jetpack_newsletter_access":"","_jetpack_dont_email_post_to_subs":false,"_jetpack_newsletter_tier_id":0,"_jetpack_memberships_contains_paywalled_content":false,"_jetpack_memberships_contains_paid_content":false,"footnotes":"","jetpack_publicize_message":"","jetpack_publicize_feature_enabled":true,"jetpack_social_post_already_shared":true,"jetpack_social_options":{"image_generator_settings":{"template":"highway","default_image_id":0,"font":"","enabled":false},"version":2}},"categories":[3,9],"tags":[],"class_list":["post-15521","post","type-post","status-publish","format-standard","has-post-thumbnail","hentry","category-novosti","category-skupovi"],"acf":{"facebook_opis":""},"jetpack_publicize_connections":[],"jetpack_featured_media_url":"https:\/\/i0.wp.com\/historiografija.hr\/wp-content\/uploads\/2019\/07\/socijalizam-na-klupi.jpg?fit=960%2C864&ssl=1","jetpack_sharing_enabled":true,"jetpack-related-posts":[{"id":52516,"url":"https:\/\/historiografija.hr\/?p=52516","url_meta":{"origin":15521,"position":0},"title":"Marko Grde\u0161i\u0107, Mislav \u017ditko, \u201eSocialist Economics in Yugoslavia: A Critical History\u201c","author":"Branimir Jankovi\u0107","date":"17. travnja 2026.","format":false,"excerpt":"This book presents a critical history of Yugoslav socialist economics, from its inception in the late 1940s to its dissolution in the late 1980s. After the dramatic break with the Soviet Union in 1948, Yugoslavia found itself in urgent need of a third way: A socialist trajectory which would not\u2026","rel":"","context":"U &quot;Knjige&quot;","block_context":{"text":"Knjige","link":"https:\/\/historiografija.hr\/?cat=8"},"img":{"alt_text":"","src":"https:\/\/i0.wp.com\/historiografija.hr\/wp-content\/uploads\/2026\/04\/Zitko_Grdesic.jpg?fit=350%2C535&ssl=1&resize=350%2C200","width":350,"height":200},"classes":[]},{"id":52664,"url":"https:\/\/historiografija.hr\/?p=52664","url_meta":{"origin":15521,"position":1},"title":"CfP: CONFERENCE OF THE HISTORY OF CONCEPTS GROUP, HELSINKI, 19TH\u201321ST AUGUST 2026 (DEADLINE: 30TH APRIL 2026)","author":"Branimir Jankovi\u0107","date":"24. travnja 2026.","format":false,"excerpt":"The annual conference of the History of Concepts Group is held at the University of Helsinki, 19-21 August 2026. Conference of the History of Concepts Group Conceptual history studies the use of concepts and tries to understand how historical actors have linguistically articulated views of the world. Studying concepts from\u2026","rel":"","context":"U &quot;Novosti&quot;","block_context":{"text":"Novosti","link":"https:\/\/historiografija.hr\/?cat=3"},"img":{"alt_text":"","src":"https:\/\/i0.wp.com\/historiografija.hr\/wp-content\/uploads\/2017\/10\/hsozkult.png?fit=1006%2C241&ssl=1&resize=350%2C200","width":350,"height":200,"srcset":"https:\/\/i0.wp.com\/historiografija.hr\/wp-content\/uploads\/2017\/10\/hsozkult.png?fit=1006%2C241&ssl=1&resize=350%2C200 1x, https:\/\/i0.wp.com\/historiografija.hr\/wp-content\/uploads\/2017\/10\/hsozkult.png?fit=1006%2C241&ssl=1&resize=525%2C300 1.5x, https:\/\/i0.wp.com\/historiografija.hr\/wp-content\/uploads\/2017\/10\/hsozkult.png?fit=1006%2C241&ssl=1&resize=700%2C400 2x"},"classes":[]},{"id":52622,"url":"https:\/\/historiografija.hr\/?p=52622","url_meta":{"origin":15521,"position":2},"title":"Annual CAPONEU conference: Political Novel in Europe Between Democracy and Authoritarianism","author":"Branimir Jankovi\u0107","date":"23. travnja 2026.","format":false,"excerpt":"Caponeu event 22.04.2026 - 24.04.2026 Location: The Faculty of Polish and Classical Philology AMU (Fredry 10, Pozna\u0144)Organized by: Tomasz Mizerkiewicz, Krystyna Pieni\u0105\u017cek-Markovi\u0107, Anna Gawarecka, Ewa Szperlik, Magda Potok, B\u0142a\u017cej Warkocki, Gerard Ronge (all Adam Mickiewicz University in Pozna\u0144)Contact: gerron@amu.edu.pl The Adam Mickiewicz University team, as part of the international CAPONEU\u2026","rel":"","context":"U &quot;Novosti&quot;","block_context":{"text":"Novosti","link":"https:\/\/historiografija.hr\/?cat=3"},"img":{"alt_text":"","src":"https:\/\/i0.wp.com\/historiografija.hr\/wp-content\/uploads\/2026\/04\/Caponeu-political-novel.jpg?fit=500%2C261&ssl=1&resize=350%2C200","width":350,"height":200},"classes":[]},{"id":52641,"url":"https:\/\/historiografija.hr\/?p=52641","url_meta":{"origin":15521,"position":3},"title":"CfP: WHO OWNS THE PAST? VERNACULAR MEMORY, STATE MEMORY, AND THE POLITICS OF OWNERSHIP","author":"Branimir Jankovi\u0107","date":"24. travnja 2026.","format":false,"excerpt":"VIENNA, 31ST AUGUST\u20133RD SEPTEMBER 2026 (DEADLINE: 24TH APRIL 2026) The Center for Austrian Studies at the European Forum at the Hebrew University and the Austrian Academy of Sciences\/Institute of Culture Studies invite early postdocs, PhD candidates, and advanced Master\u2019s students from the Hebrew University of Jerusalem and universities and academic\u2026","rel":"","context":"U &quot;Novosti&quot;","block_context":{"text":"Novosti","link":"https:\/\/historiografija.hr\/?cat=3"},"img":{"alt_text":"","src":"https:\/\/i0.wp.com\/historiografija.hr\/wp-content\/uploads\/2017\/10\/hsozkult.png?fit=1006%2C241&ssl=1&resize=350%2C200","width":350,"height":200,"srcset":"https:\/\/i0.wp.com\/historiografija.hr\/wp-content\/uploads\/2017\/10\/hsozkult.png?fit=1006%2C241&ssl=1&resize=350%2C200 1x, https:\/\/i0.wp.com\/historiografija.hr\/wp-content\/uploads\/2017\/10\/hsozkult.png?fit=1006%2C241&ssl=1&resize=525%2C300 1.5x, https:\/\/i0.wp.com\/historiografija.hr\/wp-content\/uploads\/2017\/10\/hsozkult.png?fit=1006%2C241&ssl=1&resize=700%2C400 2x"},"classes":[]}],"_links":{"self":[{"href":"https:\/\/historiografija.hr\/index.php?rest_route=\/wp\/v2\/posts\/15521","targetHints":{"allow":["GET"]}}],"collection":[{"href":"https:\/\/historiografija.hr\/index.php?rest_route=\/wp\/v2\/posts"}],"about":[{"href":"https:\/\/historiografija.hr\/index.php?rest_route=\/wp\/v2\/types\/post"}],"author":[{"embeddable":true,"href":"https:\/\/historiografija.hr\/index.php?rest_route=\/wp\/v2\/users\/2"}],"replies":[{"embeddable":true,"href":"https:\/\/historiografija.hr\/index.php?rest_route=%2Fwp%2Fv2%2Fcomments&post=15521"}],"version-history":[{"count":1,"href":"https:\/\/historiografija.hr\/index.php?rest_route=\/wp\/v2\/posts\/15521\/revisions"}],"predecessor-version":[{"id":15523,"href":"https:\/\/historiografija.hr\/index.php?rest_route=\/wp\/v2\/posts\/15521\/revisions\/15523"}],"wp:featuredmedia":[{"embeddable":true,"href":"https:\/\/historiografija.hr\/index.php?rest_route=\/wp\/v2\/media\/15522"}],"wp:attachment":[{"href":"https:\/\/historiografija.hr\/index.php?rest_route=%2Fwp%2Fv2%2Fmedia&parent=15521"}],"wp:term":[{"taxonomy":"category","embeddable":true,"href":"https:\/\/historiografija.hr\/index.php?rest_route=%2Fwp%2Fv2%2Fcategories&post=15521"},{"taxonomy":"post_tag","embeddable":true,"href":"https:\/\/historiografija.hr\/index.php?rest_route=%2Fwp%2Fv2%2Ftags&post=15521"}],"curies":[{"name":"wp","href":"https:\/\/api.w.org\/{rel}","templated":true}]}}