{"id":15507,"date":"2019-07-02T08:07:52","date_gmt":"2019-07-02T08:07:52","guid":{"rendered":"http:\/\/historiografija.hr\/?p=15507"},"modified":"2019-07-02T08:07:52","modified_gmt":"2019-07-02T08:07:52","slug":"inura-2019-city-undefeated-streams-of-struggle-zagreb-june-30-july-3","status":"publish","type":"post","link":"https:\/\/historiografija.hr\/?p=15507","title":{"rendered":"INURA 2019: City (Un)defeated: Streams of Struggle (Zagreb, June 30 \u2013 July 3)"},"content":{"rendered":"<p>Zagreb\u2019s city center \u2013 the old town on the hill, the neo-gothic cathedral and the turn-of-the-20th-century downtown always featured on postcards \u2013 might seem like it was built in some other, more central part of Europe and transported a bit further down southeast.<\/p>\n<p>&nbsp;<\/p>\n<p>One would not be too far from the truth in thinking that the city was built somewhere else, since it emerged as imperial periphery and was built in the image of its imperial centers. Yet, the careful eye of the urban planner or architect might be able to catch different historical and ideological trajectories of urban development, coupled with disruptions, fractures and interferences within the power relation of the center and the periphery.<\/p>\n<p>&nbsp;<\/p>\n<p>The city development progressed or was disrupted by the imperial powers that ruled over it, shaping and constraining it to fit the needs of other, more important cities all the way up until the mid-20th century when, finally, it started to grow on its own terms. Yet even when Zagreb was part of a colony, local planners struggled to create a space that would define the city\u2019s identity, autonomy and purpose. The struggle between different visions of its future, one of an autonomous subject and one of a colonial outpost, created the foundation of the modern city we see today.<\/p>\n<p>&nbsp;<\/p>\n<p>Studying its development now, we can say that it was nevertheless developed with a clear planning strategy that had been reaffirmed and survived different systems up until the neoliberal pressures of the last three decades, which are peaking nowadays and aiming to disrupt and erase. When we look at Zagreb today, we can read its continuous east-west lines shaped by the hill in the north and the Sava river in the south as a terrain where many struggles materialize.<\/p>\n<p>&nbsp;<\/p>\n<p>It is a place of famous underground revolutionary resistance, but also a place of conflict between the powers altering this collective memory through a process of historical revisionism and those trying to honor its history. It is a city that displaced some of its vital functions, such as industry and education, and vehemently displaced thousands of its ethnic-minority citizens by way of two wars, but also a city of persistent workers\u2019 fight and undying antifascist resistance.<\/p>\n<p>&nbsp;<\/p>\n<p>During the four days of the conference we aim to pay attention to these struggles across and between different neighborhoods, with their told and untold stories. We will not only listen to the stories from local activists and practitioners, but also take a closer look behind the struggles and see how they have \u2013 through success or failure \u2013 framed and shaped the city. We will approach the city as a living political body, a community that allows \u2013 or doesn\u2019t allow \u2013 certain currents to affect its material development and quality of life.<\/p>\n<p>&nbsp;<\/p>\n<p>Through guided city tours we aim to tell the story of how Zagreb was formed by its struggles and how they continue to be an essential dimension of its present and future life. Focusing on the lack of public and affordable housing and the neoliberal waterfront and other investments as urgent issues to be addressed and publicly discussed, we will look directly into the eyes of a disturbing future and try to open the front line of yet another struggle.<\/p>\n<p>&nbsp;<\/p>\n<p>Program:<\/p>\n<p>&nbsp;<\/p>\n<p><a href=\"https:\/\/inura19.wordpress.com\/program\/\">https:\/\/inura19.wordpress.com\/program\/<\/a><\/p>\n<p>&nbsp;<\/p>\n<p>&nbsp;<\/p>\n","protected":false},"excerpt":{"rendered":"","protected":false},"author":2,"featured_media":15508,"comment_status":"open","ping_status":"open","sticky":false,"template":"","format":"standard","meta":{"_acf_changed":false,"jetpack_post_was_ever_published":false,"_jetpack_newsletter_access":"","_jetpack_dont_email_post_to_subs":false,"_jetpack_newsletter_tier_id":0,"_jetpack_memberships_contains_paywalled_content":false,"_jetpack_memberships_contains_paid_content":false,"footnotes":"","jetpack_publicize_message":"","jetpack_publicize_feature_enabled":true,"jetpack_social_post_already_shared":true,"jetpack_social_options":{"image_generator_settings":{"template":"highway","default_image_id":0,"font":"","enabled":false},"version":2}},"categories":[3,9],"tags":[],"class_list":["post-15507","post","type-post","status-publish","format-standard","has-post-thumbnail","hentry","category-novosti","category-skupovi"],"acf":{"facebook_opis":""},"jetpack_publicize_connections":[],"jetpack_featured_media_url":"https:\/\/i0.wp.com\/historiografija.hr\/wp-content\/uploads\/2019\/07\/INURA.png?fit=256%2C197&ssl=1","jetpack_sharing_enabled":true,"jetpack-related-posts":[{"id":52531,"url":"https:\/\/historiografija.hr\/?p=52531","url_meta":{"origin":15507,"position":0},"title":"Jonathan G. Leslie, \u201eFear and Insecurity: Israel and the Iran Threat Narrative\u201c","author":"Branimir Jankovi\u0107","date":"17. travnja 2026.","format":false,"excerpt":"Why is Israel\u2019s former ally Iran now perceived as the country\u2019s greatest threat? Description To observers of the Iran-Israel conflict, its vitriolic rhetoric might suggest an ancient hatred between Jews and Muslims\u2013a biblical feud dating back hundreds, or thousands, of years. But this rivalry is a far more modern development.\u2026","rel":"","context":"U &quot;Knjige&quot;","block_context":{"text":"Knjige","link":"https:\/\/historiografija.hr\/?cat=8"},"img":{"alt_text":"","src":"https:\/\/i0.wp.com\/historiografija.hr\/wp-content\/uploads\/2026\/04\/Leslie.jpg?fit=391%2C612&ssl=1&resize=350%2C200","width":350,"height":200},"classes":[]},{"id":52516,"url":"https:\/\/historiografija.hr\/?p=52516","url_meta":{"origin":15507,"position":1},"title":"Marko Grde\u0161i\u0107, Mislav \u017ditko, \u201eSocialist Economics in Yugoslavia: A Critical History\u201c","author":"Branimir Jankovi\u0107","date":"17. travnja 2026.","format":false,"excerpt":"This book presents a critical history of Yugoslav socialist economics, from its inception in the late 1940s to its dissolution in the late 1980s. After the dramatic break with the Soviet Union in 1948, Yugoslavia found itself in urgent need of a third way: A socialist trajectory which would not\u2026","rel":"","context":"U &quot;Knjige&quot;","block_context":{"text":"Knjige","link":"https:\/\/historiografija.hr\/?cat=8"},"img":{"alt_text":"","src":"https:\/\/i0.wp.com\/historiografija.hr\/wp-content\/uploads\/2026\/04\/Zitko_Grdesic.jpg?fit=350%2C535&ssl=1&resize=350%2C200","width":350,"height":200},"classes":[]},{"id":52641,"url":"https:\/\/historiografija.hr\/?p=52641","url_meta":{"origin":15507,"position":2},"title":"CfP: WHO OWNS THE PAST? VERNACULAR MEMORY, STATE MEMORY, AND THE POLITICS OF OWNERSHIP","author":"Branimir Jankovi\u0107","date":"24. travnja 2026.","format":false,"excerpt":"VIENNA, 31ST AUGUST\u20133RD SEPTEMBER 2026 (DEADLINE: 24TH APRIL 2026) The Center for Austrian Studies at the European Forum at the Hebrew University and the Austrian Academy of Sciences\/Institute of Culture Studies invite early postdocs, PhD candidates, and advanced Master\u2019s students from the Hebrew University of Jerusalem and universities and academic\u2026","rel":"","context":"U &quot;Novosti&quot;","block_context":{"text":"Novosti","link":"https:\/\/historiografija.hr\/?cat=3"},"img":{"alt_text":"","src":"https:\/\/i0.wp.com\/historiografija.hr\/wp-content\/uploads\/2017\/10\/hsozkult.png?fit=1006%2C241&ssl=1&resize=350%2C200","width":350,"height":200,"srcset":"https:\/\/i0.wp.com\/historiografija.hr\/wp-content\/uploads\/2017\/10\/hsozkult.png?fit=1006%2C241&ssl=1&resize=350%2C200 1x, https:\/\/i0.wp.com\/historiografija.hr\/wp-content\/uploads\/2017\/10\/hsozkult.png?fit=1006%2C241&ssl=1&resize=525%2C300 1.5x, https:\/\/i0.wp.com\/historiografija.hr\/wp-content\/uploads\/2017\/10\/hsozkult.png?fit=1006%2C241&ssl=1&resize=700%2C400 2x"},"classes":[]}],"_links":{"self":[{"href":"https:\/\/historiografija.hr\/index.php?rest_route=\/wp\/v2\/posts\/15507","targetHints":{"allow":["GET"]}}],"collection":[{"href":"https:\/\/historiografija.hr\/index.php?rest_route=\/wp\/v2\/posts"}],"about":[{"href":"https:\/\/historiografija.hr\/index.php?rest_route=\/wp\/v2\/types\/post"}],"author":[{"embeddable":true,"href":"https:\/\/historiografija.hr\/index.php?rest_route=\/wp\/v2\/users\/2"}],"replies":[{"embeddable":true,"href":"https:\/\/historiografija.hr\/index.php?rest_route=%2Fwp%2Fv2%2Fcomments&post=15507"}],"version-history":[{"count":1,"href":"https:\/\/historiografija.hr\/index.php?rest_route=\/wp\/v2\/posts\/15507\/revisions"}],"predecessor-version":[{"id":15509,"href":"https:\/\/historiografija.hr\/index.php?rest_route=\/wp\/v2\/posts\/15507\/revisions\/15509"}],"wp:featuredmedia":[{"embeddable":true,"href":"https:\/\/historiografija.hr\/index.php?rest_route=\/wp\/v2\/media\/15508"}],"wp:attachment":[{"href":"https:\/\/historiografija.hr\/index.php?rest_route=%2Fwp%2Fv2%2Fmedia&parent=15507"}],"wp:term":[{"taxonomy":"category","embeddable":true,"href":"https:\/\/historiografija.hr\/index.php?rest_route=%2Fwp%2Fv2%2Fcategories&post=15507"},{"taxonomy":"post_tag","embeddable":true,"href":"https:\/\/historiografija.hr\/index.php?rest_route=%2Fwp%2Fv2%2Ftags&post=15507"}],"curies":[{"name":"wp","href":"https:\/\/api.w.org\/{rel}","templated":true}]}}