{"id":15469,"date":"2019-06-27T16:36:43","date_gmt":"2019-06-27T16:36:43","guid":{"rendered":"http:\/\/historiografija.hr\/?p=15469"},"modified":"2019-06-27T16:36:43","modified_gmt":"2019-06-27T16:36:43","slug":"icoseh-zagreb-2020-1st-circular","status":"publish","type":"post","link":"https:\/\/historiografija.hr\/?p=15469","title":{"rendered":"ICOSEH Zagreb 2020, 1st circular"},"content":{"rendered":"<p>It is our pleasure to announce that the 15th International Congress of Ottoman Social and Economic History (ICOSEH) will be held in Zagreb, Croatia, on 13-17 July, 2020.<\/p>\n<p>&nbsp;<\/p>\n<p>&#8212;<\/p>\n<p>&nbsp;<\/p>\n<p><strong>15th International Congress of Ottoman Social and Economic History (ICOSEH)<\/strong><\/p>\n<p>&nbsp;<\/p>\n<p>13-17 July, 2020, Zagreb (Croatia)<\/p>\n<p>&nbsp;<\/p>\n<p>1st Circular (Call for Papers)<\/p>\n<p>&nbsp;<\/p>\n<p>It is our pleasure to announce that the 15th International Congress of Ottoman Social and Economic History (ICOSEH) will be held in Zagreb, Croatia, on 13-17 July, 2020. Arrangements for this meeting are being handled by Department of History and Department of Turkish, Hungarian and Jewish Studies of Faculty of Humanities and Social Sciences, University of Zagreb, under the auspices of International Association of Ottoman Social and Economic History (IAOSEH), chaired by Suraiya Faroqhi, president.<\/p>\n<p>&nbsp;<\/p>\n<p>The Executive Committee of IAOSEH and the Organizing Committee invite the submission of abstracts of individual papers as well as pre-organized panels\/sessions and workshops. Papers are expected to address various aspects of the economic and social history of the Ottoman Empire. All abstracts should have a focused statement of thesis and indicate clearly the sources employed. Your name should not appear on the abstract itself.<\/p>\n<p>&nbsp;<\/p>\n<p>Individual papers of maximum 20-minutes length will be organized into panels by the Organizing Committee. Abstracts for individual papers should not exceed 400 words. Space is limited, so the strength and clarity of your proposal, and its relevance to economic and social history will be crucial.<\/p>\n<p>&nbsp;<\/p>\n<p>Pre-organized panels\/sessions should consist of three papers (20 min. each), plus an analysis of them by a discussant (or a designated chair) of ten to fifteen minutes maximum length. The papers should center on a single theme or question, and the panel proposal should include an abstract (400 words maximum) for the entire panel explaining its theme and rationale and how the individual papers contribute to that theme, in addition to an individual abstract (400 words maximum) for each paper.<\/p>\n<p>&nbsp;<\/p>\n<p>Also welcome are thematic workshops\/roundtables organized by Chair(s) around specific problems or debates in the field. We encourage panels and workshops on any aspects of the Ottomans and the Mediterranean and the Ottomans and Central Europe. Workshops\/roundtables should consist of short (10-minute) presentations by the panelists\/invited participants (four to six speakers), leaving a longer time for discussion of the problem or question. The proposal for a workshop should specify the problem or debate being addressed and its significance, as well as a summary of each panelist\u2019s contribution to the discussion.<\/p>\n<p>&nbsp;<\/p>\n<p>Applicants should supply the provisional paper titles and abstracts and\/or the initial proposals and abstracts for pre-organized sessions and workshops by December 15, 2019 to the organizers\u2019 email address: <a href=\"mailto:icosehzagreb@gmail.com\">icosehzagreb@gmail.com<\/a><\/p>\n<p>&nbsp;<\/p>\n<p>The proposals will go through a selection process by the Committee, and the applicants will be notified by February 15, 2020.<\/p>\n<p>&nbsp;<\/p>\n<p>The conference languages are English and Turkish. Papers read in Turkish should be accompanied by an extant summary in English.<\/p>\n<p>&nbsp;<\/p>\n<p>The registration fee for the congress is 100 Euro payable by April 15, 2020. Only participants who contributed their participation fee until to this date will be included in the program of the Congress. The fees will cover the expenses of coffee breaks, cocktail at the opening day, lunches during two congress days, city tour, and a dinner following the closing of the conference.<\/p>\n<p>&nbsp;<\/p>\n<p>On July 17, 2020, the organizers plan a one-day excursion to the western-most Ottoman caravanserai in Europe, the han of Yusuf Pasha Ma\u0161kovi\u0107 (Ma\u0161kovi\u0107a han) in Vrana, and the near-by town of Zadar, the historical center of Venetian Dalmatia, and a home to a rich collection of Ottoman documents from the so-called Dragoman Archive. The excursion costs will be covered by the participants individually, while the exact price will be determined later, depending on the conference budget.<\/p>\n<p>&nbsp;<\/p>\n<p>Accommodation and travel expenses will have to be covered by the participants individually.<\/p>\n<p>&nbsp;<\/p>\n<p>Further information concerning the conference, its venue (Faculty of Humanities and Social Sciences), and the city of Zagreb, as well as the account number for payment of the conference fee will be provided in the second circular letter.<\/p>\n<p>&nbsp;<\/p>\n<p>&nbsp;<\/p>\n<p><strong>Program Committee: <\/strong><\/p>\n<p>&nbsp;<\/p>\n<p>Fariba Zarinebaf (University of California at Riverside, USA)<\/p>\n<p>Adjunct General Secretary of the Board of IAOSEH<\/p>\n<p>&nbsp;<\/p>\n<p>Claudia R\u00f6mer (Vienna University, Austria)<\/p>\n<p>Member of the Board of IAOSEH<\/p>\n<p>&nbsp;<\/p>\n<p>Mahmoud Yazbak (University of Haifa, Israel)<\/p>\n<p>Member of the Board of IAOSEH<\/p>\n<p>&nbsp;<\/p>\n<p>Emrah Safa G\u00fcrkan (29 May\u0131s University, Turkey)<\/p>\n<p>Member of the Executive Committee of ICOSEH<\/p>\n<p>&nbsp;<\/p>\n<p>Nenad Moa\u010danin (University of Zagreb, Croatia)<\/p>\n<p>Member of the Executive Committee of ICOSEH<\/p>\n<p>&nbsp;<\/p>\n<p><strong>Local organizers:<\/strong><\/p>\n<p>&nbsp;<\/p>\n<p>Vjeran Kursar (University of Zagreb, Croatia), Member of the Executive<\/p>\n<p>Committee of ICOSEH<\/p>\n<p>&nbsp;<\/p>\n<p>Azra Abad\u017ei\u0107 Navaey (University of Zagreb, Croatia)<\/p>\n<p>&nbsp;<\/p>\n<p>Marta Andri\u0107 (University of Zagreb, Croatia)<\/p>\n<p>&nbsp;<\/p>\n<p>Kornelija Jurin Star\u010devi\u0107 (University of Zagreb, Croatia)<\/p>\n<p>&nbsp;<\/p>\n<p>Barbara Kerovec (University of Zagreb, Croatia)<\/p>\n<p>&nbsp;<\/p>\n<p>Luka \u0160poljari\u0107 (University of Zagreb, Croatia)<\/p>\n<p>&nbsp;<\/p>\n<p>Linda T. Darling (The University of Arizona, USA), General Secretary of the<\/p>\n<p>Board of IAOSEH<\/p>\n<p>&nbsp;<\/p>\n<p>Rhoads Murphey (\u0130pek University, Turkey), Member of the Board and Treasurer<\/p>\n<p>of the IAOSEH<\/p>\n<p>&nbsp;<\/p>\n<p><strong>Contact person: <\/strong><\/p>\n<p>&nbsp;<\/p>\n<p>Vjeran Kursar (<a href=\"mailto:kursar@gmail.com\">kursar@gmail.com<\/a>)<\/p>\n<p>&nbsp;<\/p>\n<p>&nbsp;<\/p>\n<p><a href=\"https:\/\/historiografija.hr\/wp-content\/uploads\/2019\/06\/ICOSEH-Zagreb-2020-CfP-1st-circular.pdf\">ICOSEH Zagreb 2020 CfP 1st circular<\/a><\/p>\n<p>&nbsp;<\/p>\n<p>&nbsp;<\/p>\n<p><a href=\"https:\/\/iaoseh.wordpress.com\/2019\/06\/22\/new-icoseh-zagreb-2020-1st-circular\/\">https:\/\/iaoseh.wordpress.com\/2019\/06\/22\/new-icoseh-zagreb-2020-1st-circular\/<\/a><\/p>\n<p>&nbsp;<\/p>\n<p>&nbsp;<\/p>\n<p>&nbsp;<\/p>\n","protected":false},"excerpt":{"rendered":"","protected":false},"author":2,"featured_media":15471,"comment_status":"open","ping_status":"open","sticky":false,"template":"","format":"standard","meta":{"_acf_changed":false,"jetpack_post_was_ever_published":false,"_jetpack_newsletter_access":"","_jetpack_dont_email_post_to_subs":false,"_jetpack_newsletter_tier_id":0,"_jetpack_memberships_contains_paywalled_content":false,"_jetpack_memberships_contains_paid_content":false,"footnotes":"","jetpack_publicize_message":"","jetpack_publicize_feature_enabled":true,"jetpack_social_post_already_shared":true,"jetpack_social_options":{"image_generator_settings":{"template":"highway","default_image_id":0,"font":"","enabled":false},"version":2}},"categories":[3,9],"tags":[],"class_list":["post-15469","post","type-post","status-publish","format-standard","has-post-thumbnail","hentry","category-novosti","category-skupovi"],"acf":{"facebook_opis":""},"jetpack_publicize_connections":[],"jetpack_featured_media_url":"https:\/\/i0.wp.com\/historiografija.hr\/wp-content\/uploads\/2019\/06\/procession-in-hippodrome.jpg?fit=1200%2C280&ssl=1","jetpack_sharing_enabled":true,"jetpack-related-posts":[{"id":52516,"url":"https:\/\/historiografija.hr\/?p=52516","url_meta":{"origin":15469,"position":0},"title":"Marko Grde\u0161i\u0107, Mislav \u017ditko, \u201eSocialist Economics in Yugoslavia: A Critical History\u201c","author":"Branimir Jankovi\u0107","date":"17. travnja 2026.","format":false,"excerpt":"This book presents a critical history of Yugoslav socialist economics, from its inception in the late 1940s to its dissolution in the late 1980s. After the dramatic break with the Soviet Union in 1948, Yugoslavia found itself in urgent need of a third way: A socialist trajectory which would not\u2026","rel":"","context":"U &quot;Knjige&quot;","block_context":{"text":"Knjige","link":"https:\/\/historiografija.hr\/?cat=8"},"img":{"alt_text":"","src":"https:\/\/i0.wp.com\/historiografija.hr\/wp-content\/uploads\/2026\/04\/Zitko_Grdesic.jpg?fit=350%2C535&ssl=1&resize=350%2C200","width":350,"height":200},"classes":[]},{"id":52580,"url":"https:\/\/historiografija.hr\/?p=52580","url_meta":{"origin":15469,"position":1},"title":"Conference &#8220;Living in the aftermaths: Trauma, politics and survival in Yugoslavia and successor states, 1945 \u2013 present&#8221;","author":"Branimir Jankovi\u0107","date":"21. travnja 2026.","format":false,"excerpt":"The conference aims to explore how war-related psychological distress was experienced, narrated, debated and reframed in Yugoslavia in the second half of the twentieth century. It asks how the theme of wounded psyche and wartime suffering was addressed and acknowledged in political, psychiatric and broader cultural discourses of socialist Yugoslavia,\u2026","rel":"","context":"U &quot;Novosti&quot;","block_context":{"text":"Novosti","link":"https:\/\/historiografija.hr\/?cat=3"},"img":{"alt_text":"","src":"https:\/\/i0.wp.com\/historiografija.hr\/wp-content\/uploads\/2026\/04\/Battle_of_Neretva_Picasso_poster-Conference-Living-in-the-aftermaths.webp?fit=564%2C954&ssl=1&resize=350%2C200","width":350,"height":200,"srcset":"https:\/\/i0.wp.com\/historiografija.hr\/wp-content\/uploads\/2026\/04\/Battle_of_Neretva_Picasso_poster-Conference-Living-in-the-aftermaths.webp?fit=564%2C954&ssl=1&resize=350%2C200 1x, https:\/\/i0.wp.com\/historiografija.hr\/wp-content\/uploads\/2026\/04\/Battle_of_Neretva_Picasso_poster-Conference-Living-in-the-aftermaths.webp?fit=564%2C954&ssl=1&resize=525%2C300 1.5x"},"classes":[]},{"id":52531,"url":"https:\/\/historiografija.hr\/?p=52531","url_meta":{"origin":15469,"position":2},"title":"Jonathan G. Leslie, \u201eFear and Insecurity: Israel and the Iran Threat Narrative\u201c","author":"Branimir Jankovi\u0107","date":"17. travnja 2026.","format":false,"excerpt":"Why is Israel\u2019s former ally Iran now perceived as the country\u2019s greatest threat? Description To observers of the Iran-Israel conflict, its vitriolic rhetoric might suggest an ancient hatred between Jews and Muslims\u2013a biblical feud dating back hundreds, or thousands, of years. But this rivalry is a far more modern development.\u2026","rel":"","context":"U &quot;Knjige&quot;","block_context":{"text":"Knjige","link":"https:\/\/historiografija.hr\/?cat=8"},"img":{"alt_text":"","src":"https:\/\/i0.wp.com\/historiografija.hr\/wp-content\/uploads\/2026\/04\/Leslie.jpg?fit=391%2C612&ssl=1&resize=350%2C200","width":350,"height":200},"classes":[]},{"id":52664,"url":"https:\/\/historiografija.hr\/?p=52664","url_meta":{"origin":15469,"position":3},"title":"CfP: CONFERENCE OF THE HISTORY OF CONCEPTS GROUP, HELSINKI, 19TH\u201321ST AUGUST 2026 (DEADLINE: 30TH APRIL 2026)","author":"Branimir Jankovi\u0107","date":"24. travnja 2026.","format":false,"excerpt":"The annual conference of the History of Concepts Group is held at the University of Helsinki, 19-21 August 2026. Conference of the History of Concepts Group Conceptual history studies the use of concepts and tries to understand how historical actors have linguistically articulated views of the world. Studying concepts from\u2026","rel":"","context":"U &quot;Novosti&quot;","block_context":{"text":"Novosti","link":"https:\/\/historiografija.hr\/?cat=3"},"img":{"alt_text":"","src":"https:\/\/i0.wp.com\/historiografija.hr\/wp-content\/uploads\/2017\/10\/hsozkult.png?fit=1006%2C241&ssl=1&resize=350%2C200","width":350,"height":200,"srcset":"https:\/\/i0.wp.com\/historiografija.hr\/wp-content\/uploads\/2017\/10\/hsozkult.png?fit=1006%2C241&ssl=1&resize=350%2C200 1x, https:\/\/i0.wp.com\/historiografija.hr\/wp-content\/uploads\/2017\/10\/hsozkult.png?fit=1006%2C241&ssl=1&resize=525%2C300 1.5x, https:\/\/i0.wp.com\/historiografija.hr\/wp-content\/uploads\/2017\/10\/hsozkult.png?fit=1006%2C241&ssl=1&resize=700%2C400 2x"},"classes":[]},{"id":52625,"url":"https:\/\/historiografija.hr\/?p=52625","url_meta":{"origin":15469,"position":4},"title":"Omer Bartov, \u201eIsrael: What Went Wrong?\u201c","author":"Branimir Jankovi\u0107","date":"23. travnja 2026.","format":false,"excerpt":"Professor Omer Bartov was born on a kibbutz, grew up in Tel Aviv and served in the Israel Defence Forces during the Yom Kippur War. He went on to become an expert on the German army and the Holocaust, before turning his attention to his native country.In Israel: What Went\u2026","rel":"","context":"U &quot;Knjige&quot;","block_context":{"text":"Knjige","link":"https:\/\/historiografija.hr\/?cat=8"},"img":{"alt_text":"","src":"https:\/\/i0.wp.com\/historiografija.hr\/wp-content\/uploads\/2026\/04\/Bartov.jpeg?fit=320%2C500&ssl=1&resize=350%2C200","width":350,"height":200},"classes":[]},{"id":52641,"url":"https:\/\/historiografija.hr\/?p=52641","url_meta":{"origin":15469,"position":5},"title":"CfP: WHO OWNS THE PAST? VERNACULAR MEMORY, STATE MEMORY, AND THE POLITICS OF OWNERSHIP","author":"Branimir Jankovi\u0107","date":"24. travnja 2026.","format":false,"excerpt":"VIENNA, 31ST AUGUST\u20133RD SEPTEMBER 2026 (DEADLINE: 24TH APRIL 2026) The Center for Austrian Studies at the European Forum at the Hebrew University and the Austrian Academy of Sciences\/Institute of Culture Studies invite early postdocs, PhD candidates, and advanced Master\u2019s students from the Hebrew University of Jerusalem and universities and academic\u2026","rel":"","context":"U &quot;Novosti&quot;","block_context":{"text":"Novosti","link":"https:\/\/historiografija.hr\/?cat=3"},"img":{"alt_text":"","src":"https:\/\/i0.wp.com\/historiografija.hr\/wp-content\/uploads\/2017\/10\/hsozkult.png?fit=1006%2C241&ssl=1&resize=350%2C200","width":350,"height":200,"srcset":"https:\/\/i0.wp.com\/historiografija.hr\/wp-content\/uploads\/2017\/10\/hsozkult.png?fit=1006%2C241&ssl=1&resize=350%2C200 1x, https:\/\/i0.wp.com\/historiografija.hr\/wp-content\/uploads\/2017\/10\/hsozkult.png?fit=1006%2C241&ssl=1&resize=525%2C300 1.5x, https:\/\/i0.wp.com\/historiografija.hr\/wp-content\/uploads\/2017\/10\/hsozkult.png?fit=1006%2C241&ssl=1&resize=700%2C400 2x"},"classes":[]}],"_links":{"self":[{"href":"https:\/\/historiografija.hr\/index.php?rest_route=\/wp\/v2\/posts\/15469","targetHints":{"allow":["GET"]}}],"collection":[{"href":"https:\/\/historiografija.hr\/index.php?rest_route=\/wp\/v2\/posts"}],"about":[{"href":"https:\/\/historiografija.hr\/index.php?rest_route=\/wp\/v2\/types\/post"}],"author":[{"embeddable":true,"href":"https:\/\/historiografija.hr\/index.php?rest_route=\/wp\/v2\/users\/2"}],"replies":[{"embeddable":true,"href":"https:\/\/historiografija.hr\/index.php?rest_route=%2Fwp%2Fv2%2Fcomments&post=15469"}],"version-history":[{"count":1,"href":"https:\/\/historiografija.hr\/index.php?rest_route=\/wp\/v2\/posts\/15469\/revisions"}],"predecessor-version":[{"id":15472,"href":"https:\/\/historiografija.hr\/index.php?rest_route=\/wp\/v2\/posts\/15469\/revisions\/15472"}],"wp:featuredmedia":[{"embeddable":true,"href":"https:\/\/historiografija.hr\/index.php?rest_route=\/wp\/v2\/media\/15471"}],"wp:attachment":[{"href":"https:\/\/historiografija.hr\/index.php?rest_route=%2Fwp%2Fv2%2Fmedia&parent=15469"}],"wp:term":[{"taxonomy":"category","embeddable":true,"href":"https:\/\/historiografija.hr\/index.php?rest_route=%2Fwp%2Fv2%2Fcategories&post=15469"},{"taxonomy":"post_tag","embeddable":true,"href":"https:\/\/historiografija.hr\/index.php?rest_route=%2Fwp%2Fv2%2Ftags&post=15469"}],"curies":[{"name":"wp","href":"https:\/\/api.w.org\/{rel}","templated":true}]}}