{"id":15455,"date":"2019-06-26T18:52:26","date_gmt":"2019-06-26T18:52:26","guid":{"rendered":"http:\/\/historiografija.hr\/?p=15455"},"modified":"2019-06-26T18:53:22","modified_gmt":"2019-06-26T18:53:22","slug":"how-to-approach-biographical-research-workshop-applications-until-31-07-2019","status":"publish","type":"post","link":"https:\/\/historiografija.hr\/?p=15455","title":{"rendered":"How to Approach Biographical Research? \u2013 Workshop (Applications until 31.07.2019)"},"content":{"rendered":"<p>Workshop on Biographical Studies for Young Scholars. The days when historical biographies had been reserved for life pictures of \u201cgreat men\u201d and \u2013 to a lesser degree \u2013 \u201cgreat women\u201d have long passed. Since then, many outstanding studies have demonstrated the enormous potential of either individual or group biographies, or biographical approach for historical research.<\/p>\n<p>&nbsp;<\/p>\n<p><em>30 November (Saturday), applications until: 31 July, free admission<\/em><\/p>\n<p>&nbsp;<\/p>\n<p>Biographical approach can provide insight into the way people thought and felt in the past, make us aware of the complexity of political and personal decisions and also of the scope for action of individuals in historical situations. It has a special place in the Jewish studies, since it allows to research and analyse complex identity choices. Similar processes also affect other ethnic and\/or religious. However, it is also useful to scholars dealing with migration studies, social history and history of ideas.<\/p>\n<p>&nbsp;<\/p>\n<p>In order to assist young scholars with biographical research projects and to provide them with a friendly space to discuss research questions and problems, the POLIN Museum invites early career scholars and especially PhD students to participate in a one-day workshop on 30 November 2019 in Warsaw. <strong>The workshop precedes the conference \u201cBiographies and Politics. The Involvement of Jews and People of Jewish Origin in Leftist Movements in 19th and 20th Century Poland\u201d<\/strong> (1-2 December 2019), jointly organized by the POLIN Museum of the History of Polish Jews, the Aleksander Br\u00fcckner Center for Polish Studies, the Center for Hebrew and Jewish Studies, University of Oxford and the UCL. The participants of the workshop are expected to also attend the conference.<\/p>\n<p>&nbsp;<\/p>\n<p><strong>Interested early career scholars and PhD students are invited to submit the completed\u00a0<a href=\"https:\/\/www.polin.pl\/pl\/system\/files\/attachments\/application_form.docx#overlay-context=pl\/wydarzenie\/jak-prowadzic-badania-biograficzne-warsztaty\">application form<\/a>\u00a0<\/strong>to:\u00a0<a href=\"mailto:geopconference@polin.pl\">geopconference@polin.pl.<\/a><\/p>\n<p>&nbsp;<\/p>\n<p>The working language of the workshop will be English. Additional reading skills in Polish, Yiddish or German will be a plus.<\/p>\n<p>&nbsp;<\/p>\n<p>Participation in the workshop is free of charge. <strong>The POLIN Museum will cover the costs of accommodation and meals during the Workshop and the subsequent conference<\/strong>. Participants without institutional funding may apply for a travel grant.<\/p>\n<p>&nbsp;<\/p>\n<p><strong>Deadline for application:<\/strong> 31 July 2019.<\/p>\n<p>&nbsp;<\/p>\n<p><em>The\u00a0workshop\u00a0is organized within the Global Education Outreach Program.<\/em><\/p>\n<p>&nbsp;<\/p>\n<p><em>The\u00a0workshop<\/em>\u00a0<em>was made possible thanks to the support of\u00a0Taube Philanthropies, the William K. Bowes, Jr. Foundation, and the Association of the Jewish Historical Institute of Poland.\u00a0<\/em><\/p>\n<p><strong>\u00a0<\/strong><\/p>\n<p><strong>Application form:<\/strong><\/p>\n<p>&nbsp;<\/p>\n<p><a href=\"https:\/\/www.polin.pl\/en\/event\/how-to-approach-biographical-research-workshop\">https:\/\/www.polin.pl\/en\/event\/how-to-approach-biographical-research-workshop<\/a><\/p>\n<p>&nbsp;<\/p>\n<p>&nbsp;<\/p>\n<p>&nbsp;<\/p>\n","protected":false},"excerpt":{"rendered":"","protected":false},"author":2,"featured_media":15456,"comment_status":"open","ping_status":"open","sticky":false,"template":"","format":"standard","meta":{"_acf_changed":false,"jetpack_post_was_ever_published":false,"_jetpack_newsletter_access":"","_jetpack_dont_email_post_to_subs":false,"_jetpack_newsletter_tier_id":0,"_jetpack_memberships_contains_paywalled_content":false,"_jetpack_memberships_contains_paid_content":false,"footnotes":"","jetpack_publicize_message":"","jetpack_publicize_feature_enabled":true,"jetpack_social_post_already_shared":true,"jetpack_social_options":{"image_generator_settings":{"template":"highway","default_image_id":0,"font":"","enabled":false},"version":2}},"categories":[3,9],"tags":[],"class_list":["post-15455","post","type-post","status-publish","format-standard","has-post-thumbnail","hentry","category-novosti","category-skupovi"],"acf":{"facebook_opis":""},"jetpack_publicize_connections":[],"jetpack_featured_media_url":"https:\/\/i0.wp.com\/historiografija.hr\/wp-content\/uploads\/2019\/06\/warsztaty-metoda-biograficzna.jpg?fit=284%2C284&ssl=1","jetpack_sharing_enabled":true,"jetpack-related-posts":[{"id":52641,"url":"https:\/\/historiografija.hr\/?p=52641","url_meta":{"origin":15455,"position":0},"title":"CfP: WHO OWNS THE PAST? VERNACULAR MEMORY, STATE MEMORY, AND THE POLITICS OF OWNERSHIP","author":"Branimir Jankovi\u0107","date":"24. travnja 2026.","format":false,"excerpt":"VIENNA, 31ST AUGUST\u20133RD SEPTEMBER 2026 (DEADLINE: 24TH APRIL 2026) The Center for Austrian Studies at the European Forum at the Hebrew University and the Austrian Academy of Sciences\/Institute of Culture Studies invite early postdocs, PhD candidates, and advanced Master\u2019s students from the Hebrew University of Jerusalem and universities and academic\u2026","rel":"","context":"U &quot;Novosti&quot;","block_context":{"text":"Novosti","link":"https:\/\/historiografija.hr\/?cat=3"},"img":{"alt_text":"","src":"https:\/\/i0.wp.com\/historiografija.hr\/wp-content\/uploads\/2017\/10\/hsozkult.png?fit=1006%2C241&ssl=1&resize=350%2C200","width":350,"height":200,"srcset":"https:\/\/i0.wp.com\/historiografija.hr\/wp-content\/uploads\/2017\/10\/hsozkult.png?fit=1006%2C241&ssl=1&resize=350%2C200 1x, https:\/\/i0.wp.com\/historiografija.hr\/wp-content\/uploads\/2017\/10\/hsozkult.png?fit=1006%2C241&ssl=1&resize=525%2C300 1.5x, https:\/\/i0.wp.com\/historiografija.hr\/wp-content\/uploads\/2017\/10\/hsozkult.png?fit=1006%2C241&ssl=1&resize=700%2C400 2x"},"classes":[]},{"id":52531,"url":"https:\/\/historiografija.hr\/?p=52531","url_meta":{"origin":15455,"position":1},"title":"Jonathan G. Leslie, \u201eFear and Insecurity: Israel and the Iran Threat Narrative\u201c","author":"Branimir Jankovi\u0107","date":"17. travnja 2026.","format":false,"excerpt":"Why is Israel\u2019s former ally Iran now perceived as the country\u2019s greatest threat? Description To observers of the Iran-Israel conflict, its vitriolic rhetoric might suggest an ancient hatred between Jews and Muslims\u2013a biblical feud dating back hundreds, or thousands, of years. But this rivalry is a far more modern development.\u2026","rel":"","context":"U &quot;Knjige&quot;","block_context":{"text":"Knjige","link":"https:\/\/historiografija.hr\/?cat=8"},"img":{"alt_text":"","src":"https:\/\/i0.wp.com\/historiografija.hr\/wp-content\/uploads\/2026\/04\/Leslie.jpg?fit=391%2C612&ssl=1&resize=350%2C200","width":350,"height":200},"classes":[]},{"id":52664,"url":"https:\/\/historiografija.hr\/?p=52664","url_meta":{"origin":15455,"position":2},"title":"CfP: CONFERENCE OF THE HISTORY OF CONCEPTS GROUP, HELSINKI, 19TH\u201321ST AUGUST 2026 (DEADLINE: 30TH APRIL 2026)","author":"Branimir Jankovi\u0107","date":"24. travnja 2026.","format":false,"excerpt":"The annual conference of the History of Concepts Group is held at the University of Helsinki, 19-21 August 2026. Conference of the History of Concepts Group Conceptual history studies the use of concepts and tries to understand how historical actors have linguistically articulated views of the world. Studying concepts from\u2026","rel":"","context":"U &quot;Novosti&quot;","block_context":{"text":"Novosti","link":"https:\/\/historiografija.hr\/?cat=3"},"img":{"alt_text":"","src":"https:\/\/i0.wp.com\/historiografija.hr\/wp-content\/uploads\/2017\/10\/hsozkult.png?fit=1006%2C241&ssl=1&resize=350%2C200","width":350,"height":200,"srcset":"https:\/\/i0.wp.com\/historiografija.hr\/wp-content\/uploads\/2017\/10\/hsozkult.png?fit=1006%2C241&ssl=1&resize=350%2C200 1x, https:\/\/i0.wp.com\/historiografija.hr\/wp-content\/uploads\/2017\/10\/hsozkult.png?fit=1006%2C241&ssl=1&resize=525%2C300 1.5x, https:\/\/i0.wp.com\/historiografija.hr\/wp-content\/uploads\/2017\/10\/hsozkult.png?fit=1006%2C241&ssl=1&resize=700%2C400 2x"},"classes":[]},{"id":52586,"url":"https:\/\/historiografija.hr\/?p=52586","url_meta":{"origin":15455,"position":3},"title":"Aur\u00e9lie Daher, \u201eHezbollah: Mobilisation and Power\u201c","author":"Branimir Jankovi\u0107","date":"22. travnja 2026.","format":false,"excerpt":"Morning Star \u2018Book of the Year\u2019 Social movement, liberation party or terrorist group? With Hezbollah\u2019s growing involvement in the war in Syria, this study of its impact on Lebanon, drawing heavily on first-hand interviews, could not be more timely. Description Almost forty years after its foundation, Hezbollah remains an enigma.\u2026","rel":"","context":"U &quot;Knjige&quot;","block_context":{"text":"Knjige","link":"https:\/\/historiografija.hr\/?cat=8"},"img":{"alt_text":"","src":"https:\/\/i0.wp.com\/historiografija.hr\/wp-content\/uploads\/2026\/04\/Daher-Hezbollah.jpg?fit=600%2C931&ssl=1&resize=350%2C200","width":350,"height":200,"srcset":"https:\/\/i0.wp.com\/historiografija.hr\/wp-content\/uploads\/2026\/04\/Daher-Hezbollah.jpg?fit=600%2C931&ssl=1&resize=350%2C200 1x, https:\/\/i0.wp.com\/historiografija.hr\/wp-content\/uploads\/2026\/04\/Daher-Hezbollah.jpg?fit=600%2C931&ssl=1&resize=525%2C300 1.5x"},"classes":[]},{"id":52516,"url":"https:\/\/historiografija.hr\/?p=52516","url_meta":{"origin":15455,"position":4},"title":"Marko Grde\u0161i\u0107, Mislav \u017ditko, \u201eSocialist Economics in Yugoslavia: A Critical History\u201c","author":"Branimir Jankovi\u0107","date":"17. travnja 2026.","format":false,"excerpt":"This book presents a critical history of Yugoslav socialist economics, from its inception in the late 1940s to its dissolution in the late 1980s. After the dramatic break with the Soviet Union in 1948, Yugoslavia found itself in urgent need of a third way: A socialist trajectory which would not\u2026","rel":"","context":"U &quot;Knjige&quot;","block_context":{"text":"Knjige","link":"https:\/\/historiografija.hr\/?cat=8"},"img":{"alt_text":"","src":"https:\/\/i0.wp.com\/historiografija.hr\/wp-content\/uploads\/2026\/04\/Zitko_Grdesic.jpg?fit=350%2C535&ssl=1&resize=350%2C200","width":350,"height":200},"classes":[]},{"id":52580,"url":"https:\/\/historiografija.hr\/?p=52580","url_meta":{"origin":15455,"position":5},"title":"Conference &#8220;Living in the aftermaths: Trauma, politics and survival in Yugoslavia and successor states, 1945 \u2013 present&#8221;","author":"Branimir Jankovi\u0107","date":"21. travnja 2026.","format":false,"excerpt":"The conference aims to explore how war-related psychological distress was experienced, narrated, debated and reframed in Yugoslavia in the second half of the twentieth century. It asks how the theme of wounded psyche and wartime suffering was addressed and acknowledged in political, psychiatric and broader cultural discourses of socialist Yugoslavia,\u2026","rel":"","context":"U &quot;Novosti&quot;","block_context":{"text":"Novosti","link":"https:\/\/historiografija.hr\/?cat=3"},"img":{"alt_text":"","src":"https:\/\/i0.wp.com\/historiografija.hr\/wp-content\/uploads\/2026\/04\/Battle_of_Neretva_Picasso_poster-Conference-Living-in-the-aftermaths.webp?fit=564%2C954&ssl=1&resize=350%2C200","width":350,"height":200,"srcset":"https:\/\/i0.wp.com\/historiografija.hr\/wp-content\/uploads\/2026\/04\/Battle_of_Neretva_Picasso_poster-Conference-Living-in-the-aftermaths.webp?fit=564%2C954&ssl=1&resize=350%2C200 1x, https:\/\/i0.wp.com\/historiografija.hr\/wp-content\/uploads\/2026\/04\/Battle_of_Neretva_Picasso_poster-Conference-Living-in-the-aftermaths.webp?fit=564%2C954&ssl=1&resize=525%2C300 1.5x"},"classes":[]}],"_links":{"self":[{"href":"https:\/\/historiografija.hr\/index.php?rest_route=\/wp\/v2\/posts\/15455","targetHints":{"allow":["GET"]}}],"collection":[{"href":"https:\/\/historiografija.hr\/index.php?rest_route=\/wp\/v2\/posts"}],"about":[{"href":"https:\/\/historiografija.hr\/index.php?rest_route=\/wp\/v2\/types\/post"}],"author":[{"embeddable":true,"href":"https:\/\/historiografija.hr\/index.php?rest_route=\/wp\/v2\/users\/2"}],"replies":[{"embeddable":true,"href":"https:\/\/historiografija.hr\/index.php?rest_route=%2Fwp%2Fv2%2Fcomments&post=15455"}],"version-history":[{"count":3,"href":"https:\/\/historiografija.hr\/index.php?rest_route=\/wp\/v2\/posts\/15455\/revisions"}],"predecessor-version":[{"id":15459,"href":"https:\/\/historiografija.hr\/index.php?rest_route=\/wp\/v2\/posts\/15455\/revisions\/15459"}],"wp:featuredmedia":[{"embeddable":true,"href":"https:\/\/historiografija.hr\/index.php?rest_route=\/wp\/v2\/media\/15456"}],"wp:attachment":[{"href":"https:\/\/historiografija.hr\/index.php?rest_route=%2Fwp%2Fv2%2Fmedia&parent=15455"}],"wp:term":[{"taxonomy":"category","embeddable":true,"href":"https:\/\/historiografija.hr\/index.php?rest_route=%2Fwp%2Fv2%2Fcategories&post=15455"},{"taxonomy":"post_tag","embeddable":true,"href":"https:\/\/historiografija.hr\/index.php?rest_route=%2Fwp%2Fv2%2Ftags&post=15455"}],"curies":[{"name":"wp","href":"https:\/\/api.w.org\/{rel}","templated":true}]}}