{"id":15405,"date":"2019-06-20T08:01:40","date_gmt":"2019-06-20T08:01:40","guid":{"rendered":"http:\/\/historiografija.hr\/?p=15405"},"modified":"2019-06-20T08:01:40","modified_gmt":"2019-06-20T08:01:40","slug":"conference-religion-as-emotion-knowledge-religious-knowledge-systems-and-emotions-from-the-18th-to-the-21st-century","status":"publish","type":"post","link":"https:\/\/historiografija.hr\/?p=15405","title":{"rendered":"Conference \u201cReligion as Emotion Knowledge: Religious Knowledge Systems and Emotions from the 18th to the 21st Century\u201d"},"content":{"rendered":"<p>Max-Planck-Institut f\u00fcr Bildungsforschung u Berlinu organizira 20. i 21. lipnja 2019. me\u0111unarodnu konferenciju koja nastoji povezati religijske studije s rastu\u0107im poljem povijesti emocija.<\/p>\n<p>&nbsp;<\/p>\n<p>&#8212;<\/p>\n<p>&nbsp;<\/p>\n<p><strong>Religion as Emotion Knowledge: Religious Knowledge Systems and Emotions from the 18th to the 21st Century <\/strong><\/p>\n<p>&nbsp;<\/p>\n<p>Conference at the Harnack House, Berlin<\/p>\n<p>20-21 June, 2019<\/p>\n<p>&nbsp;<\/p>\n<p>Organisers: Yaara Benger Alaluf and Julia Lieth<\/p>\n<p>&nbsp;<\/p>\n<p>Within the growing field of the history of emotions particular interest has been devoted to bodies of knowledge through which meanings and practices of emotions are produced and circulated. Studies of emotion knowledge range from theoretical discussions on its disposition (e.g. normative, praxeological) and its means of organization and circulation (e.g. law, cinema, children\u2019s books), to empirical cases of transformation in particular knowledge systems. Less attention has been given to the ways in which different emotion knowledge systems interact with and affect each other. Additionally, recent years have seen an increasing interest in the relation between religion and emotions. Much debate has been focused on &#8220;religious emotions&#8221; or on specific emotional states associated with faith and devotion as well as on the role of emotions in religious practices.<\/p>\n<p>&nbsp;<\/p>\n<p>Understanding religion as a particular system of emotion knowledge, this workshop follows a different path, concentrating on the ways in which religions cultivate and shape emotions in and beyond the religious, and vice versa, how emotions influence religions over time. Just as other aspects of religious faith and rituals, religious emotion knowledge is by no means uncontested or immune to outside influences and change. Quite the opposite: this knowledge might be transformed in time and space through specific developments, crises, and encounters with other religious, emotional, and socio-cultural contexts and knowledge systems. This workshop aims to explore such dynamics and enhance our understanding of the operation of religion as emotion knowledge. By doing so we hope that the workshop will help to develop tools for the broader study of historical change as an outcome of encounters, conflicts, and mutual influences between different emotion knowledge systems.<\/p>\n<p>&nbsp;<\/p>\n<p>On a theoretical and methodological level we are interested in exploring the potentiality of conceptualizing and operationalizing the notion of religion as a system of emotion knowledge. Possible questions that can be derived from these discussions include: Is emotion knowledge inherent to religion? How do religious sources inform and negotiate ideas about and practices of emotions? How do normative and praxeological forms of emotion knowledge production intersect? A second area of questions addresses the issue of goals and interests: are emotions in religion a means to an end or an end in itself? What can we learn from the role of emotions in religion about the concepts of rationality and irrationality? Finally, we should think critically about the notions of religion and secularity in relation to the emotional: should we conceptualize &#8220;religious emotions&#8221; in contrast to &#8220;secular emotions&#8221;, and if so, how do we deal with this dichotomy and the great variety of its (dis-)entanglement in space, time, and context, particularly when it comes to notions of &#8220;modernity&#8221;? Do processes of secularization and of spiritualization affect emotions (e.g. romantic love vs. the love of God)?<\/p>\n<p>&nbsp;<\/p>\n<p>The workshop will consist of four main sessions:<\/p>\n<p>Therapeutic cultures: This session will be dedicated to the interrelations between religiously-informed emotion knowledge and therapeutic ideas, concepts and practices, elucidating the similarities and contrasting aspects of these epistemologies. We could ask for example: What are the effects of medical notions of emotion on religious thought and vice versa? What historical conditions facilitate the translation of emotion from religious to therapeutic languages? How does the relation between religious and therapeutic emotion knowledges affect the notions of the individual and of the collective?<\/p>\n<p>The secular (?) state: This session explores the entanglement of the religious and the secular and engages with the multi-directional usages and functions of religious emotions within the state\u2019s normative frameworks. At stake will be questions about negotiations between the Church and the State as well as the mobilisation of individual and collective religious emotions in the attempt to ostensibly disentangle the religious and the secular and the emotional and the rational at particular moments in time. What kind of definitions and practices of religious emotions were at play and which purposes served their genesis?<\/p>\n<p>Economy: The main objective of this session will be to analyze the ways in which religious emotion knowledge (e.g. greed, benevolence, asceticism) and economic ideas, norms and practices (e.g. debt, charity) are co-informed. What role does emotion knowledge play in theological influences on economic thought? How does neoliberal emotion knowledge inform beliefs, practices and ethics of new-age and alternative spirituality institutions and their members? Hopefully the conversation will lead us to a better theorization of emotions as a variable in the historical relation between religion and economic thought on the one hand, and economic position, poverty or affluence on the other.<\/p>\n<p>(Ir)rationalities: The focus of this session will be the divide between the rational and the irrational and their multi-dimensional display in discourses as well as psycho-physiological experiences. Notions of the \u201ccorrect\u201d performance of religious emotions, their intensity and the appropriate degree of rationality underwent various transfigurations in time and space, which have been placed and shifted along the poles of praise and critique. To what extent does the induction of rational elements or their reconstruction into religious emotion practices correlate with ideas of modernity? How can we as historians fruitfully analyse the complexity of interrelations between faith and reason and the immanent but surely shifting notions of the emotional and the rational therein?<\/p>\n<p>&nbsp;<\/p>\n<p>Program:<\/p>\n<p><a href=\"https:\/\/www.mpib-berlin.mpg.de\/sites\/default\/files\/media\/pdf\/24\/program_religion_as_emotion_knowledge.pdf\">https:\/\/www.mpib-berlin.mpg.de\/sites\/default\/files\/media\/pdf\/24\/program_religion_as_emotion_knowledge.pdf<\/a><\/p>\n<p>&nbsp;<\/p>\n<p><a href=\"https:\/\/www.mpib-berlin.mpg.de\/de\/forschung\/geschichte-der-gefuehle\/konferenzen\/religion-as-emotion-knowledge\">https:\/\/www.mpib-berlin.mpg.de\/de\/forschung\/geschichte-der-gefuehle\/konferenzen\/religion-as-emotion-knowledge<\/a><\/p>\n<p>&nbsp;<\/p>\n<p>&nbsp;<\/p>\n","protected":false},"excerpt":{"rendered":"","protected":false},"author":2,"featured_media":15406,"comment_status":"open","ping_status":"open","sticky":false,"template":"","format":"standard","meta":{"_acf_changed":false,"jetpack_post_was_ever_published":false,"_jetpack_newsletter_access":"","_jetpack_dont_email_post_to_subs":false,"_jetpack_newsletter_tier_id":0,"_jetpack_memberships_contains_paywalled_content":false,"_jetpack_memberships_contains_paid_content":false,"footnotes":"","jetpack_publicize_message":"","jetpack_publicize_feature_enabled":true,"jetpack_social_post_already_shared":true,"jetpack_social_options":{"image_generator_settings":{"template":"highway","default_image_id":0,"font":"","enabled":false},"version":2}},"categories":[3,9],"tags":[],"class_list":["post-15405","post","type-post","status-publish","format-standard","has-post-thumbnail","hentry","category-novosti","category-skupovi"],"acf":{"facebook_opis":""},"jetpack_publicize_connections":[],"jetpack_featured_media_url":"https:\/\/i0.wp.com\/historiografija.hr\/wp-content\/uploads\/2019\/06\/religion.jpg?fit=225%2C225&ssl=1","jetpack_sharing_enabled":true,"jetpack-related-posts":[{"id":52664,"url":"https:\/\/historiografija.hr\/?p=52664","url_meta":{"origin":15405,"position":0},"title":"CfP: CONFERENCE OF THE HISTORY OF CONCEPTS GROUP, HELSINKI, 19TH\u201321ST AUGUST 2026 (DEADLINE: 30TH APRIL 2026)","author":"Branimir Jankovi\u0107","date":"24. travnja 2026.","format":false,"excerpt":"The annual conference of the History of Concepts Group is held at the University of Helsinki, 19-21 August 2026. Conference of the History of Concepts Group Conceptual history studies the use of concepts and tries to understand how historical actors have linguistically articulated views of the world. Studying concepts from\u2026","rel":"","context":"U &quot;Novosti&quot;","block_context":{"text":"Novosti","link":"https:\/\/historiografija.hr\/?cat=3"},"img":{"alt_text":"","src":"https:\/\/i0.wp.com\/historiografija.hr\/wp-content\/uploads\/2017\/10\/hsozkult.png?fit=1006%2C241&ssl=1&resize=350%2C200","width":350,"height":200,"srcset":"https:\/\/i0.wp.com\/historiografija.hr\/wp-content\/uploads\/2017\/10\/hsozkult.png?fit=1006%2C241&ssl=1&resize=350%2C200 1x, https:\/\/i0.wp.com\/historiografija.hr\/wp-content\/uploads\/2017\/10\/hsozkult.png?fit=1006%2C241&ssl=1&resize=525%2C300 1.5x, https:\/\/i0.wp.com\/historiografija.hr\/wp-content\/uploads\/2017\/10\/hsozkult.png?fit=1006%2C241&ssl=1&resize=700%2C400 2x"},"classes":[]},{"id":52580,"url":"https:\/\/historiografija.hr\/?p=52580","url_meta":{"origin":15405,"position":1},"title":"Conference &#8220;Living in the aftermaths: Trauma, politics and survival in Yugoslavia and successor states, 1945 \u2013 present&#8221;","author":"Branimir Jankovi\u0107","date":"21. travnja 2026.","format":false,"excerpt":"The conference aims to explore how war-related psychological distress was experienced, narrated, debated and reframed in Yugoslavia in the second half of the twentieth century. It asks how the theme of wounded psyche and wartime suffering was addressed and acknowledged in political, psychiatric and broader cultural discourses of socialist Yugoslavia,\u2026","rel":"","context":"U &quot;Novosti&quot;","block_context":{"text":"Novosti","link":"https:\/\/historiografija.hr\/?cat=3"},"img":{"alt_text":"","src":"https:\/\/i0.wp.com\/historiografija.hr\/wp-content\/uploads\/2026\/04\/Battle_of_Neretva_Picasso_poster-Conference-Living-in-the-aftermaths.webp?fit=564%2C954&ssl=1&resize=350%2C200","width":350,"height":200,"srcset":"https:\/\/i0.wp.com\/historiografija.hr\/wp-content\/uploads\/2026\/04\/Battle_of_Neretva_Picasso_poster-Conference-Living-in-the-aftermaths.webp?fit=564%2C954&ssl=1&resize=350%2C200 1x, https:\/\/i0.wp.com\/historiografija.hr\/wp-content\/uploads\/2026\/04\/Battle_of_Neretva_Picasso_poster-Conference-Living-in-the-aftermaths.webp?fit=564%2C954&ssl=1&resize=525%2C300 1.5x"},"classes":[]},{"id":52586,"url":"https:\/\/historiografija.hr\/?p=52586","url_meta":{"origin":15405,"position":2},"title":"Aur\u00e9lie Daher, \u201eHezbollah: Mobilisation and Power\u201c","author":"Branimir Jankovi\u0107","date":"22. travnja 2026.","format":false,"excerpt":"Morning Star \u2018Book of the Year\u2019 Social movement, liberation party or terrorist group? With Hezbollah\u2019s growing involvement in the war in Syria, this study of its impact on Lebanon, drawing heavily on first-hand interviews, could not be more timely. Description Almost forty years after its foundation, Hezbollah remains an enigma.\u2026","rel":"","context":"U &quot;Knjige&quot;","block_context":{"text":"Knjige","link":"https:\/\/historiografija.hr\/?cat=8"},"img":{"alt_text":"","src":"https:\/\/i0.wp.com\/historiografija.hr\/wp-content\/uploads\/2026\/04\/Daher-Hezbollah.jpg?fit=600%2C931&ssl=1&resize=350%2C200","width":350,"height":200,"srcset":"https:\/\/i0.wp.com\/historiografija.hr\/wp-content\/uploads\/2026\/04\/Daher-Hezbollah.jpg?fit=600%2C931&ssl=1&resize=350%2C200 1x, https:\/\/i0.wp.com\/historiografija.hr\/wp-content\/uploads\/2026\/04\/Daher-Hezbollah.jpg?fit=600%2C931&ssl=1&resize=525%2C300 1.5x"},"classes":[]},{"id":52622,"url":"https:\/\/historiografija.hr\/?p=52622","url_meta":{"origin":15405,"position":3},"title":"Annual CAPONEU conference: Political Novel in Europe Between Democracy and Authoritarianism","author":"Branimir Jankovi\u0107","date":"23. travnja 2026.","format":false,"excerpt":"Caponeu event 22.04.2026 - 24.04.2026 Location: The Faculty of Polish and Classical Philology AMU (Fredry 10, Pozna\u0144)Organized by: Tomasz Mizerkiewicz, Krystyna Pieni\u0105\u017cek-Markovi\u0107, Anna Gawarecka, Ewa Szperlik, Magda Potok, B\u0142a\u017cej Warkocki, Gerard Ronge (all Adam Mickiewicz University in Pozna\u0144)Contact: gerron@amu.edu.pl The Adam Mickiewicz University team, as part of the international CAPONEU\u2026","rel":"","context":"U &quot;Novosti&quot;","block_context":{"text":"Novosti","link":"https:\/\/historiografija.hr\/?cat=3"},"img":{"alt_text":"","src":"https:\/\/i0.wp.com\/historiografija.hr\/wp-content\/uploads\/2026\/04\/Caponeu-political-novel.jpg?fit=500%2C261&ssl=1&resize=350%2C200","width":350,"height":200},"classes":[]},{"id":52516,"url":"https:\/\/historiografija.hr\/?p=52516","url_meta":{"origin":15405,"position":4},"title":"Marko Grde\u0161i\u0107, Mislav \u017ditko, \u201eSocialist Economics in Yugoslavia: A Critical History\u201c","author":"Branimir Jankovi\u0107","date":"17. travnja 2026.","format":false,"excerpt":"This book presents a critical history of Yugoslav socialist economics, from its inception in the late 1940s to its dissolution in the late 1980s. After the dramatic break with the Soviet Union in 1948, Yugoslavia found itself in urgent need of a third way: A socialist trajectory which would not\u2026","rel":"","context":"U &quot;Knjige&quot;","block_context":{"text":"Knjige","link":"https:\/\/historiografija.hr\/?cat=8"},"img":{"alt_text":"","src":"https:\/\/i0.wp.com\/historiografija.hr\/wp-content\/uploads\/2026\/04\/Zitko_Grdesic.jpg?fit=350%2C535&ssl=1&resize=350%2C200","width":350,"height":200},"classes":[]}],"_links":{"self":[{"href":"https:\/\/historiografija.hr\/index.php?rest_route=\/wp\/v2\/posts\/15405","targetHints":{"allow":["GET"]}}],"collection":[{"href":"https:\/\/historiografija.hr\/index.php?rest_route=\/wp\/v2\/posts"}],"about":[{"href":"https:\/\/historiografija.hr\/index.php?rest_route=\/wp\/v2\/types\/post"}],"author":[{"embeddable":true,"href":"https:\/\/historiografija.hr\/index.php?rest_route=\/wp\/v2\/users\/2"}],"replies":[{"embeddable":true,"href":"https:\/\/historiografija.hr\/index.php?rest_route=%2Fwp%2Fv2%2Fcomments&post=15405"}],"version-history":[{"count":1,"href":"https:\/\/historiografija.hr\/index.php?rest_route=\/wp\/v2\/posts\/15405\/revisions"}],"predecessor-version":[{"id":15407,"href":"https:\/\/historiografija.hr\/index.php?rest_route=\/wp\/v2\/posts\/15405\/revisions\/15407"}],"wp:featuredmedia":[{"embeddable":true,"href":"https:\/\/historiografija.hr\/index.php?rest_route=\/wp\/v2\/media\/15406"}],"wp:attachment":[{"href":"https:\/\/historiografija.hr\/index.php?rest_route=%2Fwp%2Fv2%2Fmedia&parent=15405"}],"wp:term":[{"taxonomy":"category","embeddable":true,"href":"https:\/\/historiografija.hr\/index.php?rest_route=%2Fwp%2Fv2%2Fcategories&post=15405"},{"taxonomy":"post_tag","embeddable":true,"href":"https:\/\/historiografija.hr\/index.php?rest_route=%2Fwp%2Fv2%2Ftags&post=15405"}],"curies":[{"name":"wp","href":"https:\/\/api.w.org\/{rel}","templated":true}]}}