{"id":15353,"date":"2019-06-15T14:08:48","date_gmt":"2019-06-15T14:08:48","guid":{"rendered":"http:\/\/historiografija.hr\/?p=15353"},"modified":"2019-06-15T14:08:48","modified_gmt":"2019-06-15T14:08:48","slug":"izlozba-aleksandar-rodcenko-revolucija-u-fotografiji","status":"publish","type":"post","link":"https:\/\/historiografija.hr\/?p=15353","title":{"rendered":"Izlo\u017eba \u2013 Aleksandar Rod\u010denko: revolucija u fotografiji"},"content":{"rendered":"<p>Izlo\u017eba jednog od najzna\u010dajnijih fotografa i umjetnika ruske avangarde koja \u0107e prvi put hrvatskoj publici predstaviti vrhunske fotografije Aleksandra Rod\u010denka, otvara se u ponedjeljak, 17. lipnja 2019. u 19 sati Muzeju za umjetnost i obrt u Zagrebu.<\/p>\n<p>&nbsp;<\/p>\n<p>Izlo\u017eba jednog od najzna\u010dajnijih europskih fotografa i umjetnika uop\u0107e, dio je me\u0111uinstitucionalne suradnje Muzeja za umjetnost i obrt i Multimedijskog umjetni\u010dkog muzeja u Moskvi te dio programa Dana Moskve u Zagrebu.<\/p>\n<p>&nbsp;<\/p>\n<p><strong><em>Muzej za umjetnost i obrt s ponosom najavljuje izlo\u017ebu \u201eAleksandar Rod\u010denko: revolucija u fotografiji\u201c koja \u0107e biti otvorena 17. lipnja 2019. godine. Velika izlo\u017eba jednog od najzna\u010dajnijih fotografa ruske avangarde, ali i umjetnika uop\u0107e, organizirana je u suradnji s Multimedia Art Museum-om u Moskvi i po prvi put hrvatskoj publici predstavlja vi\u0161e od 150 remek-djela Aleksandra Rod\u010denka.<\/em><\/strong><\/p>\n<p><strong>\u00a0<\/strong><\/p>\n<p>Ruska avangarda dvadesetog stolje\u0107a jedinstven je fenomen ne samo za rusku nego i za svjetsku kulturu. Nevjerojatna kreativna energija koju su akumulirali umjetnici tog velikog doba i danas pru\u017ea inspiraciju umjetnicima kao i svima koji se bave umjetno\u0161\u0107u ruske secesije. Aleksandar Rod\u010denko nedvojbeno je jedan od glavnih pokreta\u010da kreativnih ideja i nositelj duhovne aure vremena. Slikarstvo, dizajn, kazali\u0161te, film, tipografija i fotografija, podru\u010dja su koje je radikalno transformirao mo\u0107an talent tog sna\u017enog i nao\u010ditog \u010dovjeka, i otvorio im nove putove razvoja.<\/p>\n<p>Rane 1920-e godine, bile su, prema rije\u010dima Viktora \u0160klovskog, jednog od najva\u017enijih kriti\u010dara i teoreti\u010dara toga vremena, \u201eprijelazno razdoblje\u201c, vrijeme u kojem je, premda nakratko, uspostavljen odnos izme\u0111u umjetni\u010dkog i dru\u0161tvenog eksperimenta. Upravo u to vrijeme, to\u010dnije 1924. godine, na fotografsku scenu stupa tada ve\u0107 etablirani umjetnik Aleksandar Rod\u010denko sa sloganom \u201cna\u0161a du\u017enost je eksperimentirati\u201d kao mi\u0161lju vodiljom svoje estetike<a href=\"#_ftn1\">[1]<\/a>. Posljedica tog utjecaja je temeljna promjena poimanja prirode fotografskog medija kao i uloge fotografa. U fotografiju se uvodi konceptualno razmi\u0161ljanje. Umjesto odraza stvarnosti, fotografija postaje sredstvom vizualnog predstavljanja dinami\u010dnih intelektualnih konstrukcija.<\/p>\n<p>Rod\u010denko je uveo ideale konstruktivizma u fotografiju te razvio postupke i alate za njihovu primjenu. Njegove metode \u0161irile su se brzo, koristili su ih u\u010denici i njegovi istomi\u0161ljenici, ali i estetski i politi\u010dki rivali \u201eRod\u010denkova metoda\u201c \u2013 uklju\u010divala je dijagonalnu kompoziciju, koju je on popularizirao, perspektivna skra\u0107enja i sli\u010dne postupke. No, sama njezina primjena nije garantirala umjetni\u010dku dimenziju rada. Rod\u010denkove fotografske metode bile su i osporavane, ne samo i ne toliko zbog formalnih elemenata zbog kojih je bio o\u0161tro kritiziran, ve\u0107 i zbog romanti\u010darskih zna\u010dajki koje je njegov rad imao ve\u0107 u studentskim danima. Dovoljno je prisjetiti se izmi\u0161ljenog sadr\u017eaja pisama koje je slao Varvari Stepanovoj u prvim godinama poznanstva. Takvo romanti\u010dno shva\u0107anje, koje mu je usa\u0111eno u djetinjstvu provedenom iza pozornice kazali\u0161ta u kojem mu je radio otac, transformirano je u sna\u017ean utopisti\u010dki stav Rod\u010denka kao konstruktivista, koji je vjerovao u mogu\u0107nost pozitivne promjene svijeta i \u010dovje\u010danstva.<\/p>\n<p>U razdoblju 1920-ih godina, Rod\u010denko je svakom sljede\u0107om fotografskom serijom postavljao nove zadatke te pisao manifeste o tome kakvi bi fotografija i \u017eivot trebali biti nakon transformacije prema konstruktivisti\u010dkim umjetni\u010dkim na\u010delima. Iscrpljen kritikom i osudama tijekom, a naro\u010dito krajem 1930-ih godina, poku\u0161ao je analizirati \u017eivot i umjetni\u010dke prakse, uklju\u010duju\u0107i i svoje, \u010diji je razvoj u najve\u0107oj mjeri odredila estetika socijalnog realizma. Zanimljivo je, kako je u cijeloj povijesti ruske fotografije prve polovice dvadesetog stolje\u0107a, Aleksandar Rod\u010denko jedina osoba, koja je zahvaljuju\u0107i objavljenim \u010dlancima i dnevnicima, ostavila jedinstvena svjedo\u010danstva, umjetni\u010dke refleksije fotografa-mislioca koji je svjedo\u010dio povijesnim kataklizmama, koje su u njemu potaknule tragi\u010dan sukob izme\u0111u svjesnih pretpostavki i podsvjesnog poriva za stvaranjem.<\/p>\n<p>Umoran od u\u010destalih revolucionarnih promjena koje su proizvele stvarnost daleko od ideala koji su inspirirali njegovo rano umjetni\u010dko razdoblje, zapisao je u svoj dnevnik 12. velja\u010de 1943. godine: \u201eUmjetnost treba biti u slu\u017ebi \u010dovjeka, me\u0111utim ljudi su vo\u0111eni bog zna kamo. Ja \u017eelim voditi ljude k umjetnosti, a ne koristiti umjetnost kao sredstvo da ih odvedem negdje drugdje. Jesam li ro\u0111en prerano ili prekasno? Umjetnost mora biti odvojena od politike\u2026\u201c<a href=\"#_ftn1\">[1]<\/a>.<\/p>\n<p>U posljednjim godinama svoga \u017eivota, izdan od prijatelja i u\u010denika, usprkos oduzetom pravu na rad i zara\u0111ivanje ili sudjelovanje na izlo\u017ebama, izba\u010den iz Saveza umjetnika i vrlo lo\u0161eg zdravlja, Rod\u010denko je bio sretan \u010dovjek. Imao je obitelj: prijateljicu i suborkinju Varvaru Stepanovu, k\u0107er Varvaru Rod\u010denko, njezinog supruga Nikolaia Lavrentieva te unuka Aleksandra Lavrentieva s obitelji. Bili su mala, ali vrlo povezana obitelj puna kreativne energije. Da nije bilo te obitelji, prvi muzej fotografije u Rusiji, <em>Ku\u0107a fotografije u Moskvi,<\/em> mo\u017eda nikad ne bi bio utemeljen. U Rod\u010denkovoj ku\u0107i, zajedno s Rod\u010denkovom obitelji, otkrili smo i prou\u010davali povijest ruske fotografije, koja bi bila nezamisliva bez Aleksandra Mihailovi\u010da Rod\u010denka.<\/p>\n<p><em>Olga Sviblova<\/em><\/p>\n<p>&nbsp;<\/p>\n<p><a href=\"#_ftnref1\">[1]<\/a> \u0410\u043b\u0435\u043a\u0441\u0430\u043d\u0434\u0440 \u0420\u043e\u0434\u0447\u0435\u043d\u043a\u043e. \u041e\u043f\u044b\u0442\u044b \u0434\u043b\u044f \u0431\u0443\u0434\u0443\u0449\u0435\u0433\u043e. \u041c., 1996. \u0421. 199\u2013200; Aleksander Rodchenko. <em>Experiments for the Future. <\/em>New York, MoMA, 2005.<\/p>\n<p>&nbsp;<\/p>\n<p>Izvor: <a href=\"https:\/\/www.muo.hr\/blog\/2019\/06\/10\/aleksandar-rodcenko-revolucija-u-fotografiji\/\">https:\/\/www.muo.hr\/blog\/2019\/06\/10\/aleksandar-rodcenko-revolucija-u-fotografiji\/<\/a><\/p>\n<p>&nbsp;<\/p>\n<p>&nbsp;<\/p>\n","protected":false},"excerpt":{"rendered":"","protected":false},"author":2,"featured_media":15354,"comment_status":"open","ping_status":"open","sticky":false,"template":"","format":"standard","meta":{"_acf_changed":false,"jetpack_post_was_ever_published":false,"_jetpack_newsletter_access":"","_jetpack_dont_email_post_to_subs":false,"_jetpack_newsletter_tier_id":0,"_jetpack_memberships_contains_paywalled_content":false,"_jetpack_memberships_contains_paid_content":false,"footnotes":"","jetpack_publicize_message":"","jetpack_publicize_feature_enabled":true,"jetpack_social_post_already_shared":true,"jetpack_social_options":{"image_generator_settings":{"template":"highway","default_image_id":0,"font":"","enabled":false},"version":2}},"categories":[10,3],"tags":[],"class_list":["post-15353","post","type-post","status-publish","format-standard","has-post-thumbnail","hentry","category-izlozbe","category-novosti"],"acf":{"facebook_opis":""},"jetpack_publicize_connections":[],"jetpack_featured_media_url":"https:\/\/i0.wp.com\/historiografija.hr\/wp-content\/uploads\/2019\/06\/2.jpg?fit=619%2C924&ssl=1","jetpack_sharing_enabled":true,"jetpack-related-posts":[{"id":52760,"url":"https:\/\/historiografija.hr\/?p=52760","url_meta":{"origin":15353,"position":0},"title":"Izlo\u017eba \u201cLo\u0161injski brodovi, njihove zastave i ljudi\u201d, 4. svibnja u 19h","author":"Filip \u0160imunjak","date":"30. travnja 2026.","format":false,"excerpt":"Hrvatski pomorski muzej Split, Glagolja\u0161a 18 (Tvr\u0111ava Gripe) Nakon \u0161to je u rujnu 2025. godine na otoku Lo\u0161inju, u suradnji Lo\u0161injskog muzeja i Hrvatskog pomorskog muzeja Split, predstavljena izlo\u017eba posve\u0107ena bogatoj pomorskoj ba\u0161tini otoka, njezino pro\u0161ireno izdanje postavlja se u Splitu. Uo\u010di blagdana svetog Dujma splitskoj \u0107e se publici predstaviti\u2026","rel":"","context":"U &quot;Izlo\u017ebe&quot;","block_context":{"text":"Izlo\u017ebe","link":"https:\/\/historiografija.hr\/?cat=10"},"img":{"alt_text":"","src":"https:\/\/i0.wp.com\/historiografija.hr\/wp-content\/uploads\/2026\/04\/Losinjski-brodovi-Izlozba-1-scaled.webp?fit=840%2C1200&ssl=1&resize=350%2C200","width":350,"height":200,"srcset":"https:\/\/i0.wp.com\/historiografija.hr\/wp-content\/uploads\/2026\/04\/Losinjski-brodovi-Izlozba-1-scaled.webp?fit=840%2C1200&ssl=1&resize=350%2C200 1x, https:\/\/i0.wp.com\/historiografija.hr\/wp-content\/uploads\/2026\/04\/Losinjski-brodovi-Izlozba-1-scaled.webp?fit=840%2C1200&ssl=1&resize=525%2C300 1.5x, https:\/\/i0.wp.com\/historiografija.hr\/wp-content\/uploads\/2026\/04\/Losinjski-brodovi-Izlozba-1-scaled.webp?fit=840%2C1200&ssl=1&resize=700%2C400 2x"},"classes":[]},{"id":52505,"url":"https:\/\/historiografija.hr\/?p=52505","url_meta":{"origin":15353,"position":1},"title":"Izlo\u017eba &#8220;Eschenstock \/ Jasenov prut&#8221;","author":"Branimir Jankovi\u0107","date":"17. travnja 2026.","format":false,"excerpt":"Srpsko narodno vije\u0107e (SNV) i Vizura aperta postavljaju izlo\u017ebu \u0161vicarskog slikara Velimira Ili\u0161evi\u0107a: Eschenstock \/ Jasenov prut. Izlo\u017eba se uz prisustvo autora otvara povodom 81. godi\u0161njice proboja logora\u0161a iz usta\u0161kog logora smrti Jasenovac 22. aprila 2026. u 19 sati u Srpskom kulturnom centru (SKC) u Preradovi\u0107evoj ulici 21 u Zagrebu.\u2026","rel":"","context":"U &quot;Izlo\u017ebe&quot;","block_context":{"text":"Izlo\u017ebe","link":"https:\/\/historiografija.hr\/?cat=10"},"img":{"alt_text":"","src":"https:\/\/i0.wp.com\/historiografija.hr\/wp-content\/uploads\/2026\/04\/Jasenov_prut.jpg?fit=1024%2C640&ssl=1&resize=350%2C200","width":350,"height":200,"srcset":"https:\/\/i0.wp.com\/historiografija.hr\/wp-content\/uploads\/2026\/04\/Jasenov_prut.jpg?fit=1024%2C640&ssl=1&resize=350%2C200 1x, https:\/\/i0.wp.com\/historiografija.hr\/wp-content\/uploads\/2026\/04\/Jasenov_prut.jpg?fit=1024%2C640&ssl=1&resize=525%2C300 1.5x, https:\/\/i0.wp.com\/historiografija.hr\/wp-content\/uploads\/2026\/04\/Jasenov_prut.jpg?fit=1024%2C640&ssl=1&resize=700%2C400 2x"},"classes":[]},{"id":52511,"url":"https:\/\/historiografija.hr\/?p=52511","url_meta":{"origin":15353,"position":2},"title":"Izlo\u017eba &#8220;Lica Sljemena&#8221;","author":"Branimir Jankovi\u0107","date":"17. travnja 2026.","format":false,"excerpt":"Srda\u010dno vas pozivamo na otvorenje izlo\u017ebe Lica Sljemena koje \u0107e se odr\u017eati u srijedu 22. travnja 2026. u 18 h ispred Muzeja Prigorja (Trg Dragutina Domjani\u0107a 5, Sesvete). Izlo\u017eba proizlazi iz istra\u017eivanja Nevene \u0160krbi\u0107 Alempijevi\u0107, Petre Kelemen i Sanje Potkonjak te intervjua sa Sljemena\u0161icama i Sljemena\u0161ima, koji su provedeni u\u2026","rel":"","context":"U &quot;Izlo\u017ebe&quot;","block_context":{"text":"Izlo\u017ebe","link":"https:\/\/historiografija.hr\/?cat=10"},"img":{"alt_text":"","src":"https:\/\/i0.wp.com\/historiografija.hr\/wp-content\/uploads\/2026\/04\/Izlozba-Lica-Sljemena.png?fit=1080%2C686&ssl=1&resize=350%2C200","width":350,"height":200,"srcset":"https:\/\/i0.wp.com\/historiografija.hr\/wp-content\/uploads\/2026\/04\/Izlozba-Lica-Sljemena.png?fit=1080%2C686&ssl=1&resize=350%2C200 1x, https:\/\/i0.wp.com\/historiografija.hr\/wp-content\/uploads\/2026\/04\/Izlozba-Lica-Sljemena.png?fit=1080%2C686&ssl=1&resize=525%2C300 1.5x, https:\/\/i0.wp.com\/historiografija.hr\/wp-content\/uploads\/2026\/04\/Izlozba-Lica-Sljemena.png?fit=1080%2C686&ssl=1&resize=700%2C400 2x, https:\/\/i0.wp.com\/historiografija.hr\/wp-content\/uploads\/2026\/04\/Izlozba-Lica-Sljemena.png?fit=1080%2C686&ssl=1&resize=1050%2C600 3x"},"classes":[]},{"id":52666,"url":"https:\/\/historiografija.hr\/?p=52666","url_meta":{"origin":15353,"position":3},"title":"Najava programa Festivala povijesti Kliofest (5-8. V. 2026)","author":"Branimir Jankovi\u0107","date":"24. travnja 2026.","format":false,"excerpt":"Po trinaesti put odr\u017eava se Festival povijesti Kliofest! Do petka \u0107emo odr\u017eati osam okruglih stolova i dva kolokvija te niz predstavljanja knjiga i projekata razli\u010dite tematike, od antike do suvremenosti. Bit \u0107e predstavljeno i nekoliko izlo\u017ebi te odr\u017ean jedan povijesni kviz. Prikazat \u0107emo i jedan film \u2013 o generalu Boroevi\u0107u.\u2026","rel":"","context":"U &quot;Novosti&quot;","block_context":{"text":"Novosti","link":"https:\/\/historiografija.hr\/?cat=3"},"img":{"alt_text":"","src":"https:\/\/i0.wp.com\/historiografija.hr\/wp-content\/uploads\/2026\/04\/Kliofest-2026.jpg?fit=526%2C526&ssl=1&resize=350%2C200","width":350,"height":200,"srcset":"https:\/\/i0.wp.com\/historiografija.hr\/wp-content\/uploads\/2026\/04\/Kliofest-2026.jpg?fit=526%2C526&ssl=1&resize=350%2C200 1x, https:\/\/i0.wp.com\/historiografija.hr\/wp-content\/uploads\/2026\/04\/Kliofest-2026.jpg?fit=526%2C526&ssl=1&resize=525%2C300 1.5x"},"classes":[]},{"id":52575,"url":"https:\/\/historiografija.hr\/?p=52575","url_meta":{"origin":15353,"position":4},"title":"Izlo\u017eba dje\u010djih radova \u201cU po\u010detku bija\u0161e crte\u017e\u2026\u201d","author":"Branimir Jankovi\u0107","date":"21. travnja 2026.","format":false,"excerpt":"U subotu, 25. travnja 2026. u 11 sati u Galeriji Klovi\u0107evi dvori sve\u010dano otvaramo izlo\u017ebu dje\u010djih radova pod nazivom U po\u010detku bija\u0161e crte\u017e\u2026 Radovi su nastali u sklopu likovnih radionica uz izlo\u017ebu U po\u010detku bija\u0161e kraljevstvo \u2013 izlo\u017eba povodom 1100 godina Hrvatskoga Kraljevstva. Na brojnim likovnim radionicama, uz \u0161kolsku djecu,\u2026","rel":"","context":"U &quot;Izlo\u017ebe&quot;","block_context":{"text":"Izlo\u017ebe","link":"https:\/\/historiografija.hr\/?cat=10"},"img":{"alt_text":"","src":"https:\/\/i0.wp.com\/historiografija.hr\/wp-content\/uploads\/2025\/10\/Klovicevi_sluzbeni-plakat.png?fit=840%2C1200&ssl=1&resize=350%2C200","width":350,"height":200,"srcset":"https:\/\/i0.wp.com\/historiografija.hr\/wp-content\/uploads\/2025\/10\/Klovicevi_sluzbeni-plakat.png?fit=840%2C1200&ssl=1&resize=350%2C200 1x, https:\/\/i0.wp.com\/historiografija.hr\/wp-content\/uploads\/2025\/10\/Klovicevi_sluzbeni-plakat.png?fit=840%2C1200&ssl=1&resize=525%2C300 1.5x, https:\/\/i0.wp.com\/historiografija.hr\/wp-content\/uploads\/2025\/10\/Klovicevi_sluzbeni-plakat.png?fit=840%2C1200&ssl=1&resize=700%2C400 2x"},"classes":[]},{"id":52633,"url":"https:\/\/historiografija.hr\/?p=52633","url_meta":{"origin":15353,"position":5},"title":"POVIJEST TRE\u0160NJEVA\u010cKE GLAZBE: prikupljanje virtualnog fundusa Muzeja susjedstva Tre\u0161njevka","author":"Branimir Jankovi\u0107","date":"23. travnja 2026.","format":false,"excerpt":"utorak 28. 4. 2026. 14 - 18 h Nova BAZA, Nova cesta 66, Zagreb Prvi su dani ljeta 1957. godine. Bo\u017eica Kalafati\u0107 poha\u0111a drugi razred Osnovne \u0161kole Bratstvo i jedinstvo, danas kralja Tomislava, a ide i na muzi\u010dke satove u Mo\u0161\u0107eni\u010dkoj ulici. Na fotografiji s harmonikom u rukama stoji u\u2026","rel":"","context":"U &quot;Novosti&quot;","block_context":{"text":"Novosti","link":"https:\/\/historiografija.hr\/?cat=3"},"img":{"alt_text":"","src":"https:\/\/i0.wp.com\/historiografija.hr\/wp-content\/uploads\/2026\/04\/MST_prikupljanje.jpg?fit=380%2C475&ssl=1&resize=350%2C200","width":350,"height":200},"classes":[]}],"_links":{"self":[{"href":"https:\/\/historiografija.hr\/index.php?rest_route=\/wp\/v2\/posts\/15353","targetHints":{"allow":["GET"]}}],"collection":[{"href":"https:\/\/historiografija.hr\/index.php?rest_route=\/wp\/v2\/posts"}],"about":[{"href":"https:\/\/historiografija.hr\/index.php?rest_route=\/wp\/v2\/types\/post"}],"author":[{"embeddable":true,"href":"https:\/\/historiografija.hr\/index.php?rest_route=\/wp\/v2\/users\/2"}],"replies":[{"embeddable":true,"href":"https:\/\/historiografija.hr\/index.php?rest_route=%2Fwp%2Fv2%2Fcomments&post=15353"}],"version-history":[{"count":1,"href":"https:\/\/historiografija.hr\/index.php?rest_route=\/wp\/v2\/posts\/15353\/revisions"}],"predecessor-version":[{"id":15355,"href":"https:\/\/historiografija.hr\/index.php?rest_route=\/wp\/v2\/posts\/15353\/revisions\/15355"}],"wp:featuredmedia":[{"embeddable":true,"href":"https:\/\/historiografija.hr\/index.php?rest_route=\/wp\/v2\/media\/15354"}],"wp:attachment":[{"href":"https:\/\/historiografija.hr\/index.php?rest_route=%2Fwp%2Fv2%2Fmedia&parent=15353"}],"wp:term":[{"taxonomy":"category","embeddable":true,"href":"https:\/\/historiografija.hr\/index.php?rest_route=%2Fwp%2Fv2%2Fcategories&post=15353"},{"taxonomy":"post_tag","embeddable":true,"href":"https:\/\/historiografija.hr\/index.php?rest_route=%2Fwp%2Fv2%2Ftags&post=15353"}],"curies":[{"name":"wp","href":"https:\/\/api.w.org\/{rel}","templated":true}]}}