{"id":15301,"date":"2019-06-13T18:30:34","date_gmt":"2019-06-13T18:30:34","guid":{"rendered":"http:\/\/historiografija.hr\/?p=15301"},"modified":"2019-06-13T18:30:34","modified_gmt":"2019-06-13T18:30:34","slug":"framing-the-nation-and-collective-identities-political-rituals-and-cultural-memory-of-the-twentieth-century-traumas-in-croatia","status":"publish","type":"post","link":"https:\/\/historiografija.hr\/?p=15301","title":{"rendered":"Framing the Nation and Collective Identities: Political Rituals and Cultural Memory of the Twentieth-Century Traumas in Croatia"},"content":{"rendered":"<p>Na predstoje\u0107em ASEEES kongresu diskutirat \u0107e se i o novoobjavljenom zborniku \u201eFraming the Nation and Collective Identities: Political Rituals and Cultural Memory of the Twentieth-Century Traumas in Croatia\u201c koji su uredili Vjeran Pavlakovi\u0107 i Davor Paukovi\u0107 (Routledge, 2019, 246 str.)<\/p>\n<p>&nbsp;<\/p>\n<p>&#8212;<\/p>\n<p>&nbsp;<\/p>\n<p>2019 <strong>ASEEES<\/strong> Summer Convention (Zagreb, 14-16 June 2019)<\/p>\n<p>&nbsp;<\/p>\n<p><a href=\"https:\/\/www.aseees.org\/summer-convention\/program\">https:\/\/www.aseees.org\/summer-convention\/program<\/a><\/p>\n<p>&nbsp;<\/p>\n<p>&#8212;<\/p>\n<p>&nbsp;<\/p>\n<p><strong>Framing the Nation and Collective Identities<\/strong><\/p>\n<p><strong>Political Rituals and Cultural Memory of the Twentieth-Century Traumas in Croatia<\/strong><\/p>\n<p>Edited by Vjeran Pavlakovi\u0107, Davor Paukovi\u0107<\/p>\n<p>Routledge<\/p>\n<p>2019<\/p>\n<p>246 pages<\/p>\n<p>&nbsp;<\/p>\n<p><strong>Description<\/strong><\/p>\n<p>This book analyzes top-down and bottom-up strategies of framing the nation and collective identities through commemorative practices relating to events from the Second World War and the 1990s &#8220;Homeland War&#8221; in Croatia. With attention to media representations of commemorative events and opinion poll data, it draws on interviews and participant observation at commemorative events to focus on the speeches of political elites, together with the speeches of opposition politicians and other social actors (such as the Catholic Church, anti-fascist organizations and war veterans\u2019 and victims\u2019 organizations) who challenge official narratives. Offering innovative approaches to researching and analyzing commemorative practices in post-conflict societies, this examination of a nation\u2019s transition from a Yugoslav republic to an independent state \u2013 and now the newest member of the European Union \u2013 constitutes a unique case study for scholars of cultural memory and identity politics interested in the production and representation of national identities in official narratives.<\/p>\n<p>&nbsp;<\/p>\n<p><strong>Table of Contents<\/strong><\/p>\n<p>Framing the Nation: An Introduction to Commemorative Culture in Croatia<\/p>\n<p><em>Vjeran Pavlakovi\u0107 and Davor Paukovi\u0107<\/em><\/p>\n<p><strong>Part 1: Socio-Cultural, Philosophical and Linguistic Approaches to Croatia&#8217;s Commemorative Culture <\/strong><\/p>\n<ol>\n<li>Sociocultural and Ideological Determinants of Memory Culture in Croatian Society<\/li>\n<\/ol>\n<p><em>Pero Maldini<\/em><\/p>\n<ol start=\"2\">\n<li>A Contemporary Philosophical Perspective on Cultural Memory in Croatia<\/li>\n<\/ol>\n<p><em>Renato Stankovi\u0107<\/em><\/p>\n<ol start=\"3\">\n<li>An Ontological and Constructional Approach to the Discourse Analysis of the Commemorative Speeches in Croatia<\/li>\n<\/ol>\n<p><em>Benedikt Perak<\/em><\/p>\n<p><strong>Part 2: The Second World War Commemorations: Contested Sites of the Shared Past?<\/strong><\/p>\n<ol start=\"4\">\n<li>Framing the Narrative About Communist Crimes in Croatia: Bleiburg and Jazovka<\/li>\n<\/ol>\n<p><em>Davor Paukovi\u0107<\/em><\/p>\n<ol start=\"5\">\n<li>Contested Sites and Fragmented Narratives: Jasenovac and Disruptions in Croatia\u2019s Commemorative Culture<\/li>\n<\/ol>\n<p><em>Vjeran Pavlakovi\u0107<\/em><\/p>\n<p><strong>Part 3: The Homeland War Commemorations<\/strong><\/p>\n<ol start=\"6\">\n<li>Heroes at the Margins: Veterans, Elites and the Narrative of War<\/li>\n<\/ol>\n<p><em>Ivor Sokoli\u0107<\/em><\/p>\n<ol start=\"7\">\n<li>Ambassadors of Memory: &#8220;Honouring the Homeland War&#8221; in Croatian Sport<\/li>\n<\/ol>\n<p><em>Dario Brentin<\/em><\/p>\n<ol start=\"8\">\n<li>Remembering the Hague: The Impact of International Criminal Justice on Memory Practices in Croatia<\/li>\n<\/ol>\n<p><em>Ana Ljubojevi\u0107<\/em><\/p>\n<ol start=\"9\">\n<li>Filling Voids with Memories: Commemorative Rituals andMemorial Landscape in Post-War Vukovar<\/li>\n<\/ol>\n<p><em>Tamara Banjeglav<\/em><\/p>\n<p><strong>Part 4: Transnational Dimensions of Memory<\/strong><\/p>\n<ol start=\"10\">\n<li>Homeland Celebrations Far Away from Home: The Case of the Croatian Diaspora in Argentina<\/li>\n<\/ol>\n<p><em>Nikolina \u017didek<\/em><\/p>\n<ol start=\"11\">\n<li>European Commemoration of Vukovar: Shared Memory or Joint Remembrance?<\/li>\n<\/ol>\n<p><em>Ana Milo\u0161evi\u0107<\/em><\/p>\n<p>&nbsp;<\/p>\n<p><strong>About the Editors<\/strong><\/p>\n<p><strong>Vjeran Pavlakovic<\/strong> is Associate Professor in the Department of Cultural Studies at the University of Rijeka, Croatia. He received his PhD in history in 2005 from the University of Washington and has published articles on cultural memory, transitional justice in the former Yugoslavia and the Spanish Civil War. His recent publications include <em>Yugoslav Volunteers in the Spanish Civil War <\/em>(2016) and &#8220;Monumental Narratives: Memorials and Memory Politics of the Croatian Homeland War&#8221; in <em>In Memoriam Republika Hrvatska <\/em>(2017). He is also the lead researcher on the project <em>Framing the Nation and Collective Identity in Croatia: Political Rituals and the Cultural Memory of Twentieth Century Traumas <\/em>funded by the Croatian Science Foundation.<\/p>\n<p><strong>Davor Paukovic <\/strong>is Associate Professor in the Department of Mass Communication at the University of Dubrovnik, Croatia. He received his PhD in contemporary history in 2010 from the University of Zagreb. He teaches courses in contemporary Croatian and world history. He has published five edited volumes and a dozen articles on political transition in Croatia, dealing with the past, dissolution of Yugoslavia, the Serb minority in Croatia and Serbo-Croatian relations. He is currently editor in chief of the international journal <em>Contemporary Issues <\/em>and a researcher on the project <em>Framing the Nation and Collective Identity in Croatia: Political Rituals and the Cultural Memory of Twentieth Century Traumas <\/em>funded by the Croatian Science Foundation. His recent publications include <em>Croatia and the European Union: Changes and Development <\/em>(2016).<\/p>\n<p>&nbsp;<\/p>\n<p><a href=\"https:\/\/www.routledge.com\/Framing-the-Nation-and-Collective-Identities-Political-Rituals-and-Cultural\/Pavlakovic-Paukovic\/p\/book\/9781138504011\">https:\/\/www.routledge.com\/Framing-the-Nation-and-Collective-Identities-Political-Rituals-and-Cultural\/Pavlakovic-Paukovic\/p\/book\/9781138504011<\/a><\/p>\n<p>&nbsp;<\/p>\n<p>&#8212;<\/p>\n<p>&nbsp;<\/p>\n<p><strong>Iz medija:<\/strong><\/p>\n<p>&nbsp;<\/p>\n<p><a href=\"http:\/\/hr.n1info.com\/Vijesti\/a401661\/Bleiburg-nisu-samo-zrtve-nego-i-sredstvo-za-politicke-obracune.html\">http:\/\/hr.n1info.com\/Vijesti\/a401661\/Bleiburg-nisu-samo-zrtve-nego-i-sredstvo-za-politicke-obracune.html<\/a><\/p>\n<p>&nbsp;<\/p>\n<p>&nbsp;<\/p>\n","protected":false},"excerpt":{"rendered":"","protected":false},"author":2,"featured_media":15302,"comment_status":"open","ping_status":"open","sticky":false,"template":"","format":"standard","meta":{"_acf_changed":false,"jetpack_post_was_ever_published":false,"_jetpack_newsletter_access":"","_jetpack_dont_email_post_to_subs":false,"_jetpack_newsletter_tier_id":0,"_jetpack_memberships_contains_paywalled_content":false,"_jetpack_memberships_contains_paid_content":false,"footnotes":"","jetpack_publicize_message":"","jetpack_publicize_feature_enabled":true,"jetpack_social_post_already_shared":true,"jetpack_social_options":{"image_generator_settings":{"template":"highway","default_image_id":0,"font":"","enabled":false},"version":2}},"categories":[8,3],"tags":[],"class_list":["post-15301","post","type-post","status-publish","format-standard","has-post-thumbnail","hentry","category-knjige","category-novosti"],"acf":{"facebook_opis":""},"jetpack_publicize_connections":[],"jetpack_featured_media_url":"https:\/\/i0.wp.com\/historiografija.hr\/wp-content\/uploads\/2019\/06\/Nation.jpg?fit=281%2C425&ssl=1","jetpack_sharing_enabled":true,"jetpack-related-posts":[{"id":52580,"url":"https:\/\/historiografija.hr\/?p=52580","url_meta":{"origin":15301,"position":0},"title":"Conference &#8220;Living in the aftermaths: Trauma, politics and survival in Yugoslavia and successor states, 1945 \u2013 present&#8221;","author":"Branimir Jankovi\u0107","date":"21. travnja 2026.","format":false,"excerpt":"The conference aims to explore how war-related psychological distress was experienced, narrated, debated and reframed in Yugoslavia in the second half of the twentieth century. It asks how the theme of wounded psyche and wartime suffering was addressed and acknowledged in political, psychiatric and broader cultural discourses of socialist Yugoslavia,\u2026","rel":"","context":"U &quot;Novosti&quot;","block_context":{"text":"Novosti","link":"https:\/\/historiografija.hr\/?cat=3"},"img":{"alt_text":"","src":"https:\/\/i0.wp.com\/historiografija.hr\/wp-content\/uploads\/2026\/04\/Battle_of_Neretva_Picasso_poster-Conference-Living-in-the-aftermaths.webp?fit=564%2C954&ssl=1&resize=350%2C200","width":350,"height":200,"srcset":"https:\/\/i0.wp.com\/historiografija.hr\/wp-content\/uploads\/2026\/04\/Battle_of_Neretva_Picasso_poster-Conference-Living-in-the-aftermaths.webp?fit=564%2C954&ssl=1&resize=350%2C200 1x, https:\/\/i0.wp.com\/historiografija.hr\/wp-content\/uploads\/2026\/04\/Battle_of_Neretva_Picasso_poster-Conference-Living-in-the-aftermaths.webp?fit=564%2C954&ssl=1&resize=525%2C300 1.5x"},"classes":[]},{"id":52516,"url":"https:\/\/historiografija.hr\/?p=52516","url_meta":{"origin":15301,"position":1},"title":"Marko Grde\u0161i\u0107, Mislav \u017ditko, \u201eSocialist Economics in Yugoslavia: A Critical History\u201c","author":"Branimir Jankovi\u0107","date":"17. travnja 2026.","format":false,"excerpt":"This book presents a critical history of Yugoslav socialist economics, from its inception in the late 1940s to its dissolution in the late 1980s. After the dramatic break with the Soviet Union in 1948, Yugoslavia found itself in urgent need of a third way: A socialist trajectory which would not\u2026","rel":"","context":"U &quot;Knjige&quot;","block_context":{"text":"Knjige","link":"https:\/\/historiografija.hr\/?cat=8"},"img":{"alt_text":"","src":"https:\/\/i0.wp.com\/historiografija.hr\/wp-content\/uploads\/2026\/04\/Zitko_Grdesic.jpg?fit=350%2C535&ssl=1&resize=350%2C200","width":350,"height":200},"classes":[]},{"id":52641,"url":"https:\/\/historiografija.hr\/?p=52641","url_meta":{"origin":15301,"position":2},"title":"CfP: WHO OWNS THE PAST? VERNACULAR MEMORY, STATE MEMORY, AND THE POLITICS OF OWNERSHIP","author":"Branimir Jankovi\u0107","date":"24. travnja 2026.","format":false,"excerpt":"VIENNA, 31ST AUGUST\u20133RD SEPTEMBER 2026 (DEADLINE: 24TH APRIL 2026) The Center for Austrian Studies at the European Forum at the Hebrew University and the Austrian Academy of Sciences\/Institute of Culture Studies invite early postdocs, PhD candidates, and advanced Master\u2019s students from the Hebrew University of Jerusalem and universities and academic\u2026","rel":"","context":"U &quot;Novosti&quot;","block_context":{"text":"Novosti","link":"https:\/\/historiografija.hr\/?cat=3"},"img":{"alt_text":"","src":"https:\/\/i0.wp.com\/historiografija.hr\/wp-content\/uploads\/2017\/10\/hsozkult.png?fit=1006%2C241&ssl=1&resize=350%2C200","width":350,"height":200,"srcset":"https:\/\/i0.wp.com\/historiografija.hr\/wp-content\/uploads\/2017\/10\/hsozkult.png?fit=1006%2C241&ssl=1&resize=350%2C200 1x, https:\/\/i0.wp.com\/historiografija.hr\/wp-content\/uploads\/2017\/10\/hsozkult.png?fit=1006%2C241&ssl=1&resize=525%2C300 1.5x, https:\/\/i0.wp.com\/historiografija.hr\/wp-content\/uploads\/2017\/10\/hsozkult.png?fit=1006%2C241&ssl=1&resize=700%2C400 2x"},"classes":[]},{"id":52664,"url":"https:\/\/historiografija.hr\/?p=52664","url_meta":{"origin":15301,"position":3},"title":"CfP: CONFERENCE OF THE HISTORY OF CONCEPTS GROUP, HELSINKI, 19TH\u201321ST AUGUST 2026 (DEADLINE: 30TH APRIL 2026)","author":"Branimir Jankovi\u0107","date":"24. travnja 2026.","format":false,"excerpt":"The annual conference of the History of Concepts Group is held at the University of Helsinki, 19-21 August 2026. Conference of the History of Concepts Group Conceptual history studies the use of concepts and tries to understand how historical actors have linguistically articulated views of the world. Studying concepts from\u2026","rel":"","context":"U &quot;Novosti&quot;","block_context":{"text":"Novosti","link":"https:\/\/historiografija.hr\/?cat=3"},"img":{"alt_text":"","src":"https:\/\/i0.wp.com\/historiografija.hr\/wp-content\/uploads\/2017\/10\/hsozkult.png?fit=1006%2C241&ssl=1&resize=350%2C200","width":350,"height":200,"srcset":"https:\/\/i0.wp.com\/historiografija.hr\/wp-content\/uploads\/2017\/10\/hsozkult.png?fit=1006%2C241&ssl=1&resize=350%2C200 1x, https:\/\/i0.wp.com\/historiografija.hr\/wp-content\/uploads\/2017\/10\/hsozkult.png?fit=1006%2C241&ssl=1&resize=525%2C300 1.5x, https:\/\/i0.wp.com\/historiografija.hr\/wp-content\/uploads\/2017\/10\/hsozkult.png?fit=1006%2C241&ssl=1&resize=700%2C400 2x"},"classes":[]},{"id":52622,"url":"https:\/\/historiografija.hr\/?p=52622","url_meta":{"origin":15301,"position":4},"title":"Annual CAPONEU conference: Political Novel in Europe Between Democracy and Authoritarianism","author":"Branimir Jankovi\u0107","date":"23. travnja 2026.","format":false,"excerpt":"Caponeu event 22.04.2026 - 24.04.2026 Location: The Faculty of Polish and Classical Philology AMU (Fredry 10, Pozna\u0144)Organized by: Tomasz Mizerkiewicz, Krystyna Pieni\u0105\u017cek-Markovi\u0107, Anna Gawarecka, Ewa Szperlik, Magda Potok, B\u0142a\u017cej Warkocki, Gerard Ronge (all Adam Mickiewicz University in Pozna\u0144)Contact: gerron@amu.edu.pl The Adam Mickiewicz University team, as part of the international CAPONEU\u2026","rel":"","context":"U &quot;Novosti&quot;","block_context":{"text":"Novosti","link":"https:\/\/historiografija.hr\/?cat=3"},"img":{"alt_text":"","src":"https:\/\/i0.wp.com\/historiografija.hr\/wp-content\/uploads\/2026\/04\/Caponeu-political-novel.jpg?fit=500%2C261&ssl=1&resize=350%2C200","width":350,"height":200},"classes":[]},{"id":52586,"url":"https:\/\/historiografija.hr\/?p=52586","url_meta":{"origin":15301,"position":5},"title":"Aur\u00e9lie Daher, \u201eHezbollah: Mobilisation and Power\u201c","author":"Branimir Jankovi\u0107","date":"22. travnja 2026.","format":false,"excerpt":"Morning Star \u2018Book of the Year\u2019 Social movement, liberation party or terrorist group? With Hezbollah\u2019s growing involvement in the war in Syria, this study of its impact on Lebanon, drawing heavily on first-hand interviews, could not be more timely. Description Almost forty years after its foundation, Hezbollah remains an enigma.\u2026","rel":"","context":"U &quot;Knjige&quot;","block_context":{"text":"Knjige","link":"https:\/\/historiografija.hr\/?cat=8"},"img":{"alt_text":"","src":"https:\/\/i0.wp.com\/historiografija.hr\/wp-content\/uploads\/2026\/04\/Daher-Hezbollah.jpg?fit=600%2C931&ssl=1&resize=350%2C200","width":350,"height":200,"srcset":"https:\/\/i0.wp.com\/historiografija.hr\/wp-content\/uploads\/2026\/04\/Daher-Hezbollah.jpg?fit=600%2C931&ssl=1&resize=350%2C200 1x, https:\/\/i0.wp.com\/historiografija.hr\/wp-content\/uploads\/2026\/04\/Daher-Hezbollah.jpg?fit=600%2C931&ssl=1&resize=525%2C300 1.5x"},"classes":[]}],"_links":{"self":[{"href":"https:\/\/historiografija.hr\/index.php?rest_route=\/wp\/v2\/posts\/15301","targetHints":{"allow":["GET"]}}],"collection":[{"href":"https:\/\/historiografija.hr\/index.php?rest_route=\/wp\/v2\/posts"}],"about":[{"href":"https:\/\/historiografija.hr\/index.php?rest_route=\/wp\/v2\/types\/post"}],"author":[{"embeddable":true,"href":"https:\/\/historiografija.hr\/index.php?rest_route=\/wp\/v2\/users\/2"}],"replies":[{"embeddable":true,"href":"https:\/\/historiografija.hr\/index.php?rest_route=%2Fwp%2Fv2%2Fcomments&post=15301"}],"version-history":[{"count":1,"href":"https:\/\/historiografija.hr\/index.php?rest_route=\/wp\/v2\/posts\/15301\/revisions"}],"predecessor-version":[{"id":15303,"href":"https:\/\/historiografija.hr\/index.php?rest_route=\/wp\/v2\/posts\/15301\/revisions\/15303"}],"wp:featuredmedia":[{"embeddable":true,"href":"https:\/\/historiografija.hr\/index.php?rest_route=\/wp\/v2\/media\/15302"}],"wp:attachment":[{"href":"https:\/\/historiografija.hr\/index.php?rest_route=%2Fwp%2Fv2%2Fmedia&parent=15301"}],"wp:term":[{"taxonomy":"category","embeddable":true,"href":"https:\/\/historiografija.hr\/index.php?rest_route=%2Fwp%2Fv2%2Fcategories&post=15301"},{"taxonomy":"post_tag","embeddable":true,"href":"https:\/\/historiografija.hr\/index.php?rest_route=%2Fwp%2Fv2%2Ftags&post=15301"}],"curies":[{"name":"wp","href":"https:\/\/api.w.org\/{rel}","templated":true}]}}