{"id":15275,"date":"2019-06-11T17:42:24","date_gmt":"2019-06-11T17:42:24","guid":{"rendered":"http:\/\/historiografija.hr\/?p=15275"},"modified":"2019-06-11T17:42:24","modified_gmt":"2019-06-11T17:42:24","slug":"local-dimensions-of-the-second-world-war-in-southeastern-europe-edited-by-xavier-bougarel-hannes-grandits-marija-vulesica","status":"publish","type":"post","link":"https:\/\/historiografija.hr\/?p=15275","title":{"rendered":"Local Dimensions of the Second World War in Southeastern Europe. Edited by Xavier Bougarel, Hannes Grandits, Marija Vulesica"},"content":{"rendered":"<p>Izdava\u010d Routledge objavio je 2019. zbornik o lokalnim dimenzijama Drugog svjetskog rata u Jugoisto\u010dnoj Europi u kojem nekoliko \u010dlanaka obra\u0111uje povijest Nezavisne Dr\u017eave Hrvatske.<\/p>\n<p>&nbsp;<\/p>\n<p>&#8212;<\/p>\n<p>&nbsp;<\/p>\n<p><strong>Local Dimensions of the Second World War in Southeastern Europe<\/strong><\/p>\n<p>&nbsp;<\/p>\n<p>Edited by Xavier Bougarel, Hannes Grandits, Marija Vulesica<\/p>\n<p>&nbsp;<\/p>\n<p>Routledge<\/p>\n<p>&nbsp;<\/p>\n<p>281 pages<\/p>\n<p>&nbsp;<\/p>\n<p><strong>Description<\/strong><\/p>\n<p>This book deals with the Second World War in Southeastern Europe from the perspective of conditions on the ground during the conflict. The focus is on the reshaping of ethnic and religious groups in wartime, on the &#8220;top-down&#8221; and &#8220;bottom-up&#8221; dynamics of mass violence, and on the local dimensions of the Holocaust. The approach breaks with the national narratives and &#8220;top-down&#8221; political and military histories that continue to be the predominant paradigms for the Second World War in this part of Europe.<\/p>\n<p>&nbsp;<\/p>\n<p><strong>Table of Contents<\/strong><\/p>\n<p>List of Contributors<\/p>\n<p>List of maps<\/p>\n<p>List of figures<\/p>\n<p>Acknowledgements<\/p>\n<p><strong>INTRODUCTION<\/strong><\/p>\n<p><strong>Local Approaches to the Second World War in Southeastern Europe: An Introduction<\/strong><\/p>\n<p><em>Xavier Bougarel, Hannes Grandits, Marija Vulesica<\/em><\/p>\n<p><strong>PART I \u2013 GROUP-MAKING AS A PROCESS<\/strong><\/p>\n<p><strong>Chapter 1 \u2013 Heirs of the Roman Empire? Aromanians and the Fascist Occupation of Greece (1941-1943)<\/strong><\/p>\n<p><em>Paolo Fonzi<\/em><\/p>\n<p><strong>Chapter 2 \u2013 &#8220;The Task of the Century:&#8221; Local Dimensions of the Policy of Forced Conversion in the Independent State of Croatia (1941-1942)<\/strong><\/p>\n<p><em>Daniela Simon<\/em><\/p>\n<p><strong>Chapter 3 \u2013 Forced Identities: The Use of the Category &#8220;Yugoslav&#8221; to Classify Inmates in the Mauthausen, Buchenwald and Dachau Nazi Concentration Camps (1941-1945)<\/strong><\/p>\n<p><em>Thomas Porena<\/em><\/p>\n<p><strong>PART II \u2013 LOCAL DYNAMICS OF VIOLENCE<\/strong><\/p>\n<p><strong>Chapter 4 \u2013 Controlling Space and People: War, Territoriality and Population Engineering in Greece during the 1940s<\/strong><\/p>\n<p><em>Polymeris Voglis<\/em><\/p>\n<p><strong>Chapter 5 \u2013 Spatial and Temporal Logics of Violence: The Independent State of Croatia in the Districts of Glina and Vrginmost (April 1941-January 1942)<\/strong><\/p>\n<p><em>Drago Roksandi\u0107<\/em><\/p>\n<p><strong>Chapter 6 \u2013 Dynamics of Unrestrained Violence: The Massacre of Distomo (10 June 1944)<\/strong><\/p>\n<p><em>Janis Nalbadidacis<\/em><\/p>\n<p><strong>PART III \u2013 LOCAL PERSPECTIVES ON THE HOLOCAUST<\/strong><\/p>\n<p><strong>Chapter 7 \u2013 The Madding Clocks of Local Persecution: Anti-Jewish Policies under Bulgarian Occupation (1941-1943)<\/strong><\/p>\n<p><em>Nad\u00e8ge Ragaru<\/em><\/p>\n<p><strong>Chapter 8 \u2013 Resistance or Collaboration? The Greek Christian Elites of Thessaloniki facing the Holocaust (1941-1943)<\/strong><\/p>\n<p><em>Leon Saltiel<\/em><\/p>\n<p><strong>Chapter 9 \u2013 Being a Jew in Zagreb in 1941: Life and Death of Lovoslav Schick<\/strong><\/p>\n<p><em>Marija Vulesica<\/em><\/p>\n<p><strong>PART IV \u2013 EVERYDAY LIFE UNDER OCCUPATION<\/strong><\/p>\n<p><strong>Chapter 10 \u2013 Escape into Normality: Entertainment and Propaganda in Belgrade during the Occupation (1941-1944)<\/strong><\/p>\n<p><em>Dejan Zec<\/em><\/p>\n<p><strong>EPILOGUE<\/strong><\/p>\n<p><strong>(Re-)Scaling the Second World War: Regimes of Historicity and the Legacies of the Cold War in Europe<\/strong><\/p>\n<p><em>Sabine Rutar<\/em><\/p>\n<p>Index<\/p>\n<p>&nbsp;<\/p>\n<p><strong>About the Editors<\/strong><\/p>\n<p>&nbsp;<\/p>\n<p><strong>Xavier Bougarel<\/strong> is Researcher at the Centre d\u2019\u00e9tudes turques, ottomanes, balkaniques et centrasiatiques (CETOBaC), CNRS, Paris, France.<\/p>\n<p><strong>Hannes Grandits<\/strong> is Professor of Southeast European History, Humboldt University, Berlin, Germany.<\/p>\n<p><strong>Marija Vulesica<\/strong> is Researcher at the Zentrum f\u00fcr Antisemitismusforschung at the Technical University of Berlin, Germany.<\/p>\n<p>&nbsp;<\/p>\n<p><a href=\"https:\/\/www.routledge.com\/Local-Dimensions-of-the-Second-World-War-in-Southeastern-Europe-1st-Edition\/Bougarel-Grandits-Vulesica\/p\/book\/9781138343658\">https:\/\/www.routledge.com\/Local-Dimensions-of-the-Second-World-War-in-Southeastern-Europe-1st-Edition\/Bougarel-Grandits-Vulesica\/p\/book\/9781138343658<\/a><\/p>\n<p>&nbsp;<\/p>\n<p>&nbsp;<\/p>\n","protected":false},"excerpt":{"rendered":"","protected":false},"author":2,"featured_media":15276,"comment_status":"open","ping_status":"open","sticky":false,"template":"","format":"standard","meta":{"_acf_changed":false,"jetpack_post_was_ever_published":false,"_jetpack_newsletter_access":"","_jetpack_dont_email_post_to_subs":false,"_jetpack_newsletter_tier_id":0,"_jetpack_memberships_contains_paywalled_content":false,"_jetpack_memberships_contains_paid_content":false,"footnotes":"","jetpack_publicize_message":"","jetpack_publicize_feature_enabled":true,"jetpack_social_post_already_shared":true,"jetpack_social_options":{"image_generator_settings":{"template":"highway","default_image_id":0,"font":"","enabled":false},"version":2}},"categories":[8,3],"tags":[],"class_list":["post-15275","post","type-post","status-publish","format-standard","has-post-thumbnail","hentry","category-knjige","category-novosti"],"acf":{"facebook_opis":""},"jetpack_publicize_connections":[],"jetpack_featured_media_url":"https:\/\/i0.wp.com\/historiografija.hr\/wp-content\/uploads\/2019\/06\/Local.jpg?fit=278%2C425&ssl=1","jetpack_sharing_enabled":true,"jetpack-related-posts":[{"id":52580,"url":"https:\/\/historiografija.hr\/?p=52580","url_meta":{"origin":15275,"position":0},"title":"Conference &#8220;Living in the aftermaths: Trauma, politics and survival in Yugoslavia and successor states, 1945 \u2013 present&#8221;","author":"Branimir Jankovi\u0107","date":"21. travnja 2026.","format":false,"excerpt":"The conference aims to explore how war-related psychological distress was experienced, narrated, debated and reframed in Yugoslavia in the second half of the twentieth century. It asks how the theme of wounded psyche and wartime suffering was addressed and acknowledged in political, psychiatric and broader cultural discourses of socialist Yugoslavia,\u2026","rel":"","context":"U &quot;Novosti&quot;","block_context":{"text":"Novosti","link":"https:\/\/historiografija.hr\/?cat=3"},"img":{"alt_text":"","src":"https:\/\/i0.wp.com\/historiografija.hr\/wp-content\/uploads\/2026\/04\/Battle_of_Neretva_Picasso_poster-Conference-Living-in-the-aftermaths.webp?fit=564%2C954&ssl=1&resize=350%2C200","width":350,"height":200,"srcset":"https:\/\/i0.wp.com\/historiografija.hr\/wp-content\/uploads\/2026\/04\/Battle_of_Neretva_Picasso_poster-Conference-Living-in-the-aftermaths.webp?fit=564%2C954&ssl=1&resize=350%2C200 1x, https:\/\/i0.wp.com\/historiografija.hr\/wp-content\/uploads\/2026\/04\/Battle_of_Neretva_Picasso_poster-Conference-Living-in-the-aftermaths.webp?fit=564%2C954&ssl=1&resize=525%2C300 1.5x"},"classes":[]},{"id":52520,"url":"https:\/\/historiografija.hr\/?p=52520","url_meta":{"origin":15275,"position":1},"title":"Predstavljanje knjige &#8220;Socialist Economics in Yugoslavia: A Critical History&#8221; u Zagrebu","author":"Branimir Jankovi\u0107","date":"17. travnja 2026.","format":false,"excerpt":"Pozivamo vas na predstavljanje knjige \"Socialist Economics in Yugoslavia: A Critical History\", autora Mislava \u00a0\u017ditka i Marka Grde\u0161i\u0107a (Routledge, 2026). Na predstavljanju \u0107e govoriti Branko Milanovi\u0107 (CUNY), Milica Uvali\u0107 (EUI), Zdravko Petak (FPZG) te autori.\u00a0 Predstavljanje \u0107e se odr\u017eati u srijedu 22. travnja u 16:00 sati na Fakultetu politi\u010dkih znanosti\u2026","rel":"","context":"U &quot;Novosti&quot;","block_context":{"text":"Novosti","link":"https:\/\/historiografija.hr\/?cat=3"},"img":{"alt_text":"","src":"https:\/\/i0.wp.com\/historiografija.hr\/wp-content\/uploads\/2026\/04\/Poziv-na-predstavljanje.png?fit=800%2C652&ssl=1&resize=350%2C200","width":350,"height":200,"srcset":"https:\/\/i0.wp.com\/historiografija.hr\/wp-content\/uploads\/2026\/04\/Poziv-na-predstavljanje.png?fit=800%2C652&ssl=1&resize=350%2C200 1x, https:\/\/i0.wp.com\/historiografija.hr\/wp-content\/uploads\/2026\/04\/Poziv-na-predstavljanje.png?fit=800%2C652&ssl=1&resize=525%2C300 1.5x, https:\/\/i0.wp.com\/historiografija.hr\/wp-content\/uploads\/2026\/04\/Poziv-na-predstavljanje.png?fit=800%2C652&ssl=1&resize=700%2C400 2x"},"classes":[]},{"id":52643,"url":"https:\/\/historiografija.hr\/?p=52643","url_meta":{"origin":15275,"position":2},"title":"BRACEWELL TRAVELLING SCHOLARSHIP\u202fFOR PHD STUDENTS (DEADLINE: 30TH APRIL 2026)","author":"Branimir Jankovi\u0107","date":"24. travnja 2026.","format":false,"excerpt":"The Bracewell Travelling Scholarship\u202fis funded by a gift from SSEES Emeritus Professor of History Wendy Bracewell, whose research examines South Slav history, and travel writing in eastern Europe. The Scholarship honours the long tradition of mutual curiosity between the UK and eastern, central and southeastern Europe by supporting PhD students\u2026","rel":"","context":"U &quot;Novosti&quot;","block_context":{"text":"Novosti","link":"https:\/\/historiografija.hr\/?cat=3"},"img":{"alt_text":"","src":"https:\/\/i0.wp.com\/historiografija.hr\/wp-content\/uploads\/2026\/04\/Bracewell-Travelling-Scholarship-.webp?fit=980%2C700&ssl=1&resize=350%2C200","width":350,"height":200,"srcset":"https:\/\/i0.wp.com\/historiografija.hr\/wp-content\/uploads\/2026\/04\/Bracewell-Travelling-Scholarship-.webp?fit=980%2C700&ssl=1&resize=350%2C200 1x, https:\/\/i0.wp.com\/historiografija.hr\/wp-content\/uploads\/2026\/04\/Bracewell-Travelling-Scholarship-.webp?fit=980%2C700&ssl=1&resize=525%2C300 1.5x, https:\/\/i0.wp.com\/historiografija.hr\/wp-content\/uploads\/2026\/04\/Bracewell-Travelling-Scholarship-.webp?fit=980%2C700&ssl=1&resize=700%2C400 2x"},"classes":[]},{"id":52657,"url":"https:\/\/historiografija.hr\/?p=52657","url_meta":{"origin":15275,"position":3},"title":"[Predavanje] Jezik i drugost u (post)socijalisti\u010dkoj Srbiji: diskurzivne politike identiteta (YugoLab)","author":"Branimir Jankovi\u0107","date":"24. travnja 2026.","format":false,"excerpt":"U sklopu projekta Prizma \/ IMAGINATION (\u201eZami\u0161ljanje nacije: srpski nacionalni narativi u sporu (XX\u2013XXI vek)\u201c), koji se realizuje na Institutu za filozofiju i dru\u0161tvenu teoriju Univerziteta u Beogradu (2024\u20132027) uz finansijsku podr\u0161ku Fonda za nauku Republike Srbije, organizuje se serija predavanja na kojoj istra\u017eiva\u010di i istra\u017eiva\u010dice projekta predstavljaju rezultate svojih\u2026","rel":"","context":"U &quot;Novosti&quot;","block_context":{"text":"Novosti","link":"https:\/\/historiografija.hr\/?cat=3"},"img":{"alt_text":"","src":"https:\/\/i0.wp.com\/historiografija.hr\/wp-content\/uploads\/2026\/04\/IFDT_28_IV.png?fit=1200%2C675&ssl=1&resize=350%2C200","width":350,"height":200,"srcset":"https:\/\/i0.wp.com\/historiografija.hr\/wp-content\/uploads\/2026\/04\/IFDT_28_IV.png?fit=1200%2C675&ssl=1&resize=350%2C200 1x, https:\/\/i0.wp.com\/historiografija.hr\/wp-content\/uploads\/2026\/04\/IFDT_28_IV.png?fit=1200%2C675&ssl=1&resize=525%2C300 1.5x, https:\/\/i0.wp.com\/historiografija.hr\/wp-content\/uploads\/2026\/04\/IFDT_28_IV.png?fit=1200%2C675&ssl=1&resize=700%2C400 2x, https:\/\/i0.wp.com\/historiografija.hr\/wp-content\/uploads\/2026\/04\/IFDT_28_IV.png?fit=1200%2C675&ssl=1&resize=1050%2C600 3x"},"classes":[]},{"id":52666,"url":"https:\/\/historiografija.hr\/?p=52666","url_meta":{"origin":15275,"position":4},"title":"Najava programa Festivala povijesti Kliofest (5-8. V. 2026)","author":"Branimir Jankovi\u0107","date":"24. travnja 2026.","format":false,"excerpt":"Po trinaesti put odr\u017eava se Festival povijesti Kliofest! Do petka \u0107emo odr\u017eati osam okruglih stolova i dva kolokvija te niz predstavljanja knjiga i projekata razli\u010dite tematike, od antike do suvremenosti. Bit \u0107e predstavljeno i nekoliko izlo\u017ebi te odr\u017ean jedan povijesni kviz. Prikazat \u0107emo i jedan film \u2013 o generalu Boroevi\u0107u.\u2026","rel":"","context":"U &quot;Novosti&quot;","block_context":{"text":"Novosti","link":"https:\/\/historiografija.hr\/?cat=3"},"img":{"alt_text":"","src":"https:\/\/i0.wp.com\/historiografija.hr\/wp-content\/uploads\/2026\/04\/Kliofest-2026.jpg?fit=526%2C526&ssl=1&resize=350%2C200","width":350,"height":200,"srcset":"https:\/\/i0.wp.com\/historiografija.hr\/wp-content\/uploads\/2026\/04\/Kliofest-2026.jpg?fit=526%2C526&ssl=1&resize=350%2C200 1x, https:\/\/i0.wp.com\/historiografija.hr\/wp-content\/uploads\/2026\/04\/Kliofest-2026.jpg?fit=526%2C526&ssl=1&resize=525%2C300 1.5x"},"classes":[]},{"id":52516,"url":"https:\/\/historiografija.hr\/?p=52516","url_meta":{"origin":15275,"position":5},"title":"Marko Grde\u0161i\u0107, Mislav \u017ditko, \u201eSocialist Economics in Yugoslavia: A Critical History\u201c","author":"Branimir Jankovi\u0107","date":"17. travnja 2026.","format":false,"excerpt":"This book presents a critical history of Yugoslav socialist economics, from its inception in the late 1940s to its dissolution in the late 1980s. After the dramatic break with the Soviet Union in 1948, Yugoslavia found itself in urgent need of a third way: A socialist trajectory which would not\u2026","rel":"","context":"U &quot;Knjige&quot;","block_context":{"text":"Knjige","link":"https:\/\/historiografija.hr\/?cat=8"},"img":{"alt_text":"","src":"https:\/\/i0.wp.com\/historiografija.hr\/wp-content\/uploads\/2026\/04\/Zitko_Grdesic.jpg?fit=350%2C535&ssl=1&resize=350%2C200","width":350,"height":200},"classes":[]}],"_links":{"self":[{"href":"https:\/\/historiografija.hr\/index.php?rest_route=\/wp\/v2\/posts\/15275","targetHints":{"allow":["GET"]}}],"collection":[{"href":"https:\/\/historiografija.hr\/index.php?rest_route=\/wp\/v2\/posts"}],"about":[{"href":"https:\/\/historiografija.hr\/index.php?rest_route=\/wp\/v2\/types\/post"}],"author":[{"embeddable":true,"href":"https:\/\/historiografija.hr\/index.php?rest_route=\/wp\/v2\/users\/2"}],"replies":[{"embeddable":true,"href":"https:\/\/historiografija.hr\/index.php?rest_route=%2Fwp%2Fv2%2Fcomments&post=15275"}],"version-history":[{"count":1,"href":"https:\/\/historiografija.hr\/index.php?rest_route=\/wp\/v2\/posts\/15275\/revisions"}],"predecessor-version":[{"id":15277,"href":"https:\/\/historiografija.hr\/index.php?rest_route=\/wp\/v2\/posts\/15275\/revisions\/15277"}],"wp:featuredmedia":[{"embeddable":true,"href":"https:\/\/historiografija.hr\/index.php?rest_route=\/wp\/v2\/media\/15276"}],"wp:attachment":[{"href":"https:\/\/historiografija.hr\/index.php?rest_route=%2Fwp%2Fv2%2Fmedia&parent=15275"}],"wp:term":[{"taxonomy":"category","embeddable":true,"href":"https:\/\/historiografija.hr\/index.php?rest_route=%2Fwp%2Fv2%2Fcategories&post=15275"},{"taxonomy":"post_tag","embeddable":true,"href":"https:\/\/historiografija.hr\/index.php?rest_route=%2Fwp%2Fv2%2Ftags&post=15275"}],"curies":[{"name":"wp","href":"https:\/\/api.w.org\/{rel}","templated":true}]}}