{"id":15228,"date":"2019-06-08T14:49:14","date_gmt":"2019-06-08T14:49:14","guid":{"rendered":"http:\/\/historiografija.hr\/?p=15228"},"modified":"2019-06-08T14:54:06","modified_gmt":"2019-06-08T14:54:06","slug":"povijesna-senzibilizacija-histoire-de-la-syrie-xix-xxie-siecle","status":"publish","type":"post","link":"https:\/\/historiografija.hr\/?p=15228","title":{"rendered":"Povijesna senzibilizacija: Histoire de la Syrie XIX-XXIe si\u00e8cle"},"content":{"rendered":"<p>Izdava\u010d Fayard objavio je 2018. godine knjigu Matthieua Reya \u00ab\u00a0Histoire de la Syrie XIX-XXIe si\u00e8cle\u00a0\u00bb o politi\u010dkoj i dru\u0161tvenoj povijesti Sirije od 19. do 21. stolje\u0107a.<\/p>\n<p>&nbsp;<\/p>\n<p>&#8212;<\/p>\n<p>&nbsp;<\/p>\n<p>Matthieu Rey<\/p>\n<p>&nbsp;<\/p>\n<p><strong>Histoire de la Syrie XIX-XXIe si\u00e8cle<\/strong><\/p>\n<p>&nbsp;<\/p>\n<p>Matthieu Rey retrace deux cents ans d\u2019une histoire politique et sociale qui ont conduit \u00e0 faire de la Syrie une chasse gard\u00e9e de la famille Assad.<\/p>\n<p>&nbsp;<\/p>\n<p>En croisant m\u00e9moires, presses et documents d\u00e9classifi\u00e9s, Matthieu Rey \u00e9claire les fondements de la Syrie contemporaine et son histoire tumultueuse. Il nous invite \u00e0 suivre le devenir toujours incertain d\u2019une communaut\u00e9 politique r\u00e9unissant des populations vari\u00e9es, des hommes et des femmes qui s\u2019installent et s\u2019organisent sur un territoire.<\/p>\n<p>R\u00e9cit de la renaissance des campagnes environnant les villes au d\u00e9triment des mondes nomades, histoire des migrations des Druzes du Liban vers la Syrie, des Montagnards vers les plaines, des campagnes vers les villes, c\u2019est aussi une narration politique ponctu\u00e9e par des r\u00e9volutions et des guerres qui donnent naissance \u00e0 un \u00c9tat dont le cours de l\u2019histoire se r\u00e9v\u00e8le dans la crise r\u00e9volutionnaire. Depuis 2011, la Syrie, chasse gard\u00e9e de la famille Assad, se trouve au c\u0153ur d\u2019une dramatique actualit\u00e9 internationale, d\u00e9chir\u00e9e par la guerre civile.<\/p>\n<p>Son histoire n\u2019est-elle pas finalement celle d\u2019espoirs, de heurts, d\u2019essais, d\u2019attentes, de luttes, de violences et de projets partag\u00e9s entre groupes humains qui tentent de cr\u00e9er les conditions d\u2019un vivre-ensemble dans lequel chacun ait sa place ?<\/p>\n<p>&nbsp;<\/p>\n<p>Charg\u00e9 de recherche au CNRS et chercheur associ\u00e9 au Coll\u00e8ge de France, Matthieu Rey consacre ses recherches \u00e0 la question de la construction de l\u2019\u00c9tat dans l\u2019Orient arabe et persan.<\/p>\n<p>&nbsp;<\/p>\n<p>Lire un extrait\u00a0:<\/p>\n<p><a href=\"https:\/\/www.fayard.fr\/histoire-de-la-syrie-xix-xxie-siecle-9782213681894\">https:\/\/www.fayard.fr\/histoire-de-la-syrie-xix-xxie-siecle-9782213681894<\/a><\/p>\n<p>&nbsp;<\/p>\n<p>&nbsp;<\/p>\n<p>&nbsp;<\/p>\n","protected":false},"excerpt":{"rendered":"","protected":false},"author":2,"featured_media":15229,"comment_status":"open","ping_status":"open","sticky":false,"template":"","format":"standard","meta":{"_acf_changed":false,"jetpack_post_was_ever_published":false,"_jetpack_newsletter_access":"","_jetpack_dont_email_post_to_subs":false,"_jetpack_newsletter_tier_id":0,"_jetpack_memberships_contains_paywalled_content":false,"_jetpack_memberships_contains_paid_content":false,"footnotes":"","jetpack_publicize_message":"","jetpack_publicize_feature_enabled":true,"jetpack_social_post_already_shared":true,"jetpack_social_options":{"image_generator_settings":{"template":"highway","default_image_id":0,"font":"","enabled":false},"version":2}},"categories":[8,3],"tags":[],"class_list":["post-15228","post","type-post","status-publish","format-standard","has-post-thumbnail","hentry","category-knjige","category-novosti"],"acf":{"facebook_opis":""},"jetpack_publicize_connections":[],"jetpack_featured_media_url":"https:\/\/i0.wp.com\/historiografija.hr\/wp-content\/uploads\/2019\/06\/Syrie.jpg?fit=340%2C540&ssl=1","jetpack_sharing_enabled":true,"jetpack-related-posts":[{"id":52628,"url":"https:\/\/historiografija.hr\/?p=52628","url_meta":{"origin":15228,"position":0},"title":"Predavanje dopisnog \u010dlana HAZU Alaina Finkielkrauta Izrael, Europa, antisemitizam","author":"Branimir Jankovi\u0107","date":"23. travnja 2026.","format":false,"excerpt":"Francuski filozof Alain Finkielkraut, redoviti \u010dlan Francuske akademije i dopisni \u010dlan HAZU, odr\u017eat \u0107e predavanje\u00a0Izrael, Europa, antisemitizam u utorak 28. travnja 2026. u 13 sati u Knji\u017enici HAZU,\u00a0Strossmayerov trg 14 u Zagrebu. Uvodne rije\u010di odr\u017eat \u0107e\u00a0akademkinja \u017deljka \u010corak i\u00a0akademik Dra\u017een Katunari\u0107. Predavanje \u0107e se odr\u017eati na francuskom jeziku uz konsekutivno\u2026","rel":"","context":"U &quot;Novosti&quot;","block_context":{"text":"Novosti","link":"https:\/\/historiografija.hr\/?cat=3"},"img":{"alt_text":"","src":"https:\/\/i0.wp.com\/historiografija.hr\/wp-content\/uploads\/2026\/04\/Alain_Finkielkraut.jpg?fit=350%2C407&ssl=1&resize=350%2C200","width":350,"height":200},"classes":[]}],"_links":{"self":[{"href":"https:\/\/historiografija.hr\/index.php?rest_route=\/wp\/v2\/posts\/15228","targetHints":{"allow":["GET"]}}],"collection":[{"href":"https:\/\/historiografija.hr\/index.php?rest_route=\/wp\/v2\/posts"}],"about":[{"href":"https:\/\/historiografija.hr\/index.php?rest_route=\/wp\/v2\/types\/post"}],"author":[{"embeddable":true,"href":"https:\/\/historiografija.hr\/index.php?rest_route=\/wp\/v2\/users\/2"}],"replies":[{"embeddable":true,"href":"https:\/\/historiografija.hr\/index.php?rest_route=%2Fwp%2Fv2%2Fcomments&post=15228"}],"version-history":[{"count":2,"href":"https:\/\/historiografija.hr\/index.php?rest_route=\/wp\/v2\/posts\/15228\/revisions"}],"predecessor-version":[{"id":15232,"href":"https:\/\/historiografija.hr\/index.php?rest_route=\/wp\/v2\/posts\/15228\/revisions\/15232"}],"wp:featuredmedia":[{"embeddable":true,"href":"https:\/\/historiografija.hr\/index.php?rest_route=\/wp\/v2\/media\/15229"}],"wp:attachment":[{"href":"https:\/\/historiografija.hr\/index.php?rest_route=%2Fwp%2Fv2%2Fmedia&parent=15228"}],"wp:term":[{"taxonomy":"category","embeddable":true,"href":"https:\/\/historiografija.hr\/index.php?rest_route=%2Fwp%2Fv2%2Fcategories&post=15228"},{"taxonomy":"post_tag","embeddable":true,"href":"https:\/\/historiografija.hr\/index.php?rest_route=%2Fwp%2Fv2%2Ftags&post=15228"}],"curies":[{"name":"wp","href":"https:\/\/api.w.org\/{rel}","templated":true}]}}