{"id":15174,"date":"2019-06-07T08:37:55","date_gmt":"2019-06-07T08:37:55","guid":{"rendered":"http:\/\/historiografija.hr\/?p=15174"},"modified":"2019-06-07T08:39:22","modified_gmt":"2019-06-07T08:39:22","slug":"povijest-hrvata-iii-vrijeme-sazrijevanja-vrijeme-razaranja-hrvatske-zemlje-u-kasnome-srednjem-vijeku","status":"publish","type":"post","link":"https:\/\/historiografija.hr\/?p=15174","title":{"rendered":"Povijest Hrvata III: Vrijeme sazrijevanja, vrijeme razaranja. Hrvatske zemlje u kasnome srednjem vijeku"},"content":{"rendered":"<p>U biblioteci &#8220;Povijest Hrvata&#8221; Matice hrvatske objavljen je tre\u0107i svezak &#8220;Vrijeme sazrijevanja, vrijeme razaranja. Hrvatske zemlje u kasnome srednjem vijeku\u201c koji je uredila Marija Karbi\u0107.<\/p>\n<p>&nbsp;<\/p>\n<p>&#8212;<\/p>\n<p>&nbsp;<\/p>\n<p><strong>Vrijeme sazrijevanja, vrijeme razaranja<\/strong><\/p>\n<p><strong>Hrvatske zemlje u kasnome srednjem vijeku<\/strong><\/p>\n<p>&nbsp;<\/p>\n<p>POVIJEST HRVATA III. Urednica sveska MARIJA KARBI\u0106<\/p>\n<p>&nbsp;<\/p>\n<p>\u00bbKasni srednji vijek period je obilje\u017een suprotnostima i burnim doga\u0111ajima, isto\u00advremenim djelovanjem integracijskih i dezintegracijskih silnica. To je razdoblje u kojem dolazi do zna\u010dajnih promjena na politi\u010dkom planu, ali i u drugim aspektima \u017eivota, razdoblje koje je bitno odredilo kasniji razvoj hrvatskog dru\u0161tva. Dalmacija dolazi pod vlast Mleta\u010dke Republike te postaje dio mleta\u010dkog <em>Stato da mar<\/em>, \u010dime je njezin zaseban razvoj odre\u0111en za vi\u0161e stolje\u0107a. Veliki dijelovi hrvatskog teritorija do kraja srednjeg vijeka potpadaju pod vlast Osmanlija i tako tako\u0111er bivaju odvojeni od ostatka hrvatskih zemalja. Iako su na po\u010detku kasnog srednjeg vijeka tek udalje\u00adna prijetnja, Osmanlije su ubrzo postale \u010dimbenik koji je bitno utjecao na sudbinu hrvatskog naroda u tom razdoblju. Osim do gubitka teritorija, ratovi s Osmanlijama dovode i do te\u0161kih pusto\u0161enja te posredno i neposredno nanose znatnu \u0161tetu gos\u00adpodarstvu, a financijsku snagu dr\u017eave slabe i veliki tro\u0161kovi za obranu. Posljedica osmanlijskih djelovanja su i velike migracije stanovni\u0161tva kako unutar zemlje tako i izvan njezinih granica. Te su migracije dovele i do \u0161irenja hrvatskog imena na pros\u00adtor srednjovjekovne Slavonije i stapanja hrvatskog i slavonskog plemstva, \u010dime se stvara osnovica za budu\u0107u integraciju hrvatskog prostora.<\/p>\n<p>Ugarsko-Hrvatsko Kraljevstvo u tom je razdoblju u vi\u0161e navrata bilo suo\u010deno i s borbama za krunu izme\u0111u razli\u010ditih pretendenata. One su tako\u0111er dovodile do zna\u010dajnih razaranja, ali i do slabljenja polo\u017eaja kralja u odnosu na barune, odnosno pripadnike najvi\u0161eg sloja plemstva i nosioce najva\u017enijih dr\u017eavnih du\u017enosti, kao i do promjena u na\u010dinu na koji je plemstvo do\u017eivljavalo samo sebe i nastanka ideje o plemstvu kao nositelju suvereniteta. Kasni srednji vijek je i razdoblje u kojem dolazi do niza reformi u sudstvu, upravi, poreznom sustavu, kao i do razvoja kulture i po\u00adjave renesanse umjetnosti i humanisti\u010dke misli na ovim prostorima.<\/p>\n<p>(\u2026) Suradnici u ovom svesku ve\u0107inom su pripadnici srednje generacije povjesni\u010dara, a dolaze s razli\u010ditih ustanova diljem Hrvatske. Iako se njihovi pristupi izradi tekstova, kao i ocjene pojedinih doga\u0111aja, osoba i situacija koje donose, u odre\u0111enoj mjeri razlikuju, \u0161to je posljedica po\u0161tivanja slobode svakog istra\u017eiva\u010da, svim je autorima zajedni\u010dko nastojanje da \u010ditatelju pru\u017ee pregled sada\u0161njeg stanja istra\u017eivanja poje\u00addinih tema i dosegnutog stupnja spoznaje, pri \u010demu navode i rezultate svojih najno\u00advijih istra\u017eivanja. Osim toga, treba napomenuti da je \u017eelja da se stvori \u0161to cjelovitija slika pro\u0161lih vremena autore usmjerila prema novim metodolo\u0161kim pristupima i dosad zapostavljenim vrelima, i to uz kori\u0161tenje rezultata ne samo historiografije ve\u0107 i drugih znanstvenih disciplina, poput arheologije, povijesti umjetnosti, filolo\u00adgije i povijesti knji\u017eevnosti. Jednostavno re\u010deno, autori su \u017eeljeli pokazati dokle smo u spoznajama o hrvatskom kasnom srednjem vijeku do\u0161li, istovremeno time daju\u0107i poticaj novim istra\u017eivanjima\u00ab (<strong>Marija Karbi\u0107<\/strong>)<\/p>\n<p>&nbsp;<\/p>\n<p>O hrvatskoj povijesti kasnoga srednjeg vijeka pi\u0161u Stanko ANDRI\u0106, Irena BENYOVSKY LATIN, Ivan BOTICA, Goran BUDE\u010c, Lovorka \u010cORALI\u0106, Sabine Florence FABIJANEC, Borislav GRGIN, Sandra IVOVI\u0106, Kornelija JURIN STAR\u010cEVI\u0106, Ivan JURKOVI\u0106, Damir KARBI\u0106, Marija KARBI\u0106, Meri KUN\u010cI\u0106, Robert KURELI\u0106, Vjeran KURSAR, Zoran LADI\u0106, dr. sc. , Nella LONZA, Ivan MAJNARI\u0106, Marija MOGOROVI\u0106 CRLJENKO, Jadranka NERALI\u0106, Zrinka NOVAK, Zrinka PE\u0160ORDA VARDI\u0106, Gordan RAVAN\u010cI\u0106.<\/p>\n<p>&nbsp;<\/p>\n<p><strong>Biblioteka Povijest Hrvata<\/strong>, sv. 3, glavni urednik Luka \u0160eput, urednik biblioteke Zoran Ladi\u0107, recenzenti Milan Kruhek i Franjo \u0160anjek, povjerenstvo Matice hrvatske za ediciju Zorislav Luki\u0107 i Damir Zori\u0107, lektura i korektura Luka Vuku\u0161i\u0107, oblikovanje korica \u017deljko Podore\u0161ki, tiska <em>Denona <\/em>(Zagreb). \u2014 Knjiga je opremljena sa 14 c\/b i 130 kolor ilustracija, 18 vi\u0161ebojnih karata, bibliografijama i bibliografskim bilje\u0161kama uz svaki pojedini tekst, kazalima imena i zemljopisnih pojmova.<\/p>\n<p>&nbsp;<\/p>\n<p>biblioteka: POVIJEST HRVATA<\/p>\n<p>cijena: 300,00 kn<\/p>\n<p>broj stranica: 637<\/p>\n<p>uvez: tvrdi uvez<\/p>\n<p>dimenzije: 21 x 29 cm<\/p>\n<p>godina izdanja: 2019.<\/p>\n<p>izdava\u010d: Matica hrvatska<\/p>\n<p>mjesto: Zagreb<\/p>\n<p>ISBN: 978-953-341-144-6<\/p>\n<p>podru\u010dje: historiografija, hrvatska povijest, interdisciplinarne studije, povijest<\/p>\n<p>&nbsp;<\/p>\n<p><strong>PDF-ovi<\/strong><\/p>\n<p>Sadr\u017eaj<\/p>\n<p>Uredni\u010dki predgovor<\/p>\n<p>Sandra Ivovi\u0107 \u2013 Meri Kun\u010di\u0107: Intelektualni i kulturni razvoj<\/p>\n<p>Kazala (osobnih imena i zemljopisnih pojmova)<\/p>\n<p>Popis suradnika u knjizi<\/p>\n<p>&nbsp;<\/p>\n<p><a href=\"http:\/\/www.matica.hr\/knjige\/vrijeme-sazrijevanja-vrijeme-razaranja-1273\/\">http:\/\/www.matica.hr\/knjige\/vrijeme-sazrijevanja-vrijeme-razaranja-1273\/<\/a><\/p>\n<p>&nbsp;<\/p>\n<p>&nbsp;<\/p>\n","protected":false},"excerpt":{"rendered":"","protected":false},"author":2,"featured_media":15175,"comment_status":"open","ping_status":"open","sticky":false,"template":"","format":"standard","meta":{"_acf_changed":false,"jetpack_post_was_ever_published":false,"_jetpack_newsletter_access":"","_jetpack_dont_email_post_to_subs":false,"_jetpack_newsletter_tier_id":0,"_jetpack_memberships_contains_paywalled_content":false,"_jetpack_memberships_contains_paid_content":false,"footnotes":"","jetpack_publicize_message":"","jetpack_publicize_feature_enabled":true,"jetpack_social_post_already_shared":true,"jetpack_social_options":{"image_generator_settings":{"template":"highway","default_image_id":0,"font":"","enabled":false},"version":2}},"categories":[8,3],"tags":[],"class_list":["post-15174","post","type-post","status-publish","format-standard","has-post-thumbnail","hentry","category-knjige","category-novosti"],"acf":{"facebook_opis":""},"jetpack_publicize_connections":[],"jetpack_featured_media_url":"https:\/\/i0.wp.com\/historiografija.hr\/wp-content\/uploads\/2019\/06\/vrijeme-sazrijevanja-vrijeme-razaranja.jpg?fit=500%2C678&ssl=1","jetpack_sharing_enabled":true,"jetpack-related-posts":[{"id":52539,"url":"https:\/\/historiografija.hr\/?p=52539","url_meta":{"origin":15174,"position":0},"title":"Drugi po redu studentski simpozij &#8220;In fonte veritas&#8221;","author":"Branimir Jankovi\u0107","date":"20. travnja 2026.","format":false,"excerpt":"U srijedu, 22. travnja 2026. godine, u dvorani C 0.4 na Hrvatskom katoli\u010dkom sveu\u010dili\u0161tu odr\u017eat \u0107e se drugi studentski simpozij \u201eIn fonte veritas\". Ovogodi\u0161nja sredi\u0161nja tema simpozija je Papinstvo. Kroz istra\u017eiva\u010dko suo\u010davanje s povijesnim izvorima deset \u0107e studenata predstaviti rezultate svojih istra\u017eivanja o instituciji koja je stolje\u0107ima oblikovala europsku i\u2026","rel":"","context":"U &quot;Novosti&quot;","block_context":{"text":"Novosti","link":"https:\/\/historiografija.hr\/?cat=3"},"img":{"alt_text":"","src":"https:\/\/i0.wp.com\/historiografija.hr\/wp-content\/uploads\/2026\/04\/Papinstvo.png?fit=1024%2C500&ssl=1&resize=350%2C200","width":350,"height":200,"srcset":"https:\/\/i0.wp.com\/historiografija.hr\/wp-content\/uploads\/2026\/04\/Papinstvo.png?fit=1024%2C500&ssl=1&resize=350%2C200 1x, https:\/\/i0.wp.com\/historiografija.hr\/wp-content\/uploads\/2026\/04\/Papinstvo.png?fit=1024%2C500&ssl=1&resize=525%2C300 1.5x, https:\/\/i0.wp.com\/historiografija.hr\/wp-content\/uploads\/2026\/04\/Papinstvo.png?fit=1024%2C500&ssl=1&resize=700%2C400 2x"},"classes":[]},{"id":52502,"url":"https:\/\/historiografija.hr\/?p=52502","url_meta":{"origin":15174,"position":1},"title":"Novi znanstveni projekt Hrvatskog instituta za povijest: \u201c\u017drtve ratova i dr\u017eavnog\/politi\u010dkog nasilja u hrvatskoj povijesti 20. stolje\u0107a\u201d","author":"Branimir Jankovi\u0107","date":"17. travnja 2026.","format":false,"excerpt":"Na redovitoj sjednici Vlade RH, 16. travnja 2026., donijet je Zaklju\u010dak kojim se pokre\u0107e znanstveni projekt \u201c\u017drtve ratova i dr\u017eavnog\/politi\u010dkog nasilja u hrvatskoj povijesti 20. stolje\u0107a\u201d. Projekt \u0107e provoditi i koordinirati Hrvatski institut za povijest u razdoblju trajanja projekta od pet godina. Zakljucak Vlade RH Iz teksta projektnog prijedloga: Problematika\u2026","rel":"","context":"U &quot;Novosti&quot;","block_context":{"text":"Novosti","link":"https:\/\/historiografija.hr\/?cat=3"},"img":{"alt_text":"","src":"https:\/\/i0.wp.com\/historiografija.hr\/wp-content\/uploads\/2026\/04\/Vlada-RH.jpg?fit=1200%2C557&ssl=1&resize=350%2C200","width":350,"height":200,"srcset":"https:\/\/i0.wp.com\/historiografija.hr\/wp-content\/uploads\/2026\/04\/Vlada-RH.jpg?fit=1200%2C557&ssl=1&resize=350%2C200 1x, https:\/\/i0.wp.com\/historiografija.hr\/wp-content\/uploads\/2026\/04\/Vlada-RH.jpg?fit=1200%2C557&ssl=1&resize=525%2C300 1.5x, https:\/\/i0.wp.com\/historiografija.hr\/wp-content\/uploads\/2026\/04\/Vlada-RH.jpg?fit=1200%2C557&ssl=1&resize=700%2C400 2x, https:\/\/i0.wp.com\/historiografija.hr\/wp-content\/uploads\/2026\/04\/Vlada-RH.jpg?fit=1200%2C557&ssl=1&resize=1050%2C600 3x"},"classes":[]},{"id":52631,"url":"https:\/\/historiografija.hr\/?p=52631","url_meta":{"origin":15174,"position":2},"title":"Predavanje Ivana Tepe\u0161a: Djelovanje hrvatske politi\u010dke emigracije","author":"Branimir Jankovi\u0107","date":"23. travnja 2026.","format":false,"excerpt":"Odjel za me\u0111unarodnu suradnju i iseljeni\u0161tvo Matice hrvatske Predavanje Ivana Tepe\u0161a: Djelovanje hrvatske politi\u010dke emigracije Utorak, 28. travnja 2026. u 18:00 sati, Dvorana Ljudevita Jonkea (Mala dvorana MH), Strossmayerov trg 4, Zagreb dr. sc. Ivan Tepe\u0161, Institut za istra\u017eivanje migracija Hrvatska politi\u010dka emigracija obilje\u017eila je polustoljetnu hrvatsku povijest u drugoj\u2026","rel":"","context":"U &quot;Novosti&quot;","block_context":{"text":"Novosti","link":"https:\/\/historiografija.hr\/?cat=3"},"img":{"alt_text":"","src":"","width":0,"height":0},"classes":[]},{"id":52499,"url":"https:\/\/historiografija.hr\/?p=52499","url_meta":{"origin":15174,"position":3},"title":"POTPISAN UGOVOR O ZNANSTVENO-ISTRA\u017dIVA\u010cKOJ SURADNJI: PROJEKT \u201eTEMELJI HRVATSKE SAMOSTALNOSTI\u201d","author":"Branimir Jankovi\u0107","date":"17. travnja 2026.","format":false,"excerpt":"Hrvatski institut za povijest, Sveu\u010dili\u0161te obrane i sigurnosti \u201eDr. Franjo Tu\u0111man\u201d, Institut dru\u0161tvenih znanosti Ivo Pilar i Hrvatski dr\u017eavni arhiv\u00a0potpisali su 23. o\u017eujka 2026.\u00a0Ugovor o znanstveno-istra\u017eiva\u010dkoj suradnji s ciljem provedbe projekta \u201eTemelji hrvatske samostalnosti\u201d. Tim projektom obuhva\u0107a se istra\u017eivanje arhivskoga gradiva, priprema znanstvenih publikacija, digitalizacija i javna prezentacija rezultata istra\u017eivanja\u2026","rel":"","context":"U &quot;Novosti&quot;","block_context":{"text":"Novosti","link":"https:\/\/historiografija.hr\/?cat=3"},"img":{"alt_text":"","src":"https:\/\/i0.wp.com\/historiografija.hr\/wp-content\/uploads\/2026\/04\/THS_sporazum.jpg?fit=1200%2C583&ssl=1&resize=350%2C200","width":350,"height":200,"srcset":"https:\/\/i0.wp.com\/historiografija.hr\/wp-content\/uploads\/2026\/04\/THS_sporazum.jpg?fit=1200%2C583&ssl=1&resize=350%2C200 1x, https:\/\/i0.wp.com\/historiografija.hr\/wp-content\/uploads\/2026\/04\/THS_sporazum.jpg?fit=1200%2C583&ssl=1&resize=525%2C300 1.5x, https:\/\/i0.wp.com\/historiografija.hr\/wp-content\/uploads\/2026\/04\/THS_sporazum.jpg?fit=1200%2C583&ssl=1&resize=700%2C400 2x, https:\/\/i0.wp.com\/historiografija.hr\/wp-content\/uploads\/2026\/04\/THS_sporazum.jpg?fit=1200%2C583&ssl=1&resize=1050%2C600 3x"},"classes":[]},{"id":52666,"url":"https:\/\/historiografija.hr\/?p=52666","url_meta":{"origin":15174,"position":4},"title":"Najava programa Festivala povijesti Kliofest (5-8. V. 2026)","author":"Branimir Jankovi\u0107","date":"24. travnja 2026.","format":false,"excerpt":"Po trinaesti put odr\u017eava se Festival povijesti Kliofest! Do petka \u0107emo odr\u017eati osam okruglih stolova i dva kolokvija te niz predstavljanja knjiga i projekata razli\u010dite tematike, od antike do suvremenosti. Bit \u0107e predstavljeno i nekoliko izlo\u017ebi te odr\u017ean jedan povijesni kviz. Prikazat \u0107emo i jedan film \u2013 o generalu Boroevi\u0107u.\u2026","rel":"","context":"U &quot;Novosti&quot;","block_context":{"text":"Novosti","link":"https:\/\/historiografija.hr\/?cat=3"},"img":{"alt_text":"","src":"https:\/\/i0.wp.com\/historiografija.hr\/wp-content\/uploads\/2026\/04\/Kliofest-2026.jpg?fit=526%2C526&ssl=1&resize=350%2C200","width":350,"height":200,"srcset":"https:\/\/i0.wp.com\/historiografija.hr\/wp-content\/uploads\/2026\/04\/Kliofest-2026.jpg?fit=526%2C526&ssl=1&resize=350%2C200 1x, https:\/\/i0.wp.com\/historiografija.hr\/wp-content\/uploads\/2026\/04\/Kliofest-2026.jpg?fit=526%2C526&ssl=1&resize=525%2C300 1.5x"},"classes":[]},{"id":52505,"url":"https:\/\/historiografija.hr\/?p=52505","url_meta":{"origin":15174,"position":5},"title":"Izlo\u017eba &#8220;Eschenstock \/ Jasenov prut&#8221;","author":"Branimir Jankovi\u0107","date":"17. travnja 2026.","format":false,"excerpt":"Srpsko narodno vije\u0107e (SNV) i Vizura aperta postavljaju izlo\u017ebu \u0161vicarskog slikara Velimira Ili\u0161evi\u0107a: Eschenstock \/ Jasenov prut. Izlo\u017eba se uz prisustvo autora otvara povodom 81. godi\u0161njice proboja logora\u0161a iz usta\u0161kog logora smrti Jasenovac 22. aprila 2026. u 19 sati u Srpskom kulturnom centru (SKC) u Preradovi\u0107evoj ulici 21 u Zagrebu.\u2026","rel":"","context":"U &quot;Izlo\u017ebe&quot;","block_context":{"text":"Izlo\u017ebe","link":"https:\/\/historiografija.hr\/?cat=10"},"img":{"alt_text":"","src":"https:\/\/i0.wp.com\/historiografija.hr\/wp-content\/uploads\/2026\/04\/Jasenov_prut.jpg?fit=1024%2C640&ssl=1&resize=350%2C200","width":350,"height":200,"srcset":"https:\/\/i0.wp.com\/historiografija.hr\/wp-content\/uploads\/2026\/04\/Jasenov_prut.jpg?fit=1024%2C640&ssl=1&resize=350%2C200 1x, https:\/\/i0.wp.com\/historiografija.hr\/wp-content\/uploads\/2026\/04\/Jasenov_prut.jpg?fit=1024%2C640&ssl=1&resize=525%2C300 1.5x, https:\/\/i0.wp.com\/historiografija.hr\/wp-content\/uploads\/2026\/04\/Jasenov_prut.jpg?fit=1024%2C640&ssl=1&resize=700%2C400 2x"},"classes":[]}],"_links":{"self":[{"href":"https:\/\/historiografija.hr\/index.php?rest_route=\/wp\/v2\/posts\/15174","targetHints":{"allow":["GET"]}}],"collection":[{"href":"https:\/\/historiografija.hr\/index.php?rest_route=\/wp\/v2\/posts"}],"about":[{"href":"https:\/\/historiografija.hr\/index.php?rest_route=\/wp\/v2\/types\/post"}],"author":[{"embeddable":true,"href":"https:\/\/historiografija.hr\/index.php?rest_route=\/wp\/v2\/users\/2"}],"replies":[{"embeddable":true,"href":"https:\/\/historiografija.hr\/index.php?rest_route=%2Fwp%2Fv2%2Fcomments&post=15174"}],"version-history":[{"count":4,"href":"https:\/\/historiografija.hr\/index.php?rest_route=\/wp\/v2\/posts\/15174\/revisions"}],"predecessor-version":[{"id":15179,"href":"https:\/\/historiografija.hr\/index.php?rest_route=\/wp\/v2\/posts\/15174\/revisions\/15179"}],"wp:featuredmedia":[{"embeddable":true,"href":"https:\/\/historiografija.hr\/index.php?rest_route=\/wp\/v2\/media\/15175"}],"wp:attachment":[{"href":"https:\/\/historiografija.hr\/index.php?rest_route=%2Fwp%2Fv2%2Fmedia&parent=15174"}],"wp:term":[{"taxonomy":"category","embeddable":true,"href":"https:\/\/historiografija.hr\/index.php?rest_route=%2Fwp%2Fv2%2Fcategories&post=15174"},{"taxonomy":"post_tag","embeddable":true,"href":"https:\/\/historiografija.hr\/index.php?rest_route=%2Fwp%2Fv2%2Ftags&post=15174"}],"curies":[{"name":"wp","href":"https:\/\/api.w.org\/{rel}","templated":true}]}}