{"id":15048,"date":"2019-05-27T14:38:55","date_gmt":"2019-05-27T14:38:55","guid":{"rendered":"http:\/\/historiografija.hr\/?p=15048"},"modified":"2020-01-09T16:03:08","modified_gmt":"2020-01-09T16:03:08","slug":"zbornik-reprezentacije-socijalisticke-jugoslavije-preispitivanja-i-perspektive","status":"publish","type":"post","link":"https:\/\/historiografija.hr\/?p=15048","title":{"rendered":"Zbornik \u201cReprezentacije socijalisti\u010dke Jugoslavije: preispitivanja i perspektive\u201d"},"content":{"rendered":"<p>Na Festivalu povijesti \u2013 Kliofest predstavljen je zbornik radova \u201cReprezentacije socijalisti\u010dke Jugoslavije: preispitivanja i perspektive\u201d koji su 2019. godine objavili Udru\u017eenje za modernu historiju iz Sarajeva i Srednja Europa iz Zagreba. Urednici zbornika su Hannes Grandits, Vladimir Ivanovi\u0107, Branimir Jankovi\u0107.<\/p>\n<p>&nbsp;<\/p>\n<p>&nbsp;<\/p>\n<p>U knjizi \u0161esnaest autora i autorica iz Njema\u010dke, Austrije, Slovenije, Hrvatske, Bosne i Hercegovine, Srbije i Makedonije analiziraju suvremene reprezentacije socijalisti\u010dke Jugoslavije, ponajvi\u0161e u historiografiji, ali i publicistici, ud\u017ebenicima povijesti, dokumentarnim filmovima, izlo\u017ebama, memoarima, sje\u0107anjima i politikama povijesti. Okupljeni u tri tematske cjeline \u2013 <em>Modernizacijska paradigma pod znakom pitanja<\/em>, <em>Dinamike otvorenosti i zatvorenosti jugoslavenskog socijalizma<\/em>, <em>Tjeskoba pogleda unazad u postjugoslavenskim historiografijama<\/em> \u2013 radovi otvaraju va\u017ena i aktualna pitanja: Je li socijalisti\u010dka Jugoslavija bila modernizacijski uspje\u0161na ili neuspje\u0161na? Koliko je zaista bila otvorena, a koliko zatvorena? Za\u0161to u postjugoslavenskim historiografijama postoji tolika tjeskoba u odnosu prema socijalisti\u010dkoj Jugoslaviji? Osim odgovora na ta pitanja, zbornik pru\u017ea uvid i u raznovrsne nove pristupe socijalisti\u010dkoj Jugoslaviji te ilustrira suprotstavljene poglede na nju, \u0161to je posebno zanimljivo u kontekstu recentne stogodi\u0161njice stvaranja Jugoslavije.<\/p>\n<p>&nbsp;<\/p>\n<p>&nbsp;<\/p>\n<p><strong>Sadr\u017eaj:<\/strong><\/p>\n<p>&nbsp;<\/p>\n<p><a href=\"http:\/\/umhis.simplesite.com\/431349901\">http:\/\/umhis.simplesite.com\/431349901<\/a><\/p>\n<p>&nbsp;<\/p>\n<p>&nbsp;<\/p>\n<p><strong>Izvor:<\/strong><\/p>\n<p>&nbsp;<\/p>\n<p><a href=\"https:\/\/www.facebook.com\/udruzenje.za.modernu.historiju\/\">https:\/\/www.facebook.com\/udruzenje.za.modernu.historiju\/<\/a><\/p>\n<p>&nbsp;<\/p>\n<p><a href=\"https:\/\/www.facebook.com\/Srednja-Europa-108077195878764\/\">https:\/\/www.facebook.com\/Srednja-Europa-108077195878764\/<\/a><\/p>\n<p>&nbsp;<\/p>\n<p><a href=\"https:\/\/www.geschichte.hu-berlin.de\/de\/bereiche-und-lehrstuehle\/gesuedosteu\/aktuelles\">https:\/\/www.geschichte.hu-berlin.de\/de\/bereiche-und-lehrstuehle\/gesuedosteu\/aktuelles<\/a><\/p>\n<p>&nbsp;<\/p>\n<p>&nbsp;<\/p>\n<p><strong>Dodatne informacije:<\/strong><\/p>\n<p><strong>\u00a0<\/strong><\/p>\n<p>Rane verzije tekstova iz zbornika objavljene su 2018. godine u\u00a0tematskom prilogu\u00a0<a href=\"https:\/\/historiografija.hr\/?page_id=9803\">Nove tendencije u historiografiji socijalisti\u010dke Jugoslavije<\/a> na portalu <em>Historiografija.hr<\/em>. U zborniku su ti inicijalni tekstovi prera\u0111eni i nadopunjeni (neki i prevedeni), kao i okupljeni u posve nove tematske cjeline te dodatno povezani potpuno novim i znatno op\u0161irnijim problemskim uvodom.<\/p>\n<p>&nbsp;<\/p>\n<p>&#8212;<\/p>\n<p>&nbsp;<\/p>\n<p>&#8220;Kao rezultat vi\u0161egodi\u0161njeg rada cijelog niza istra\u017eiva\u010da suradnika na projektu DAAD-a, <em>Repr\u00e4sentationen des sozialistischen Jugoslawien im Umbruch<\/em>, koji se odvijao pri Humboldtovom sveu\u010dili\u0161tu u Berlinu, ova se knjiga pojavljuje u formatu koji donedavno nije bio uobi\u010dajen u post-jugoslavenskim historiografskim tradicijama. Takav format sa sobom nu\u017eno nosi i neke manje probleme, poput neujedna\u010denosti tekstova \u2013 neki od kojih funkcioniraju prvenstveno kao <em>state of the art<\/em> pregledi literature, neki kao polemi\u010dko-analiti\u010dki tekstovi, a neki kao sa\u017eeci rezultata istra\u017eivanja \u2013 no kroz tematsku usmjerenost i naglasak na (re)konceptualizaciju pisanja povijesti socijalisti\u010dke Jugoslavije knjiga funkcionira kao cjelina. No takav format ujedno i upu\u0107uje na mogu\u0107nosti diversifikacije i produbljivanja raznih istra\u017eiva\u010dkih tema iz povijesti socijalisti\u010dke Jugoslavije u skladu sa suvremenim historiografskim trendovima. Upravo su tekstovi koji uspijevaju povezati konceptualno i metodolo\u0161ki zahtjevnije pristupe sa \u201estarim\u201c ili \u201enovim\u201c temama iz povijesti socijalisti\u010dke Jugoslavije najve\u0107i doprinos ove knjige. Knjiga pritom uvelike profitira i \u010dinjenicom da ni urednici ni autori pojedina\u010dnih tekstova nisu forsirali uspostavu uniformnog post-jugoslavenskog narativa o socijalisti\u010dkoj Jugoslaviji. Iako postoji osjetna konvergencija stavova autora spram socijalisti\u010dke Jugoslavije \u2013 koja se, me\u0111u ostalim, o\u010dituje i u njihovim kritikama revizionisti\u010dke historiografije koja cjelokupno iskustvo socijalisti\u010dke Jugoslavije svodi na set pojednostavljenih i te\u0161ko dokazivih interpretacija kojima je zajedni\u010dko demoniziranje kako jugoslavenske dr\u017eave, tako i jugoslavenskog iskustva socijalizma \u2013 autori uspje\u0161no odolijevaju nekriti\u010dkom i romantiziranom pogledu na socijalisti\u010dku Jugoslaviju. Iz gore navedenih razloga smatram da je knjiga vrijedna objavljivanja te pozdravljam \u010dinjenicu da je rezultat me\u0111unarodne istra\u017eiva\u010dke i institucionalne suradnje.&#8221;<\/p>\n<p>&nbsp;<\/p>\n<p>(Iz recenzije dr. sc. Vedrana Duan\u010di\u0107a)<\/p>\n<p>&nbsp;<\/p>\n<p>&nbsp;<\/p>\n","protected":false},"excerpt":{"rendered":"","protected":false},"author":2,"featured_media":15049,"comment_status":"open","ping_status":"open","sticky":false,"template":"","format":"standard","meta":{"_acf_changed":false,"jetpack_post_was_ever_published":false,"_jetpack_newsletter_access":"","_jetpack_dont_email_post_to_subs":false,"_jetpack_newsletter_tier_id":0,"_jetpack_memberships_contains_paywalled_content":false,"_jetpack_memberships_contains_paid_content":false,"footnotes":"","jetpack_publicize_message":"","jetpack_publicize_feature_enabled":true,"jetpack_social_post_already_shared":true,"jetpack_social_options":{"image_generator_settings":{"template":"highway","default_image_id":0,"font":"","enabled":false},"version":2}},"categories":[8,3],"tags":[],"class_list":["post-15048","post","type-post","status-publish","format-standard","has-post-thumbnail","hentry","category-knjige","category-novosti"],"acf":{"facebook_opis":""},"jetpack_publicize_connections":[],"jetpack_featured_media_url":"https:\/\/i0.wp.com\/historiografija.hr\/wp-content\/uploads\/2019\/05\/reprezentacije.jpg?fit=653%2C960&ssl=1","jetpack_sharing_enabled":true,"jetpack-related-posts":[{"id":52502,"url":"https:\/\/historiografija.hr\/?p=52502","url_meta":{"origin":15048,"position":0},"title":"Novi znanstveni projekt Hrvatskog instituta za povijest: \u201c\u017drtve ratova i dr\u017eavnog\/politi\u010dkog nasilja u hrvatskoj povijesti 20. stolje\u0107a\u201d","author":"Branimir Jankovi\u0107","date":"17. travnja 2026.","format":false,"excerpt":"Na redovitoj sjednici Vlade RH, 16. travnja 2026., donijet je Zaklju\u010dak kojim se pokre\u0107e znanstveni projekt \u201c\u017drtve ratova i dr\u017eavnog\/politi\u010dkog nasilja u hrvatskoj povijesti 20. stolje\u0107a\u201d. Projekt \u0107e provoditi i koordinirati Hrvatski institut za povijest u razdoblju trajanja projekta od pet godina. Zakljucak Vlade RH Iz teksta projektnog prijedloga: Problematika\u2026","rel":"","context":"U &quot;Novosti&quot;","block_context":{"text":"Novosti","link":"https:\/\/historiografija.hr\/?cat=3"},"img":{"alt_text":"","src":"https:\/\/i0.wp.com\/historiografija.hr\/wp-content\/uploads\/2026\/04\/Vlada-RH.jpg?fit=1200%2C557&ssl=1&resize=350%2C200","width":350,"height":200,"srcset":"https:\/\/i0.wp.com\/historiografija.hr\/wp-content\/uploads\/2026\/04\/Vlada-RH.jpg?fit=1200%2C557&ssl=1&resize=350%2C200 1x, https:\/\/i0.wp.com\/historiografija.hr\/wp-content\/uploads\/2026\/04\/Vlada-RH.jpg?fit=1200%2C557&ssl=1&resize=525%2C300 1.5x, https:\/\/i0.wp.com\/historiografija.hr\/wp-content\/uploads\/2026\/04\/Vlada-RH.jpg?fit=1200%2C557&ssl=1&resize=700%2C400 2x, https:\/\/i0.wp.com\/historiografija.hr\/wp-content\/uploads\/2026\/04\/Vlada-RH.jpg?fit=1200%2C557&ssl=1&resize=1050%2C600 3x"},"classes":[]},{"id":52666,"url":"https:\/\/historiografija.hr\/?p=52666","url_meta":{"origin":15048,"position":1},"title":"Najava programa Festivala povijesti Kliofest (5-8. V. 2026)","author":"Branimir Jankovi\u0107","date":"24. travnja 2026.","format":false,"excerpt":"Po trinaesti put odr\u017eava se Festival povijesti Kliofest! Do petka \u0107emo odr\u017eati osam okruglih stolova i dva kolokvija te niz predstavljanja knjiga i projekata razli\u010dite tematike, od antike do suvremenosti. Bit \u0107e predstavljeno i nekoliko izlo\u017ebi te odr\u017ean jedan povijesni kviz. Prikazat \u0107emo i jedan film \u2013 o generalu Boroevi\u0107u.\u2026","rel":"","context":"U &quot;Novosti&quot;","block_context":{"text":"Novosti","link":"https:\/\/historiografija.hr\/?cat=3"},"img":{"alt_text":"","src":"https:\/\/i0.wp.com\/historiografija.hr\/wp-content\/uploads\/2026\/04\/Kliofest-2026.jpg?fit=526%2C526&ssl=1&resize=350%2C200","width":350,"height":200,"srcset":"https:\/\/i0.wp.com\/historiografija.hr\/wp-content\/uploads\/2026\/04\/Kliofest-2026.jpg?fit=526%2C526&ssl=1&resize=350%2C200 1x, https:\/\/i0.wp.com\/historiografija.hr\/wp-content\/uploads\/2026\/04\/Kliofest-2026.jpg?fit=526%2C526&ssl=1&resize=525%2C300 1.5x"},"classes":[]},{"id":52654,"url":"https:\/\/historiografija.hr\/?p=52654","url_meta":{"origin":15048,"position":2},"title":"Gostuju\u0107e predavanje &#8211; Danijel D\u017eino \u201eKasnoanti\u010dke i ranosrednjovjekovne gra\u0111evine u Brezi: Spomenici nepotpune biografije\u201c","author":"Branimir Jankovi\u0107","date":"24. travnja 2026.","format":false,"excerpt":"Doktorski studij predmoderne povijesti poziva na predavanje \"Kasnoanti\u010dke i ranosrednjovjekovne gra\u0111evine u Brezi: Spomenici nepotpune biografije\u201d koje \u0107e odr\u017eati profesor Danijel D\u017eino sa Sveu\u010dili\u0161ta Macquarie u Sydneyu u\u00a0utorak 28. travnja 2026. u 17h u Konferencijskoj dvorani Knji\u017enice Filozofskog fakulteta u Zagrebu. Predavanje \u0107e predo\u010diti nova saznanja dobivena kroz arhivsko-dokumentarna istra\u017eivanja\u2026","rel":"","context":"U &quot;Novosti&quot;","block_context":{"text":"Novosti","link":"https:\/\/historiografija.hr\/?cat=3"},"img":{"alt_text":"","src":"https:\/\/i0.wp.com\/historiografija.hr\/wp-content\/uploads\/2026\/04\/Dzino.jpg?fit=980%2C819&ssl=1&resize=350%2C200","width":350,"height":200,"srcset":"https:\/\/i0.wp.com\/historiografija.hr\/wp-content\/uploads\/2026\/04\/Dzino.jpg?fit=980%2C819&ssl=1&resize=350%2C200 1x, https:\/\/i0.wp.com\/historiografija.hr\/wp-content\/uploads\/2026\/04\/Dzino.jpg?fit=980%2C819&ssl=1&resize=525%2C300 1.5x, https:\/\/i0.wp.com\/historiografija.hr\/wp-content\/uploads\/2026\/04\/Dzino.jpg?fit=980%2C819&ssl=1&resize=700%2C400 2x"},"classes":[]},{"id":52657,"url":"https:\/\/historiografija.hr\/?p=52657","url_meta":{"origin":15048,"position":3},"title":"[Predavanje] Jezik i drugost u (post)socijalisti\u010dkoj Srbiji: diskurzivne politike identiteta (YugoLab)","author":"Branimir Jankovi\u0107","date":"24. travnja 2026.","format":false,"excerpt":"U sklopu projekta Prizma \/ IMAGINATION (\u201eZami\u0161ljanje nacije: srpski nacionalni narativi u sporu (XX\u2013XXI vek)\u201c), koji se realizuje na Institutu za filozofiju i dru\u0161tvenu teoriju Univerziteta u Beogradu (2024\u20132027) uz finansijsku podr\u0161ku Fonda za nauku Republike Srbije, organizuje se serija predavanja na kojoj istra\u017eiva\u010di i istra\u017eiva\u010dice projekta predstavljaju rezultate svojih\u2026","rel":"","context":"U &quot;Novosti&quot;","block_context":{"text":"Novosti","link":"https:\/\/historiografija.hr\/?cat=3"},"img":{"alt_text":"","src":"https:\/\/i0.wp.com\/historiografija.hr\/wp-content\/uploads\/2026\/04\/IFDT_28_IV.png?fit=1200%2C675&ssl=1&resize=350%2C200","width":350,"height":200,"srcset":"https:\/\/i0.wp.com\/historiografija.hr\/wp-content\/uploads\/2026\/04\/IFDT_28_IV.png?fit=1200%2C675&ssl=1&resize=350%2C200 1x, https:\/\/i0.wp.com\/historiografija.hr\/wp-content\/uploads\/2026\/04\/IFDT_28_IV.png?fit=1200%2C675&ssl=1&resize=525%2C300 1.5x, https:\/\/i0.wp.com\/historiografija.hr\/wp-content\/uploads\/2026\/04\/IFDT_28_IV.png?fit=1200%2C675&ssl=1&resize=700%2C400 2x, https:\/\/i0.wp.com\/historiografija.hr\/wp-content\/uploads\/2026\/04\/IFDT_28_IV.png?fit=1200%2C675&ssl=1&resize=1050%2C600 3x"},"classes":[]},{"id":52547,"url":"https:\/\/historiografija.hr\/?p=52547","url_meta":{"origin":15048,"position":4},"title":"ISHA Zagreb \u2013 Filmska ve\u010der: Povratak Martina Guerrea","author":"Branimir Jankovi\u0107","date":"20. travnja 2026.","format":false,"excerpt":"Klub studenata povijesti \u2013 ISHA Zagreb poziva Vas na filmsku ve\u010der na kojoj \u0107e se prikazivati \u201ePovratak Martina Guerrea\u201c, povijesna drama iz 1982. godine s radnjom smje\u0161tenom u 16. stolje\u0107u. Radnja je utemeljena na stvarnoj povijesnoj li\u010dnosti Martina Guerrea koji se nakon mnogo godina izbivanja vra\u0107a u svoje rodno mjesto\u2026","rel":"","context":"U &quot;Filmovi i serije&quot;","block_context":{"text":"Filmovi i serije","link":"https:\/\/historiografija.hr\/?cat=13"},"img":{"alt_text":"","src":"https:\/\/i0.wp.com\/historiografija.hr\/wp-content\/uploads\/2026\/04\/M-Guerre.png?fit=702%2C1006&ssl=1&resize=350%2C200","width":350,"height":200,"srcset":"https:\/\/i0.wp.com\/historiografija.hr\/wp-content\/uploads\/2026\/04\/M-Guerre.png?fit=702%2C1006&ssl=1&resize=350%2C200 1x, https:\/\/i0.wp.com\/historiografija.hr\/wp-content\/uploads\/2026\/04\/M-Guerre.png?fit=702%2C1006&ssl=1&resize=525%2C300 1.5x, https:\/\/i0.wp.com\/historiografija.hr\/wp-content\/uploads\/2026\/04\/M-Guerre.png?fit=702%2C1006&ssl=1&resize=700%2C400 2x"},"classes":[]},{"id":52569,"url":"https:\/\/historiografija.hr\/?p=52569","url_meta":{"origin":15048,"position":5},"title":"[Predavanje] Ne \u010dekaju\u0107i inspiraciju \u2013 anga\u017eovane intelektualne, kulturalne i umetni\u010dke prakse u me\u0111uratnom periodu: teorija i praksa kriti\u010dke levice u jugoslovenskoj kulturi (YugoLab)","author":"Branimir Jankovi\u0107","date":"21. travnja 2026.","format":false,"excerpt":"U vreme agresivnog ja\u010danja globalne desnice, (pro)fa\u0161isti\u010dkih, rasisti\u010dkih i imperijalisti\u010dkih politika, dok je istovremeno globalna levica izrazito slaba, a progresivni pokreti atomizirani i fragmentisani, va\u017eno je iz savremene perspektive vratiti se revolucionarnim i emancipatorskim zbivanjima u jugoslovenskom (ali i s njima u vezi internacionalnim de\u0161avanjima), kao i dru\u0161tvenoj ulozi kulturalnih\u2026","rel":"","context":"U &quot;Novosti&quot;","block_context":{"text":"Novosti","link":"https:\/\/historiografija.hr\/?cat=3"},"img":{"alt_text":"","src":"","width":0,"height":0},"classes":[]}],"_links":{"self":[{"href":"https:\/\/historiografija.hr\/index.php?rest_route=\/wp\/v2\/posts\/15048","targetHints":{"allow":["GET"]}}],"collection":[{"href":"https:\/\/historiografija.hr\/index.php?rest_route=\/wp\/v2\/posts"}],"about":[{"href":"https:\/\/historiografija.hr\/index.php?rest_route=\/wp\/v2\/types\/post"}],"author":[{"embeddable":true,"href":"https:\/\/historiografija.hr\/index.php?rest_route=\/wp\/v2\/users\/2"}],"replies":[{"embeddable":true,"href":"https:\/\/historiografija.hr\/index.php?rest_route=%2Fwp%2Fv2%2Fcomments&post=15048"}],"version-history":[{"count":8,"href":"https:\/\/historiografija.hr\/index.php?rest_route=\/wp\/v2\/posts\/15048\/revisions"}],"predecessor-version":[{"id":18514,"href":"https:\/\/historiografija.hr\/index.php?rest_route=\/wp\/v2\/posts\/15048\/revisions\/18514"}],"wp:featuredmedia":[{"embeddable":true,"href":"https:\/\/historiografija.hr\/index.php?rest_route=\/wp\/v2\/media\/15049"}],"wp:attachment":[{"href":"https:\/\/historiografija.hr\/index.php?rest_route=%2Fwp%2Fv2%2Fmedia&parent=15048"}],"wp:term":[{"taxonomy":"category","embeddable":true,"href":"https:\/\/historiografija.hr\/index.php?rest_route=%2Fwp%2Fv2%2Fcategories&post=15048"},{"taxonomy":"post_tag","embeddable":true,"href":"https:\/\/historiografija.hr\/index.php?rest_route=%2Fwp%2Fv2%2Ftags&post=15048"}],"curies":[{"name":"wp","href":"https:\/\/api.w.org\/{rel}","templated":true}]}}