{"id":14879,"date":"2019-05-16T21:44:18","date_gmt":"2019-05-16T21:44:18","guid":{"rendered":"http:\/\/historiografija.hr\/?p=14879"},"modified":"2019-05-16T21:45:09","modified_gmt":"2019-05-16T21:45:09","slug":"obiljezavanje-39-medunarodnog-dana-muzeja-u-znaku-novih-muzeoloskih-imperativa","status":"publish","type":"post","link":"https:\/\/historiografija.hr\/?p=14879","title":{"rendered":"Obilje\u017eavanje 39. Me\u0111unarodnog dana muzeja u znaku novih muzeolo\u0161kih imperativa"},"content":{"rendered":"<p>Od 13. do 20. svibnja 2019. temom &#8220;Muzeji kao sredi\u0161ta kulture: budu\u0107nost tradicije&#8221; muzeji diljem Hrvatske obilje\u017eit \u0107e raznolikim programima 39. Me\u0111unarodni dan muzeja. Na Inicijativu Muzejskog dokumentacijskog centra (MDC) u Hrvatskoj se Me\u0111unarodni dan muzeja obilje\u017eava od 1980. godine, a ovogodi\u0161nja tema koju je odredilo Me\u0111unarodno vije\u0107e muzeja (ICOM) sa sjedi\u0161tem u Parizu postavlja pred muzejsku zajednicu izazov dru\u0161tveno odgovornog djelovanja i aktivnog sudjelovanja u rje\u0161avanju problema dana\u0161njice kao \u0161to su stvaranje inkluzivnog i tolerantnog dru\u0161tva, za\u0161tita biosfere i odr\u017eiva poljoprivreda te o\u010duvanje kulturnog naslje\u0111a za budu\u0107e generacije.<\/p>\n<p>&nbsp;<\/p>\n<p>Pored tradicionalnih funkcija kao \u0161to prikupljanje, \u010duvanje, istra\u017eivanje i interpretacija ba\u0161tine, muzeji danas kao prioritete prepoznaju identificiranje i zadovoljavanje potreba javnosti. Uo\u010di Generalne konferencije ICOM-a koja \u0107e se odr\u017eati po\u010detkom rujna u Kyotu, ICOM je pred muzejske djelatnike postavio pitanje redefiniranja uloge muzeja u izgradnji dru\u0161tva. U skladu s novom misijom brojni muzeji u Hrvatskoj organizirali su niz predavanja, radionica, izlo\u017ebi i posebno osmi\u0161ljenih vodstava s namjerom podizanja svijesti o kori\u0161tenju prirodne, kulturne i povijesne ba\u0161tine kao razvojnog resursa i alternativnog oblika edukacije.<\/p>\n<p>&nbsp;<\/p>\n<p>Koriste\u0107i medij javnog prostora Hrvatski prirodoslovni muzej uz podr\u0161ku Turisti\u010dke zajednice grada Zagreba ponovno je organizirao manifestaciju &#8220;Muzeji izvan muzeja&#8221; u kojoj sudjeluje sedam muzejskih ku\u0107a \u2013 Hrvatski prirodoslovni muzej, Arheolo\u0161ki muzej u Zagrebu, Muzej za umjetnost i obrt, Muzej suvremene umjetnosti, Tehni\u010dki muzej Nikola Tesla, Hrvatski povijesni muzej, Etnografski muzej, Muzejski dokumentacijski centar te Muzej Radboa, koje u paviljonu na Trgu bana Jela\u010di\u0107a u Zagrebu predstavljaju bogatu kulturno-povijesnu ba\u0161tinu o kojoj skrbe kroz izlo\u017ebu najprepoznatljivijih muzejskih predmeta, me\u0111u kojima se svojom atraktivno\u0161\u0107u izdvajaju nagra\u0111ivani plakati dizajnera Borisa Ljubi\u010di\u0107a kao i replika dinosaura iz skupine Theropoda koji je prije 135 milijuna godina \u0161etao dana\u0161njom Istrom.<\/p>\n<p>&nbsp;<\/p>\n<p>S namjerom skretanja pa\u017enje na va\u017enost komuniciranja ba\u0161tinskih sadr\u017eaja osobama s pote\u0161ko\u0107ama Muzej Apoksiomena predstavit \u0107e taktilnu skulpturu Apoksiomena namijenjenu slijepim i slabovidnim osobama, dok \u0107e Hrvatski muzej naivne umjetnosti u Zagrebu organizirati besplatno stru\u010dno vodstvo kroz stalni postav posve\u0107en klasicima hrvatske naivne umjetnosti \u2013 Ivanu Generali\u0107u, Mirku Viriusu, Ivanu Rabuzinu, Emeriku Feje\u0161u, Matiji Skurjeniju, Miji Kova\u010di\u0107u i Ivanu Lackovi\u0107u, u kojem \u0107e svi sudionici upotrebom interaktivnih tableta dobiti priliku pregledavati, upoznavati i istra\u017eivati naivu u virtualnom prostoru.<\/p>\n<p>&nbsp;<\/p>\n<p>Kako na inovativan na\u010din valorizirati zajedni\u010dku europsku kulturnu ba\u0161tinu i stvoriti nove tematske rute otkrit \u0107e nam u Muzeju Grada \u0110ur\u0111evca kroz dokumentarnu izlo\u017ebu &#8220;Putevima Zrinskih i Sulejmana&#8221;. Izlo\u017eba je ra\u0111ena u suradnji s gradom Szigetv\u00e1rom i Udrugom prijatelja Starog grada Szigetv\u00e1ra i kroz 28 izlo\u017ebenih panoa prikazuje kulturno &#8211; povijesnu ba\u0161tinu hrvatskih i ma\u0111arskih gradova vezanih uz razdoblje osmanskih osvajanja &#8211; Iloka, Erduta, Osijeka, Moha\u010da, \u0110akova, Na\u0161ica, Valpova, Pe\u010duha, Virovitice, Koprivnice, \u0110ur\u0111evca, Vara\u017edina, \u010cakovca, Legrada, Csurga, Barcsa i Szigetv\u00e1ra.<\/p>\n<p>&nbsp;<\/p>\n<p>Vrijedna inicijativa dolazi iz Muzeja grada \u0160ibenika koji je u okviru projekta Kulinarski vremeplov okupio muzeje \u0160ibensko kninske \u017eupanije i u suradnji s Gradskim muzejom Drni\u0161, Kninskim muzejom, Muzejom betinske drvene brodogradnje te Turisti\u010dko ugostiteljskom \u0161kolom odlu\u010dio pribli\u017eiti publici prehranu od prapovijesti, preko antike i srednjeg vijeka pa sve do prehrambenih navika 18. stolje\u0107a.<\/p>\n<p>&nbsp;<\/p>\n<p>U duhu ovogodi\u0161nje teme koja propituje novu ulogu muzeja Muzejski dokumentacijski centar u suradnji s ICOM-om Hrvatska i ICOM-om regionalne alijanse za Jugoisto\u010dnu Europu organizira panel pod nazivom &#8220;Me\u0111unarodni dan muzeja &#8211; Novi izazovi za muzejsku struku&#8221;, na kojem \u0107e glavni izlaga\u010d biti predsjednica ICOM-a dr. sc. Suay Aksoy. Na panelu, koji \u0107e se odr\u017eati u ponedjeljak 20. svibnja u Muzeju Mimara, govorit \u0107e se o novoj ulozi muzeja u razvoju dru\u0161tva i procesu izrade nove definicije muzeja.<\/p>\n<p>&nbsp;<\/p>\n<p>Ulaz na sva doga\u0111anja je besplatan, a cjelokupni program obilje\u017eavanja 39. Me\u0111unarodnog dana muzeja dostupan je na internetskim stranicama Muzejskog dokumentacijskog centra <a href=\"http:\/\/www.mdc.hr\/\">http:\/\/www.mdc.hr\/<\/a>.<\/p>\n<p>&nbsp;<\/p>\n<p>&nbsp;<\/p>\n","protected":false},"excerpt":{"rendered":"","protected":false},"author":2,"featured_media":14880,"comment_status":"open","ping_status":"open","sticky":false,"template":"","format":"standard","meta":{"_acf_changed":false,"jetpack_post_was_ever_published":false,"_jetpack_newsletter_access":"","_jetpack_dont_email_post_to_subs":false,"_jetpack_newsletter_tier_id":0,"_jetpack_memberships_contains_paywalled_content":false,"_jetpack_memberships_contains_paid_content":false,"footnotes":"","jetpack_publicize_message":"","jetpack_publicize_feature_enabled":true,"jetpack_social_post_already_shared":true,"jetpack_social_options":{"image_generator_settings":{"template":"highway","default_image_id":0,"font":"","enabled":false},"version":2}},"categories":[3],"tags":[],"class_list":["post-14879","post","type-post","status-publish","format-standard","has-post-thumbnail","hentry","category-novosti"],"acf":{"facebook_opis":""},"jetpack_publicize_connections":[],"jetpack_featured_media_url":"https:\/\/i0.wp.com\/historiografija.hr\/wp-content\/uploads\/2019\/05\/dan-muzeja.jpg?fit=540%2C360&ssl=1","jetpack_sharing_enabled":true,"jetpack-related-posts":[{"id":52760,"url":"https:\/\/historiografija.hr\/?p=52760","url_meta":{"origin":14879,"position":0},"title":"Izlo\u017eba \u201cLo\u0161injski brodovi, njihove zastave i ljudi\u201d, 4. svibnja u 19h","author":"Filip \u0160imunjak","date":"30. travnja 2026.","format":false,"excerpt":"Hrvatski pomorski muzej Split, Glagolja\u0161a 18 (Tvr\u0111ava Gripe) Nakon \u0161to je u rujnu 2025. godine na otoku Lo\u0161inju, u suradnji Lo\u0161injskog muzeja i Hrvatskog pomorskog muzeja Split, predstavljena izlo\u017eba posve\u0107ena bogatoj pomorskoj ba\u0161tini otoka, njezino pro\u0161ireno izdanje postavlja se u Splitu. Uo\u010di blagdana svetog Dujma splitskoj \u0107e se publici predstaviti\u2026","rel":"","context":"U &quot;Izlo\u017ebe&quot;","block_context":{"text":"Izlo\u017ebe","link":"https:\/\/historiografija.hr\/?cat=10"},"img":{"alt_text":"","src":"https:\/\/i0.wp.com\/historiografija.hr\/wp-content\/uploads\/2026\/04\/Losinjski-brodovi-Izlozba-1-scaled.webp?fit=840%2C1200&ssl=1&resize=350%2C200","width":350,"height":200,"srcset":"https:\/\/i0.wp.com\/historiografija.hr\/wp-content\/uploads\/2026\/04\/Losinjski-brodovi-Izlozba-1-scaled.webp?fit=840%2C1200&ssl=1&resize=350%2C200 1x, https:\/\/i0.wp.com\/historiografija.hr\/wp-content\/uploads\/2026\/04\/Losinjski-brodovi-Izlozba-1-scaled.webp?fit=840%2C1200&ssl=1&resize=525%2C300 1.5x, https:\/\/i0.wp.com\/historiografija.hr\/wp-content\/uploads\/2026\/04\/Losinjski-brodovi-Izlozba-1-scaled.webp?fit=840%2C1200&ssl=1&resize=700%2C400 2x"},"classes":[]},{"id":52633,"url":"https:\/\/historiografija.hr\/?p=52633","url_meta":{"origin":14879,"position":1},"title":"POVIJEST TRE\u0160NJEVA\u010cKE GLAZBE: prikupljanje virtualnog fundusa Muzeja susjedstva Tre\u0161njevka","author":"Branimir Jankovi\u0107","date":"23. travnja 2026.","format":false,"excerpt":"utorak 28. 4. 2026. 14 - 18 h Nova BAZA, Nova cesta 66, Zagreb Prvi su dani ljeta 1957. godine. Bo\u017eica Kalafati\u0107 poha\u0111a drugi razred Osnovne \u0161kole Bratstvo i jedinstvo, danas kralja Tomislava, a ide i na muzi\u010dke satove u Mo\u0161\u0107eni\u010dkoj ulici. Na fotografiji s harmonikom u rukama stoji u\u2026","rel":"","context":"U &quot;Novosti&quot;","block_context":{"text":"Novosti","link":"https:\/\/historiografija.hr\/?cat=3"},"img":{"alt_text":"","src":"https:\/\/i0.wp.com\/historiografija.hr\/wp-content\/uploads\/2026\/04\/MST_prikupljanje.jpg?fit=380%2C475&ssl=1&resize=350%2C200","width":350,"height":200},"classes":[]},{"id":52578,"url":"https:\/\/historiografija.hr\/?p=52578","url_meta":{"origin":14879,"position":2},"title":"Poziv za sudjelovanje: XXII. Dani Julija Bene\u0161i\u0107a u Iloku","author":"Branimir Jankovi\u0107","date":"21. travnja 2026.","format":false,"excerpt":"Zavod za lingvisti\u010dka istra\u017eivanja Hrvatske akademije znanosti i umjetnosti, zajedno s Muzejom grada Iloka, organizira XXII. Dane Julija Bene\u0161i\u0107a, koji \u0107e se odr\u017eati od 28. do 30. listopada 2026. u Iloku.\u00a0Teme ovogodi\u0161njih Dana podijeljene su u dvije cjeline: Knji\u017eevno-jezikoslovni d\u00ecv\u0101n s Bene\u0161i\u0107em te Ilok i Srijem u povijesnim stalnicama i\u2026","rel":"","context":"U &quot;Novosti&quot;","block_context":{"text":"Novosti","link":"https:\/\/historiografija.hr\/?cat=3"},"img":{"alt_text":"","src":"https:\/\/i0.wp.com\/historiografija.hr\/wp-content\/uploads\/2019\/10\/HE2_Benesic.jpg?fit=413%2C591&ssl=1&resize=350%2C200","width":350,"height":200},"classes":[]},{"id":52752,"url":"https:\/\/historiografija.hr\/?p=52752","url_meta":{"origin":14879,"position":3},"title":"Otvaranje izlo\u017ebe &#8220;Hrvati na So\u010danskom frontu&#8221; i predavanje &#8220;So\u010danska fronta u Prvome svjetskom ratu&#8221;","author":"Filip \u0160imunjak","date":"30. travnja 2026.","format":false,"excerpt":"Otvaranje izlo\u017ebe \u201eHrvati na So\u010danskom frontu\u201c, Kobari\u0161ki muzej Prvog svjetskog rata, Kobarid, odr\u017eat \u0107e se u sklopu ovogodi\u0161njega Festivala povijesti Kliofest u Nacionalnoj i sveu\u010dili\u0161noj knji\u017enici u Zagrebu, u utorak 5. svibnja, s po\u010detkom u 10 sati, uz sudjelovanje: Ga\u0161pera Dov\u017eana, veleposlanika Republike Slovenije u RH, te Martina \u0160olara, direktora\u2026","rel":"","context":"U &quot;Izlo\u017ebe&quot;","block_context":{"text":"Izlo\u017ebe","link":"https:\/\/historiografija.hr\/?cat=10"},"img":{"alt_text":"","src":"https:\/\/i0.wp.com\/historiografija.hr\/wp-content\/uploads\/2026\/04\/Predavanje-Socanska-fronta.jpg?fit=1200%2C566&ssl=1&resize=350%2C200","width":350,"height":200,"srcset":"https:\/\/i0.wp.com\/historiografija.hr\/wp-content\/uploads\/2026\/04\/Predavanje-Socanska-fronta.jpg?fit=1200%2C566&ssl=1&resize=350%2C200 1x, https:\/\/i0.wp.com\/historiografija.hr\/wp-content\/uploads\/2026\/04\/Predavanje-Socanska-fronta.jpg?fit=1200%2C566&ssl=1&resize=525%2C300 1.5x, https:\/\/i0.wp.com\/historiografija.hr\/wp-content\/uploads\/2026\/04\/Predavanje-Socanska-fronta.jpg?fit=1200%2C566&ssl=1&resize=700%2C400 2x, https:\/\/i0.wp.com\/historiografija.hr\/wp-content\/uploads\/2026\/04\/Predavanje-Socanska-fronta.jpg?fit=1200%2C566&ssl=1&resize=1050%2C600 3x"},"classes":[]},{"id":52666,"url":"https:\/\/historiografija.hr\/?p=52666","url_meta":{"origin":14879,"position":4},"title":"Najava programa Festivala povijesti Kliofest (5-8. V. 2026)","author":"Branimir Jankovi\u0107","date":"24. travnja 2026.","format":false,"excerpt":"Po trinaesti put odr\u017eava se Festival povijesti Kliofest! Do petka \u0107emo odr\u017eati osam okruglih stolova i dva kolokvija te niz predstavljanja knjiga i projekata razli\u010dite tematike, od antike do suvremenosti. Bit \u0107e predstavljeno i nekoliko izlo\u017ebi te odr\u017ean jedan povijesni kviz. Prikazat \u0107emo i jedan film \u2013 o generalu Boroevi\u0107u.\u2026","rel":"","context":"U &quot;Novosti&quot;","block_context":{"text":"Novosti","link":"https:\/\/historiografija.hr\/?cat=3"},"img":{"alt_text":"","src":"https:\/\/i0.wp.com\/historiografija.hr\/wp-content\/uploads\/2026\/04\/Kliofest-2026.jpg?fit=526%2C526&ssl=1&resize=350%2C200","width":350,"height":200,"srcset":"https:\/\/i0.wp.com\/historiografija.hr\/wp-content\/uploads\/2026\/04\/Kliofest-2026.jpg?fit=526%2C526&ssl=1&resize=350%2C200 1x, https:\/\/i0.wp.com\/historiografija.hr\/wp-content\/uploads\/2026\/04\/Kliofest-2026.jpg?fit=526%2C526&ssl=1&resize=525%2C300 1.5x"},"classes":[]},{"id":52511,"url":"https:\/\/historiografija.hr\/?p=52511","url_meta":{"origin":14879,"position":5},"title":"Izlo\u017eba &#8220;Lica Sljemena&#8221;","author":"Branimir Jankovi\u0107","date":"17. travnja 2026.","format":false,"excerpt":"Srda\u010dno vas pozivamo na otvorenje izlo\u017ebe Lica Sljemena koje \u0107e se odr\u017eati u srijedu 22. travnja 2026. u 18 h ispred Muzeja Prigorja (Trg Dragutina Domjani\u0107a 5, Sesvete). Izlo\u017eba proizlazi iz istra\u017eivanja Nevene \u0160krbi\u0107 Alempijevi\u0107, Petre Kelemen i Sanje Potkonjak te intervjua sa Sljemena\u0161icama i Sljemena\u0161ima, koji su provedeni u\u2026","rel":"","context":"U &quot;Izlo\u017ebe&quot;","block_context":{"text":"Izlo\u017ebe","link":"https:\/\/historiografija.hr\/?cat=10"},"img":{"alt_text":"","src":"https:\/\/i0.wp.com\/historiografija.hr\/wp-content\/uploads\/2026\/04\/Izlozba-Lica-Sljemena.png?fit=1080%2C686&ssl=1&resize=350%2C200","width":350,"height":200,"srcset":"https:\/\/i0.wp.com\/historiografija.hr\/wp-content\/uploads\/2026\/04\/Izlozba-Lica-Sljemena.png?fit=1080%2C686&ssl=1&resize=350%2C200 1x, https:\/\/i0.wp.com\/historiografija.hr\/wp-content\/uploads\/2026\/04\/Izlozba-Lica-Sljemena.png?fit=1080%2C686&ssl=1&resize=525%2C300 1.5x, https:\/\/i0.wp.com\/historiografija.hr\/wp-content\/uploads\/2026\/04\/Izlozba-Lica-Sljemena.png?fit=1080%2C686&ssl=1&resize=700%2C400 2x, https:\/\/i0.wp.com\/historiografija.hr\/wp-content\/uploads\/2026\/04\/Izlozba-Lica-Sljemena.png?fit=1080%2C686&ssl=1&resize=1050%2C600 3x"},"classes":[]}],"_links":{"self":[{"href":"https:\/\/historiografija.hr\/index.php?rest_route=\/wp\/v2\/posts\/14879","targetHints":{"allow":["GET"]}}],"collection":[{"href":"https:\/\/historiografija.hr\/index.php?rest_route=\/wp\/v2\/posts"}],"about":[{"href":"https:\/\/historiografija.hr\/index.php?rest_route=\/wp\/v2\/types\/post"}],"author":[{"embeddable":true,"href":"https:\/\/historiografija.hr\/index.php?rest_route=\/wp\/v2\/users\/2"}],"replies":[{"embeddable":true,"href":"https:\/\/historiografija.hr\/index.php?rest_route=%2Fwp%2Fv2%2Fcomments&post=14879"}],"version-history":[{"count":2,"href":"https:\/\/historiografija.hr\/index.php?rest_route=\/wp\/v2\/posts\/14879\/revisions"}],"predecessor-version":[{"id":14882,"href":"https:\/\/historiografija.hr\/index.php?rest_route=\/wp\/v2\/posts\/14879\/revisions\/14882"}],"wp:featuredmedia":[{"embeddable":true,"href":"https:\/\/historiografija.hr\/index.php?rest_route=\/wp\/v2\/media\/14880"}],"wp:attachment":[{"href":"https:\/\/historiografija.hr\/index.php?rest_route=%2Fwp%2Fv2%2Fmedia&parent=14879"}],"wp:term":[{"taxonomy":"category","embeddable":true,"href":"https:\/\/historiografija.hr\/index.php?rest_route=%2Fwp%2Fv2%2Fcategories&post=14879"},{"taxonomy":"post_tag","embeddable":true,"href":"https:\/\/historiografija.hr\/index.php?rest_route=%2Fwp%2Fv2%2Ftags&post=14879"}],"curies":[{"name":"wp","href":"https:\/\/api.w.org\/{rel}","templated":true}]}}