{"id":14873,"date":"2019-05-15T22:02:44","date_gmt":"2019-05-15T22:02:44","guid":{"rendered":"http:\/\/historiografija.hr\/?p=14873"},"modified":"2019-05-15T22:02:44","modified_gmt":"2019-05-15T22:02:44","slug":"program-treceg-dana-festivala-povijesti-kliofest-2019","status":"publish","type":"post","link":"https:\/\/historiografija.hr\/?p=14873","title":{"rendered":"Program tre\u0107eg dana Festivala povijesti \u2013 Kliofest 2019."},"content":{"rendered":"<p>U \u010detvrtak, 16. svibnja 2019. na redu je tre\u0107i dan Festivala povijesti \u2013 Kliofest 2019. s i dalje opse\u017enim programom koji prenosimo u nastavku.<\/p>\n<p><strong>\u00a0<\/strong><\/p>\n<p>&#8212;<\/p>\n<p><strong>\u00a0<\/strong><\/p>\n<p>\u010cetvrtak, 16. svibnja<\/p>\n<p>&nbsp;<\/p>\n<p><strong>10.00-11.00 \u2013 NSK pozornica I<\/strong><\/p>\n<p>Predavanje i kratak film u povodu stote obljetnice Veterinarskoga fakulteta Sveu\u010dili\u0161ta u Zagrebu (1919-2019) Sudjeluju: Petar D\u017eaja i studenti<\/p>\n<p>&nbsp;<\/p>\n<p><strong>11.00-11.45 \u2013 NSK pozornica I<\/strong><\/p>\n<p>Predstavljanje knjige Historiografija u tranziciji, SKD Prosvjeta Sudjeluju: Drago Roksandi\u0107, Damir Agi\u010di\u0107, Michael Antolovi\u0107, Branimir Jankovi\u0107<\/p>\n<p>&nbsp;<\/p>\n<p><strong>12.00-12.45 \u2013 NSK pozornica I<\/strong><\/p>\n<p>Predstavljanje knjige Thomasa Manna Razmatranja nepoliti\u010dnog \u010dovjeka, Disput Sudjeluju: Marijan Bobinac, Dragutin Lalovi\u0107, Josip Panduri\u0107<\/p>\n<p>&nbsp;<\/p>\n<p><strong>13.00-14.00 \u2013 NSK pozornica I<\/strong><\/p>\n<p>Predstavljanje DAAD projekta i knjige Reprezentacije socijalisti\u010dke Jugoslavije: preispitivanja i perspektive Sudjeluju: Branimir Jankovi\u0107, Hannes Grandits, Husnija Kamberovi\u0107, Ru\u017ea Fotiadis, Vladimir Ivanovi\u0107<\/p>\n<p>&nbsp;<\/p>\n<p><strong>14.15-15.15 \u2013 NSK pozornica I<\/strong><\/p>\n<p>Predstavljanje knjige Slavonske \u0161ume kroz povijest, Hrvatski institut za povijest, Podru\u017enica za povijest Slavonije, Srijema i Baranje Sudjeluju: Stanko Andri\u0107, Hrvoje Petri\u0107, Robert Skenderovi\u0107, Dinko \u017dupan<\/p>\n<p>&nbsp;<\/p>\n<p><strong>15.30-16.15\u00a0\u2013 NSK pozornica I<\/strong><\/p>\n<p>Predstavljanje knjige Slavne \u017eene stare povijesti, Meridijani Sudjeluju: Mladen Tomorad, Hrvoje De\u010dak, Hrvoje Gra\u010danin, Daniel Rafaeli\u0107, Ivana \u0160timac<\/p>\n<p>&nbsp;<\/p>\n<p>&nbsp;<\/p>\n<p><strong>16.15-17.00\u00a0\u2013 NSK pozornica I<\/strong><\/p>\n<p>Predstavljanje knjige Via Appia. Putovanje najstarijom cestom Italije, Tim Press Sudjeluju: Dijana Bahtijari, Hrvoje Gra\u010danin, Boris Oluji\u0107<\/p>\n<p>&nbsp;<\/p>\n<p><strong>17.00-18.00 \u2013 NSK pozornica I<\/strong><\/p>\n<p>Predstavljanje knjige Hrvatsko-ugarska nagodba, Srednja Europa Sudjeluju: Ladislav (L\u00e1szl\u00f3) Heka, Attila Bad\u00f3, Mirela Kre\u0161i\u0107, Kre\u0161imir Maligec, Stjepan Matkovi\u0107, Dinko \u0160ok\u010devi\u0107<\/p>\n<p>&nbsp;<\/p>\n<p><strong>18.00-19.45 \u2013 NSK pozornica I<\/strong><\/p>\n<p>Okrugli stol Stradanja ba\u0161tine u povijesti \u2013 katedrala Notre-Dame i primjeri iz Hrvatske Moderatorica: Nikolina \u0160imetin \u0160egvi\u0107 Sudjeluju: Dragan Damjanovi\u0107, Hrvoje Gra\u010danin, Zlatko Juri\u0107, Ines Saboti\u010d, Marko \u0160piki\u0107<\/p>\n<p>&nbsp;<\/p>\n<p><strong>17.00-18.00 \u2013 NSK pozornica I<\/strong><\/p>\n<p>Ladislav (L\u00e1szl\u00f3) Heka \u201cHrvatsko-ugarska nagodba. Pravni odnos bana i hrvatskog ministra\u201d<\/p>\n<p>Knjiga Ladislava (L\u00e1szl\u00f3) Heke, pravnog povjesni\u010dara, profesora Pravnog fakulteta Sveu\u010dili\u0161ta u Szegedu u Ma\u0111arskoj koristan je znanstveno-istra\u017eiva\u010dki prilog, ponajprije izra\u017een u autorovom nastojanju da na odgovaraju\u0107i na\u010din iznova propita hrvatsko-ma\u0111arske odnose s naglaskom na dugotrajni zna\u010daj Hrvatsko-ugarske nagodbe. Radi se o korisnom obrascu za prou\u010davanje bilateralnih odnosa, u kojemu do izra\u017eaja dolazi istra\u017eiva\u010dko zanimanje za razli\u010dite aspekte funkcioniranja dr\u017eavne zajednice i vrsno poznavanje dvaju jezika koji autoru omogu\u0107uju da komparira znatno ve\u0107i broj primarnih izvora i literature u odnosu na dosada\u0161nje radove.<\/p>\n<p>&nbsp;<\/p>\n<p><strong>12.00-12.45 \u2013 NSK pozornica II<\/strong><\/p>\n<p>Predavanje Vlatke Lemi\u0107: Arhivi u digitalnom okru\u017eenju i predstavljanje ICARUS aktivnosti<\/p>\n<p>&nbsp;<\/p>\n<p><strong>13.00-13.45 \u2013 NSK pozornica II<\/strong><\/p>\n<p>Predstavljanje projekta HRZZ-a Europski korijeni moderne Hrvatske: transfer ideja na politi\u010dkom i kulturnom polju u 18. i 19. stolje\u0107u Sudjeluju: Vlasta \u0160voger, Teodora Shek Brnardi\u0107, Branko Ostajmer, Zrinko Novosel<\/p>\n<p>&nbsp;<\/p>\n<p><strong>14.00-15.45 \u2013 NSK pozornica II<\/strong><\/p>\n<p>Predavanje Andrzeja Friszkea 1989. \u2013 poljski put prema slobodi<\/p>\n<p>&nbsp;<\/p>\n<p>&nbsp;<\/p>\n<p><strong>16.00-16.45 \u2013 NSK pozornica II<\/strong><\/p>\n<p>Predavanje Elem\u00e9ra Balogha Izazovi studija prava u Ma\u0111arskoj Tribina Internacionalizacija fakultetskog studija u Ma\u0111arskoj \u2013 pravni studij na stranim jezicima Sudjeluju: Attila Bad\u00f3, P\u00e9ter Mezei, ldik\u00f3 Szondi<\/p>\n<p>&nbsp;<\/p>\n<p>&nbsp;<\/p>\n<p><strong>17.00-17.45 \u2013 NSK pozornica II<\/strong><\/p>\n<p>Predstavljanje knjige Georga Iggersa Od istorizma do postmodernizma, Akademska knjiga Sudjeluju: Michael Antolovi\u0107, Branimir Jankovi\u0107, Filip \u0160imetin \u0160egvi\u0107<\/p>\n<p>&nbsp;<\/p>\n<p>&nbsp;<\/p>\n<p><strong>18.00-19.00 \u2013 NSK pozornica II<\/strong><\/p>\n<p>Predstavljanje knjige Intelektualac, kultura, reforma: Ivan Ma\u017eurani\u0107 i njegovo vrijeme, Pravni fakultet u Zagrebu i Leksikografski zavod Miroslav Krle\u017ea Sudjeluju: Suzana Coha, Dalibor \u010cepulo, Tea Rogi\u0107 Musa, Branko Ostajmer, Drago Roksandi\u0107<\/p>\n<p>&nbsp;<\/p>\n<p>&nbsp;<\/p>\n<p><strong>11.00 \u2013 Hrvatski dr\u017eavni arhiv<\/strong><\/p>\n<p>Predavanje Ladislava Dobrice u prigodi stote obljetnice prijenosa posmrtnih ostataka Zrinskog i Frankopana<\/p>\n<p>&nbsp;<\/p>\n<p><strong>12.00 \u2013 Hrvatski dr\u017eavni arhiv<\/strong><\/p>\n<p>Predstavljanje knjige U predasima Velikoga rata. Postkarte Stjepana Serti\u0107a 1915.-1918. Sudjeluju: Melina Lu\u010di\u0107, Amir Obho\u0111a\u0161, Filip Hamer\u0161ak, Hrvoje Gr\u017eina, Mario Stipan\u010devi\u0107<\/p>\n<p>&nbsp;<\/p>\n<p><strong>18.00 \u2013 Hrvatski dr\u017eavni arhiv<\/strong><\/p>\n<p>Filmski \u010detvrtak u HDA \/ Projekcija filma Ritam zlo\u010dina (u povodu obljetnice ro\u0111enja Ivice Vidovi\u0107a, 1939-2019) Nakon filma razgovor s glumicom Bo\u017eidarkom Frajt<\/p>\n<p>&nbsp;<\/p>\n<p><strong>18.00-19.00 \u2013 knji\u017enica Bogdana Ogrizovi\u0107a<\/strong><\/p>\n<p>Predstavljanje knjige Carigradska pisma Antuna Vran\u010di\u0107a \/ The Istanbul Letters of Antun Vran\u010di\u0107, Istanbul (Pokroviteljstvo izdanja: Hrvatska akademija znanosti i umjetnosti) Sudjeluju: O\u011fuz Aydemir, Tamara Tvrtkovi\u0107, Zrinka Bla\u017eevi\u0107<\/p>\n<p>&nbsp;<\/p>\n<p><strong>19.00-20.30 \u2013 knji\u017enica Bogdana Ogrizovi\u0107a<\/strong><\/p>\n<p>&nbsp;<\/p>\n<p>Predstavljanje kataloga izlo\u017ebe \u201cFranjo Tahy i Tahyjev grad u Donjoj Stubici\u201c<\/p>\n<p>&nbsp;<\/p>\n<p>U Muzeju selja\u010dkih buna povodom obilje\u017eavanja 445. obljetnice zavr\u0161ne bitke Velike selja\u010dke bune iz 1573. godine javnosti je predstavljena izlo\u017eba \u201eFranjo Tahy i Tahyjev grad u Donjoj Stubici\u201c. Izlo\u017eba tematizira jednog od glavnih anti-junaka ranonovovjekovne hrvatske povijesti, Franju Tahyja. O njemu su ve\u0107 njegovi suvremenici govorili kao o <em>bezbo\u017enom \u010dovjeku<\/em> i <em>tiraninu<\/em>. Stoga ne iznena\u0111uje lo\u0161a percepcija ovog plemi\u0107a u historiografiji, knji\u017eevnosti i likovnim umjetnostima. Ostao je zapam\u0107en kao jedan od najokrutnijih vlastelina ranoga novog vijeka na prostoru Ugarske i Hrvatske, a trajno je u\u0161ao u kolektivnu svijest kao antipod Matiji Gupcu. Koliko je \u017eivo sje\u0107anje na njega svjedo\u010di i \u010dinjenica da su mje\u0161tani utvrdu Stari grad na kojoj su se tijekom stolje\u0107a izmjenjivali mnogi gospodari, zapamtili pod toponimom <em>Tahyjev grad<\/em>. Upravo zato, njegov lik postaje kulturolo\u0161ki gledano intrigantan iz vi\u0161e aspekata, o \u010demu govori niz suradnika u katalogu spomenute izlo\u017ebe (koji \u0107e biti predstavljen u Zagrebu u sklopu Kliofesta) povezuju\u0107i arheolo\u0161ke nalaze s <em>Tahyjeva grada <\/em>u jednu zanimljivu pri\u010du.<\/p>\n<p>&nbsp;<\/p>\n<p><a href=\"http:\/\/www.kliofest.org\/cetvrtak-16-svibnja\/\">http:\/\/www.kliofest.org\/cetvrtak-16-svibnja\/<\/a><\/p>\n<p>&nbsp;<\/p>\n<p><a href=\"http:\/\/www.kliofest.org\/\">http:\/\/www.kliofest.org\/<\/a><\/p>\n<p>&nbsp;<\/p>\n<p><a href=\"https:\/\/www.facebook.com\/kliofest\/\">https:\/\/www.facebook.com\/kliofest\/<\/a><\/p>\n<p>&nbsp;<\/p>\n<p>&nbsp;<\/p>\n<p>&nbsp;<\/p>\n<p>&nbsp;<\/p>\n","protected":false},"excerpt":{"rendered":"","protected":false},"author":2,"featured_media":14681,"comment_status":"open","ping_status":"open","sticky":false,"template":"","format":"standard","meta":{"_acf_changed":false,"jetpack_post_was_ever_published":false,"_jetpack_newsletter_access":"","_jetpack_dont_email_post_to_subs":false,"_jetpack_newsletter_tier_id":0,"_jetpack_memberships_contains_paywalled_content":false,"_jetpack_memberships_contains_paid_content":false,"footnotes":"","jetpack_publicize_message":"","jetpack_publicize_feature_enabled":true,"jetpack_social_post_already_shared":true,"jetpack_social_options":{"image_generator_settings":{"template":"highway","default_image_id":0,"font":"","enabled":false},"version":2}},"categories":[3],"tags":[],"class_list":["post-14873","post","type-post","status-publish","format-standard","has-post-thumbnail","hentry","category-novosti"],"acf":{"facebook_opis":""},"jetpack_publicize_connections":[],"jetpack_featured_media_url":"https:\/\/i0.wp.com\/historiografija.hr\/wp-content\/uploads\/2019\/05\/Kliofest2019_banner_new.png?fit=1352%2C309&ssl=1","jetpack_sharing_enabled":true,"jetpack-related-posts":[{"id":52746,"url":"https:\/\/historiografija.hr\/?p=52746","url_meta":{"origin":14873,"position":0},"title":"Predstavljanje djelatnosti povjesni\u010dara: \u201ePisma kao izvor za povijest 18.stolje\u0107a \u2013 iskustva rada na HRZZ projektu LIGHT\u201c","author":"Filip \u0160imunjak","date":"30. travnja 2026.","format":false,"excerpt":"Predstavljanje djelatnosti povjesni\u010dara: \u201ePisma kao izvor za povijest 18. stolje\u0107a \u2013 iskustva rada na HRZZ projektu LIGHT\u201c odr\u017eat \u0107e se u sklopu ovogodi\u0161njega Festivala povijesti Kliofest u Nacionalnoj i sveu\u010dili\u0161noj knji\u017enici u Zagrebu, u utorak 5. svibnja, s po\u010detkom u 16 sati. Sudjeluju: Teodora Shek Brnardi\u0107, Marta Jurkovi\u0107, Matea Maru\u0161i\u0107,\u2026","rel":"","context":"U &quot;Novosti&quot;","block_context":{"text":"Novosti","link":"https:\/\/historiografija.hr\/?cat=3"},"img":{"alt_text":"","src":"https:\/\/i0.wp.com\/historiografija.hr\/wp-content\/uploads\/2026\/04\/Kliofest-01-utorak-I-03-PDP-Pisma-kao-izvor.jpg?fit=1200%2C566&ssl=1&resize=350%2C200","width":350,"height":200,"srcset":"https:\/\/i0.wp.com\/historiografija.hr\/wp-content\/uploads\/2026\/04\/Kliofest-01-utorak-I-03-PDP-Pisma-kao-izvor.jpg?fit=1200%2C566&ssl=1&resize=350%2C200 1x, https:\/\/i0.wp.com\/historiografija.hr\/wp-content\/uploads\/2026\/04\/Kliofest-01-utorak-I-03-PDP-Pisma-kao-izvor.jpg?fit=1200%2C566&ssl=1&resize=525%2C300 1.5x, https:\/\/i0.wp.com\/historiografija.hr\/wp-content\/uploads\/2026\/04\/Kliofest-01-utorak-I-03-PDP-Pisma-kao-izvor.jpg?fit=1200%2C566&ssl=1&resize=700%2C400 2x, https:\/\/i0.wp.com\/historiografija.hr\/wp-content\/uploads\/2026\/04\/Kliofest-01-utorak-I-03-PDP-Pisma-kao-izvor.jpg?fit=1200%2C566&ssl=1&resize=1050%2C600 3x"},"classes":[]},{"id":52704,"url":"https:\/\/historiografija.hr\/?p=52704","url_meta":{"origin":14873,"position":1},"title":"Predstavljanje knjige &#8220;Vladimir Vasiljevi\u0107: Moji do\u017eivljaji. Dnevni\u010dki zapisi iz Prvoga svjetskog rata i poratnoga vremena&#8221;","author":"Filip \u0160imunjak","date":"29. travnja 2026.","format":false,"excerpt":"Doga\u0111anja ovogodi\u0161njega Festivala povijesti Kliofest zapo\u010dinjemo ve\u0107 i prije samoga slu\u017ebenog otvaranja, predstavljanjem knjige \u201eMoji do\u017eivljaji. Dnevni\u010dki zapisi iz Prvoga svjetskog rata i poratnoga vremena\u201d Vladimira Vasiljevi\u0107a, koju su priredili Karlo Rukavina i Damir Agi\u010di\u0107. Pozivamo Vas na predstavljanje koje \u0107e se odr\u017eati u ponedjeljak 4. svibnja, s po\u010detkom u\u2026","rel":"","context":"U &quot;Knjige&quot;","block_context":{"text":"Knjige","link":"https:\/\/historiografija.hr\/?cat=8"},"img":{"alt_text":"","src":"https:\/\/i0.wp.com\/historiografija.hr\/wp-content\/uploads\/2026\/04\/Naslovna-V.-Vasiljevic.webp?fit=1200%2C600&ssl=1&resize=350%2C200","width":350,"height":200,"srcset":"https:\/\/i0.wp.com\/historiografija.hr\/wp-content\/uploads\/2026\/04\/Naslovna-V.-Vasiljevic.webp?fit=1200%2C600&ssl=1&resize=350%2C200 1x, https:\/\/i0.wp.com\/historiografija.hr\/wp-content\/uploads\/2026\/04\/Naslovna-V.-Vasiljevic.webp?fit=1200%2C600&ssl=1&resize=525%2C300 1.5x, https:\/\/i0.wp.com\/historiografija.hr\/wp-content\/uploads\/2026\/04\/Naslovna-V.-Vasiljevic.webp?fit=1200%2C600&ssl=1&resize=700%2C400 2x, https:\/\/i0.wp.com\/historiografija.hr\/wp-content\/uploads\/2026\/04\/Naslovna-V.-Vasiljevic.webp?fit=1200%2C600&ssl=1&resize=1050%2C600 3x"},"classes":[]},{"id":52675,"url":"https:\/\/historiografija.hr\/?p=52675","url_meta":{"origin":14873,"position":2},"title":"Predstavljanje knjige Luke Peji\u0107a &#8220;U taboru anarhista: \u017divot Ivana Zeppa&#8221; u Osijeku","author":"Branimir Jankovi\u0107","date":"27. travnja 2026.","format":false,"excerpt":"U \u010detvrtak, 30. travnja 2026.\u00a0u\u00a019.00 sati\u00a0u Klubu knji\u017eare Nova\u00a0(Trg Ante Star\u010devi\u0107a 4, Osijek) odr\u017eat \u0107e se predstavljanje nove knjige Luke Peji\u0107a U taboru anarhista: \u017divot Ivana Zeppa (DAF, 2025.). Uz autora o knjizi \u0107e govoriti recenzent i povjesni\u010dar Nikola Toma\u0161egovi\u0107 te povjesni\u010darka Ana Rajkovi\u0107 Peji\u0107. Razgovor \u0107e moderirati doktorandica\u00a0Valentina Kezi\u0107.\u2026","rel":"","context":"U &quot;Novosti&quot;","block_context":{"text":"Novosti","link":"https:\/\/historiografija.hr\/?cat=3"},"img":{"alt_text":"","src":"https:\/\/i0.wp.com\/historiografija.hr\/wp-content\/uploads\/2025\/11\/Pejic.jpg?fit=574%2C790&ssl=1&resize=350%2C200","width":350,"height":200,"srcset":"https:\/\/i0.wp.com\/historiografija.hr\/wp-content\/uploads\/2025\/11\/Pejic.jpg?fit=574%2C790&ssl=1&resize=350%2C200 1x, https:\/\/i0.wp.com\/historiografija.hr\/wp-content\/uploads\/2025\/11\/Pejic.jpg?fit=574%2C790&ssl=1&resize=525%2C300 1.5x"},"classes":[]},{"id":52699,"url":"https:\/\/historiografija.hr\/?p=52699","url_meta":{"origin":14873,"position":3},"title":"Sve\u010dano otvaranje Festivala povijesti Kliofest","author":"Filip \u0160imunjak","date":"28. travnja 2026.","format":false,"excerpt":"Pozivamo Vas na sve\u010dano otvaranje XIII. Festivala povijesti Kliofest, u utorak, 5. svibnja 2026. u Nacionalnoj i sveu\u010dili\u0161noj knji\u017enici u Zagrebu, s po\u010detkom u 11 sati. Cijeli program skupa mo\u017eete poglededati na www.kliofest.hr te https:\/\/historiografija.hr\/?p=52681.","rel":"","context":"U &quot;Novosti&quot;","block_context":{"text":"Novosti","link":"https:\/\/historiografija.hr\/?cat=3"},"img":{"alt_text":"","src":"https:\/\/i0.wp.com\/historiografija.hr\/wp-content\/uploads\/2026\/04\/Otvaranje-Kliofest-2026.jpg?fit=1200%2C566&ssl=1&resize=350%2C200","width":350,"height":200,"srcset":"https:\/\/i0.wp.com\/historiografija.hr\/wp-content\/uploads\/2026\/04\/Otvaranje-Kliofest-2026.jpg?fit=1200%2C566&ssl=1&resize=350%2C200 1x, https:\/\/i0.wp.com\/historiografija.hr\/wp-content\/uploads\/2026\/04\/Otvaranje-Kliofest-2026.jpg?fit=1200%2C566&ssl=1&resize=525%2C300 1.5x, https:\/\/i0.wp.com\/historiografija.hr\/wp-content\/uploads\/2026\/04\/Otvaranje-Kliofest-2026.jpg?fit=1200%2C566&ssl=1&resize=700%2C400 2x, https:\/\/i0.wp.com\/historiografija.hr\/wp-content\/uploads\/2026\/04\/Otvaranje-Kliofest-2026.jpg?fit=1200%2C566&ssl=1&resize=1050%2C600 3x"},"classes":[]},{"id":52666,"url":"https:\/\/historiografija.hr\/?p=52666","url_meta":{"origin":14873,"position":4},"title":"Najava programa Festivala povijesti Kliofest (5-8. V. 2026)","author":"Branimir Jankovi\u0107","date":"24. travnja 2026.","format":false,"excerpt":"Po trinaesti put odr\u017eava se Festival povijesti Kliofest! Do petka \u0107emo odr\u017eati osam okruglih stolova i dva kolokvija te niz predstavljanja knjiga i projekata razli\u010dite tematike, od antike do suvremenosti. Bit \u0107e predstavljeno i nekoliko izlo\u017ebi te odr\u017ean jedan povijesni kviz. Prikazat \u0107emo i jedan film \u2013 o generalu Boroevi\u0107u.\u2026","rel":"","context":"U &quot;Novosti&quot;","block_context":{"text":"Novosti","link":"https:\/\/historiografija.hr\/?cat=3"},"img":{"alt_text":"","src":"https:\/\/i0.wp.com\/historiografija.hr\/wp-content\/uploads\/2026\/04\/Kliofest-2026.jpg?fit=526%2C526&ssl=1&resize=350%2C200","width":350,"height":200,"srcset":"https:\/\/i0.wp.com\/historiografija.hr\/wp-content\/uploads\/2026\/04\/Kliofest-2026.jpg?fit=526%2C526&ssl=1&resize=350%2C200 1x, https:\/\/i0.wp.com\/historiografija.hr\/wp-content\/uploads\/2026\/04\/Kliofest-2026.jpg?fit=526%2C526&ssl=1&resize=525%2C300 1.5x"},"classes":[]},{"id":52613,"url":"https:\/\/historiografija.hr\/?p=52613","url_meta":{"origin":14873,"position":5},"title":"No\u0107 knjige u Hrvatskom dr\u017eavnom arhivu","author":"Branimir Jankovi\u0107","date":"22. travnja 2026.","format":false,"excerpt":"Predstavljanje knjige Rajke Bu\u0107in \u201dLije\u010denje i zbrinjavanje \u017didova u Bolnici sestara milosrdnica u Zagrebu 1941. \u2013 1945.\u201d u \u010detvrtak, 23. travnja 2026. u 13 sati u Hrvatskom dr\u017eavnom arhivu u Zagrebu. Izvor: https:\/\/www.arhiv.hr\/hr-hr\/Kulturno-prosvjetne-aktivnosti\/ArticleId\/1986\/oamid\/1633","rel":"","context":"U &quot;Novosti&quot;","block_context":{"text":"Novosti","link":"https:\/\/historiografija.hr\/?cat=3"},"img":{"alt_text":"","src":"https:\/\/i0.wp.com\/historiografija.hr\/wp-content\/uploads\/2026\/04\/noc_knjige_2026.jpg?fit=680%2C276&ssl=1&resize=350%2C200","width":350,"height":200,"srcset":"https:\/\/i0.wp.com\/historiografija.hr\/wp-content\/uploads\/2026\/04\/noc_knjige_2026.jpg?fit=680%2C276&ssl=1&resize=350%2C200 1x, https:\/\/i0.wp.com\/historiografija.hr\/wp-content\/uploads\/2026\/04\/noc_knjige_2026.jpg?fit=680%2C276&ssl=1&resize=525%2C300 1.5x"},"classes":[]}],"_links":{"self":[{"href":"https:\/\/historiografija.hr\/index.php?rest_route=\/wp\/v2\/posts\/14873","targetHints":{"allow":["GET"]}}],"collection":[{"href":"https:\/\/historiografija.hr\/index.php?rest_route=\/wp\/v2\/posts"}],"about":[{"href":"https:\/\/historiografija.hr\/index.php?rest_route=\/wp\/v2\/types\/post"}],"author":[{"embeddable":true,"href":"https:\/\/historiografija.hr\/index.php?rest_route=\/wp\/v2\/users\/2"}],"replies":[{"embeddable":true,"href":"https:\/\/historiografija.hr\/index.php?rest_route=%2Fwp%2Fv2%2Fcomments&post=14873"}],"version-history":[{"count":1,"href":"https:\/\/historiografija.hr\/index.php?rest_route=\/wp\/v2\/posts\/14873\/revisions"}],"predecessor-version":[{"id":14874,"href":"https:\/\/historiografija.hr\/index.php?rest_route=\/wp\/v2\/posts\/14873\/revisions\/14874"}],"wp:featuredmedia":[{"embeddable":true,"href":"https:\/\/historiografija.hr\/index.php?rest_route=\/wp\/v2\/media\/14681"}],"wp:attachment":[{"href":"https:\/\/historiografija.hr\/index.php?rest_route=%2Fwp%2Fv2%2Fmedia&parent=14873"}],"wp:term":[{"taxonomy":"category","embeddable":true,"href":"https:\/\/historiografija.hr\/index.php?rest_route=%2Fwp%2Fv2%2Fcategories&post=14873"},{"taxonomy":"post_tag","embeddable":true,"href":"https:\/\/historiografija.hr\/index.php?rest_route=%2Fwp%2Fv2%2Ftags&post=14873"}],"curies":[{"name":"wp","href":"https:\/\/api.w.org\/{rel}","templated":true}]}}