{"id":14854,"date":"2019-05-14T22:25:08","date_gmt":"2019-05-14T22:25:08","guid":{"rendered":"http:\/\/historiografija.hr\/?p=14854"},"modified":"2019-05-14T22:25:08","modified_gmt":"2019-05-14T22:25:08","slug":"program-drugog-dana-festivala-povijesti-kliofest-2019","status":"publish","type":"post","link":"https:\/\/historiografija.hr\/?p=14854","title":{"rendered":"Program drugog dana Festivala povijesti \u2013 Kliofest 2019."},"content":{"rendered":"<p>U utorak, 14. svibnja 2019. otvoren je \u0161esti Festival povijesti \u2013 Kliofest 2019. Pozivamo vas da nam se nakon prvog dana pridru\u017eite i u pra\u0107enju bogatog programa drugog dana Kliofesta!<\/p>\n<p>&nbsp;<\/p>\n<p>&#8212;<\/p>\n<p>&nbsp;<\/p>\n<p>Srijeda, 15. svibnja<\/p>\n<p>&nbsp;<\/p>\n<p><strong>10.00-10.30 \u2013 NSK pozornica I<\/strong><\/p>\n<p>Predstavljanje radionice Pustolovna Tvr\u0111a u Osijeku \u2013 potraga za blagom Sudjeluju: Hrvoje Pavi\u0107, Iva Mudrini\u0107 i Sara Po\u010du\u010da<\/p>\n<p>&nbsp;<\/p>\n<p><strong>10.30-11.00 \u2013 NSK pozornica I<\/strong><\/p>\n<p>Predstavljanje didakti\u010dke igre Putovima zavi\u010daja, Dr\u017eavni arhiv u Vukovaru Sudjeluju: Petar Elez, Irena Milobara<\/p>\n<p>&nbsp;<\/p>\n<p><strong>11.00-12.00 \u2013 NSK pozornica I<\/strong><\/p>\n<p>Predstavljanje knjiga Mjese\u010dari \u2013 kako je Europa krenula u rat 1914. i Pobije\u0111eni \u2013 za\u0161to nije zavr\u0161io Prvi svjetski rat 1917.-1923., Vukovi\u0107 i Runji\u0107 Sudjeluju: \u017deljko Holjevac, Stjepan Matkovi\u0107<\/p>\n<p>&nbsp;<\/p>\n<p><strong>12.00-14.00 \u2013 NSK pozornica I<\/strong><\/p>\n<p>Okrugli stol Versajska mirovna konferencija i novi europski poredak \/ u povodu stote obljetnice Pari\u0161ke mirovne konferencije Moderator: Tvrtko Jakovina Sudjeluju: Bojan Balkovec, Stefano Bianchini, Hannes Grandits, Davorin Laba\u0161, Sergej Romanenko<\/p>\n<p>&nbsp;<\/p>\n<p><strong>14.00-15.00 \u2013 NSK pozornica I<\/strong><\/p>\n<p>Marijeta Rajkovi\u0107 Iveta \/ Matija Dronji\u0107 \u201eHrvati u Boki kotorskoj. Migracije, svadbeni obi\u010daji, identiteti\u201c<\/p>\n<p>Knjiga Marijete Rajkovi\u0107 Ivete i Matije Dronji\u0107a \u201eHrvati u Boki kotorskoj. Migracije, svadbeni obi\u010daji, identiteti\u201c rezultat je projekta KZU \u201eNapredak\u201c Gornja Lastva, Filozofskog fakulteta Sveu\u010dili\u0161ta u Zagrebu i Instituta za etnologiju i folkloristiku iz Zagreba pod nazivom \u201eTerensko istra\u017eivanje obi\u010daja, napjeva i plesova u selu Gornja Lastva i drugim naseljima tivatskog i kotarskog zaljeva u Boki kotorskoj.\u201c Projekt se odvijao u tri etape od 2009. do 2012. godine s ciljem da se terenskim istra\u017eivanjem i stru\u010dnom obradom prikupljenih podataka zabilje\u017ei i tako spasi od zaborava nematerijalna kulturna ba\u0161tina hrvatskog \u017eivlja Boke kotorske. Nematerijalna kulturna ba\u0161tina je zbog svoje prirode uvijek manje vidljiva od materijalne, a pogotovo kada je broj onih kojima pripada i koji je stvaraju tako mali i disperzan u prostoru poput hrvatskog \u017eivlja Boke.<\/p>\n<p>U knjizi su prikazane dvije teme: migracije i svadbeni obi\u010daji. Knjiga donosi brojne iskaze iz sje\u0107anja na \u017eivot i obi\u010daje Hrvata u Boki kotorskoj te je bogato opremljena izvornim fotografijama.<\/p>\n<p>&nbsp;<\/p>\n<p><strong>15.00-15.45 \u2013 NSK pozornica I<\/strong><\/p>\n<p>Jenej Kosi \u201cKako je nastala slovenska nacija. Po\u010deci slovenskoga nacionalnog pokreta u prvoj polovici XIX. stolje\u0107a\u201d<\/p>\n<p>Autor u knjizi prikazuje kako je i za\u0161to nastao slovenski nacionalni pokret i kakav je bio njegov razvoj do sredine 19. stolje\u0107a, to\u010dnije, do izbijanja revolucije u o\u017eujku 1848. godine, koja zorno obilje\u017eava priznavanje nacionalnog pitanja kao vrlo va\u017ene politi\u010dke teme u Habsbur\u0161koj Monarhiji. Pitanje s kojim se suo\u010dava je dvostruko te se stoga njime bavi u dvama komplementarnim problemskim sklopovima. U prvom odre\u0111uje uvjete i uzroke nastanka slovenskog nacionalnog pokreta, a u drugom opisuje kronologiju njegova nastanka do sredine 19. stolje\u0107a.<\/p>\n<p>Prevela Anita Peti-Stanti\u0107<\/p>\n<p>&nbsp;<\/p>\n<p><strong>16.00-16.45 \u2013 NSK pozornica I<\/strong><\/p>\n<p>Ove godine Udru\u017eenje za modernu historiju iz Sarajeva donosi nam predstavljanje \u010dak tri zanimljive publikacije! Stoga u srijedu 15. svibnja 2019. od 16 sati rezervirajte svoje mjesto ispred Pozornice I<\/p>\n<p>Zbornik radova \u201eJugoslavija u historiografskim ogledalima\u201c nastao je kao produkt Ljetne \u0161kole (dio projekta \u201eKo je prvi po\u010deo? Istori\u010dari protiv revizionizma\u201c) koja je u rujnu 2018. godine okupila studente povijesti i doktorande iz Bosne i Hercegovine, Hrvatske, Crne Gore, Srbije i Slovenije u \u017eivoj raspravi o tome kako stvaranje Jugoslavije vide razli\u010diti autori u razli\u010ditim razdobljima. Tako su pod budnim okom svojih mentora sudionici kriti\u010dki analizirali kreiranje Jugoslavije u razli\u010dnim djelima, a vi\u0161e o tome kako je ova Ljetna \u0161kola doprinijela kriti\u010dkom promi\u0161ljanju i analizi spomenutih autora i njihovih djela u zborniku te me\u0111usobnom dijalogu povjesni\u010dara mo\u017eete poslu\u0161ati na ovogodi\u0161njem Kliofestu!<\/p>\n<p>Na tom tragu, kao dio projekta \u201eHistoriografija i nacionalizam: na margini povijesti\u201c, objavljen je i zbornik radova \u201eNa margini povijesti\u201c. Sudjeluju\u0107i na istoimenoj dvodnevnoj radionici, povjesni\u010dari i povjesni\u010darke mla\u0111e generacije imali su priliku prou\u010davati sli\u010dne teme, unaprje\u0111uju\u0107i tako vlastitu regionalnu suradnju te produbljuju\u0107i raspravu i istra\u017eivanja o aktualnim povijesnim temama poput nacionalizma i historiografija na prostoru Jugoisto\u010dne Europe. Sudjelovali su kolege iz Njema\u010dke, Hrvatske, Bosne i Hercegovine, Srbije i Makedonije, a o tome kako su se povjesni\u010dari i povjesni\u010darke sna\u0161li u ovoj zahtjevnoj ulozi, poslu\u0161ajte na ovogodi\u0161njem Kliofestu!<\/p>\n<p>Osim spomenutih zbornika, Udru\u017eenje za modernu historiju iz Sarajeva predstavlja i knjigu Raifa Dizdarevi\u0107a \u201eSudbonosni podvig Jugoslavije\u201c. Djelo \u010diji podnaslov jasno ilustrira autorovu glavnu misao, \u201ePodsje\u0107anja na istorijsko NE staljinizmu \u2013 doga\u0111aj koji je opredijelio budu\u0107nost Jugoslavije\u201c, poku\u0161aj je ovog bosanskohercegova\u010dkog i jugoslavenskog politi\u010dara da kroz svoje bogato \u017eivotno iskustvo i politi\u010dku karijeru problematizira najva\u017enije trenutke povijesti. Vi\u0161e detalja i zanimljivosti donosimo na Kliofestu!<\/p>\n<p>Sudjeluju: Husnija Kamberovi\u0107, Lucija Bak\u0161i\u0107 i Dea Mari\u0107<\/p>\n<p><strong>16.45-17.30 \u2013 NSK pozornica I<\/strong><\/p>\n<p>Predstavljanje knjige Zatvaranje kruga: ishod rascepa 1971-1972, University Press Sudjeluju: Latinka Perovi\u0107, Milivoj Be\u0161lin, Dragan Markovi\u0107, Drago Roksandi\u0107<\/p>\n<p>&nbsp;<\/p>\n<p><strong>17.30-18.15 \u2013 NSK pozornica I<\/strong><\/p>\n<p>Predstavljanje knjige Smrt u Hagu: nedovr\u0161eno su\u0111enje Slobodanu Milo\u0161evi\u0107u, University Press Sudjeluju: Nevenka Tromp, Husnija Kamberovi\u0107, Dragan Markovi\u0107<\/p>\n<p>&nbsp;<\/p>\n<p><strong>18.15-20.00 \u2013 NSK pozornica I<\/strong><\/p>\n<p>Okrugli stol Hrvatska 1989-1990. \u2013 po\u010deci tranzicije Moderator: Davor Paukovi\u0107 Sudjeluju: Albert Bing, Stevo \u0110ura\u0161kovi\u0107, Ivo Goldstein, Ivica Mi\u0161kulin<\/p>\n<p>&nbsp;<\/p>\n<p>&nbsp;<\/p>\n<p><strong>12.00-12.45 \u2013 NSK pozornica II<\/strong><\/p>\n<p>Predstavljanje knjige Tvoj dovijeka. Pisma Andrije \u0160tampara Desanki Ristovi\u0107 1924.-1941., Hrvatski dr\u017eavni arhiv Sudjeluju: Stella Fatovi\u0107-Feren\u010di\u0107, Darija Hofgr\u00e4f, Melina Lu\u010di\u0107<\/p>\n<p>&nbsp;<\/p>\n<p><strong>13.00-13.45 \u2013 NSK pozornica II<\/strong><\/p>\n<p>Predstavljanje knjige Katoli\u010dka crkva u Istri izme\u0111u otpora i potpore talijanskoj vlasti u Istri 1918.-1943., Institut Ivo Pilar i Dr\u017eavni arhiv u Pazinu Sudjeluju: Stipan Trogrli\u0107, Mislav Gabelica, Stjepan Matkovi\u0107<\/p>\n<p>&nbsp;<\/p>\n<p><strong>14.00-14.45 \u2013 NSK pozornica II<\/strong><\/p>\n<p>Predstavljanje knjige Izme\u0111u partizana i pristojnosti. \u017divot i doba Svetozara Rittiga 1873.-1961., Plejada i Podru\u017enica za povijest Slavonije, Srijema i Baranje Hrvatskoga instituta za povijest Sudjeluju: Margareta Matijevi\u0107, Stjepan Matkovi\u0107, Ilija Rani\u0107, Bo\u017eo Rude\u017e<\/p>\n<p>&nbsp;<\/p>\n<p><strong>15.00-15.45 \u2013 NSK pozornica II<\/strong><\/p>\n<p>Predstavljanje knjige Nasilje kao generativna sila. Identitet, nacionalizam i sje\u0107anje u jednoj balkanskoj zajednici, Buybook Sudjeluju: Max Bergholz, Nikica Bari\u0107, Lada Jurkovi\u0107, Milan Radanovi\u0107<\/p>\n<p>&nbsp;<\/p>\n<p><strong>16.00-16.45 \u2013 NSK pozornica II<\/strong><\/p>\n<p>Predstavljanje knjige Drugi svjetski rat u hrvatskoj i srpskoj prozi (1945-2015), Hrvatska sveu\u010dili\u0161na naklada i Zavod za znanost o knji\u017eevnosti Filozofskog fakulteta u Zagrebu Sudjeluju: Tomislav Brlek, Branimir Jankovi\u0107, Danijela Lugari\u0107<\/p>\n<p>&nbsp;<\/p>\n<p><strong>17.00-17.45 \u2013 NSK pozornica II<\/strong><\/p>\n<p>Projekt <em>\u201ePari\u0161ka faza Bukov\u010deva rada\u201c<\/em> zami\u0161ljen je kao terenska nastava za u\u010denike osmih razreda Osnovne \u0161kole \u017duti brijeg iz Zagreba, za istra\u017eivanje povijesti \u0161kolstva na prijelazu stolje\u0107a i prou\u010davanje urbanizacije gradova Pariza i Zagreba.<\/p>\n<p>U\u010denici su u sklopu projekta posjetili izlo\u017ebu <em>\u201eVlaho Bukovac i njegov pari\u0161ki profesor Alexander Cabanel\u201c<\/em> postavljenu u Umjetni\u010dkom paviljonu od 3. listopada 2018. do 6. sije\u010dnja 2019. Na\u010din na koji se Vlaho Bukovac predstavio svome budu\u0107em profesoru \u2013 nacrtao je svoju lijevu ruku i primljen u klasu uglednog profesora, u\u010denike se posebno dojmilo. To ih je potaknulo da prou\u010de stanje \u0161kolstva toga doba u Hrvatskoj, vezano uz temu istra\u017eivanja povijesti \u0161kolstva, ali i zbog \u010dinjenice da od sljede\u0107e nastavne godine, kad upisuju prvi razred srednje \u0161kole, o\u010dekuje novi na\u010din i pristup obrazovanju.<\/p>\n<p>Vlaho Bukovac je u Parizu boravio ba\u0161 u vrijeme Svjetske izlo\u017ebe koja je obilje\u017eavala stolje\u0107e Francuske revolucije, pa je, vjerojatno, bio prisutan prilikom gradnje Eiffelova tornja. Ovaj podatak je u\u010denike potaknuo da prou\u010de kako je Zagreb napredovao na prijelazu 19. u 20. stolje\u0107e, a njihov rad na tu temu vidljiv je na maketi \u201e<em>Grad Zagreba na prijelazu stolje\u0107a\u201c<\/em> koju su u\u010denici sami napravili i uredili, a biti \u0107e izlo\u017eena 15. svibnja 2019. u Nacionalnoj i sveu\u010dili\u0161noj knji\u017enici u sklopu Festivala povijesti \u201eKliofest\u201c. Uz maketu, pripremili su i plakat koji uspore\u0111uje Zagreb i Pariz na prijelazu stolje\u0107a \u2013 mali, pokrajinski grad unutar Austro \u2013 Ugarske Monarhije i veliki europski grad sa svom svojom mo\u0107i.<\/p>\n<p>Cilj ovog projekta bio je prvenstveno potaknuti u\u010denike na timski rad i razvoj dru\u0161tvenih odnosa uz kori\u0161tenje informacijsko \u2013 komunikacijske tehnologije \u0161to pridonosi unapre\u0111enju njihovih vje\u0161tina stvarala\u0161tva, ma\u0161te i kreativnosti, a u kona\u010dnici u\u010di samostalnosti i organizaciji.<\/p>\n<p>Ana Kova\u010di\u0107, ro\u0111ena u Zagrebu, diplomirala povijest na Hrvatskim studijima sveu\u010dili\u0161ta u Zagrebu 2013. godine s temom \u2018Svakodnevni \u017eivot u vrijeme Marije Terezije i Josipa II.\u2019. Od \u0161kolske godine 2017\/2018 zaposlena u O\u0160 \u017duti brijeg kao u\u010diteljica povijesti.<\/p>\n<p><strong>18.30 \u2013 Knji\u017enica Bogdana Ogrizovi\u0107a<\/strong><\/p>\n<p>Predstavljanje knjige Narodna stranka u Slavoniji i Srijemu 1883.-1903., Hrvatski institut za povijest Sudjeluju: Branko Ostajmer, Dinko \u0160ok\u010devi\u0107, Jasna Turkalj<\/p>\n<p>&nbsp;<\/p>\n<p><strong>19.30-21.30 \u2013 caffe bar Spunk<\/strong><\/p>\n<p>Pub kviz iz povijesti u caffe baru Spunk kod NSK.<\/p>\n<p>&nbsp;<\/p>\n<p><a href=\"http:\/\/www.kliofest.org\/srijeda-15-svibnja\/\">http:\/\/www.kliofest.org\/srijeda-15-svibnja\/<\/a><\/p>\n<p>&nbsp;<\/p>\n<p><a href=\"http:\/\/www.kliofest.org\/\">http:\/\/www.kliofest.org\/<\/a><\/p>\n<p>&nbsp;<\/p>\n<p><a href=\"https:\/\/www.facebook.com\/kliofest\/\">https:\/\/www.facebook.com\/kliofest\/<\/a><\/p>\n<p>&nbsp;<\/p>\n<p>&nbsp;<\/p>\n<p>&nbsp;<\/p>\n<p>&nbsp;<\/p>\n","protected":false},"excerpt":{"rendered":"","protected":false},"author":2,"featured_media":14681,"comment_status":"open","ping_status":"open","sticky":false,"template":"","format":"standard","meta":{"_acf_changed":false,"jetpack_post_was_ever_published":false,"_jetpack_newsletter_access":"","_jetpack_dont_email_post_to_subs":false,"_jetpack_newsletter_tier_id":0,"_jetpack_memberships_contains_paywalled_content":false,"_jetpack_memberships_contains_paid_content":false,"footnotes":"","jetpack_publicize_message":"","jetpack_publicize_feature_enabled":true,"jetpack_social_post_already_shared":true,"jetpack_social_options":{"image_generator_settings":{"template":"highway","default_image_id":0,"font":"","enabled":false},"version":2}},"categories":[3],"tags":[],"class_list":["post-14854","post","type-post","status-publish","format-standard","has-post-thumbnail","hentry","category-novosti"],"acf":{"facebook_opis":""},"jetpack_publicize_connections":[],"jetpack_featured_media_url":"https:\/\/i0.wp.com\/historiografija.hr\/wp-content\/uploads\/2019\/05\/Kliofest2019_banner_new.png?fit=1352%2C309&ssl=1","jetpack_sharing_enabled":true,"jetpack-related-posts":[{"id":52746,"url":"https:\/\/historiografija.hr\/?p=52746","url_meta":{"origin":14854,"position":0},"title":"Predstavljanje djelatnosti povjesni\u010dara: \u201ePisma kao izvor za povijest 18.stolje\u0107a \u2013 iskustva rada na HRZZ projektu LIGHT\u201c","author":"Filip \u0160imunjak","date":"30. travnja 2026.","format":false,"excerpt":"Predstavljanje djelatnosti povjesni\u010dara: \u201ePisma kao izvor za povijest 18. stolje\u0107a \u2013 iskustva rada na HRZZ projektu LIGHT\u201c odr\u017eat \u0107e se u sklopu ovogodi\u0161njega Festivala povijesti Kliofest u Nacionalnoj i sveu\u010dili\u0161noj knji\u017enici u Zagrebu, u utorak 5. svibnja, s po\u010detkom u 16 sati. Sudjeluju: Teodora Shek Brnardi\u0107, Marta Jurkovi\u0107, Matea Maru\u0161i\u0107,\u2026","rel":"","context":"U &quot;Novosti&quot;","block_context":{"text":"Novosti","link":"https:\/\/historiografija.hr\/?cat=3"},"img":{"alt_text":"","src":"https:\/\/i0.wp.com\/historiografija.hr\/wp-content\/uploads\/2026\/04\/Kliofest-01-utorak-I-03-PDP-Pisma-kao-izvor.jpg?fit=1200%2C566&ssl=1&resize=350%2C200","width":350,"height":200,"srcset":"https:\/\/i0.wp.com\/historiografija.hr\/wp-content\/uploads\/2026\/04\/Kliofest-01-utorak-I-03-PDP-Pisma-kao-izvor.jpg?fit=1200%2C566&ssl=1&resize=350%2C200 1x, https:\/\/i0.wp.com\/historiografija.hr\/wp-content\/uploads\/2026\/04\/Kliofest-01-utorak-I-03-PDP-Pisma-kao-izvor.jpg?fit=1200%2C566&ssl=1&resize=525%2C300 1.5x, https:\/\/i0.wp.com\/historiografija.hr\/wp-content\/uploads\/2026\/04\/Kliofest-01-utorak-I-03-PDP-Pisma-kao-izvor.jpg?fit=1200%2C566&ssl=1&resize=700%2C400 2x, https:\/\/i0.wp.com\/historiografija.hr\/wp-content\/uploads\/2026\/04\/Kliofest-01-utorak-I-03-PDP-Pisma-kao-izvor.jpg?fit=1200%2C566&ssl=1&resize=1050%2C600 3x"},"classes":[]},{"id":52704,"url":"https:\/\/historiografija.hr\/?p=52704","url_meta":{"origin":14854,"position":1},"title":"Predstavljanje knjige &#8220;Vladimir Vasiljevi\u0107: Moji do\u017eivljaji. Dnevni\u010dki zapisi iz Prvoga svjetskog rata i poratnoga vremena&#8221;","author":"Filip \u0160imunjak","date":"29. travnja 2026.","format":false,"excerpt":"Doga\u0111anja ovogodi\u0161njega Festivala povijesti Kliofest zapo\u010dinjemo ve\u0107 i prije samoga slu\u017ebenog otvaranja, predstavljanjem knjige \u201eMoji do\u017eivljaji. Dnevni\u010dki zapisi iz Prvoga svjetskog rata i poratnoga vremena\u201d Vladimira Vasiljevi\u0107a, koju su priredili Karlo Rukavina i Damir Agi\u010di\u0107. Pozivamo Vas na predstavljanje koje \u0107e se odr\u017eati u ponedjeljak 4. svibnja, s po\u010detkom u\u2026","rel":"","context":"U &quot;Knjige&quot;","block_context":{"text":"Knjige","link":"https:\/\/historiografija.hr\/?cat=8"},"img":{"alt_text":"","src":"https:\/\/i0.wp.com\/historiografija.hr\/wp-content\/uploads\/2026\/04\/Naslovna-V.-Vasiljevic.webp?fit=1200%2C600&ssl=1&resize=350%2C200","width":350,"height":200,"srcset":"https:\/\/i0.wp.com\/historiografija.hr\/wp-content\/uploads\/2026\/04\/Naslovna-V.-Vasiljevic.webp?fit=1200%2C600&ssl=1&resize=350%2C200 1x, https:\/\/i0.wp.com\/historiografija.hr\/wp-content\/uploads\/2026\/04\/Naslovna-V.-Vasiljevic.webp?fit=1200%2C600&ssl=1&resize=525%2C300 1.5x, https:\/\/i0.wp.com\/historiografija.hr\/wp-content\/uploads\/2026\/04\/Naslovna-V.-Vasiljevic.webp?fit=1200%2C600&ssl=1&resize=700%2C400 2x, https:\/\/i0.wp.com\/historiografija.hr\/wp-content\/uploads\/2026\/04\/Naslovna-V.-Vasiljevic.webp?fit=1200%2C600&ssl=1&resize=1050%2C600 3x"},"classes":[]},{"id":52681,"url":"https:\/\/historiografija.hr\/?p=52681","url_meta":{"origin":14854,"position":2},"title":"XIII. Festival povijesti Kliofest 2026.","author":"Branimir Jankovi\u0107","date":"27. travnja 2026.","format":false,"excerpt":"Trinaesti Festival povijesti Kliofest odr\u017eava se od 5. do 8. svibnja 2026. u Nacionalnoj i sveu\u010dili\u0161noj knji\u017enici u Zagrebu, kao i na nekoliko drugih lokacija u gradu. Cjelokupni program nalazi se u programskoj knji\u017eici u nastavku. Festival povijesti Kliofest - 2026 - ProgramPreuzmi","rel":"","context":"U &quot;Prikazi i osvrti&quot;","block_context":{"text":"Prikazi i osvrti","link":"https:\/\/historiografija.hr\/?cat=4"},"img":{"alt_text":"","src":"","width":0,"height":0},"classes":[]},{"id":52666,"url":"https:\/\/historiografija.hr\/?p=52666","url_meta":{"origin":14854,"position":3},"title":"Najava programa Festivala povijesti Kliofest (5-8. V. 2026)","author":"Branimir Jankovi\u0107","date":"24. travnja 2026.","format":false,"excerpt":"Po trinaesti put odr\u017eava se Festival povijesti Kliofest! Do petka \u0107emo odr\u017eati osam okruglih stolova i dva kolokvija te niz predstavljanja knjiga i projekata razli\u010dite tematike, od antike do suvremenosti. Bit \u0107e predstavljeno i nekoliko izlo\u017ebi te odr\u017ean jedan povijesni kviz. Prikazat \u0107emo i jedan film \u2013 o generalu Boroevi\u0107u.\u2026","rel":"","context":"U &quot;Novosti&quot;","block_context":{"text":"Novosti","link":"https:\/\/historiografija.hr\/?cat=3"},"img":{"alt_text":"","src":"https:\/\/i0.wp.com\/historiografija.hr\/wp-content\/uploads\/2026\/04\/Kliofest-2026.jpg?fit=526%2C526&ssl=1&resize=350%2C200","width":350,"height":200,"srcset":"https:\/\/i0.wp.com\/historiografija.hr\/wp-content\/uploads\/2026\/04\/Kliofest-2026.jpg?fit=526%2C526&ssl=1&resize=350%2C200 1x, https:\/\/i0.wp.com\/historiografija.hr\/wp-content\/uploads\/2026\/04\/Kliofest-2026.jpg?fit=526%2C526&ssl=1&resize=525%2C300 1.5x"},"classes":[]},{"id":52699,"url":"https:\/\/historiografija.hr\/?p=52699","url_meta":{"origin":14854,"position":4},"title":"Sve\u010dano otvaranje Festivala povijesti Kliofest","author":"Filip \u0160imunjak","date":"28. travnja 2026.","format":false,"excerpt":"Pozivamo Vas na sve\u010dano otvaranje XIII. Festivala povijesti Kliofest, u utorak, 5. svibnja 2026. u Nacionalnoj i sveu\u010dili\u0161noj knji\u017enici u Zagrebu, s po\u010detkom u 11 sati. Cijeli program skupa mo\u017eete poglededati na www.kliofest.hr te https:\/\/historiografija.hr\/?p=52681.","rel":"","context":"U &quot;Novosti&quot;","block_context":{"text":"Novosti","link":"https:\/\/historiografija.hr\/?cat=3"},"img":{"alt_text":"","src":"https:\/\/i0.wp.com\/historiografija.hr\/wp-content\/uploads\/2026\/04\/Otvaranje-Kliofest-2026.jpg?fit=1200%2C566&ssl=1&resize=350%2C200","width":350,"height":200,"srcset":"https:\/\/i0.wp.com\/historiografija.hr\/wp-content\/uploads\/2026\/04\/Otvaranje-Kliofest-2026.jpg?fit=1200%2C566&ssl=1&resize=350%2C200 1x, https:\/\/i0.wp.com\/historiografija.hr\/wp-content\/uploads\/2026\/04\/Otvaranje-Kliofest-2026.jpg?fit=1200%2C566&ssl=1&resize=525%2C300 1.5x, https:\/\/i0.wp.com\/historiografija.hr\/wp-content\/uploads\/2026\/04\/Otvaranje-Kliofest-2026.jpg?fit=1200%2C566&ssl=1&resize=700%2C400 2x, https:\/\/i0.wp.com\/historiografija.hr\/wp-content\/uploads\/2026\/04\/Otvaranje-Kliofest-2026.jpg?fit=1200%2C566&ssl=1&resize=1050%2C600 3x"},"classes":[]},{"id":52717,"url":"https:\/\/historiografija.hr\/?p=52717","url_meta":{"origin":14854,"position":5},"title":"Okrugli stol &#8220;Dvjestapedeset godina Sjedinjenih Ameri\u010dkih Dr\u017eava \u2013 od kolonije do prve zemlje svijeta i dalje&#8221;","author":"Filip \u0160imunjak","date":"29. travnja 2026.","format":false,"excerpt":"Ove godine obilje\u017eava se 250. obljetnica osnutka Sjedinjenih Ameri\u010dkih Dr\u017eava, povodom koje je pokrenut niz rasprava o ameri\u010dkoj povijesti, njezinoj globalnoj ulozi i naslje\u0111u koje se prote\u017ee od 1776. do danas. Obljetnica je ujedno prilika za promi\u0161ljanje o tome kako danas tuma\u010dimo ameri\u010dku pro\u0161lost, ali i (aktualnu) ulogu SAD-a u\u2026","rel":"","context":"U &quot;Novosti&quot;","block_context":{"text":"Novosti","link":"https:\/\/historiografija.hr\/?cat=3"},"img":{"alt_text":"","src":"https:\/\/i0.wp.com\/historiografija.hr\/wp-content\/uploads\/2026\/04\/Kliofest-01-utorak-I-02-OS-250-godina-SAD.jpg?fit=1200%2C566&ssl=1&resize=350%2C200","width":350,"height":200,"srcset":"https:\/\/i0.wp.com\/historiografija.hr\/wp-content\/uploads\/2026\/04\/Kliofest-01-utorak-I-02-OS-250-godina-SAD.jpg?fit=1200%2C566&ssl=1&resize=350%2C200 1x, https:\/\/i0.wp.com\/historiografija.hr\/wp-content\/uploads\/2026\/04\/Kliofest-01-utorak-I-02-OS-250-godina-SAD.jpg?fit=1200%2C566&ssl=1&resize=525%2C300 1.5x, https:\/\/i0.wp.com\/historiografija.hr\/wp-content\/uploads\/2026\/04\/Kliofest-01-utorak-I-02-OS-250-godina-SAD.jpg?fit=1200%2C566&ssl=1&resize=700%2C400 2x, https:\/\/i0.wp.com\/historiografija.hr\/wp-content\/uploads\/2026\/04\/Kliofest-01-utorak-I-02-OS-250-godina-SAD.jpg?fit=1200%2C566&ssl=1&resize=1050%2C600 3x"},"classes":[]}],"_links":{"self":[{"href":"https:\/\/historiografija.hr\/index.php?rest_route=\/wp\/v2\/posts\/14854","targetHints":{"allow":["GET"]}}],"collection":[{"href":"https:\/\/historiografija.hr\/index.php?rest_route=\/wp\/v2\/posts"}],"about":[{"href":"https:\/\/historiografija.hr\/index.php?rest_route=\/wp\/v2\/types\/post"}],"author":[{"embeddable":true,"href":"https:\/\/historiografija.hr\/index.php?rest_route=\/wp\/v2\/users\/2"}],"replies":[{"embeddable":true,"href":"https:\/\/historiografija.hr\/index.php?rest_route=%2Fwp%2Fv2%2Fcomments&post=14854"}],"version-history":[{"count":1,"href":"https:\/\/historiografija.hr\/index.php?rest_route=\/wp\/v2\/posts\/14854\/revisions"}],"predecessor-version":[{"id":14855,"href":"https:\/\/historiografija.hr\/index.php?rest_route=\/wp\/v2\/posts\/14854\/revisions\/14855"}],"wp:featuredmedia":[{"embeddable":true,"href":"https:\/\/historiografija.hr\/index.php?rest_route=\/wp\/v2\/media\/14681"}],"wp:attachment":[{"href":"https:\/\/historiografija.hr\/index.php?rest_route=%2Fwp%2Fv2%2Fmedia&parent=14854"}],"wp:term":[{"taxonomy":"category","embeddable":true,"href":"https:\/\/historiografija.hr\/index.php?rest_route=%2Fwp%2Fv2%2Fcategories&post=14854"},{"taxonomy":"post_tag","embeddable":true,"href":"https:\/\/historiografija.hr\/index.php?rest_route=%2Fwp%2Fv2%2Ftags&post=14854"}],"curies":[{"name":"wp","href":"https:\/\/api.w.org\/{rel}","templated":true}]}}