{"id":14841,"date":"2019-05-14T08:00:04","date_gmt":"2019-05-14T08:00:04","guid":{"rendered":"http:\/\/historiografija.hr\/?p=14841"},"modified":"2019-05-14T08:00:04","modified_gmt":"2019-05-14T08:00:04","slug":"izlozbe-i-filmovi-na-kliofestu","status":"publish","type":"post","link":"https:\/\/historiografija.hr\/?p=14841","title":{"rendered":"Izlo\u017ebe i filmovi na Kliofestu"},"content":{"rendered":"<p>Osim izlo\u017ebi o Vojnoj krajini na Filozofskom fakultetu, stogodi\u0161njici prijenosa posmrtnih ostataka Zrinskog i Frankopana u Hrvatskom dr\u017eavnom arhivu, arhivima i digitalizaciji u Knji\u017enici Bogdana Ogrizovi\u0107a i drugih \u2013 u Nacionalnoj i sveu\u010dili\u0161noj knji\u017enici u Zagrebu bit \u0107e postavljeno jo\u0161 nekoliko izlo\u017ebi.<\/p>\n<p><strong>\u00a0<\/strong><\/p>\n<p><strong>&#8212;<\/strong><\/p>\n<p><strong>\u00a0<\/strong><\/p>\n<p>KLIOFEST<\/p>\n<p><strong>\u00a0<\/strong><\/p>\n<p><strong>U holu Nacionalne i sveu\u010dili\u0161ne knji\u017enice bit \u0107e postavljene izlo\u017ebe:<\/strong><\/p>\n<p>&nbsp;<\/p>\n<p>Gradovi u pokretu. Postosmansko naslje\u0111e: Ankara, Beograd, Istanbul i Sarajevo o\u010dima fotoreportera 1920-ih i 1930-ih \/ Autorica: Nata\u0161a Mi\u0161kovi\u0107<\/p>\n<p>&nbsp;<\/p>\n<p>Uspjesi Druge Republike \u2013 Gdynia \/ Autorica: Magdalena Najbar-Agi\u010di\u0107<\/p>\n<p>&nbsp;<\/p>\n<p>Roga\u0161ka Slatina kao pograni\u010dni grad Tre\u0107eg Reicha \/ Autor: Bojan Balkovec<\/p>\n<p>&nbsp;<\/p>\n<p>Tragom pro\u0161losti \u2013 Hrvatska 1968. \/ Hrvatski dr\u017eavni arhiv<\/p>\n<p>&nbsp;<\/p>\n<p>U auli Knji\u017enice Filozofskog fakulteta Sveu\u010dili\u0161ta u Zagrebu bit \u0107e postavljena izlo\u017eba<\/p>\n<p>Vojna krajina, Banska krajina i Zrinski u obrani od Osmanlija \/ Dru\u0161tvo Terra<\/p>\n<p>banalis \/ Autorica koncepta: Nata\u0161a \u0160tefanec<\/p>\n<p>&nbsp;<\/p>\n<p>U auli Hrvatskoga dr\u017eavnog arhiva bit \u0107e postavljena izlo\u017eba u povodu stote godi\u0161njice<\/p>\n<p>prijenosa posmrtnih ostataka Zrinskog i Frankopana u Hrvatsku.<\/p>\n<p>&nbsp;<\/p>\n<p>U auli Knji\u017enice Bogdana Ogrizovi\u0107a bit \u0107e postavljena izlo\u017eba Arhivi i digitalizacija \u2013<\/p>\n<p>od mikrofilma do digitalnog arhiva.<\/p>\n<p>&nbsp;<\/p>\n<p>&#8212;<\/p>\n<p><strong>\u00a0<\/strong><\/p>\n<p><strong>Putuju\u0107a izlo\u017eba <em>Gradovi u pokretu \u2013 postosmansko naslje\u0111e <\/em>NSK 14.-17. svibnja 2019.<\/strong><\/p>\n<p><strong>Dokumentarni<\/strong> <strong>film<\/strong> <strong><em>Duh<\/em><\/strong> <strong><em>vremena<\/em><\/strong> <strong>u<\/strong> <strong>re<\/strong><strong>\u017e<\/strong><strong>iji<\/strong> <strong>Lordana<\/strong> <strong>Zafranovi<\/strong><strong>\u0107<\/strong><strong>a<\/strong> <strong>kino<\/strong> <strong>Tu<\/strong><strong>\u0161<\/strong><strong>kanac<\/strong><strong> 14. <\/strong><strong>svibnja<\/strong><strong> 2019.<\/strong><\/p>\n<p>Poznati filmski redatelj Lordan Zafranovi\u0107 na ovogodi\u0161njem Kliofestu \u0107e publici u Zagrebu predstaviti novi dokumentarni film <em>Duh<\/em> <em>vremena<\/em> (Zeitgeist). Polusatni dokumentarac u \u0161vicarskoj produkciji nastao je na osnovu izlo\u017ebe <em>Gradovi<\/em> <em>u<\/em> <em>pokretu<\/em><em> \u2013 <\/em><em>postosmansko<\/em> <em>naslje<\/em><em>\u0111<\/em><em>e<\/em> koja \u0107e za vrijeme Kliofesta biti postavljena u holu Nacionalne i sveu\u010dili\u0161ne knji\u017enice. Kroz arhivsku foto-gra\u0111u jugoslavenskih i turskih fotoreportera velikih dnevnih listova, izlo\u017eba i film prate svakodnevni \u017eivot u Istanbulu, Ankari, Beogradu i Sarajevu tijekom 20-ih i 30-ih godina pro\u0161log stolje\u0107a, nakon Prvoga svjetskog rata i raspada Osmanskog Carstva.<\/p>\n<p>Autorica izlo\u017ebe te scenaristica i producentica filma je Nata\u0161a Mi\u0161kovi\u0107, profesorica na Sveu\u010dili\u0161tu u Baselu, koja izlo\u017ebom i filmom predstavlja rezultate velikog istra\u017eiva\u010dkog projekta <em>SIBA<\/em><em> \u2013 <\/em><em>Vizualni<\/em> <em>pristup<\/em> <em>istra<\/em><em>\u017e<\/em><em>ivanju<\/em> <em>urbanog<\/em> <em>prostora<\/em> <em>u<\/em> <em>Jugoslaviji<\/em> <em>i<\/em> <em>u<\/em> <em>Turskoj<\/em><em> 1920-<\/em><em>ih<\/em> <em>i<\/em><em> 1930-<\/em><em>ih<\/em> <em>godina<\/em>. Putuju\u0107a izlo\u017eba <em>Gradovi<\/em> <em>u<\/em> <em>pokretu<\/em><em> \u2013 <\/em><em>postosmansko<\/em> <em>naslje<\/em><em>\u0111<\/em><em>e<\/em> predstavlja pa\u017eljivo odabrane dvije stotine digitalno obra\u0111enih fotografija koje bilje\u017ee promjene u \u010detiri grada. Kroz objektive fotoreportera dnevnih listova <em>Politike<\/em> i <em>Vremena<\/em> iz Beograda te <em>D\u017eumhurijeta<\/em> i <em>Ak\u0161ama<\/em> iz Istanbula izlo\u017eba istra\u017euje kako su obnovljena sredi\u0161ta tih gradova da bi predstavili vrijednosti novih vlada, kako je stvaran novi \u010dovjek \u2013 moderni gra\u0111anin uz pomo\u0107 masovnih sportskih manifestacija, novih trendova u odijevanju i pona\u0161anju, a s druge strane, kako se svakodnevica u \u010dar\u0161iji nastavila kao da se nikada ni\u0161ta nije zbilo.<\/p>\n<p>Izlo\u017eba je koncipirana kao svojevrsna zagonetka koja posjetitelja poti\u010de na istra\u017eivanje i od njega tra\u017ei da odgonetne iz kojeg grada poti\u010de svaka od prikazanih fotografija. Na taj na\u010din nagla\u0161ena je teza da svi ti gradovi imaju mnogo vi\u0161e zajedni\u010dkog od onoga \u0161to danas pretpostavljamo. Zabavni segment izlo\u017ebe je i mogu\u0107nost da se posjetioci fotografiraju ispred povijesnih pejza\u017ea koji su rezultat digitalne intervencije Mehmeda Ak\u0161amije te da probaju modne detalje karakteristi\u010dne za dvadesete i tridesete godine pro\u0161log stolje\u0107a. Postav prati vodi\u010d, dok se vi\u0161e informacija o pojedina\u010dnim fotografijama nalazi na internetskoj prezentaciji <em>Vizualnog arhiva jugoisto\u010dne Europe <\/em>(VASE \u2013 Visual Archive Southeastern Europe: <u><a href=\"http:\/\/gams.uni-graz.at\/context:vase\">gams.uni-graz.at\/vase<\/a><\/u>), projekta koji Nata\u0161a Mi\u0161kovi\u0107 vodi u suradnji sa Sveu\u010dili\u0161tem u Grazu.<\/p>\n<p>Izlo\u017eba je dosad privukla veliku pozornost medija i publike gdje god je gostovala: u gradovima koji su predmet izlo\u017eenih fotografija \u2013 Beogradu, Sarajevu, Istanbulu, ali i u Ljubljani, Grazu i Baselu. Prema rije\u010dima Lordana Zafranovi\u0107a, on je posve slu\u010dajno prisustvovao otvaranju izlo\u017ebe <em>Gradovi<\/em> <em>u<\/em> <em>pokretu<\/em><em> \u2013 <\/em><em>postosmansko<\/em> <em>naslje<\/em><em>\u0111<\/em><em>e<\/em>, koja ga je fascinirala.<\/p>\n<p>\u201cNata\u0161a je ulo\u017eila ogromnu energiju i ljubav istra\u017euju\u0107i fotografije iz pro\u0161losti i pokazala je veliku odgovornost prilikom priprema za ovu predivnu izlo\u017ebu. Pomislio sam kako bi bilo \u0161teta da sve to nakon nekoliko tjedana zavr\u0161i opet u rafovima i predlo\u017eio sam da se snimi film. Bilo mi je zadovoljstvo da radim s njom, i da usuglasim svoju filmsku viziju s njenom historiografskom precizno\u0161\u0107u\u201d, naveo je Zafranovi\u0107, koji \u0107e svoj film predstaviti 14. svibnja u 17 sati u Kinu Tu\u0161kanac.<\/p>\n<p>Rije\u010d je o edukativnom, ali i kreativnom kratkometra\u017enom dokumentarcu. Na podlogu sastavljenu od fascinantnih, fotoreporterskih slika iz baze podataka SIBA, Zafranovi\u0107 i N. Mi\u0161kovi\u0107 dodaju glas pjeva\u010da Bo\u017ee Vre\u0107e kako bi do\u010darali radost i tugu, bogatstvo i siroma\u0161tvo, osmansku pro\u0161lost i modernizaciju jugoisto\u010dne Europe nakon Velikog rata.<\/p>\n<p>Izlo\u017eba je nastala u suradnji s Muzejom Jugoslavije u Beogradu, digitalnu obradu fotografija obavio je prof. Mehmed Ak\u0161amija iz Sarajeva, a dizajneri postava su Igor i Irena Stepan\u010di\u0107 iz Beograda. Pored fotodokumentacije<em> Politike<\/em> i <em>Borbe<\/em>, svoje su arhive otvorili Yap\u0131 kredi Culture, Art and Publishing u Istanbulu, niz srpskih, bosanskih i turskih arhiva i muzeja kao i privatni kolekcionari fotografija prof. Mehmed Ak\u0161amija iz Sarajeva i Cengiz Kahraman iz Istanbula.<\/p>\n<p>SIBA Productions, prof. dr. Nata\u0161a Mi\u0161kovi\u0107, Sveu\u010dili\u0161te u Baselu \u2013 \u0160vicarska<\/p>\n<p>&nbsp;<\/p>\n<p><strong>Uspjesi Druge Republike \u2013 Gdynia<\/strong><\/p>\n<p><strong>NSK, 14.-17. svibnja, autorica: dr. Magdalena Najbar Agi\u010di\u0107<\/strong><\/p>\n<p>Izlo\u017eba prezentira modernisti\u010dku arhitekturu poljskog grada Gdyne, poznatog po zna\u010dajnim arhitektonskim ostvarenjima, te locira pri\u010du o izgradnji Gdynie u kontekst povijesti me\u0111uratne Poljske. Izgradnja nove luke u Gdyni i postanak grada jedan je od najzna\u010dajnijih i najpoznatijih infrastrukturnih projekata Druge Poljske Republike. Na odluku o njegovom pokretanju presudan je utjecaj imala \u010dinjenica da se najve\u0107a i za Poljsku prirodno najzna\u010dajnija luka u Gdanjsku odlukom Versajskog mira na\u0161la izvan poljskih granica. Projekt je predvi\u0111ao izgradnju lu\u010dkih postrojenja u Gdyni, te modernog grada: u tom je mjestu prije po\u010detka realizacije projekta izgradnje luke 1921. godine \u017eivjelo samo 1268 ljudi, a 1939. bio je to ve\u0107 veliki grad sa 127 000 stanovnika. Izlo\u017eba mo\u017ee biti zanimljiva kako ljubiteljima povijesti, tako i svima koje privla\u010di razvoj arhitekture.<\/p>\n<p>&nbsp;<\/p>\n<p>&#8212;<\/p>\n<p>&nbsp;<\/p>\n<p><strong>Roga\u0161ka Slatina kao pograni\u010dni grad Tre\u0107eg Reicha<\/strong><\/p>\n<p><strong>NSK, 14.-17. svibnja, autor: Bojan Balkovec<\/strong><\/p>\n<p>&nbsp;<\/p>\n<p>&#8212;<\/p>\n<p>&nbsp;<\/p>\n<p><strong>Tragom pro\u0161losti \u2013 Hrvatska 1968.<\/strong><\/p>\n<p><strong>NSK, 14.-17. svibnja, Hrvatski dr\u017eavni arhiv <\/strong><\/p>\n<p><strong>Muzej \u201eStaro selo\u201c MHZ, Kumrovec<\/strong><\/p>\n<p><strong> 18. svibnja\u00a0 u 12 sati<\/strong><\/p>\n<p>Otvorenje izlo\u017ebe Pionir: po\u0161ten i iskren drug<\/p>\n<p>Autori: Igor Duda, Vlatka Filip\u010di\u0107 Maligec<\/p>\n<p>&nbsp;<\/p>\n<p>Izvor: <a href=\"http:\/\/www.kliofest.org\/izlozbe-i-filmovi\/\">http:\/\/www.kliofest.org\/izlozbe-i-filmovi\/<\/a><\/p>\n<p>&nbsp;<\/p>\n<p>&nbsp;<\/p>\n","protected":false},"excerpt":{"rendered":"","protected":false},"author":2,"featured_media":14681,"comment_status":"open","ping_status":"open","sticky":false,"template":"","format":"standard","meta":{"_acf_changed":false,"jetpack_post_was_ever_published":false,"_jetpack_newsletter_access":"","_jetpack_dont_email_post_to_subs":false,"_jetpack_newsletter_tier_id":0,"_jetpack_memberships_contains_paywalled_content":false,"_jetpack_memberships_contains_paid_content":false,"footnotes":"","jetpack_publicize_message":"","jetpack_publicize_feature_enabled":true,"jetpack_social_post_already_shared":true,"jetpack_social_options":{"image_generator_settings":{"template":"highway","default_image_id":0,"font":"","enabled":false},"version":2}},"categories":[10,3],"tags":[],"class_list":["post-14841","post","type-post","status-publish","format-standard","has-post-thumbnail","hentry","category-izlozbe","category-novosti"],"acf":{"facebook_opis":""},"jetpack_publicize_connections":[],"jetpack_featured_media_url":"https:\/\/i0.wp.com\/historiografija.hr\/wp-content\/uploads\/2019\/05\/Kliofest2019_banner_new.png?fit=1352%2C309&ssl=1","jetpack_sharing_enabled":true,"jetpack-related-posts":[{"id":52573,"url":"https:\/\/historiografija.hr\/?p=52573","url_meta":{"origin":14841,"position":0},"title":"Znanstvena konferencija &#8220;Filozofija odgoja: povijest, praksa, perspektive&#8221;","author":"Branimir Jankovi\u0107","date":"21. travnja 2026.","format":false,"excerpt":"Znanstvena konferencija \"Filozofija odgoja: povijest, praksa, perspektive\" odr\u017eat \u0107e se 23. i 24. travnja 2026. u Konferencijskoj dvorani Knji\u017enice Filozofskog fakulteta u Zagrebu (2. kat).\u00a0Konferencija je organizirana u okviru projekta\u00a0SUMKOS (voditeljica prof. dr. sc. Ivana Zagorac, financiran\u00a0sredstvima NextGenerationEU), uz potporu Odsjeka za filozofiju.\u00a0 Uz izlaga\u010dki dio, konferencija obuhva\u0107a i izlo\u017ebu\u2026","rel":"","context":"U &quot;Novosti&quot;","block_context":{"text":"Novosti","link":"https:\/\/historiografija.hr\/?cat=3"},"img":{"alt_text":"","src":"","width":0,"height":0},"classes":[]},{"id":52666,"url":"https:\/\/historiografija.hr\/?p=52666","url_meta":{"origin":14841,"position":1},"title":"Najava programa Festivala povijesti Kliofest (5-8. V. 2026)","author":"Branimir Jankovi\u0107","date":"24. travnja 2026.","format":false,"excerpt":"Po trinaesti put odr\u017eava se Festival povijesti Kliofest! Do petka \u0107emo odr\u017eati osam okruglih stolova i dva kolokvija te niz predstavljanja knjiga i projekata razli\u010dite tematike, od antike do suvremenosti. Bit \u0107e predstavljeno i nekoliko izlo\u017ebi te odr\u017ean jedan povijesni kviz. Prikazat \u0107emo i jedan film \u2013 o generalu Boroevi\u0107u.\u2026","rel":"","context":"U &quot;Novosti&quot;","block_context":{"text":"Novosti","link":"https:\/\/historiografija.hr\/?cat=3"},"img":{"alt_text":"","src":"https:\/\/i0.wp.com\/historiografija.hr\/wp-content\/uploads\/2026\/04\/Kliofest-2026.jpg?fit=526%2C526&ssl=1&resize=350%2C200","width":350,"height":200,"srcset":"https:\/\/i0.wp.com\/historiografija.hr\/wp-content\/uploads\/2026\/04\/Kliofest-2026.jpg?fit=526%2C526&ssl=1&resize=350%2C200 1x, https:\/\/i0.wp.com\/historiografija.hr\/wp-content\/uploads\/2026\/04\/Kliofest-2026.jpg?fit=526%2C526&ssl=1&resize=525%2C300 1.5x"},"classes":[]},{"id":52760,"url":"https:\/\/historiografija.hr\/?p=52760","url_meta":{"origin":14841,"position":2},"title":"Izlo\u017eba \u201cLo\u0161injski brodovi, njihove zastave i ljudi\u201d, 4. svibnja u 19h","author":"Filip \u0160imunjak","date":"30. travnja 2026.","format":false,"excerpt":"Hrvatski pomorski muzej Split, Glagolja\u0161a 18 (Tvr\u0111ava Gripe) Nakon \u0161to je u rujnu 2025. godine na otoku Lo\u0161inju, u suradnji Lo\u0161injskog muzeja i Hrvatskog pomorskog muzeja Split, predstavljena izlo\u017eba posve\u0107ena bogatoj pomorskoj ba\u0161tini otoka, njezino pro\u0161ireno izdanje postavlja se u Splitu. Uo\u010di blagdana svetog Dujma splitskoj \u0107e se publici predstaviti\u2026","rel":"","context":"U &quot;Izlo\u017ebe&quot;","block_context":{"text":"Izlo\u017ebe","link":"https:\/\/historiografija.hr\/?cat=10"},"img":{"alt_text":"","src":"https:\/\/i0.wp.com\/historiografija.hr\/wp-content\/uploads\/2026\/04\/Losinjski-brodovi-Izlozba-1-scaled.webp?fit=840%2C1200&ssl=1&resize=350%2C200","width":350,"height":200,"srcset":"https:\/\/i0.wp.com\/historiografija.hr\/wp-content\/uploads\/2026\/04\/Losinjski-brodovi-Izlozba-1-scaled.webp?fit=840%2C1200&ssl=1&resize=350%2C200 1x, https:\/\/i0.wp.com\/historiografija.hr\/wp-content\/uploads\/2026\/04\/Losinjski-brodovi-Izlozba-1-scaled.webp?fit=840%2C1200&ssl=1&resize=525%2C300 1.5x, https:\/\/i0.wp.com\/historiografija.hr\/wp-content\/uploads\/2026\/04\/Losinjski-brodovi-Izlozba-1-scaled.webp?fit=840%2C1200&ssl=1&resize=700%2C400 2x"},"classes":[]},{"id":52505,"url":"https:\/\/historiografija.hr\/?p=52505","url_meta":{"origin":14841,"position":3},"title":"Izlo\u017eba &#8220;Eschenstock \/ Jasenov prut&#8221;","author":"Branimir Jankovi\u0107","date":"17. travnja 2026.","format":false,"excerpt":"Srpsko narodno vije\u0107e (SNV) i Vizura aperta postavljaju izlo\u017ebu \u0161vicarskog slikara Velimira Ili\u0161evi\u0107a: Eschenstock \/ Jasenov prut. Izlo\u017eba se uz prisustvo autora otvara povodom 81. godi\u0161njice proboja logora\u0161a iz usta\u0161kog logora smrti Jasenovac 22. aprila 2026. u 19 sati u Srpskom kulturnom centru (SKC) u Preradovi\u0107evoj ulici 21 u Zagrebu.\u2026","rel":"","context":"U &quot;Izlo\u017ebe&quot;","block_context":{"text":"Izlo\u017ebe","link":"https:\/\/historiografija.hr\/?cat=10"},"img":{"alt_text":"","src":"https:\/\/i0.wp.com\/historiografija.hr\/wp-content\/uploads\/2026\/04\/Jasenov_prut.jpg?fit=1024%2C640&ssl=1&resize=350%2C200","width":350,"height":200,"srcset":"https:\/\/i0.wp.com\/historiografija.hr\/wp-content\/uploads\/2026\/04\/Jasenov_prut.jpg?fit=1024%2C640&ssl=1&resize=350%2C200 1x, https:\/\/i0.wp.com\/historiografija.hr\/wp-content\/uploads\/2026\/04\/Jasenov_prut.jpg?fit=1024%2C640&ssl=1&resize=525%2C300 1.5x, https:\/\/i0.wp.com\/historiografija.hr\/wp-content\/uploads\/2026\/04\/Jasenov_prut.jpg?fit=1024%2C640&ssl=1&resize=700%2C400 2x"},"classes":[]},{"id":52511,"url":"https:\/\/historiografija.hr\/?p=52511","url_meta":{"origin":14841,"position":4},"title":"Izlo\u017eba &#8220;Lica Sljemena&#8221;","author":"Branimir Jankovi\u0107","date":"17. travnja 2026.","format":false,"excerpt":"Srda\u010dno vas pozivamo na otvorenje izlo\u017ebe Lica Sljemena koje \u0107e se odr\u017eati u srijedu 22. travnja 2026. u 18 h ispred Muzeja Prigorja (Trg Dragutina Domjani\u0107a 5, Sesvete). Izlo\u017eba proizlazi iz istra\u017eivanja Nevene \u0160krbi\u0107 Alempijevi\u0107, Petre Kelemen i Sanje Potkonjak te intervjua sa Sljemena\u0161icama i Sljemena\u0161ima, koji su provedeni u\u2026","rel":"","context":"U &quot;Izlo\u017ebe&quot;","block_context":{"text":"Izlo\u017ebe","link":"https:\/\/historiografija.hr\/?cat=10"},"img":{"alt_text":"","src":"https:\/\/i0.wp.com\/historiografija.hr\/wp-content\/uploads\/2026\/04\/Izlozba-Lica-Sljemena.png?fit=1080%2C686&ssl=1&resize=350%2C200","width":350,"height":200,"srcset":"https:\/\/i0.wp.com\/historiografija.hr\/wp-content\/uploads\/2026\/04\/Izlozba-Lica-Sljemena.png?fit=1080%2C686&ssl=1&resize=350%2C200 1x, https:\/\/i0.wp.com\/historiografija.hr\/wp-content\/uploads\/2026\/04\/Izlozba-Lica-Sljemena.png?fit=1080%2C686&ssl=1&resize=525%2C300 1.5x, https:\/\/i0.wp.com\/historiografija.hr\/wp-content\/uploads\/2026\/04\/Izlozba-Lica-Sljemena.png?fit=1080%2C686&ssl=1&resize=700%2C400 2x, https:\/\/i0.wp.com\/historiografija.hr\/wp-content\/uploads\/2026\/04\/Izlozba-Lica-Sljemena.png?fit=1080%2C686&ssl=1&resize=1050%2C600 3x"},"classes":[]},{"id":52704,"url":"https:\/\/historiografija.hr\/?p=52704","url_meta":{"origin":14841,"position":5},"title":"Predstavljanje knjige &#8220;Vladimir Vasiljevi\u0107: Moji do\u017eivljaji. Dnevni\u010dki zapisi iz Prvoga svjetskog rata i poratnoga vremena&#8221;","author":"Filip \u0160imunjak","date":"29. travnja 2026.","format":false,"excerpt":"Doga\u0111anja ovogodi\u0161njega Festivala povijesti Kliofest zapo\u010dinjemo ve\u0107 i prije samoga slu\u017ebenog otvaranja, predstavljanjem knjige \u201eMoji do\u017eivljaji. Dnevni\u010dki zapisi iz Prvoga svjetskog rata i poratnoga vremena\u201d Vladimira Vasiljevi\u0107a, koju su priredili Karlo Rukavina i Damir Agi\u010di\u0107. Pozivamo Vas na predstavljanje koje \u0107e se odr\u017eati u ponedjeljak 4. svibnja, s po\u010detkom u\u2026","rel":"","context":"U &quot;Knjige&quot;","block_context":{"text":"Knjige","link":"https:\/\/historiografija.hr\/?cat=8"},"img":{"alt_text":"","src":"https:\/\/i0.wp.com\/historiografija.hr\/wp-content\/uploads\/2026\/04\/Naslovna-V.-Vasiljevic.webp?fit=1200%2C600&ssl=1&resize=350%2C200","width":350,"height":200,"srcset":"https:\/\/i0.wp.com\/historiografija.hr\/wp-content\/uploads\/2026\/04\/Naslovna-V.-Vasiljevic.webp?fit=1200%2C600&ssl=1&resize=350%2C200 1x, https:\/\/i0.wp.com\/historiografija.hr\/wp-content\/uploads\/2026\/04\/Naslovna-V.-Vasiljevic.webp?fit=1200%2C600&ssl=1&resize=525%2C300 1.5x, https:\/\/i0.wp.com\/historiografija.hr\/wp-content\/uploads\/2026\/04\/Naslovna-V.-Vasiljevic.webp?fit=1200%2C600&ssl=1&resize=700%2C400 2x, https:\/\/i0.wp.com\/historiografija.hr\/wp-content\/uploads\/2026\/04\/Naslovna-V.-Vasiljevic.webp?fit=1200%2C600&ssl=1&resize=1050%2C600 3x"},"classes":[]}],"_links":{"self":[{"href":"https:\/\/historiografija.hr\/index.php?rest_route=\/wp\/v2\/posts\/14841","targetHints":{"allow":["GET"]}}],"collection":[{"href":"https:\/\/historiografija.hr\/index.php?rest_route=\/wp\/v2\/posts"}],"about":[{"href":"https:\/\/historiografija.hr\/index.php?rest_route=\/wp\/v2\/types\/post"}],"author":[{"embeddable":true,"href":"https:\/\/historiografija.hr\/index.php?rest_route=\/wp\/v2\/users\/2"}],"replies":[{"embeddable":true,"href":"https:\/\/historiografija.hr\/index.php?rest_route=%2Fwp%2Fv2%2Fcomments&post=14841"}],"version-history":[{"count":1,"href":"https:\/\/historiografija.hr\/index.php?rest_route=\/wp\/v2\/posts\/14841\/revisions"}],"predecessor-version":[{"id":14842,"href":"https:\/\/historiografija.hr\/index.php?rest_route=\/wp\/v2\/posts\/14841\/revisions\/14842"}],"wp:featuredmedia":[{"embeddable":true,"href":"https:\/\/historiografija.hr\/index.php?rest_route=\/wp\/v2\/media\/14681"}],"wp:attachment":[{"href":"https:\/\/historiografija.hr\/index.php?rest_route=%2Fwp%2Fv2%2Fmedia&parent=14841"}],"wp:term":[{"taxonomy":"category","embeddable":true,"href":"https:\/\/historiografija.hr\/index.php?rest_route=%2Fwp%2Fv2%2Fcategories&post=14841"},{"taxonomy":"post_tag","embeddable":true,"href":"https:\/\/historiografija.hr\/index.php?rest_route=%2Fwp%2Fv2%2Ftags&post=14841"}],"curies":[{"name":"wp","href":"https:\/\/api.w.org\/{rel}","templated":true}]}}