{"id":14808,"date":"2019-05-11T14:05:19","date_gmt":"2019-05-11T14:05:19","guid":{"rendered":"http:\/\/historiografija.hr\/?p=14808"},"modified":"2019-05-11T14:05:19","modified_gmt":"2019-05-11T14:05:19","slug":"jovo-bakic-evropska-krajnja-desnica-1945-2018","status":"publish","type":"post","link":"https:\/\/historiografija.hr\/?p=14808","title":{"rendered":"Jovo Baki\u0107, \u201cEvropska krajnja desnica 1945 &#8211; 2018.\u201d"},"content":{"rendered":"<p>Izdava\u010d Clio iz Beograda objavljuje tijekom svibnja 2019. godine knjigu sociologa Jove Baki\u0107a \u201cEvropska krajnja desnica 1945 &#8211; 2018.\u201d (668 str.).<\/p>\n<p>&nbsp;<\/p>\n<p>&#8212;<\/p>\n<p>&nbsp;<\/p>\n<p><strong>EVROPSKA KRAJNJA DESNICA 1945 &#8211; 2018.<\/strong><\/p>\n<p>&nbsp;<\/p>\n<p>Jovo Baki\u0107<\/p>\n<p>&nbsp;<\/p>\n<p>Uznemiruju\u0107a studija o pro\u0161losti i pretnjama zajedni\u010dkoj evropskoj budu\u0107nosti!<\/p>\n<p>Sve o evropskom fa\u0161izmu, populizmu, rasizmu, o pogubnosti onog \u0161to raste!<\/p>\n<p>Kome su sada potrebni autoritarnost, nacionalizam, ksenofobija?<\/p>\n<p>Kako i za\u0161to je re\u010d fa\u0161izam postala neizostavna u na\u0161em svakodnevnom \u017eivotu?<\/p>\n<p>&nbsp;<\/p>\n<p>&nbsp;<\/p>\n<p>Knjiga je svestrana uporedna analiza istorijata, dru\u0161tvenih uslova, ideologije i prakse savremene krajnje desnice od kraja Drugog svetskog rata do danas u evropskim dr\u017eavama (izuzev poslesocijalisti\u010dkih). Dok se u prvim dr\u017eavama desnica mo\u017ee pratiti od 1945, u potonjim je prisutna tek od 1990-te i pokazuje druga\u010diji razvoj. U dvadesetak sistematski ra\u0161\u010dlanjenih poglavlja analizirano je stanje krajnje desnice u glavnim zapadnoevropskim zemljama: Francuskoj, Nema\u010dkoj, Austriji, Italiji, \u0160paniji, Gr\u010dkoj Portugaliji, \u0160vajcarskoj, Holandiji, Finskoj, \u0160vedskoj, Velikoj Britaniji i Irskoj. Izlaganje materijala nije eklekti\u010dno nego je analiti\u010dki komparativno. Istori\u010dno, odmereno i solidno je dokumentovano novom primarnom gra\u0111om i istra\u017eivanjima iz engleske i nema\u010dke literature. Pouzdano snala\u017eenje u izboru klju\u010dnih pojmova i definisanje vi\u0161eslojnog teorijskog okvira u\u0161tedeli su piscu rasipanje napora i lutanje u redukovanju slo\u017eenosti i nepreglednosti istra\u017eivane problematike. Jasnim pojmovnim razlikovanjem populizma od demagogije i ksenofobije, zatim razdvajanjem ekstremne i radikalne desnice u okviru krajnje desnice izgra\u0111en je pouzdan klasifikacijski okvir odnosno povu\u010dene su nu\u017ene granice uporedivosti krajnjih desnica u raznim zemljama. Uverljivo je obja\u0161njen slo\u017eeni spoj trenda op\u0161teg slabljenja kriti\u010dnosti prema radikalnoj desnici nakon sloma evropskog socijalizma u razli\u010ditim dr\u017eavnim kontekstima i jasno su prepoznati raznovrsni spletovi konkretnih uslova razvoja krajnje desnice.<\/p>\n<p>&nbsp;<\/p>\n<p>Iz recenzije profesora Todora Kulji\u0107a<\/p>\n<p>&nbsp;<\/p>\n<p>Knjiga je odli\u010dna iz vi\u0161e razloga. Prvo, re\u010d je o pojmovno i teorijski informisanoj studiji o va\u017enoj dru\u0161tvenoj i politi\u010dkoj pojavi u savremenoj Evropi. Pokrivena pojmovna i teorijska literatura je neposredno relevantna i veoma \u0161iroka, a razli\u010diti relevantni pojmovi i teorijski argumenti su detaljno i smisleno obrazlo\u017eeni \u2013 \u0161to govori da je re\u010d o pa\u017eljivom akademskom piscu (nagla\u0161avam to samo zato \u0161to je to danas retkost, ne samo u malim i zapu\u0161tenim dr\u017eavama). Drugo, empirijska analiza je veoma detaljna \u2013 gotovo sveobuhvatna kada je re\u010d o krajnjoj desnici u Zapadnoj Evropi \u2013 i zasnovana na \u0161irokoj sekundarnoj literaturi, naro\u010dito kada je re\u010d o ideologiji i delovanju ovih stranaka, ali i \u0161irem istorijskom kontekstu i bitnim elementima iz biografija klju\u010dnih u\u010desnika; dakle, \u010ditaoci imaju priliku da se upoznaju sa klju\u010dnim elementima ovog problema u razli\u010ditim zemljama Zapadne Evrope. Tre\u0107e, knjiga je dobro strukturisana i napisana jasnim i razumljivim jezikom, \u0161to olak\u0161ava razumevanje slo\u017eenih pojmova, pristupa, kao i konkretnih doga\u0111aja i politi\u010dkog delovanja klju\u010dnih u\u010desnika.<\/p>\n<p>&nbsp;<\/p>\n<p>dr Neboj\u0161a Vladisavljevi\u0107<\/p>\n<p>&nbsp;<\/p>\n<p>&nbsp;<\/p>\n<p>Predgovor<\/p>\n<p>&nbsp;<\/p>\n<p>1.Teorijsko-metodolo\u0161ki okvir istra\u017eivanja<\/p>\n<p>1.1. Levica i desnica<\/p>\n<p>1.1.1. Antropolo\u0161ke pretpostavke prostorno-saznajne podele<\/p>\n<p>1.1.2. Istorijsko poreklo ideolo\u0161ke podele na levicu i desnicu<\/p>\n<p>1.1.3. Formalisti\u010dko ili instrumentalno (funkcionalisti\u010dko) poimanje podele na levicu i desnicu<\/p>\n<p>1.1.4. Sadr\u017einski ili strukturni pristup levici i desnici<\/p>\n<p>1.2. Krajnja desnica: ekstremni i radikalni desni\u010dari. Demagogija ili populizam?<\/p>\n<p>1.2.1. Kriza kapitalizma i predstavni\u010dke demokratije; radikalna desnica i populizam<\/p>\n<p>1.2.2. Populizam kao \u201eideologija\u201c<\/p>\n<p>1.2.3. Populizam kao \u201epoliti\u010dka strategija\u201c<\/p>\n<p>1.2.4. Populizam kao \u201epoliti\u010dki stil\u201c<\/p>\n<p>1.2.5. Demagogija ili populizam?<\/p>\n<p>1.3. Nekolike napomene o uporedno-istorijskom pristupu krajnjojdesnici u starim evropskim kapitalisti\u010dkim oligarhijama<\/p>\n<p>&nbsp;<\/p>\n<p>2.Od ekstremne ka radikalnoj desnici<\/p>\n<p>2.1. Nacionalni front Francuske: idealni tip postepenog prelaza ekstremne desnice u radikalnu<\/p>\n<p>2.1.1. Nova desnica (Nouvelle Droite)<\/p>\n<p>2.1.2. Nacionalni front (Front National) \u2013 prva uspe\u0161na stranka krajnje desnice u Evropi nakon II svetskog rata<\/p>\n<p>2.1.3. Osnovne karakteristike ideologije Nacionalnog fronta<\/p>\n<p>2.1.4. Marin Le Pen \u2013 od ekstremne ka radikalnoj desnici?<\/p>\n<p>2.1.5. Dru\u0161tvena struktura glasa\u010da Nacionalnog fronta<\/p>\n<p>2.2. Flamanski blok (interes) i valonski Nacionalni front: (ne)uspe\u0161no ugledanje na Nacionalni front Francuske<\/p>\n<p>2.2.1. Ekstremna ili radikalna desnica?<\/p>\n<p>2.3. Slobodarska partija Austrije (Freiheitliche Partei \u00d6sterreichs): krajnji desni\u010dari i neoliberali zajedno ja\u0161u<\/p>\n<p>2.4. \u0160vedski demokrati: nordijski zakasneli ekstremno\u2011desni\u010darski izuzetak na putu ka radikalnoj desnici<\/p>\n<p>2.5. Italijanski socijalni pokret: od ekstremne desnice ka konzervatizmu<\/p>\n<p>&nbsp;<\/p>\n<p>3.Desni\u010darska radikalizacija neoliberala<\/p>\n<p>3.1. Liga (za sever) (Lega Nord) \u2013 od neoliberalne padanske do neoliberalne italijanske ksenofobije i nacionalizma<\/p>\n<p>3.2. Nordijski naprednjaci: idealni tip desni\u010darske radikalizacije neoliberala<\/p>\n<p>3.3. \u201eLiberalizam straha\u201c kao izvori\u0161te radikalizovane desnice u Nizozemskoj<\/p>\n<p>3.3.1. Antifa\u0161isti\u010dka kulturna hegemonija i neuspeh desni\u010darskih ekstremista<\/p>\n<p>3.3.2. Lista Pima Fortajna (Lijst Pim Fortuyn) i Partija za slobodu (Partij voor de Vrijheid) Herta Vildersa<\/p>\n<p>3.4. \u0160vajcarska narodna partija: spoj selja\u010dkog parohijalnog konzervatizma i neoliberalizma kao izvori\u0161te radikalno\u2011desni\u010darskog preobra\u017eaja<\/p>\n<p>4.Konzervatizam i radikalna desnica<\/p>\n<p>4.1. (Pravi) Finci: antielitizam i autoritarni ksenofobi\u010dni nacionalizam<\/p>\n<p>4.2. Konzervatizam: mamuze i uzde britanskoj krajnjoj desnici<\/p>\n<p>4.2.1. Konzervativna brana ekstremnoj desnici<\/p>\n<p>4.2.2. Torijevske mamuze i uzde radikalnoj desnici: UKIP \u2013 ksenofobi\u010dni britanski nacionalizam i antielitizam<\/p>\n<p>&nbsp;<\/p>\n<p>5.Izuzeci u razvoju radikalne desnice<\/p>\n<p>5.1. Krajnja desnica u Nema\u010dkoj \u2013 nacisti\u010dko nasle\u0111e kao prepreka izbornom proboju ili kako prevariti \u201eborbenu demokratiju\u201c?<\/p>\n<p>5.1.1. Dru\u0161tveno-istorijski kontekst javljanja nema\u010dke krajnje desnice posle poraza nacizma<\/p>\n<p>5.1.2. Nacionaldemokratska partija Nema\u010dke (NPD) i Nema\u010dko narodno jedinstvo (DVU)<\/p>\n<p>5.1.3. Borba ekstremnih desni\u010dara za kulturnu hegemoniju<\/p>\n<p>5.1.4. Neue Rechte<\/p>\n<p>5.1.5. Republikanci \u2013 prvi poku\u0161aj politi\u010dkog otklona od ekstremne ka radikalnoj desnici<\/p>\n<p>5.1.6. Alternativa za Nema\u010dku (AfD) \u2013 prva uspe\u0161na radikalno\u2011desni\u010darska stranka Nema\u010dke?<\/p>\n<p>5.2. Nit je zora nit je zlatna: izborno uspe\u0161na neonacisti\u010dka stranka<\/p>\n<p>5.3. \u0160panija, Portugal i Irska \u2013 izuzeci od evropske \u201epatolo\u0161ke normalnosti\u201c?<\/p>\n<p>&nbsp;<\/p>\n<p>Zaklju\u010dak<\/p>\n<p>&nbsp;<\/p>\n<p>Izvori<\/p>\n<p>&nbsp;<\/p>\n<p>Literatura<\/p>\n<p>&nbsp;<\/p>\n<p>European Far-Right 1945-2018<\/p>\n<p>&nbsp;<\/p>\n<p>Indeks<\/p>\n<p>&nbsp;<\/p>\n<p>&nbsp;<\/p>\n<p>Jovo Baki\u0107:<\/p>\n<p>Sociolog, ro\u0111en 1970. u Beogradu gde s kra\u0107im prekidima \u017eivi od 1985. godine. \u017diveo je i u Ni\u0161u, Prizrenu, Sarajevu, Podgorici. Stru\u010dno se usavr\u0161avao na Univerzitetima u Oksfordu, Helsinkiju i na Univerzitetu Masa\u010dusets u Amherstu. U okviru programa CEEPUS predavao je na Karlovom univerzitetu u Pragu.<br \/>\nNapisao je dve obimne monografije: <em>Jugoslavija: razaranje i njegovi tuma\u010di<\/em> (2011), kao i <em>Ideologije jugoslovenstva izme\u0111u srpskog i hrvatskog nacionalizma 1918-1941<\/em> (2004). Uz pomenuto, objavio je i tridesetak kra\u0107ih studija na srpskom, engleskom i nema\u010dkom jeziku u nau\u010dnoj periodici i zbornicima nau\u010dnih radova.<br \/>\nZainteresovan je za istorijsku sociologiju politike i sociologiju saznanja, a posebno za analizu i kritiku ideologija, teorije nacije i nacionalizma, biv\u0161u Jugoslaviju i njene dr\u017eave-naslednice.<\/p>\n<p>&nbsp;<\/p>\n<p>Prelistaj knjigu:<\/p>\n<p><a href=\"http:\/\/clio.rs\/Files\/13705\/Evropska-krajnja-desnica-PRELOM2-1-32.pdf\">http:\/\/clio.rs\/Files\/13705\/Evropska-krajnja-desnica-PRELOM2-1-32.pdf<\/a><\/p>\n<p>&nbsp;<\/p>\n<p>Izvor:<\/p>\n<p>&nbsp;<\/p>\n<p><a href=\"http:\/\/clio.rs\/Nova-knjiga-Jova-Bakica-uskoro-u-knjizarama_Vest_132368\">http:\/\/clio.rs\/Nova-knjiga-Jova-Bakica-uskoro-u-knjizarama_Vest_132368<\/a><\/p>\n<p>&nbsp;<\/p>\n<p><a href=\"http:\/\/clio.rs\/EVROPSKA-KRAJNJA-DESNICA-1945-2018._Knjiga_132357\">http:\/\/clio.rs\/EVROPSKA-KRAJNJA-DESNICA-1945-2018._Knjiga_132357<\/a><\/p>\n<p>&nbsp;<\/p>\n<p>&nbsp;<\/p>\n","protected":false},"excerpt":{"rendered":"","protected":false},"author":2,"featured_media":14809,"comment_status":"open","ping_status":"open","sticky":false,"template":"","format":"standard","meta":{"_acf_changed":false,"jetpack_post_was_ever_published":false,"_jetpack_newsletter_access":"","_jetpack_dont_email_post_to_subs":false,"_jetpack_newsletter_tier_id":0,"_jetpack_memberships_contains_paywalled_content":false,"_jetpack_memberships_contains_paid_content":false,"footnotes":"","jetpack_publicize_message":"","jetpack_publicize_feature_enabled":true,"jetpack_social_post_already_shared":true,"jetpack_social_options":{"image_generator_settings":{"template":"highway","default_image_id":0,"font":"","enabled":false},"version":2}},"categories":[8,3],"tags":[],"class_list":["post-14808","post","type-post","status-publish","format-standard","has-post-thumbnail","hentry","category-knjige","category-novosti"],"acf":{"facebook_opis":""},"jetpack_publicize_connections":[],"jetpack_featured_media_url":"https:\/\/i0.wp.com\/historiografija.hr\/wp-content\/uploads\/2019\/05\/EVROPSKA-KRAJNJA-DESNICA-1945-2018.jpg?fit=1876%2C2682&ssl=1","jetpack_sharing_enabled":true,"jetpack-related-posts":[{"id":52631,"url":"https:\/\/historiografija.hr\/?p=52631","url_meta":{"origin":14808,"position":0},"title":"Predavanje Ivana Tepe\u0161a: Djelovanje hrvatske politi\u010dke emigracije","author":"Branimir Jankovi\u0107","date":"23. travnja 2026.","format":false,"excerpt":"Odjel za me\u0111unarodnu suradnju i iseljeni\u0161tvo Matice hrvatske Predavanje Ivana Tepe\u0161a: Djelovanje hrvatske politi\u010dke emigracije Utorak, 28. travnja 2026. u 18:00 sati, Dvorana Ljudevita Jonkea (Mala dvorana MH), Strossmayerov trg 4, Zagreb dr. sc. Ivan Tepe\u0161, Institut za istra\u017eivanje migracija Hrvatska politi\u010dka emigracija obilje\u017eila je polustoljetnu hrvatsku povijest u drugoj\u2026","rel":"","context":"U &quot;Novosti&quot;","block_context":{"text":"Novosti","link":"https:\/\/historiografija.hr\/?cat=3"},"img":{"alt_text":"","src":"","width":0,"height":0},"classes":[]},{"id":52148,"url":"https:\/\/historiografija.hr\/?p=52148","url_meta":{"origin":14808,"position":1},"title":"Poziv za prijavu na me\u0111unarodnu znanstvenu konferenciju \u201eGranice (ne)slobode: Zadarski krug 1966. Intelektualna opozicija u totalitarnom dru\u0161tvu\u201c","author":"Branimir Jankovi\u0107","date":"27. o\u017eujka 2026.","format":false,"excerpt":"\u00a0\u00a0\u00a0\u00a0 Povodom \u0161ezdesete obljetnice poku\u0161aja osnivanja \u010dasopisa Slobodan glas u Zadru 1966. godine, pozivamo vas na znanstvenu konferenciju posve\u0107enu istra\u017eivanju disidentstva, intelektualne opozicije i granica divergentnog mi\u0161ljenja nasuprot slu\u017ebenoj ideologiji u komunisti\u010dkoj Jugoslaviji. Ideja konferencije je analizirati konkretan fenomen zadarskog slu\u010daja razloge i okolnosti njegove pojave, ali uz otvaranje komparativnih\u2026","rel":"","context":"U &quot;Novosti&quot;","block_context":{"text":"Novosti","link":"https:\/\/historiografija.hr\/?cat=3"},"img":{"alt_text":"","src":"https:\/\/i0.wp.com\/historiografija.hr\/wp-content\/uploads\/2026\/03\/Poziv-konferencija-Zadar.jpg?fit=1200%2C509&ssl=1&resize=350%2C200","width":350,"height":200,"srcset":"https:\/\/i0.wp.com\/historiografija.hr\/wp-content\/uploads\/2026\/03\/Poziv-konferencija-Zadar.jpg?fit=1200%2C509&ssl=1&resize=350%2C200 1x, https:\/\/i0.wp.com\/historiografija.hr\/wp-content\/uploads\/2026\/03\/Poziv-konferencija-Zadar.jpg?fit=1200%2C509&ssl=1&resize=525%2C300 1.5x, https:\/\/i0.wp.com\/historiografija.hr\/wp-content\/uploads\/2026\/03\/Poziv-konferencija-Zadar.jpg?fit=1200%2C509&ssl=1&resize=700%2C400 2x, https:\/\/i0.wp.com\/historiografija.hr\/wp-content\/uploads\/2026\/03\/Poziv-konferencija-Zadar.jpg?fit=1200%2C509&ssl=1&resize=1050%2C600 3x"},"classes":[]},{"id":52613,"url":"https:\/\/historiografija.hr\/?p=52613","url_meta":{"origin":14808,"position":2},"title":"No\u0107 knjige u Hrvatskom dr\u017eavnom arhivu","author":"Branimir Jankovi\u0107","date":"22. travnja 2026.","format":false,"excerpt":"Predstavljanje knjige Rajke Bu\u0107in \u201dLije\u010denje i zbrinjavanje \u017didova u Bolnici sestara milosrdnica u Zagrebu 1941. \u2013 1945.\u201d u \u010detvrtak, 23. travnja 2026. u 13 sati u Hrvatskom dr\u017eavnom arhivu u Zagrebu. Izvor: https:\/\/www.arhiv.hr\/hr-hr\/Kulturno-prosvjetne-aktivnosti\/ArticleId\/1986\/oamid\/1633","rel":"","context":"U &quot;Novosti&quot;","block_context":{"text":"Novosti","link":"https:\/\/historiografija.hr\/?cat=3"},"img":{"alt_text":"","src":"https:\/\/i0.wp.com\/historiografija.hr\/wp-content\/uploads\/2026\/04\/noc_knjige_2026.jpg?fit=680%2C276&ssl=1&resize=350%2C200","width":350,"height":200,"srcset":"https:\/\/i0.wp.com\/historiografija.hr\/wp-content\/uploads\/2026\/04\/noc_knjige_2026.jpg?fit=680%2C276&ssl=1&resize=350%2C200 1x, https:\/\/i0.wp.com\/historiografija.hr\/wp-content\/uploads\/2026\/04\/noc_knjige_2026.jpg?fit=680%2C276&ssl=1&resize=525%2C300 1.5x"},"classes":[]},{"id":52505,"url":"https:\/\/historiografija.hr\/?p=52505","url_meta":{"origin":14808,"position":3},"title":"Izlo\u017eba &#8220;Eschenstock \/ Jasenov prut&#8221;","author":"Branimir Jankovi\u0107","date":"17. travnja 2026.","format":false,"excerpt":"Srpsko narodno vije\u0107e (SNV) i Vizura aperta postavljaju izlo\u017ebu \u0161vicarskog slikara Velimira Ili\u0161evi\u0107a: Eschenstock \/ Jasenov prut. Izlo\u017eba se uz prisustvo autora otvara povodom 81. godi\u0161njice proboja logora\u0161a iz usta\u0161kog logora smrti Jasenovac 22. aprila 2026. u 19 sati u Srpskom kulturnom centru (SKC) u Preradovi\u0107evoj ulici 21 u Zagrebu.\u2026","rel":"","context":"U &quot;Izlo\u017ebe&quot;","block_context":{"text":"Izlo\u017ebe","link":"https:\/\/historiografija.hr\/?cat=10"},"img":{"alt_text":"","src":"https:\/\/i0.wp.com\/historiografija.hr\/wp-content\/uploads\/2026\/04\/Jasenov_prut.jpg?fit=1024%2C640&ssl=1&resize=350%2C200","width":350,"height":200,"srcset":"https:\/\/i0.wp.com\/historiografija.hr\/wp-content\/uploads\/2026\/04\/Jasenov_prut.jpg?fit=1024%2C640&ssl=1&resize=350%2C200 1x, https:\/\/i0.wp.com\/historiografija.hr\/wp-content\/uploads\/2026\/04\/Jasenov_prut.jpg?fit=1024%2C640&ssl=1&resize=525%2C300 1.5x, https:\/\/i0.wp.com\/historiografija.hr\/wp-content\/uploads\/2026\/04\/Jasenov_prut.jpg?fit=1024%2C640&ssl=1&resize=700%2C400 2x"},"classes":[]},{"id":52628,"url":"https:\/\/historiografija.hr\/?p=52628","url_meta":{"origin":14808,"position":4},"title":"Predavanje dopisnog \u010dlana HAZU Alaina Finkielkrauta Izrael, Europa, antisemitizam","author":"Branimir Jankovi\u0107","date":"23. travnja 2026.","format":false,"excerpt":"Francuski filozof Alain Finkielkraut, redoviti \u010dlan Francuske akademije i dopisni \u010dlan HAZU, odr\u017eat \u0107e predavanje\u00a0Izrael, Europa, antisemitizam u utorak 28. travnja 2026. u 13 sati u Knji\u017enici HAZU,\u00a0Strossmayerov trg 14 u Zagrebu. Uvodne rije\u010di odr\u017eat \u0107e\u00a0akademkinja \u017deljka \u010corak i\u00a0akademik Dra\u017een Katunari\u0107. Predavanje \u0107e se odr\u017eati na francuskom jeziku uz konsekutivno\u2026","rel":"","context":"U &quot;Novosti&quot;","block_context":{"text":"Novosti","link":"https:\/\/historiografija.hr\/?cat=3"},"img":{"alt_text":"","src":"https:\/\/i0.wp.com\/historiografija.hr\/wp-content\/uploads\/2026\/04\/Alain_Finkielkraut.jpg?fit=350%2C407&ssl=1&resize=350%2C200","width":350,"height":200},"classes":[]},{"id":52569,"url":"https:\/\/historiografija.hr\/?p=52569","url_meta":{"origin":14808,"position":5},"title":"[Predavanje] Ne \u010dekaju\u0107i inspiraciju \u2013 anga\u017eovane intelektualne, kulturalne i umetni\u010dke prakse u me\u0111uratnom periodu: teorija i praksa kriti\u010dke levice u jugoslovenskoj kulturi (YugoLab)","author":"Branimir Jankovi\u0107","date":"21. travnja 2026.","format":false,"excerpt":"U vreme agresivnog ja\u010danja globalne desnice, (pro)fa\u0161isti\u010dkih, rasisti\u010dkih i imperijalisti\u010dkih politika, dok je istovremeno globalna levica izrazito slaba, a progresivni pokreti atomizirani i fragmentisani, va\u017eno je iz savremene perspektive vratiti se revolucionarnim i emancipatorskim zbivanjima u jugoslovenskom (ali i s njima u vezi internacionalnim de\u0161avanjima), kao i dru\u0161tvenoj ulozi kulturalnih\u2026","rel":"","context":"U &quot;Novosti&quot;","block_context":{"text":"Novosti","link":"https:\/\/historiografija.hr\/?cat=3"},"img":{"alt_text":"","src":"","width":0,"height":0},"classes":[]}],"_links":{"self":[{"href":"https:\/\/historiografija.hr\/index.php?rest_route=\/wp\/v2\/posts\/14808","targetHints":{"allow":["GET"]}}],"collection":[{"href":"https:\/\/historiografija.hr\/index.php?rest_route=\/wp\/v2\/posts"}],"about":[{"href":"https:\/\/historiografija.hr\/index.php?rest_route=\/wp\/v2\/types\/post"}],"author":[{"embeddable":true,"href":"https:\/\/historiografija.hr\/index.php?rest_route=\/wp\/v2\/users\/2"}],"replies":[{"embeddable":true,"href":"https:\/\/historiografija.hr\/index.php?rest_route=%2Fwp%2Fv2%2Fcomments&post=14808"}],"version-history":[{"count":1,"href":"https:\/\/historiografija.hr\/index.php?rest_route=\/wp\/v2\/posts\/14808\/revisions"}],"predecessor-version":[{"id":14810,"href":"https:\/\/historiografija.hr\/index.php?rest_route=\/wp\/v2\/posts\/14808\/revisions\/14810"}],"wp:featuredmedia":[{"embeddable":true,"href":"https:\/\/historiografija.hr\/index.php?rest_route=\/wp\/v2\/media\/14809"}],"wp:attachment":[{"href":"https:\/\/historiografija.hr\/index.php?rest_route=%2Fwp%2Fv2%2Fmedia&parent=14808"}],"wp:term":[{"taxonomy":"category","embeddable":true,"href":"https:\/\/historiografija.hr\/index.php?rest_route=%2Fwp%2Fv2%2Fcategories&post=14808"},{"taxonomy":"post_tag","embeddable":true,"href":"https:\/\/historiografija.hr\/index.php?rest_route=%2Fwp%2Fv2%2Ftags&post=14808"}],"curies":[{"name":"wp","href":"https:\/\/api.w.org\/{rel}","templated":true}]}}