{"id":14788,"date":"2019-05-10T09:36:12","date_gmt":"2019-05-10T09:36:12","guid":{"rendered":"http:\/\/historiografija.hr\/?p=14788"},"modified":"2019-05-10T09:37:46","modified_gmt":"2019-05-10T09:37:46","slug":"suvremena-historiografija-i-teorija-i-metodologija-historije-na-festivalu-povijesti-kliofest-2019","status":"publish","type":"post","link":"https:\/\/historiografija.hr\/?p=14788","title":{"rendered":"Suvremena historiografija i teorija i metodologija historije na Festivalu povijesti \u2013 Kliofest 2019."},"content":{"rendered":"<p>Na Festivalu povijesti \u2013 Kliofest 2019. bit \u0107e nekoliko predstavljanja knjiga koje tematiziraju suvremenu historiografiju, razli\u010dite historijske poddiscipline i pristupe, kao i teoriju i metodologiju historije te teoriju op\u0107enito. Pozivamo vas na tematski teorijski obilazak Kliofesta!<\/p>\n<p><strong>\u00a0<\/strong><\/p>\n<p><strong>Utorak, 14. svibnja 2019.<\/strong><\/p>\n<p>&nbsp;<\/p>\n<p>Nacionalna i sveu\u010dili\u0161na knji\u017enica<\/p>\n<p>&nbsp;<\/p>\n<p>POZORNICA I.<\/p>\n<p>&nbsp;<\/p>\n<p>16.00-16.45 Predstavljanje knjige <strong>\u010covjek i prostor, \u010dovjek u okoli\u0161u<\/strong>, Meridijani<\/p>\n<p>Sudjeluju: Drago Roksandi\u0107, Miroslav Berto\u0161a, Branimir Brgles, Hrvoje Petri\u0107<\/p>\n<p>&nbsp;<\/p>\n<p>POZORNICA II.<\/p>\n<p>&nbsp;<\/p>\n<p>16.00-16.45 Predstavljanje knjige Mary Beard <strong>SPQR \u2013 Povijest starog Rima<\/strong>, \u0160kolska knjiga<\/p>\n<p>Sudjeluju: Alka Domi\u0107 Kuni\u0107, Bruna Kunti\u0107-Makvi\u0107, Deniver Vukeli\u0107<\/p>\n<p>&nbsp;<\/p>\n<p>18.00-18.45 Predstavljanje projekta Gladijadori \/ Culsperience: <strong>povijest svakodnevice<\/strong> kao faktor odr\u017eivog turizma<\/p>\n<p>Sudjeluju: Lucija Bak\u0161i\u0107, Jelena Kulu\u0161i\u0107, Luka Jakop\u010di\u0107, Zoran Turk<\/p>\n<p>&nbsp;<\/p>\n<p><strong>Srijeda, 15. svibnja 2019.<\/strong><\/p>\n<p>&nbsp;<\/p>\n<p>Nacionalna i sveu\u010dili\u0161na knji\u017enica<\/p>\n<p>&nbsp;<\/p>\n<p>POZORNICA I.<\/p>\n<p>&nbsp;<\/p>\n<p>15.00-15.45 Predstavljanje knjige <strong>Kako je nastala slovenska nacija<\/strong>, Srednja Europa<\/p>\n<p>Sudjeluju: Jernej Kosi, Anita Peti-Stanti\u0107, Rok Stergar, Nikola Toma\u0161egovi\u0107<\/p>\n<p>&nbsp;<\/p>\n<p>16.00-16.45 Predstavljanje zbornika radova <strong>Jugoslavija u historiografskim ogledalima<\/strong> i <strong>Na margini povijesti <\/strong>te knjige Raifa Dizdarevi\u0107a Sudbonosni podvig Jugoslavije, Udru\u017eenje za modernu historiju iz Sarajeva<\/p>\n<p>Sudjeluju: Husnija Kamberovi\u0107, Lucija Bak\u0161i\u0107, Dea Mari\u0107<\/p>\n<p>&nbsp;<\/p>\n<p>POZORNICA II.<\/p>\n<p>&nbsp;<\/p>\n<p>15.00-15.45 Predstavljanje knjige <strong>Nasilje kao generativna sila. Identitet, nacionalizam i sje\u0107anje u jednoj balkanskoj zajednici<\/strong>, Buybook<\/p>\n<p>Sudjeluju: Max Bergholz, Nikica Bari\u0107, Lada Jurkovi\u0107, Milan Radanovi\u0107<\/p>\n<p>&nbsp;<\/p>\n<p>16.00-16.45 Predstavljanje knjige <strong>Drugi svjetski rat u hrvatskoj i srpskoj prozi (1945-2015)<\/strong>, Hrvatska sveu\u010dili\u0161na naklada i Zavod za znanost o knji\u017eevnosti Filozofskog fakulteta u Zagrebu<\/p>\n<p>Sudjeluju: Tomislav Brlek, Branimir Jankovi\u0107, Danijela Lugari\u0107<\/p>\n<p>&nbsp;<\/p>\n<p><strong>\u010cetvrtak, 16. svibnja<\/strong><\/p>\n<p>&nbsp;<\/p>\n<p>Nacionalna i sveu\u010dili\u0161na knji\u017enica<\/p>\n<p>&nbsp;<\/p>\n<p>POZORNICA I.<\/p>\n<p>&nbsp;<\/p>\n<p>11.00-11.45 Predstavljanje knjige <strong>Historiografija u tranziciji<\/strong>, SKD Prosvjeta<\/p>\n<p>Sudjeluju: Drago Roksandi\u0107, Damir Agi\u010di\u0107, Michael Antolovi\u0107, Branimir Jankovi\u0107<\/p>\n<p>&nbsp;<\/p>\n<p>13.00-14.00 Predstavljanje DAAD projekta i knjige <strong>Reprezentacije socijalisti\u010dke Jugoslavije: preispitivanja i perspektive<\/strong><\/p>\n<p>Sudjeluju: Branimir Jankovi\u0107, Hannes Grandits, Husnija Kamberovi\u0107, Ru\u017ea Fotiadis, Vladimir Ivanovi\u0107<\/p>\n<p>&nbsp;<\/p>\n<p>POZORNICA II.<\/p>\n<p>&nbsp;<\/p>\n<p>13.00-13.45 Predstavljanje projekta HRZZ-a Europski korijeni moderne Hrvatske: <strong>transfer ideja<\/strong> na politi\u010dkom i kulturnom polju u 18. i 19. stolje\u0107u<\/p>\n<p>Sudjeluju: Vlasta \u0160voger, Teodora Shek Brnardi\u0107, Branko Ostajmer, Zrinko Novosel<\/p>\n<p>&nbsp;<\/p>\n<p>17.00-17.45 Predstavljanje knjige Georga Iggersa <strong>Od istorizma do postmodernizma<\/strong>, Akademska knjiga<\/p>\n<p>Sudjeluju: Michael Antolovi\u0107, Branimir Jankovi\u0107, Filip \u0160imetin \u0160egvi\u0107<\/p>\n<p>&nbsp;<\/p>\n<p><strong>Petak, 17. svibnja<\/strong><\/p>\n<p>&nbsp;<\/p>\n<p>Nacionalna i sveu\u010dili\u0161na knji\u017enica<\/p>\n<p>&nbsp;<\/p>\n<p>POZORNICA II.<\/p>\n<p>&nbsp;<\/p>\n<p>14.00-14.45 Predstavljanje knjiga <strong>Sveu\u010dili\u0161na nastava povijesti u Hrvatskoj<\/strong> i Prilozi povijesti psihologije u Hrvatskoj, FF Press<\/p>\n<p>Sudjeluju: Boris Bui, Damir Agi\u010di\u0107, Vladimir Kolesari\u0107, Petar Plasti\u0107<\/p>\n<p>&nbsp;<\/p>\n<p><strong>Kliofest 2019 \u2013 program<\/strong><\/p>\n<p>&nbsp;<\/p>\n<p><a href=\"https:\/\/www.facebook.com\/kliofest\/\">https:\/\/www.facebook.com\/kliofest\/<\/a><\/p>\n<p>&nbsp;<\/p>\n<p><a href=\"http:\/\/www.kliofest.org\/\">http:\/\/www.kliofest.org\/<\/a><\/p>\n<p>&nbsp;<\/p>\n<p>&nbsp;<\/p>\n","protected":false},"excerpt":{"rendered":"","protected":false},"author":2,"featured_media":14681,"comment_status":"open","ping_status":"open","sticky":false,"template":"","format":"standard","meta":{"_acf_changed":false,"jetpack_post_was_ever_published":false,"_jetpack_newsletter_access":"","_jetpack_dont_email_post_to_subs":false,"_jetpack_newsletter_tier_id":0,"_jetpack_memberships_contains_paywalled_content":false,"_jetpack_memberships_contains_paid_content":false,"footnotes":"","jetpack_publicize_message":"","jetpack_publicize_feature_enabled":true,"jetpack_social_post_already_shared":true,"jetpack_social_options":{"image_generator_settings":{"template":"highway","default_image_id":0,"font":"","enabled":false},"version":2}},"categories":[3],"tags":[],"class_list":["post-14788","post","type-post","status-publish","format-standard","has-post-thumbnail","hentry","category-novosti"],"acf":{"facebook_opis":""},"jetpack_publicize_connections":[],"jetpack_featured_media_url":"https:\/\/i0.wp.com\/historiografija.hr\/wp-content\/uploads\/2019\/05\/Kliofest2019_banner_new.png?fit=1352%2C309&ssl=1","jetpack_sharing_enabled":true,"jetpack-related-posts":[{"id":52746,"url":"https:\/\/historiografija.hr\/?p=52746","url_meta":{"origin":14788,"position":0},"title":"Predstavljanje djelatnosti povjesni\u010dara: \u201ePisma kao izvor za povijest 18.stolje\u0107a \u2013 iskustva rada na HRZZ projektu LIGHT\u201c","author":"Filip \u0160imunjak","date":"30. travnja 2026.","format":false,"excerpt":"Predstavljanje djelatnosti povjesni\u010dara: \u201ePisma kao izvor za povijest 18. stolje\u0107a \u2013 iskustva rada na HRZZ projektu LIGHT\u201c odr\u017eat \u0107e se u sklopu ovogodi\u0161njega Festivala povijesti Kliofest u Nacionalnoj i sveu\u010dili\u0161noj knji\u017enici u Zagrebu, u utorak 5. svibnja, s po\u010detkom u 16 sati. Sudjeluju: Teodora Shek Brnardi\u0107, Marta Jurkovi\u0107, Matea Maru\u0161i\u0107,\u2026","rel":"","context":"U &quot;Novosti&quot;","block_context":{"text":"Novosti","link":"https:\/\/historiografija.hr\/?cat=3"},"img":{"alt_text":"","src":"https:\/\/i0.wp.com\/historiografija.hr\/wp-content\/uploads\/2026\/04\/Kliofest-01-utorak-I-03-PDP-Pisma-kao-izvor.jpg?fit=1200%2C566&ssl=1&resize=350%2C200","width":350,"height":200,"srcset":"https:\/\/i0.wp.com\/historiografija.hr\/wp-content\/uploads\/2026\/04\/Kliofest-01-utorak-I-03-PDP-Pisma-kao-izvor.jpg?fit=1200%2C566&ssl=1&resize=350%2C200 1x, https:\/\/i0.wp.com\/historiografija.hr\/wp-content\/uploads\/2026\/04\/Kliofest-01-utorak-I-03-PDP-Pisma-kao-izvor.jpg?fit=1200%2C566&ssl=1&resize=525%2C300 1.5x, https:\/\/i0.wp.com\/historiografija.hr\/wp-content\/uploads\/2026\/04\/Kliofest-01-utorak-I-03-PDP-Pisma-kao-izvor.jpg?fit=1200%2C566&ssl=1&resize=700%2C400 2x, https:\/\/i0.wp.com\/historiografija.hr\/wp-content\/uploads\/2026\/04\/Kliofest-01-utorak-I-03-PDP-Pisma-kao-izvor.jpg?fit=1200%2C566&ssl=1&resize=1050%2C600 3x"},"classes":[]},{"id":52704,"url":"https:\/\/historiografija.hr\/?p=52704","url_meta":{"origin":14788,"position":1},"title":"Predstavljanje knjige &#8220;Vladimir Vasiljevi\u0107: Moji do\u017eivljaji. Dnevni\u010dki zapisi iz Prvoga svjetskog rata i poratnoga vremena&#8221;","author":"Filip \u0160imunjak","date":"29. travnja 2026.","format":false,"excerpt":"Doga\u0111anja ovogodi\u0161njega Festivala povijesti Kliofest zapo\u010dinjemo ve\u0107 i prije samoga slu\u017ebenog otvaranja, predstavljanjem knjige \u201eMoji do\u017eivljaji. Dnevni\u010dki zapisi iz Prvoga svjetskog rata i poratnoga vremena\u201d Vladimira Vasiljevi\u0107a, koju su priredili Karlo Rukavina i Damir Agi\u010di\u0107. Pozivamo Vas na predstavljanje koje \u0107e se odr\u017eati u ponedjeljak 4. svibnja, s po\u010detkom u\u2026","rel":"","context":"U &quot;Knjige&quot;","block_context":{"text":"Knjige","link":"https:\/\/historiografija.hr\/?cat=8"},"img":{"alt_text":"","src":"https:\/\/i0.wp.com\/historiografija.hr\/wp-content\/uploads\/2026\/04\/Naslovna-V.-Vasiljevic.webp?fit=1200%2C600&ssl=1&resize=350%2C200","width":350,"height":200,"srcset":"https:\/\/i0.wp.com\/historiografija.hr\/wp-content\/uploads\/2026\/04\/Naslovna-V.-Vasiljevic.webp?fit=1200%2C600&ssl=1&resize=350%2C200 1x, https:\/\/i0.wp.com\/historiografija.hr\/wp-content\/uploads\/2026\/04\/Naslovna-V.-Vasiljevic.webp?fit=1200%2C600&ssl=1&resize=525%2C300 1.5x, https:\/\/i0.wp.com\/historiografija.hr\/wp-content\/uploads\/2026\/04\/Naslovna-V.-Vasiljevic.webp?fit=1200%2C600&ssl=1&resize=700%2C400 2x, https:\/\/i0.wp.com\/historiografija.hr\/wp-content\/uploads\/2026\/04\/Naslovna-V.-Vasiljevic.webp?fit=1200%2C600&ssl=1&resize=1050%2C600 3x"},"classes":[]},{"id":52666,"url":"https:\/\/historiografija.hr\/?p=52666","url_meta":{"origin":14788,"position":2},"title":"Najava programa Festivala povijesti Kliofest (5-8. V. 2026)","author":"Branimir Jankovi\u0107","date":"24. travnja 2026.","format":false,"excerpt":"Po trinaesti put odr\u017eava se Festival povijesti Kliofest! Do petka \u0107emo odr\u017eati osam okruglih stolova i dva kolokvija te niz predstavljanja knjiga i projekata razli\u010dite tematike, od antike do suvremenosti. Bit \u0107e predstavljeno i nekoliko izlo\u017ebi te odr\u017ean jedan povijesni kviz. Prikazat \u0107emo i jedan film \u2013 o generalu Boroevi\u0107u.\u2026","rel":"","context":"U &quot;Novosti&quot;","block_context":{"text":"Novosti","link":"https:\/\/historiografija.hr\/?cat=3"},"img":{"alt_text":"","src":"https:\/\/i0.wp.com\/historiografija.hr\/wp-content\/uploads\/2026\/04\/Kliofest-2026.jpg?fit=526%2C526&ssl=1&resize=350%2C200","width":350,"height":200,"srcset":"https:\/\/i0.wp.com\/historiografija.hr\/wp-content\/uploads\/2026\/04\/Kliofest-2026.jpg?fit=526%2C526&ssl=1&resize=350%2C200 1x, https:\/\/i0.wp.com\/historiografija.hr\/wp-content\/uploads\/2026\/04\/Kliofest-2026.jpg?fit=526%2C526&ssl=1&resize=525%2C300 1.5x"},"classes":[]},{"id":52520,"url":"https:\/\/historiografija.hr\/?p=52520","url_meta":{"origin":14788,"position":3},"title":"Predstavljanje knjige &#8220;Socialist Economics in Yugoslavia: A Critical History&#8221; u Zagrebu","author":"Branimir Jankovi\u0107","date":"17. travnja 2026.","format":false,"excerpt":"Pozivamo vas na predstavljanje knjige \"Socialist Economics in Yugoslavia: A Critical History\", autora Mislava \u00a0\u017ditka i Marka Grde\u0161i\u0107a (Routledge, 2026). Na predstavljanju \u0107e govoriti Branko Milanovi\u0107 (CUNY), Milica Uvali\u0107 (EUI), Zdravko Petak (FPZG) te autori.\u00a0 Predstavljanje \u0107e se odr\u017eati u srijedu 22. travnja u 16:00 sati na Fakultetu politi\u010dkih znanosti\u2026","rel":"","context":"U &quot;Novosti&quot;","block_context":{"text":"Novosti","link":"https:\/\/historiografija.hr\/?cat=3"},"img":{"alt_text":"","src":"https:\/\/i0.wp.com\/historiografija.hr\/wp-content\/uploads\/2026\/04\/Poziv-na-predstavljanje.png?fit=800%2C652&ssl=1&resize=350%2C200","width":350,"height":200,"srcset":"https:\/\/i0.wp.com\/historiografija.hr\/wp-content\/uploads\/2026\/04\/Poziv-na-predstavljanje.png?fit=800%2C652&ssl=1&resize=350%2C200 1x, https:\/\/i0.wp.com\/historiografija.hr\/wp-content\/uploads\/2026\/04\/Poziv-na-predstavljanje.png?fit=800%2C652&ssl=1&resize=525%2C300 1.5x, https:\/\/i0.wp.com\/historiografija.hr\/wp-content\/uploads\/2026\/04\/Poziv-na-predstavljanje.png?fit=800%2C652&ssl=1&resize=700%2C400 2x"},"classes":[]},{"id":52589,"url":"https:\/\/historiografija.hr\/?p=52589","url_meta":{"origin":14788,"position":4},"title":"Predstavljena knjiga Miomira \u017du\u017eula &#8220;Dayton: Diplomacija &#8211; druga strana rata&#8221;","author":"Branimir Jankovi\u0107","date":"22. travnja 2026.","format":false,"excerpt":"Knjiga Miomira \u017du\u017eula \u201eDayton: Diplomacija \u2013 druga strana rata\u201d predstavljena je u srijedu, 22. travnja 2026. godine u foajeu Hrvatskoga narodnog kazali\u0161ta u Zagrebu. Op\u0161irnije: https:\/\/vijesti.hrt.hr\/hrvatska\/predstavljena-knjiga-miomira-zuzula-dayton-diplomacija-druga-strana-rata-12683259 https:\/\/www.vecernji.ba\/amp\/vijesti\/zuzulova-knjiga-o-daytonu-predstavljena-u-zagrebu-diplomacija-kao-druga-strana-rata-1953700 https:\/\/www.tportal.hr\/vijesti\/clanak\/bivsi-sanaderov-ministar-odrzao-promociju-evo-tko-je-sve-dosao-na-predstavljanje-knjige-miomira-zuzula-foto-20260422 https:\/\/direktno.hr\/zivot\/kultura\/zuzul-otkrio-sve-o-drugoj-strani-rata-za-hrvatsku-se-nije-libio-povuci-nekoga-i-za-kosu-395042 https:\/\/www.24sata.hr\/news\/miomir-zuzul-predstavio-je-knjigu-o-daytonu-diplomacija-je-bila-druga-strana-rata-1123152 https:\/\/www.vecernji.hr\/kultura\/kolinda-grabar-kitarovic-otvoreno-miomir-zuzul-nije-vukao-samo-za-rukav-nego-i-za-kosu-1953722 https:\/\/www.vecernji.hr\/kultura\/i-papa-lav-xiv-eksplicitno-je-daytonski-sporazum-istaknuo-kao-primjer-uspjesna-rjesavanja-sukoba-1952215","rel":"","context":"U &quot;Novosti&quot;","block_context":{"text":"Novosti","link":"https:\/\/historiografija.hr\/?cat=3"},"img":{"alt_text":"","src":"https:\/\/i0.wp.com\/historiografija.hr\/wp-content\/uploads\/2026\/04\/Dayton.jpg?fit=1024%2C683&ssl=1&resize=350%2C200","width":350,"height":200,"srcset":"https:\/\/i0.wp.com\/historiografija.hr\/wp-content\/uploads\/2026\/04\/Dayton.jpg?fit=1024%2C683&ssl=1&resize=350%2C200 1x, https:\/\/i0.wp.com\/historiografija.hr\/wp-content\/uploads\/2026\/04\/Dayton.jpg?fit=1024%2C683&ssl=1&resize=525%2C300 1.5x, https:\/\/i0.wp.com\/historiografija.hr\/wp-content\/uploads\/2026\/04\/Dayton.jpg?fit=1024%2C683&ssl=1&resize=700%2C400 2x"},"classes":[]},{"id":52592,"url":"https:\/\/historiografija.hr\/?p=52592","url_meta":{"origin":14788,"position":5},"title":"Predstavljanje knjige &#8220;Turska ku\u0107a u Rijeci&#8221; u Zagrebu","author":"Branimir Jankovi\u0107","date":"22. travnja 2026.","format":false,"excerpt":"U prostorijama Turskog kulturnog centra Yunus Emre u Zagrebu, u utorak 21. travnja 2026. godine, odr\u017eano je sve\u010dano predstavljanje dopunjenog izdanja knjige Turska ku\u0107a u Rijeci, u organizaciji Hrvatsko-turskog dru\u0161tva Rijeka i partnerstvu sa Skupinom prijateljstva Hrvatska-Turska Hrvatskog sabora, Veleposlanstvom Republike Turske u Republici Hrvatskoj te Turskim kulturnim centrom Yunus\u2026","rel":"","context":"U &quot;Novosti&quot;","block_context":{"text":"Novosti","link":"https:\/\/historiografija.hr\/?cat=3"},"img":{"alt_text":"","src":"https:\/\/i0.wp.com\/historiografija.hr\/wp-content\/uploads\/2026\/04\/Turska-kuca-ZG.jpg?fit=1200%2C800&ssl=1&resize=350%2C200","width":350,"height":200,"srcset":"https:\/\/i0.wp.com\/historiografija.hr\/wp-content\/uploads\/2026\/04\/Turska-kuca-ZG.jpg?fit=1200%2C800&ssl=1&resize=350%2C200 1x, https:\/\/i0.wp.com\/historiografija.hr\/wp-content\/uploads\/2026\/04\/Turska-kuca-ZG.jpg?fit=1200%2C800&ssl=1&resize=525%2C300 1.5x, https:\/\/i0.wp.com\/historiografija.hr\/wp-content\/uploads\/2026\/04\/Turska-kuca-ZG.jpg?fit=1200%2C800&ssl=1&resize=700%2C400 2x, https:\/\/i0.wp.com\/historiografija.hr\/wp-content\/uploads\/2026\/04\/Turska-kuca-ZG.jpg?fit=1200%2C800&ssl=1&resize=1050%2C600 3x"},"classes":[]}],"_links":{"self":[{"href":"https:\/\/historiografija.hr\/index.php?rest_route=\/wp\/v2\/posts\/14788","targetHints":{"allow":["GET"]}}],"collection":[{"href":"https:\/\/historiografija.hr\/index.php?rest_route=\/wp\/v2\/posts"}],"about":[{"href":"https:\/\/historiografija.hr\/index.php?rest_route=\/wp\/v2\/types\/post"}],"author":[{"embeddable":true,"href":"https:\/\/historiografija.hr\/index.php?rest_route=\/wp\/v2\/users\/2"}],"replies":[{"embeddable":true,"href":"https:\/\/historiografija.hr\/index.php?rest_route=%2Fwp%2Fv2%2Fcomments&post=14788"}],"version-history":[{"count":2,"href":"https:\/\/historiografija.hr\/index.php?rest_route=\/wp\/v2\/posts\/14788\/revisions"}],"predecessor-version":[{"id":14790,"href":"https:\/\/historiografija.hr\/index.php?rest_route=\/wp\/v2\/posts\/14788\/revisions\/14790"}],"wp:featuredmedia":[{"embeddable":true,"href":"https:\/\/historiografija.hr\/index.php?rest_route=\/wp\/v2\/media\/14681"}],"wp:attachment":[{"href":"https:\/\/historiografija.hr\/index.php?rest_route=%2Fwp%2Fv2%2Fmedia&parent=14788"}],"wp:term":[{"taxonomy":"category","embeddable":true,"href":"https:\/\/historiografija.hr\/index.php?rest_route=%2Fwp%2Fv2%2Fcategories&post=14788"},{"taxonomy":"post_tag","embeddable":true,"href":"https:\/\/historiografija.hr\/index.php?rest_route=%2Fwp%2Fv2%2Ftags&post=14788"}],"curies":[{"name":"wp","href":"https:\/\/api.w.org\/{rel}","templated":true}]}}