{"id":14732,"date":"2019-05-08T16:13:02","date_gmt":"2019-05-08T16:13:02","guid":{"rendered":"http:\/\/historiografija.hr\/?p=14732"},"modified":"2019-05-08T16:13:02","modified_gmt":"2019-05-08T16:13:02","slug":"deveti-festival-hrvatskih-digitalizacijskih-projekata","status":"publish","type":"post","link":"https:\/\/historiografija.hr\/?p=14732","title":{"rendered":"Deveti festival hrvatskih digitalizacijskih projekata"},"content":{"rendered":"<p>Deveti festival hrvatskih digitalizacijskih projekata \u2013 s nizom izlaganja povijesne tematike \u2013 odr\u017eat \u0107e se u Nacionalnoj i sveu\u010dili\u0161noj knji\u017enici u Zagrebu 9. i 10. svibnja 2019. godine.<\/p>\n<p>&nbsp;<\/p>\n<p><strong>PROGRAM<\/strong><\/p>\n<p>&nbsp;<\/p>\n<p>Nacionalna i sveu\u010dili\u0161na knji\u017enica u Zagrebu<\/p>\n<p>Predvorje<\/p>\n<p>&nbsp;<\/p>\n<p><strong>\u010cetvrtak, 9. svibnja 2019.<\/strong><\/p>\n<p>&nbsp;<\/p>\n<p>09:00 \u2013 10:00<\/p>\n<p>Prijava sudionika<\/p>\n<p>&nbsp;<\/p>\n<p>10:00 \u2013 10:15<\/p>\n<p>Otvaranje Festivala i pozdravni govori<\/p>\n<p>&nbsp;<\/p>\n<p>10:15 \u2013 11:30<\/p>\n<p>Jelena Bili\u0107 (Ministarstvo kulture Republike Hrvatske):<\/p>\n<p>Nacionalni plan digitalizacije kulturne ba\u0161tine 2025.<\/p>\n<p>&nbsp;<\/p>\n<p>Darko Babi\u0107 (Filozofski fakultet Sveu\u010dili\u0161ta u Zagrebu):<\/p>\n<p>Interpretacije ba\u0161tine: ishodi\u0161ta, smisao, primjena<\/p>\n<p>&nbsp;<\/p>\n<p>Mirna Dra\u017eenovi\u0107, Iva Klari\u0107 Vujovi\u0107 (MUZE):<\/p>\n<p>Duh mjesta i interpretacija ba\u0161tine: mozaik primjera iz prakse<\/p>\n<p>&nbsp;<\/p>\n<p>11:30 \u2013 12:00<\/p>\n<p>Stanka za kavu<\/p>\n<p>&nbsp;<\/p>\n<p>12:00 \u2013 13:30<\/p>\n<p>Barbara Lovrini\u0107 (Institut za razvoj i me\u0111unarodne odnose u Zagrebu):<\/p>\n<p>Procesi digitalizacije kulture i umjetnosti u Hrvatskoj: razvoj, stanje, perspektive<\/p>\n<p>&nbsp;<\/p>\n<p>Renata Petru\u0161i\u0107 (Nacionalna i sveu\u010dili\u0161na knji\u017enica u Zagrebu):<\/p>\n<p>Direktiva o autorskom pravu na jedinstvenom digitalnom tr\u017ei\u0161tu: novosti za ba\u0161tinske ustanove<\/p>\n<p>&nbsp;<\/p>\n<p>Jasenka Ferber Bogdan (Hrvatska akademija znanosti i umjetnosti, Arhiv za likovne umjetnosti):<\/p>\n<p>Digitalna zbirka Hrvatske akademije znanosti i umjetnosti (DiZbi HAZU) \u2013 10 godina kasnije<\/p>\n<p>&nbsp;<\/p>\n<p>Anu\u0161ka Deranja Crnoki\u0107, Marija Jeni\u0107 Pugelnik (Ministarstvo kulture, Uprava za za\u0161titu kulturne ba\u0161tine, Slu\u017eba za dokumentaciju i registar kulturnih dobara):<\/p>\n<p>Zbirke fotografske dokumentacije Uprave za za\u0161titu kulturne ba\u0161tine Ministarstva kulture \u2013 od analognog do digitalnog<\/p>\n<p>&nbsp;<\/p>\n<p>13:30 \u2013 14:30<\/p>\n<p>Stanka za ru\u010dak<\/p>\n<p>&nbsp;<\/p>\n<p>14:30 \u2013 15:00<\/p>\n<p>Predstavljanje izlaganja na posteru<\/p>\n<p>&nbsp;<\/p>\n<p>15:00 \u2013 16:30<\/p>\n<p>Marijana \u0160poljari\u0107 Kizivat (Gradska i sveu\u010dili\u0161na knji\u017enica Osijek):<\/p>\n<p>Razumijevanje legata u kontekstu digitalne humanistike<\/p>\n<p>&nbsp;<\/p>\n<p>Snje\u017eana Radovanlija Mileusni\u0107 (Muzejski dokumentacijski centar):<\/p>\n<p>Knji\u017eevna ba\u0161tina u muzejima<\/p>\n<p>&nbsp;<\/p>\n<p>Sanda Ko\u010devar, Goran Zlodi (Gradski muzej Karlovac; Filozofski fakultet Sveu\u010dili\u0161ta u Zagrebu):<\/p>\n<p>Digitalizacija knjiga iz Zbirke dokumentarne gra\u0111e Povijesnog odjela Gradskog muzeja Karlovac<\/p>\n<p>&nbsp;<\/p>\n<p>Ana \u0160kvari\u0107 (Muzej grada Koprivnice):<\/p>\n<p>Digitalna ba\u0161tina Muzeja grada Koprivnice<\/p>\n<p>&nbsp;<\/p>\n<p><strong>Petak, 10. svibnja 2019.<\/strong><\/p>\n<p>&nbsp;<\/p>\n<p>09:00 \u2013 10:00<\/p>\n<p>Obilazak Nacionalne i sveu\u010dili\u0161ne knji\u017enice u Zagrebu<\/p>\n<p>&nbsp;<\/p>\n<p>09:30 \u2013 10:00<\/p>\n<p>Prijava sudionika<\/p>\n<p>&nbsp;<\/p>\n<p>10:00 \u2013 11:30<\/p>\n<p>Marko Ore\u0161kovi\u0107 (Nacionalna i sveu\u010dili\u0161na knji\u017enica u Zagrebu):<\/p>\n<p>Ozna\u010divanje kao temelj jezika, u\u010denja i obrade teksta<\/p>\n<p>&nbsp;<\/p>\n<p>Tomislav Ivanjko, \u017darka Vuji\u0107, Goran Zlodi (Filozofski fakultet Sveu\u010dili\u0161ta u Zagrebu):<\/p>\n<p>Zbirka dijapozitiva Maroevi\u0107: komunikacijske i obrazovne mogu\u0107nosti<\/p>\n<p>&nbsp;<\/p>\n<p>Kristijan Crnkovi\u0107, Tihomir Engler, Ivana Kne\u017eevi\u0107 Kri\u017ei\u0107, Marina Vinaj (Filozofski fakultet Sveu\u010dili\u0161ta Josipa Jurja Strossmayera u Osijeku; Muzej Slavonije u Osijeku; ArhivPRO d.o.o.):<\/p>\n<p>Essekiana: digitalizacija novina tiskanih goticom<\/p>\n<p>&nbsp;<\/p>\n<p>Ana Barbari\u0107, Ivana Hebrang Grgi\u0107 (Filozofski fakultet Sveu\u010dili\u0161ta u Zagrebu):<\/p>\n<p>Hrvatski iseljeni\u010dki tisak (HIT) \u2013 od bibliografije do digitalizacije<\/p>\n<p>&nbsp;<\/p>\n<p>11:30 \u2013 12:00<\/p>\n<p>Stanka za kavu<\/p>\n<p>&nbsp;<\/p>\n<p>12:00 \u2013 13:30<\/p>\n<p>Bratislav Lu\u010din, Renata Petru\u0161i\u0107 (Marulianum; Nacionalna i sveu\u010dili\u0161na knji\u017enica u Zagrebu):<\/p>\n<p>Virtualna izlo\u017eba Marko Maruli\u0107<\/p>\n<p>&nbsp;<\/p>\n<p>Jasenka Gudelj, Anita Ruso (Filozofski fakultet Sveu\u010dili\u0161ta u Zagrebu):<\/p>\n<p>Virtualna izlo\u017eba Vizualiziranje nacionalnog: skjavonske\/ilirske bratov\u0161tine i kolegiji u Italiji u zbirkama NSK<\/p>\n<p>&nbsp;<\/p>\n<p>Jelena Mi\u0161ki\u0107 (Gradska knji\u017enica Vukovar):<\/p>\n<p>Virtualna izlo\u017eba Nikola Andri\u0107 \u2013 Pari\u017eanin s Vuke<\/p>\n<p>&nbsp;<\/p>\n<p>Dubravka Petek, Marija Pipp (Knji\u017enice grada Zagreba):<\/p>\n<p>Narodna tiskarnica Ljudevita Gaja \u2013 virtualna izlo\u017eba<\/p>\n<p>&nbsp;<\/p>\n<p>Kristina Juda\u0161, Iva Perini\u0107 (Nacionalna i sveu\u010dili\u0161na knji\u017enica u Zagrebu):<\/p>\n<p>Virtualna izlo\u017eba Hrvatska glagoljica<\/p>\n<p>&nbsp;<\/p>\n<p>13:30 \u2013 14:30<\/p>\n<p>Stanka za ru\u010dak<\/p>\n<p>&nbsp;<\/p>\n<p>14:30 \u2013 16:00<\/p>\n<p>Nata\u0161a Mu\u010dalo (Dr\u017eavni arhiv u \u0160ibeniku):<\/p>\n<p>\u0160ibenske isprave u Zbirci srednjovjekovnih isprava Hrvatskoga dr\u017eavnog arhiva<\/p>\n<p>&nbsp;<\/p>\n<p>Dario Frani\u0107 (Dr\u017eavni arhiv u Sisku):<\/p>\n<p>Projekt digitalizacije projektne dokumentacije arhivskog fonda HR-DASK-449: Rudarsko udru\u017eenje Talionica Caprag 1938.\u20131946.<\/p>\n<p>&nbsp;<\/p>\n<p>Sanja Budi\u0107 Leto, Iva Kai\u0107, Vedran Juri\u010di\u0107 (Muzej triljskog kraja; Filozofski fakultet Sveu\u010dili\u0161ta u Zagrebu):<\/p>\n<p>Mobilna aplikacija za prezentaciju arheolo\u0161kog lokaliteta Tilurij i Muzeja triljskog kraja<\/p>\n<p>&nbsp;<\/p>\n<p>Neda Adamovi\u0107, Tomislav Adamovi\u0107, Martina Krivi\u0107 Leki\u0107, Silvija Sitta, Ljubica Trumbeta\u0161 (Narodna knji\u017enica \u201ePetar Preradovi\u0107\u201c Bjelovar; Veleu\u010dili\u0161te u Bjelovaru; Dr\u017eavni arhiv u Bjelovaru; Gradski muzej Bjelovar; Konzervatorski odjel u Bjelovaru):<\/p>\n<p>\u0160etnja Bjelovarom \u2013 virtualna izlo\u017eba<\/p>\n<p>&nbsp;<\/p>\n<p>Sofija Klarin Zadravec, Dragana Koljenik (Nacionalna i sveu\u010dili\u0161na knji\u017enica u Zagrebu):<\/p>\n<p>Od virtualne izlo\u017ebe do mobilne aplikacije o rijeci Krki: suradnja u interpretaciji ba\u0161tine<\/p>\n<p>&nbsp;<\/p>\n<p><strong>POSTERSKA IZLAGANJA<\/strong><\/p>\n<p>Ivana \u010curik, Zita Juki\u0107 (Dr\u017eavni arhiv u Osijeku):<\/p>\n<p>Digitalizacija osobnih ostav\u0161tina \u2013 nove mogu\u0107nosti prezentacije arhivskog gradiva. Primjer digitalizacije ratnog dnevnika dr. Kamila Firingera<\/p>\n<p>&nbsp;<\/p>\n<p>Merien Hadrovi\u0107, Inge Majlinger-Tanocki (Gradska i sveu\u010dili\u0161na knji\u017enica Osijek):<\/p>\n<p>Osijek i okolica na starim zemljovidima: va\u017enost sadr\u017eajne obrade kartografske gra\u0111e u Gradskoj i sveu\u010dili\u0161noj knji\u017enici Osijek<\/p>\n<p>&nbsp;<\/p>\n<p>Dragica Krsti\u0107, Jelena Bogdanovi\u0107, Denis Voki\u0107 (Nacionalna i sveu\u010dili\u0161na knji\u017enica u Zagrebu; Dubrova\u010dke knji\u017enice Dubrovnik, Znanstvena knji\u017enica; Sveu\u010dili\u0161te u Dubrovniku, Odsjek za umjetnost i restauraciju):<\/p>\n<p>Digitalizacija i spektralno snimanje rukopisa<\/p>\n<p>&nbsp;<\/p>\n<p>Sanja Lapi\u0161 (Nacionalna i sveu\u010dili\u0161na knji\u017enica u Zagrebu):<\/p>\n<p>Elektroni\u010dka knjiga i do\u017eivljaj \u010ditanja: rezultati istra\u017eivanja<\/p>\n<p>&nbsp;<\/p>\n<p>Branka Marijanovi\u0107, Marko Tucakovi\u0107, Dora Budi\u0107 (Fakultet elektrotehnike i ra\u010dunarstva):<\/p>\n<p>Digitalizacija ba\u0161tine tehni\u010dkih znanosti Sveu\u010dili\u0161ta u Zagrebu<\/p>\n<p>&nbsp;<\/p>\n<p>\u0110uro Singer, Stevo Leskarac (Nacionalna i sveu\u010dili\u0161na knji\u017enica u Zagrebu):<\/p>\n<p>Uloga konzervacije u digitalizaciji kartografske gra\u0111e<\/p>\n<p>&nbsp;<\/p>\n<p>Melita Sobota, Lidija Vido\u0161a (Hrvatska agencija za civilno zrakoplovstvo):<\/p>\n<p>Projekt digitalizacije dokumentarnog i arhivskog gradiva u Hrvatskoj agenciji za civilno zrakoplovstvo<\/p>\n<p>&nbsp;<\/p>\n<p>Zoran Stankovi\u0107, Ante Ljubi\u010di\u0107, Julije Crnkovi\u0107, Doriana Malinari\u0107 Macan (Dr\u017eavni arhiv u Rijeci):<\/p>\n<p>Digitalizacija fotografija iz Rusko-turskog rata 1867.\u20131868.<\/p>\n<p>&nbsp;<\/p>\n<p>Izvor: <a href=\"https:\/\/www.nsk.hr\/deveti-festival-hrvatskih-digitalizacijskih-projekata\/\">https:\/\/www.nsk.hr\/deveti-festival-hrvatskih-digitalizacijskih-projekata\/<\/a><\/p>\n<p>&nbsp;<\/p>\n<p>&nbsp;<\/p>\n","protected":false},"excerpt":{"rendered":"","protected":false},"author":2,"featured_media":14733,"comment_status":"open","ping_status":"open","sticky":false,"template":"","format":"standard","meta":{"_acf_changed":false,"jetpack_post_was_ever_published":false,"_jetpack_newsletter_access":"","_jetpack_dont_email_post_to_subs":false,"_jetpack_newsletter_tier_id":0,"_jetpack_memberships_contains_paywalled_content":false,"_jetpack_memberships_contains_paid_content":false,"footnotes":"","jetpack_publicize_message":"","jetpack_publicize_feature_enabled":true,"jetpack_social_post_already_shared":true,"jetpack_social_options":{"image_generator_settings":{"template":"highway","default_image_id":0,"font":"","enabled":false},"version":2}},"categories":[3,9],"tags":[],"class_list":["post-14732","post","type-post","status-publish","format-standard","has-post-thumbnail","hentry","category-novosti","category-skupovi"],"acf":{"facebook_opis":""},"jetpack_publicize_connections":[],"jetpack_featured_media_url":"https:\/\/i0.wp.com\/historiografija.hr\/wp-content\/uploads\/2019\/05\/bg.png?fit=2560%2C1440&ssl=1","jetpack_sharing_enabled":true,"jetpack-related-posts":[{"id":52563,"url":"https:\/\/historiografija.hr\/?p=52563","url_meta":{"origin":14732,"position":0},"title":"Predavanje Nenada Fabijani\u0107a o stadionu Poljud u Splitu","author":"Branimir Jankovi\u0107","date":"21. travnja 2026.","format":false,"excerpt":"Znanstveno vije\u0107e za arhitekturu, urbanizam i ure\u0111enje prostora Hrvatske akademije znanosti i umjetnosti organizira predavanje \u201cPo Poljudu\u201d koje \u0107e u srijedu 22. travnja 2026. s po\u010detkom u 14 sati u Knji\u017enici HAZU, Strossmayerov trg 14 u Zagrebu, odr\u017eati\u00a0prof. emerit. dr. art. Nenad Fabijani\u0107,\u00a0\u010dlan suradnik HAZU. Predavanje \u201ePo Poljudu\u201c (Projekt obnove)\u2026","rel":"","context":"U &quot;Novosti&quot;","block_context":{"text":"Novosti","link":"https:\/\/historiografija.hr\/?cat=3"},"img":{"alt_text":"","src":"https:\/\/i0.wp.com\/historiografija.hr\/wp-content\/uploads\/2026\/04\/Poljud-scaled.jpeg?fit=1200%2C800&ssl=1&resize=350%2C200","width":350,"height":200,"srcset":"https:\/\/i0.wp.com\/historiografija.hr\/wp-content\/uploads\/2026\/04\/Poljud-scaled.jpeg?fit=1200%2C800&ssl=1&resize=350%2C200 1x, https:\/\/i0.wp.com\/historiografija.hr\/wp-content\/uploads\/2026\/04\/Poljud-scaled.jpeg?fit=1200%2C800&ssl=1&resize=525%2C300 1.5x, https:\/\/i0.wp.com\/historiografija.hr\/wp-content\/uploads\/2026\/04\/Poljud-scaled.jpeg?fit=1200%2C800&ssl=1&resize=700%2C400 2x, https:\/\/i0.wp.com\/historiografija.hr\/wp-content\/uploads\/2026\/04\/Poljud-scaled.jpeg?fit=1200%2C800&ssl=1&resize=1050%2C600 3x"},"classes":[]},{"id":52666,"url":"https:\/\/historiografija.hr\/?p=52666","url_meta":{"origin":14732,"position":1},"title":"Najava programa Festivala povijesti Kliofest (5-8. V. 2026)","author":"Branimir Jankovi\u0107","date":"24. travnja 2026.","format":false,"excerpt":"Po trinaesti put odr\u017eava se Festival povijesti Kliofest! Do petka \u0107emo odr\u017eati osam okruglih stolova i dva kolokvija te niz predstavljanja knjiga i projekata razli\u010dite tematike, od antike do suvremenosti. Bit \u0107e predstavljeno i nekoliko izlo\u017ebi te odr\u017ean jedan povijesni kviz. Prikazat \u0107emo i jedan film \u2013 o generalu Boroevi\u0107u.\u2026","rel":"","context":"U &quot;Novosti&quot;","block_context":{"text":"Novosti","link":"https:\/\/historiografija.hr\/?cat=3"},"img":{"alt_text":"","src":"https:\/\/i0.wp.com\/historiografija.hr\/wp-content\/uploads\/2026\/04\/Kliofest-2026.jpg?fit=526%2C526&ssl=1&resize=350%2C200","width":350,"height":200,"srcset":"https:\/\/i0.wp.com\/historiografija.hr\/wp-content\/uploads\/2026\/04\/Kliofest-2026.jpg?fit=526%2C526&ssl=1&resize=350%2C200 1x, https:\/\/i0.wp.com\/historiografija.hr\/wp-content\/uploads\/2026\/04\/Kliofest-2026.jpg?fit=526%2C526&ssl=1&resize=525%2C300 1.5x"},"classes":[]},{"id":52520,"url":"https:\/\/historiografija.hr\/?p=52520","url_meta":{"origin":14732,"position":2},"title":"Predstavljanje knjige &#8220;Socialist Economics in Yugoslavia: A Critical History&#8221; u Zagrebu","author":"Branimir Jankovi\u0107","date":"17. travnja 2026.","format":false,"excerpt":"Pozivamo vas na predstavljanje knjige \"Socialist Economics in Yugoslavia: A Critical History\", autora Mislava \u00a0\u017ditka i Marka Grde\u0161i\u0107a (Routledge, 2026). Na predstavljanju \u0107e govoriti Branko Milanovi\u0107 (CUNY), Milica Uvali\u0107 (EUI), Zdravko Petak (FPZG) te autori.\u00a0 Predstavljanje \u0107e se odr\u017eati u srijedu 22. travnja u 16:00 sati na Fakultetu politi\u010dkih znanosti\u2026","rel":"","context":"U &quot;Novosti&quot;","block_context":{"text":"Novosti","link":"https:\/\/historiografija.hr\/?cat=3"},"img":{"alt_text":"","src":"https:\/\/i0.wp.com\/historiografija.hr\/wp-content\/uploads\/2026\/04\/Poziv-na-predstavljanje.png?fit=800%2C652&ssl=1&resize=350%2C200","width":350,"height":200,"srcset":"https:\/\/i0.wp.com\/historiografija.hr\/wp-content\/uploads\/2026\/04\/Poziv-na-predstavljanje.png?fit=800%2C652&ssl=1&resize=350%2C200 1x, https:\/\/i0.wp.com\/historiografija.hr\/wp-content\/uploads\/2026\/04\/Poziv-na-predstavljanje.png?fit=800%2C652&ssl=1&resize=525%2C300 1.5x, https:\/\/i0.wp.com\/historiografija.hr\/wp-content\/uploads\/2026\/04\/Poziv-na-predstavljanje.png?fit=800%2C652&ssl=1&resize=700%2C400 2x"},"classes":[]},{"id":52543,"url":"https:\/\/historiografija.hr\/?p=52543","url_meta":{"origin":14732,"position":3},"title":"Znanstveno-stru\u010dni skup \u201eOto\u010dne pu\u010dke pobo\u017enosti: kontinuiteti i transformacije\u201c","author":"Branimir Jankovi\u0107","date":"20. travnja 2026.","format":false,"excerpt":"Najavljujemo\u00a0znanstveno-stru\u010dni skup \u201eOto\u010dne pu\u010dke pobo\u017enosti: kontinuiteti i transformacije\u201c,\u00a0koji \u0107e se odr\u017eati\u00a0u Rabu od 24. do 26. travnja 2026.,\u00a0u organizaciji i uz potporu\u00a0Instituta za etnologiju i folkloristiku, Zagreb, \u00a0Grada Raba, Pu\u010dkog otvorenog u\u010dili\u0161ta Rab i Centra za istra\u017eivanje srednjovjekovne ba\u0161tine Jadrana RIMAH. Skup okuplja vode\u0107e doma\u0107e stru\u010dnjake koji \u0107e kroz niz\u2026","rel":"","context":"U &quot;Novosti&quot;","block_context":{"text":"Novosti","link":"https:\/\/historiografija.hr\/?cat=3"},"img":{"alt_text":"","src":"https:\/\/i0.wp.com\/historiografija.hr\/wp-content\/uploads\/2026\/04\/Skup_Rab.jpg?fit=848%2C1200&ssl=1&resize=350%2C200","width":350,"height":200,"srcset":"https:\/\/i0.wp.com\/historiografija.hr\/wp-content\/uploads\/2026\/04\/Skup_Rab.jpg?fit=848%2C1200&ssl=1&resize=350%2C200 1x, https:\/\/i0.wp.com\/historiografija.hr\/wp-content\/uploads\/2026\/04\/Skup_Rab.jpg?fit=848%2C1200&ssl=1&resize=525%2C300 1.5x, https:\/\/i0.wp.com\/historiografija.hr\/wp-content\/uploads\/2026\/04\/Skup_Rab.jpg?fit=848%2C1200&ssl=1&resize=700%2C400 2x"},"classes":[]},{"id":52439,"url":"https:\/\/historiografija.hr\/?p=52439","url_meta":{"origin":14732,"position":4},"title":"Tribina &#8220;Ahmi\u0107i 33 godine kasnije: Ne u na\u0161e ime&#8221;","author":"Branimir Jankovi\u0107","date":"16. travnja 2026.","format":false,"excerpt":"U \u010detvrtak, 16. travnja 2026. u 17 sati u Knji\u017enici i \u010ditaonici Bogdana Ogrizovi\u0107a u Zagrebu odr\u017eat \u0107e se tribina pod nazivom Ahmi\u0107i 33 godine kasnije: Ne u na\u0161e ime. Na tribini \u0107e govoriti Ivica \u0110iki\u0107, novinar, Mubera Masli\u0107 \u2013 \u017ddralovi\u0107, aktivistikinja, prevoditeljica za arapski, Domagoj Fuk, student politologije, \u010dlan\u2026","rel":"","context":"U &quot;Novosti&quot;","block_context":{"text":"Novosti","link":"https:\/\/historiografija.hr\/?cat=3"},"img":{"alt_text":"","src":"https:\/\/i0.wp.com\/historiografija.hr\/wp-content\/uploads\/2026\/04\/Zagreb_2026.jpeg?fit=1200%2C900&ssl=1&resize=350%2C200","width":350,"height":200,"srcset":"https:\/\/i0.wp.com\/historiografija.hr\/wp-content\/uploads\/2026\/04\/Zagreb_2026.jpeg?fit=1200%2C900&ssl=1&resize=350%2C200 1x, https:\/\/i0.wp.com\/historiografija.hr\/wp-content\/uploads\/2026\/04\/Zagreb_2026.jpeg?fit=1200%2C900&ssl=1&resize=525%2C300 1.5x, https:\/\/i0.wp.com\/historiografija.hr\/wp-content\/uploads\/2026\/04\/Zagreb_2026.jpeg?fit=1200%2C900&ssl=1&resize=700%2C400 2x, https:\/\/i0.wp.com\/historiografija.hr\/wp-content\/uploads\/2026\/04\/Zagreb_2026.jpeg?fit=1200%2C900&ssl=1&resize=1050%2C600 3x"},"classes":[]},{"id":52613,"url":"https:\/\/historiografija.hr\/?p=52613","url_meta":{"origin":14732,"position":5},"title":"No\u0107 knjige u Hrvatskom dr\u017eavnom arhivu","author":"Branimir Jankovi\u0107","date":"22. travnja 2026.","format":false,"excerpt":"Predstavljanje knjige Rajke Bu\u0107in \u201dLije\u010denje i zbrinjavanje \u017didova u Bolnici sestara milosrdnica u Zagrebu 1941. \u2013 1945.\u201d u \u010detvrtak, 23. travnja 2026. u 13 sati u Hrvatskom dr\u017eavnom arhivu u Zagrebu. Izvor: https:\/\/www.arhiv.hr\/hr-hr\/Kulturno-prosvjetne-aktivnosti\/ArticleId\/1986\/oamid\/1633","rel":"","context":"U &quot;Novosti&quot;","block_context":{"text":"Novosti","link":"https:\/\/historiografija.hr\/?cat=3"},"img":{"alt_text":"","src":"https:\/\/i0.wp.com\/historiografija.hr\/wp-content\/uploads\/2026\/04\/noc_knjige_2026.jpg?fit=680%2C276&ssl=1&resize=350%2C200","width":350,"height":200,"srcset":"https:\/\/i0.wp.com\/historiografija.hr\/wp-content\/uploads\/2026\/04\/noc_knjige_2026.jpg?fit=680%2C276&ssl=1&resize=350%2C200 1x, https:\/\/i0.wp.com\/historiografija.hr\/wp-content\/uploads\/2026\/04\/noc_knjige_2026.jpg?fit=680%2C276&ssl=1&resize=525%2C300 1.5x"},"classes":[]}],"_links":{"self":[{"href":"https:\/\/historiografija.hr\/index.php?rest_route=\/wp\/v2\/posts\/14732","targetHints":{"allow":["GET"]}}],"collection":[{"href":"https:\/\/historiografija.hr\/index.php?rest_route=\/wp\/v2\/posts"}],"about":[{"href":"https:\/\/historiografija.hr\/index.php?rest_route=\/wp\/v2\/types\/post"}],"author":[{"embeddable":true,"href":"https:\/\/historiografija.hr\/index.php?rest_route=\/wp\/v2\/users\/2"}],"replies":[{"embeddable":true,"href":"https:\/\/historiografija.hr\/index.php?rest_route=%2Fwp%2Fv2%2Fcomments&post=14732"}],"version-history":[{"count":1,"href":"https:\/\/historiografija.hr\/index.php?rest_route=\/wp\/v2\/posts\/14732\/revisions"}],"predecessor-version":[{"id":14734,"href":"https:\/\/historiografija.hr\/index.php?rest_route=\/wp\/v2\/posts\/14732\/revisions\/14734"}],"wp:featuredmedia":[{"embeddable":true,"href":"https:\/\/historiografija.hr\/index.php?rest_route=\/wp\/v2\/media\/14733"}],"wp:attachment":[{"href":"https:\/\/historiografija.hr\/index.php?rest_route=%2Fwp%2Fv2%2Fmedia&parent=14732"}],"wp:term":[{"taxonomy":"category","embeddable":true,"href":"https:\/\/historiografija.hr\/index.php?rest_route=%2Fwp%2Fv2%2Fcategories&post=14732"},{"taxonomy":"post_tag","embeddable":true,"href":"https:\/\/historiografija.hr\/index.php?rest_route=%2Fwp%2Fv2%2Ftags&post=14732"}],"curies":[{"name":"wp","href":"https:\/\/api.w.org\/{rel}","templated":true}]}}