{"id":14728,"date":"2019-05-07T11:03:20","date_gmt":"2019-05-07T11:03:20","guid":{"rendered":"http:\/\/historiografija.hr\/?p=14728"},"modified":"2019-05-07T11:03:43","modified_gmt":"2019-05-07T11:03:43","slug":"panel-discussion-frontier-societies","status":"publish","type":"post","link":"https:\/\/historiografija.hr\/?p=14728","title":{"rendered":"Panel Discussion: Frontier Societies"},"content":{"rendered":"<p>U sklopu me\u0111unarodne studentske konferencije \u201cAnglophonia: New Frontiers\u201d bit \u0107e odr\u017eana u petak, 10. svibnja 2019. u 11 sati u Konferencijskoj dvorani Knji\u017enice Filozofskog fakulteta u Zagrebu rasprava \u201cFrontier Societies\u201d.<\/p>\n<p>&nbsp;<\/p>\n<p>&#8212;<\/p>\n<p><strong>\u00a0<\/strong><\/p>\n<p><strong>Panel Discussion: Frontier Societies<\/strong><\/p>\n<p>&nbsp;<\/p>\n<p>It\u2019s an honour and a pleasure to invite you all to the panel discussion \u201cFrontier Societies\u201d, which will take place as part of this year\u2019s <em>Anglophonia: New Frontiers<\/em> conference. The panel discussion will take place on Friday, 10 May, at 11 am in the Conference Hall at the faculty library.<\/p>\n<p>&nbsp;<\/p>\n<p>The theme of the panel discussion will be frontier societies. The Oxford English Dictionary defines the term \u201cfrontier\u201d as \u201cthe extreme limit of settled land beyond which lies wilderness, especially in reference to the western US before Pacific settlement\u201c. Following a brief overview of how the frontier came to be defined, it can be inferred that the frontier as a concept does not refer to a physical reality, but rather to a \u201cprocess\u201d, and that it has the capacity to become a discursive construct. This issue has been addressed by numerous works of historical (meta)fiction that question the dominant narrative (or are even explicitly critical of it), which have garnered public attention and won critical acclaim over the past decades, and which will be discussed during the panel.<\/p>\n<p>&nbsp;<\/p>\n<p>The panelists are:<\/p>\n<p>Mark Metzler Sawin, PhD (Eastern Mennonite University)<\/p>\n<p>Aritha Van Herk, PhD (University of Calgary)<\/p>\n<p>Tihana Klepa\u010d, PhD (University of Zagreb)<\/p>\n<p>Jason Hansen, PhD (Furman University)<\/p>\n<p>&nbsp;<\/p>\n<p>&nbsp;<\/p>\n<p>Mark Metzler Sawin (Eastern Mennonite University)<\/p>\n<p>attended Goshen College (Indiana) and then the University of Texas, in Austin, where he earned his MA and PhD in American Studies. He currently serves as professor of U.S. History at Eastern Mennonite University (EMU), a private university in Virginia. His publications mostly focus on the religious, literary and popular culture of antebellum America (1850s).<\/p>\n<p><a href=\"https:\/\/emu.edu\/faculty-staff\/?show=mms326\">https:\/\/emu.edu\/faculty-staff\/?show=mms326<\/a><\/p>\n<p>&nbsp;<\/p>\n<p>Aritha Van Herk (University of Calgary)<\/p>\n<p>is a Canadian editor, critic and university professor. She studied Canadian literature and Creative Writing at the University of Alberta in Edmonton, graduating with an MA in 1978. Since 1983, van Herk has taught at the University of Calgary, and is currently teaching Creative Writing, Canadian Literature and Contemporary Narrative. She is also an award-winning writer and some of her most famous works include \u201cJudith\u201d, \u201cThe Tent Peg\u201d and \u201cNo Fixed Address\u201d.<\/p>\n<p><a href=\"https:\/\/en.wikipedia.org\/wiki\/Aritha_Van_Herk\">https:\/\/en.wikipedia.org\/wiki\/Aritha_Van_Herk<\/a><\/p>\n<p><a href=\"https:\/\/english.ucalgary.ca\/profiles\/aritha-van-herk\">https:\/\/english.ucalgary.ca\/profiles\/aritha-van-herk<\/a><\/p>\n<p>&nbsp;<\/p>\n<p>Tihana Klepa\u010d (University of Zagreb)<\/p>\n<p>is an assistant professor in the English Department at the University of Zagreb. Her obtained her PhD on the topic \u201cStorykeepers: Australian Myth in the Works of Henry Lawson and Barbara Baynton\u201d, and her research interests consist of 19th century Australian literature, women\u2019s writing, life writing, and postcolonial theory. She teaches courses on early Australian literature, contemporary British drama, and contemporary women&#8217;s writing in English.<\/p>\n<p><a href=\"http:\/\/anglist.ffzg.unizg.hr\/?p=19100&amp;lang=en\">http:\/\/anglist.ffzg.unizg.hr\/?p=19100&amp;lang=en<\/a><\/p>\n<p>&nbsp;<\/p>\n<p>Jason Hansen (Furman University)<\/p>\n<p>received his BA from Syracuse University (history, international relations) in 2000 and his PhD (history) from the University of Illinois in 2010. Since 2011 he has taught at Furman University in Greenville, South Carolina, becoming Associate Professor in 2016. Hansen specializes in the history of modern Germany and Europe, with interests in nationalism, the history of cartography and historical memory.<\/p>\n<p><a href=\"http:\/\/www2.furman.edu\/academics\/history\/Meet-Our-Faculty\/Pages\/Jason-Hansen.aspx\">http:\/\/www2.furman.edu\/academics\/history\/Meet-Our-Faculty\/Pages\/Jason-Hansen.aspx<\/a><\/p>\n<p>&nbsp;<\/p>\n<p>Total time: 75 minutes (60 minutes for the discussion, 15 minutes for questions).<\/p>\n<p>&nbsp;<\/p>\n<p><a href=\"https:\/\/www.facebook.com\/events\/klub-studenata-anglistike-xa\/panel-discussion-frontier-societies\/2220661511324681\/\">https:\/\/www.facebook.com\/events\/klub-studenata-anglistike-xa\/panel-discussion-frontier-societies\/2220661511324681\/<\/a><\/p>\n<p>&nbsp;<\/p>\n<p>&#8212;<\/p>\n<p>&nbsp;<\/p>\n<p><strong>Anglophonia: New Frontiers<\/strong><\/p>\n<p>International Student Conference in English Studies<\/p>\n<p>Faculty of Humanities and Social Sciences<\/p>\n<p>University of Zagreb<\/p>\n<p>May 9 \u2013 11, 2019<\/p>\n<p>&nbsp;<\/p>\n<p><a href=\"http:\/\/anglophonia.ffzg.unizg.hr\/conference-programme\">http:\/\/anglophonia.ffzg.unizg.hr\/conference-programme<\/a><\/p>\n<p>&nbsp;<\/p>\n<p>&nbsp;<\/p>\n<p>&nbsp;<\/p>\n","protected":false},"excerpt":{"rendered":"","protected":false},"author":2,"featured_media":14729,"comment_status":"open","ping_status":"open","sticky":false,"template":"","format":"standard","meta":{"_acf_changed":false,"jetpack_post_was_ever_published":false,"_jetpack_newsletter_access":"","_jetpack_dont_email_post_to_subs":false,"_jetpack_newsletter_tier_id":0,"_jetpack_memberships_contains_paywalled_content":false,"_jetpack_memberships_contains_paid_content":false,"footnotes":"","jetpack_publicize_message":"","jetpack_publicize_feature_enabled":true,"jetpack_social_post_already_shared":true,"jetpack_social_options":{"image_generator_settings":{"template":"highway","default_image_id":0,"font":"","enabled":false},"version":2}},"categories":[3],"tags":[],"class_list":["post-14728","post","type-post","status-publish","format-standard","has-post-thumbnail","hentry","category-novosti"],"acf":{"facebook_opis":""},"jetpack_publicize_connections":[],"jetpack_featured_media_url":"https:\/\/i0.wp.com\/historiografija.hr\/wp-content\/uploads\/2019\/05\/Frontier.jpg?fit=1474%2C850&ssl=1","jetpack_sharing_enabled":true,"jetpack-related-posts":[{"id":52664,"url":"https:\/\/historiografija.hr\/?p=52664","url_meta":{"origin":14728,"position":0},"title":"CfP: CONFERENCE OF THE HISTORY OF CONCEPTS GROUP, HELSINKI, 19TH\u201321ST AUGUST 2026 (DEADLINE: 30TH APRIL 2026)","author":"Branimir Jankovi\u0107","date":"24. travnja 2026.","format":false,"excerpt":"The annual conference of the History of Concepts Group is held at the University of Helsinki, 19-21 August 2026. Conference of the History of Concepts Group Conceptual history studies the use of concepts and tries to understand how historical actors have linguistically articulated views of the world. Studying concepts from\u2026","rel":"","context":"U &quot;Novosti&quot;","block_context":{"text":"Novosti","link":"https:\/\/historiografija.hr\/?cat=3"},"img":{"alt_text":"","src":"https:\/\/i0.wp.com\/historiografija.hr\/wp-content\/uploads\/2017\/10\/hsozkult.png?fit=1006%2C241&ssl=1&resize=350%2C200","width":350,"height":200,"srcset":"https:\/\/i0.wp.com\/historiografija.hr\/wp-content\/uploads\/2017\/10\/hsozkult.png?fit=1006%2C241&ssl=1&resize=350%2C200 1x, https:\/\/i0.wp.com\/historiografija.hr\/wp-content\/uploads\/2017\/10\/hsozkult.png?fit=1006%2C241&ssl=1&resize=525%2C300 1.5x, https:\/\/i0.wp.com\/historiografija.hr\/wp-content\/uploads\/2017\/10\/hsozkult.png?fit=1006%2C241&ssl=1&resize=700%2C400 2x"},"classes":[]},{"id":52677,"url":"https:\/\/historiografija.hr\/?p=52677","url_meta":{"origin":14728,"position":1},"title":"CfP: NAVIGATING THE PAST, FACING THE PRESENT: CHALLENGES AND OPPORTUNITIES IN RE-PRESENTING CONFLICTS AND VIOLENCE IN MEMORY AND EDUCATION INSTITUTIONS, WARSAW, 22ND\u201324TH OCTOBER 2026 (DEADLINE: 30TH APRIL 2026)","author":"Branimir Jankovi\u0107","date":"27. travnja 2026.","format":false,"excerpt":"The conference and graduate workshop (October 22-24, 2026, Warsaw) addresses the representation of history in public and institutional contexts, with a focus beyond the often-studied field of \u201cmemory culture\u201d. Rather than emphasizing the politicization of memory and cultural institutions, the discussion shifts toward new methods, media, and challenges in historical\u2026","rel":"","context":"U &quot;Novosti&quot;","block_context":{"text":"Novosti","link":"https:\/\/historiografija.hr\/?cat=3"},"img":{"alt_text":"","src":"https:\/\/i0.wp.com\/historiografija.hr\/wp-content\/uploads\/2017\/10\/hsozkult.png?fit=1006%2C241&ssl=1&resize=350%2C200","width":350,"height":200,"srcset":"https:\/\/i0.wp.com\/historiografija.hr\/wp-content\/uploads\/2017\/10\/hsozkult.png?fit=1006%2C241&ssl=1&resize=350%2C200 1x, https:\/\/i0.wp.com\/historiografija.hr\/wp-content\/uploads\/2017\/10\/hsozkult.png?fit=1006%2C241&ssl=1&resize=525%2C300 1.5x, https:\/\/i0.wp.com\/historiografija.hr\/wp-content\/uploads\/2017\/10\/hsozkult.png?fit=1006%2C241&ssl=1&resize=700%2C400 2x"},"classes":[]},{"id":52679,"url":"https:\/\/historiografija.hr\/?p=52679","url_meta":{"origin":14728,"position":2},"title":"CfP: CHOSEN NATION(S): HISTORICAL AND CULTURAL INTERPRETATIONS OF EXCEPTIONALISM, BUDAPEST, 10TH\u201311TH JUNE 2026 (DEADLINE: 1ST MAY 2026)","author":"Branimir Jankovi\u0107","date":"27. travnja 2026.","format":false,"excerpt":"The Ludovika University of Public Service (NKE) and the Jewish Theological Seminary \u2013 University of Jewish Studies (OR-ZSE) are pleased to announce a joint academic conference on \u201cChosen Nation(s): Historical and Cultural Interpretations of Exceptionalism\u201d, to be held in Budapest, Hungary. Chosen Nation(s): Historical and Cultural Interpretations of Exceptionalism Keynote\u2026","rel":"","context":"U &quot;Novosti&quot;","block_context":{"text":"Novosti","link":"https:\/\/historiografija.hr\/?cat=3"},"img":{"alt_text":"","src":"https:\/\/i0.wp.com\/historiografija.hr\/wp-content\/uploads\/2017\/10\/hsozkult.png?fit=1006%2C241&ssl=1&resize=350%2C200","width":350,"height":200,"srcset":"https:\/\/i0.wp.com\/historiografija.hr\/wp-content\/uploads\/2017\/10\/hsozkult.png?fit=1006%2C241&ssl=1&resize=350%2C200 1x, https:\/\/i0.wp.com\/historiografija.hr\/wp-content\/uploads\/2017\/10\/hsozkult.png?fit=1006%2C241&ssl=1&resize=525%2C300 1.5x, https:\/\/i0.wp.com\/historiografija.hr\/wp-content\/uploads\/2017\/10\/hsozkult.png?fit=1006%2C241&ssl=1&resize=700%2C400 2x"},"classes":[]},{"id":52580,"url":"https:\/\/historiografija.hr\/?p=52580","url_meta":{"origin":14728,"position":3},"title":"Conference &#8220;Living in the aftermaths: Trauma, politics and survival in Yugoslavia and successor states, 1945 \u2013 present&#8221;","author":"Branimir Jankovi\u0107","date":"21. travnja 2026.","format":false,"excerpt":"The conference aims to explore how war-related psychological distress was experienced, narrated, debated and reframed in Yugoslavia in the second half of the twentieth century. It asks how the theme of wounded psyche and wartime suffering was addressed and acknowledged in political, psychiatric and broader cultural discourses of socialist Yugoslavia,\u2026","rel":"","context":"U &quot;Novosti&quot;","block_context":{"text":"Novosti","link":"https:\/\/historiografija.hr\/?cat=3"},"img":{"alt_text":"","src":"https:\/\/i0.wp.com\/historiografija.hr\/wp-content\/uploads\/2026\/04\/Battle_of_Neretva_Picasso_poster-Conference-Living-in-the-aftermaths.webp?fit=564%2C954&ssl=1&resize=350%2C200","width":350,"height":200,"srcset":"https:\/\/i0.wp.com\/historiografija.hr\/wp-content\/uploads\/2026\/04\/Battle_of_Neretva_Picasso_poster-Conference-Living-in-the-aftermaths.webp?fit=564%2C954&ssl=1&resize=350%2C200 1x, https:\/\/i0.wp.com\/historiografija.hr\/wp-content\/uploads\/2026\/04\/Battle_of_Neretva_Picasso_poster-Conference-Living-in-the-aftermaths.webp?fit=564%2C954&ssl=1&resize=525%2C300 1.5x"},"classes":[]},{"id":52641,"url":"https:\/\/historiografija.hr\/?p=52641","url_meta":{"origin":14728,"position":4},"title":"CfP: WHO OWNS THE PAST? VERNACULAR MEMORY, STATE MEMORY, AND THE POLITICS OF OWNERSHIP","author":"Branimir Jankovi\u0107","date":"24. travnja 2026.","format":false,"excerpt":"VIENNA, 31ST AUGUST\u20133RD SEPTEMBER 2026 (DEADLINE: 24TH APRIL 2026) The Center for Austrian Studies at the European Forum at the Hebrew University and the Austrian Academy of Sciences\/Institute of Culture Studies invite early postdocs, PhD candidates, and advanced Master\u2019s students from the Hebrew University of Jerusalem and universities and academic\u2026","rel":"","context":"U &quot;Novosti&quot;","block_context":{"text":"Novosti","link":"https:\/\/historiografija.hr\/?cat=3"},"img":{"alt_text":"","src":"https:\/\/i0.wp.com\/historiografija.hr\/wp-content\/uploads\/2017\/10\/hsozkult.png?fit=1006%2C241&ssl=1&resize=350%2C200","width":350,"height":200,"srcset":"https:\/\/i0.wp.com\/historiografija.hr\/wp-content\/uploads\/2017\/10\/hsozkult.png?fit=1006%2C241&ssl=1&resize=350%2C200 1x, https:\/\/i0.wp.com\/historiografija.hr\/wp-content\/uploads\/2017\/10\/hsozkult.png?fit=1006%2C241&ssl=1&resize=525%2C300 1.5x, https:\/\/i0.wp.com\/historiografija.hr\/wp-content\/uploads\/2017\/10\/hsozkult.png?fit=1006%2C241&ssl=1&resize=700%2C400 2x"},"classes":[]},{"id":52752,"url":"https:\/\/historiografija.hr\/?p=52752","url_meta":{"origin":14728,"position":5},"title":"Otvaranje izlo\u017ebe &#8220;Hrvati na So\u010danskom frontu&#8221; i predavanje &#8220;So\u010danska fronta u Prvome svjetskom ratu&#8221;","author":"Filip \u0160imunjak","date":"30. travnja 2026.","format":false,"excerpt":"Otvaranje izlo\u017ebe \u201eHrvati na So\u010danskom frontu\u201c, Kobari\u0161ki muzej Prvog svjetskog rata, Kobarid, odr\u017eat \u0107e se u sklopu ovogodi\u0161njega Festivala povijesti Kliofest u Nacionalnoj i sveu\u010dili\u0161noj knji\u017enici u Zagrebu, u utorak 5. svibnja, s po\u010detkom u 10 sati, uz sudjelovanje: Ga\u0161pera Dov\u017eana, veleposlanika Republike Slovenije u RH, te Martina \u0160olara, direktora\u2026","rel":"","context":"U &quot;Izlo\u017ebe&quot;","block_context":{"text":"Izlo\u017ebe","link":"https:\/\/historiografija.hr\/?cat=10"},"img":{"alt_text":"","src":"https:\/\/i0.wp.com\/historiografija.hr\/wp-content\/uploads\/2026\/04\/Predavanje-Socanska-fronta.jpg?fit=1200%2C566&ssl=1&resize=350%2C200","width":350,"height":200,"srcset":"https:\/\/i0.wp.com\/historiografija.hr\/wp-content\/uploads\/2026\/04\/Predavanje-Socanska-fronta.jpg?fit=1200%2C566&ssl=1&resize=350%2C200 1x, https:\/\/i0.wp.com\/historiografija.hr\/wp-content\/uploads\/2026\/04\/Predavanje-Socanska-fronta.jpg?fit=1200%2C566&ssl=1&resize=525%2C300 1.5x, https:\/\/i0.wp.com\/historiografija.hr\/wp-content\/uploads\/2026\/04\/Predavanje-Socanska-fronta.jpg?fit=1200%2C566&ssl=1&resize=700%2C400 2x, https:\/\/i0.wp.com\/historiografija.hr\/wp-content\/uploads\/2026\/04\/Predavanje-Socanska-fronta.jpg?fit=1200%2C566&ssl=1&resize=1050%2C600 3x"},"classes":[]}],"_links":{"self":[{"href":"https:\/\/historiografija.hr\/index.php?rest_route=\/wp\/v2\/posts\/14728","targetHints":{"allow":["GET"]}}],"collection":[{"href":"https:\/\/historiografija.hr\/index.php?rest_route=\/wp\/v2\/posts"}],"about":[{"href":"https:\/\/historiografija.hr\/index.php?rest_route=\/wp\/v2\/types\/post"}],"author":[{"embeddable":true,"href":"https:\/\/historiografija.hr\/index.php?rest_route=\/wp\/v2\/users\/2"}],"replies":[{"embeddable":true,"href":"https:\/\/historiografija.hr\/index.php?rest_route=%2Fwp%2Fv2%2Fcomments&post=14728"}],"version-history":[{"count":2,"href":"https:\/\/historiografija.hr\/index.php?rest_route=\/wp\/v2\/posts\/14728\/revisions"}],"predecessor-version":[{"id":14731,"href":"https:\/\/historiografija.hr\/index.php?rest_route=\/wp\/v2\/posts\/14728\/revisions\/14731"}],"wp:featuredmedia":[{"embeddable":true,"href":"https:\/\/historiografija.hr\/index.php?rest_route=\/wp\/v2\/media\/14729"}],"wp:attachment":[{"href":"https:\/\/historiografija.hr\/index.php?rest_route=%2Fwp%2Fv2%2Fmedia&parent=14728"}],"wp:term":[{"taxonomy":"category","embeddable":true,"href":"https:\/\/historiografija.hr\/index.php?rest_route=%2Fwp%2Fv2%2Fcategories&post=14728"},{"taxonomy":"post_tag","embeddable":true,"href":"https:\/\/historiografija.hr\/index.php?rest_route=%2Fwp%2Fv2%2Ftags&post=14728"}],"curies":[{"name":"wp","href":"https:\/\/api.w.org\/{rel}","templated":true}]}}