{"id":14708,"date":"2019-05-06T10:48:09","date_gmt":"2019-05-06T10:48:09","guid":{"rendered":"http:\/\/historiografija.hr\/?p=14708"},"modified":"2019-05-06T10:48:09","modified_gmt":"2019-05-06T10:48:09","slug":"promocija-knjige-maxa-bergholza-nasilje-kao-generativna-sila-u-sarajevu","status":"publish","type":"post","link":"https:\/\/historiografija.hr\/?p=14708","title":{"rendered":"Promocija knjige Maxa Bergholza \u201cNasilje kao generativna sila\u201d u Sarajevu"},"content":{"rendered":"<p>Promocija knjige Maxa Bergholza \u201cNasilje kao generativna sila: identitet, nacionalizam i sje\u0107anje u jednoj balkanskoj zajednici\u201d odr\u017eat \u0107e se u \u010detvrtak, 9. svibnja 2019. u Kamernom teatru 55 u Sarajevu. O knjizi \u0107e uz autora govoriti Senada Kreso, Husnija Kamberovi\u0107 i Senadin Musabegovi\u0107.<\/p>\n<p>&nbsp;<\/p>\n<p>&#8212;<\/p>\n<p>&nbsp;<\/p>\n<p><strong>Promocija knjige Maxa Bergholza: Nasilje kao generativna sila<\/strong><\/p>\n<p>&nbsp;<\/p>\n<p>Izdava\u010dka ku\u0107a Buybook organizuje gostovanje Maxa Bergholza, ameri\u010dko-kanadskog histori\u010dara i profesora, autora knjige &#8220;Nasilje kao generativna sila&#8221;. Bergholz dolazi u Sarajevo na promociju svoje knjige koja \u0107e se odr\u017eati u \u010detvrtak, 9. maja u 19 sati, u Kamernom teatru 55. Uz autora o knjizi govorit \u0107e prevoditeljica Senada Kreso, te Husnija Kamberovi\u0107 i Senadin Musabegovi\u0107.<\/p>\n<p>&nbsp;<\/p>\n<p>Max Bergholz profesor je historije nacionalizma, nasilja i Balkana na Odsjeku za historiju na Univerzitetu Concordia u Montrealu. Za knjigu &#8220;Nasilje kao generativna sila&#8221; dobio je, kako je saop\u0161teno iz Buybooka, nagradu Joseph Rothschild koju Institut Harriman Univerziteta Columbia dodjeljuje za izuzetnu knjigu o Rusiji, Ukrajini, podru\u010dju Kavkaza, Srednjoj Aziji\/Turskoj, Srednjoj Evropi i Balkanu, u kojoj je posebna pa\u017enja posve\u0107ena pitanjima etniciteta i\/ili nacionalizma. Ameri\u010dko historijsko dru\u0161tvo proglasilo ju je 2017. godine najboljim prvencem iz evropske historije od 1815. godine do kraja 20. stolje\u0107a, dodijeliv\u0161i Bergholzu nagradu Herbert Baxter Adams, jednu od najva\u017enijih nagrada na engleskom govornom podru\u010dju iz oblasti evropske historije.<\/p>\n<p>&nbsp;<\/p>\n<p>Tokom dva zastra\u0161uju\u0107a dana po\u010detkom septembra 1941. godine \u017eivote blizu dvije hiljade mu\u0161karaca, \u017eena i djece divlja\u010dki su oduzele njihove kom\u0161ije u Kulen-Vakufu, maloj ruralnoj zajednici na dana\u0161njoj granici izme\u0111u sjeverozapadne Bosne i Hrvatske. To bezumlje \u2013 u kojem su \u017ertve kasapljene poljoprivrednim alatkama, utapane u rijeci i bacane u duboke okomite jame \u2013 bilo je vrhunac lanca lokalnih pokolja koji su zapo\u010deli ranije tog ljeta. U knjizi Nasilje kao generativna sila Max Bergholz kazuje nam pri\u010du o naprasnom i zbunjuju\u0107em potonu\u0107u ove neko\u0107 mirne multietni\u010dke zajednice u ekstremno nasilje. Ova dubinski istra\u017eena mikrohistorija pru\u017ea nam provokativne uvide u pitanja od globalnog zna\u010daja: \u0160ta izaziva nasilje me\u0111u zajednicama? Kako takvo nasilje me\u0111u kom\u0161ijama utje\u010de na njihove identitete i odnose?<\/p>\n<p>&nbsp;<\/p>\n<p>Nasuprot \u0161iroko rasprostranjenom gledi\u0161tu po kojem nacionalizam vodi u nasilje, Bergholz otkriva kako prevrati koje izazove lokalno ubijanje stvaraju dramati\u010dno nove percepcije etniciteta \u2013 sebe samoga, pretpostavljene \u201cbra\u0107e\u201c i onih koje se percipira kao \u201cdruge\u201c. Kao posljedica, to nasilje je stvorilo nove zajednice, nove oblike i konfiguracije mo\u0107i te nove prakse nacionalizma. Historiju ove zajednice obilje\u017eila je ta neo\u010dekivana eksplozija lokalnog, od nekolicine ljudi po\u010dinjenog nasilja, koje je funkcioniralo kao generativna sila u transformiranju identiteta, odnosa i \u017eivota mnogih. Pri\u010da o ovoj uveliko nepoznatoj balkanskoj zajednici 1941. godine pru\u017ea nam mo\u0107no sredstvo za ponovno promi\u0161ljanje temeljnih pretpostavki o me\u0111usobnim odnosima izme\u0111u etniciteta, nacionalizma i nasilja kako tokom Drugog svjetskog rata tako i \u0161ire, diljem svijeta.<\/p>\n<p>&nbsp;<\/p>\n<p>Knjiga Nasilje kao generativna sila objavljena je u Buybookovom izdanju u jesen 2018. i uvr\u0161tena je u biblioteku Memorija, u okviru koje je do sada objavljeno nekoliko zna\u010dajnih naslova: Deveta vrata pakla Rezaka Hukanovi\u0107a, Krv realpolitike Florence Hartmann, Na Drini genocid Edine Be\u0107irevi\u0107, Krvnikov trag Juliana Borgera, Rat je mrtav, \u017eivio rat Eda Vulliamyja itd.<\/p>\n<p>&nbsp;<\/p>\n<p>\u201cNasilje kao generativna sila historiografska je sinteza, izvanredna historiografska proza, ispripovijedana kao narativni tekst, ali i sociolo\u0161ka i antropolo\u0161ka studija. [\u2026] Knjigu kakvu je napisao Max Bergholz nismo dosad \u010ditali. Ovaj se \u010ditatelj ne sje\u0107a kada je \u010ditao ne\u0161to \u0161to mu je nanijelo takvu muku i skoro fizi\u010dku bol. Knjiga bi, kada bi je slu\u010dajno \u010ditali i kada ni\u0161ta u njoj ne bi preskakali, izazvala silan gnjev me\u0111u hrvatskim, srpskim i bo\u0161nja\u010dkim nacionalistima, kao i me\u0111u zastupnicima moralne intaktnosti ustanka iz 1941, te one napu\u0161tene i prezrene povijesne istine iz socijalisti\u010dkih vremena. Zapravo je nevjerojatno koliko nam je neprihvatljiva ova velika, mo\u017eda i iskupljuju\u0107a knjiga\u201d, napisao je o Bergholzovoj knjizi Miljenko Jergovi\u0107.<\/p>\n<p>&nbsp;<\/p>\n<p>Dok Mark Thompson povodom ove knjige isti\u010de: \u201cNasilje na Balkanu je previ\u0161e opisano, a premalo obja\u0161njeno. Snagom fenomenalnog istra\u017eivanja, \u017eive rekonstrukcije i pedantne analize, Max Bergholz nam razotkriva istinu o me\u0111uetni\u010dkom ubijanju u jednom bosanskom gradi\u0107u tokom 1941. godine. Istovremeno i nepristrasno i strasno i duboko odgovorno, njegovo istra\u017eivanje dokazuje da ekstremno nasilje ima transformativnu mo\u0107 da stvori identitet. Ova izvrsna i prosvjetljuju\u0107a knjiga zaslu\u017euje da do\u0111e do naj\u0161ireg kruga \u010ditalaca.\u201c<\/p>\n<p>&nbsp;<\/p>\n<p>Izvor: <a href=\"https:\/\/www.oslobodjenje.ba\/o2\/kultura\/promocija-knjige-maxa-bergholza-nasilje-kao-generativna-sila-454086\">https:\/\/www.oslobodjenje.ba\/o2\/kultura\/promocija-knjige-maxa-bergholza-nasilje-kao-generativna-sila-454086<\/a><\/p>\n<p>&nbsp;<\/p>\n<p>&nbsp;<\/p>\n<p>&nbsp;<\/p>\n","protected":false},"excerpt":{"rendered":"","protected":false},"author":2,"featured_media":14709,"comment_status":"open","ping_status":"open","sticky":false,"template":"","format":"standard","meta":{"_acf_changed":false,"jetpack_post_was_ever_published":false,"_jetpack_newsletter_access":"","_jetpack_dont_email_post_to_subs":false,"_jetpack_newsletter_tier_id":0,"_jetpack_memberships_contains_paywalled_content":false,"_jetpack_memberships_contains_paid_content":false,"footnotes":"","jetpack_publicize_message":"","jetpack_publicize_feature_enabled":true,"jetpack_social_post_already_shared":true,"jetpack_social_options":{"image_generator_settings":{"template":"highway","default_image_id":0,"font":"","enabled":false},"version":2}},"categories":[3],"tags":[],"class_list":["post-14708","post","type-post","status-publish","format-standard","has-post-thumbnail","hentry","category-novosti"],"acf":{"facebook_opis":""},"jetpack_publicize_connections":[],"jetpack_featured_media_url":"https:\/\/i0.wp.com\/historiografija.hr\/wp-content\/uploads\/2019\/05\/Max-Bergholz.png?fit=225%2C225&ssl=1","jetpack_sharing_enabled":true,"jetpack-related-posts":[{"id":52528,"url":"https:\/\/historiografija.hr\/?p=52528","url_meta":{"origin":14708,"position":0},"title":"[Promocija knjige] Banja Luka u ratu: Etnopolitika i svakodnevica (1990\u20131995) (ActiveLab, YugoLab)","author":"Branimir Jankovi\u0107","date":"17. travnja 2026.","format":false,"excerpt":"Institut za filozofiju i dru\u0161tvenu teoriju i O\u0161tra Nula organizuju promociju knjige Banja Luka u ratu: Etnopolitika i svakodnevica (1990\u20131995) autorke Armine Galija\u0161, koja \u0107e se odr\u017eati 20. aprila 2026. u 12.00 sati u prostorijama Instituta (Kraljice Natalije 45, Beograd). Re\u010d je o prvom nau\u010dno utemeljenom i sistematskom radu koji\u2026","rel":"","context":"U &quot;Novosti&quot;","block_context":{"text":"Novosti","link":"https:\/\/historiografija.hr\/?cat=3"},"img":{"alt_text":"","src":"https:\/\/i0.wp.com\/historiografija.hr\/wp-content\/uploads\/2026\/04\/20-april-RS.jpg?fit=1200%2C675&ssl=1&resize=350%2C200","width":350,"height":200,"srcset":"https:\/\/i0.wp.com\/historiografija.hr\/wp-content\/uploads\/2026\/04\/20-april-RS.jpg?fit=1200%2C675&ssl=1&resize=350%2C200 1x, https:\/\/i0.wp.com\/historiografija.hr\/wp-content\/uploads\/2026\/04\/20-april-RS.jpg?fit=1200%2C675&ssl=1&resize=525%2C300 1.5x, https:\/\/i0.wp.com\/historiografija.hr\/wp-content\/uploads\/2026\/04\/20-april-RS.jpg?fit=1200%2C675&ssl=1&resize=700%2C400 2x, https:\/\/i0.wp.com\/historiografija.hr\/wp-content\/uploads\/2026\/04\/20-april-RS.jpg?fit=1200%2C675&ssl=1&resize=1050%2C600 3x"},"classes":[]},{"id":52651,"url":"https:\/\/historiografija.hr\/?p=52651","url_meta":{"origin":14708,"position":1},"title":"Promocija knjige Emira O. Filipovi\u0107a \u201cVite\u0161tvo u srednjovjekovnoj Bosni\u201d u Sarajevu","author":"Branimir Jankovi\u0107","date":"24. travnja 2026.","format":false,"excerpt":"Knji\u017eevni korner poziva na promociju knjige Emira O. Filipovi\u0107a \u201cVite\u0161tvo u srednjovjekovnoj Bosni\u201d koja \u0107e se odr\u017eati u srijedu, 29. aprila 2026. u 18 sati u Evropskoj ku\u0107i kulture i nacionalnih manjina (Austrijska ku\u0107a) u Sarajevu. Na promociji \u0107e govoriti Mirsad Sijari\u0107, Ema Mazrak i autor, a moderirat \u0107e Nikola\u2026","rel":"","context":"U &quot;Novosti&quot;","block_context":{"text":"Novosti","link":"https:\/\/historiografija.hr\/?cat=3"},"img":{"alt_text":"","src":"https:\/\/i0.wp.com\/historiografija.hr\/wp-content\/uploads\/2026\/04\/Vitestvo.jpg?fit=1080%2C565&ssl=1&resize=350%2C200","width":350,"height":200,"srcset":"https:\/\/i0.wp.com\/historiografija.hr\/wp-content\/uploads\/2026\/04\/Vitestvo.jpg?fit=1080%2C565&ssl=1&resize=350%2C200 1x, https:\/\/i0.wp.com\/historiografija.hr\/wp-content\/uploads\/2026\/04\/Vitestvo.jpg?fit=1080%2C565&ssl=1&resize=525%2C300 1.5x, https:\/\/i0.wp.com\/historiografija.hr\/wp-content\/uploads\/2026\/04\/Vitestvo.jpg?fit=1080%2C565&ssl=1&resize=700%2C400 2x, https:\/\/i0.wp.com\/historiografija.hr\/wp-content\/uploads\/2026\/04\/Vitestvo.jpg?fit=1080%2C565&ssl=1&resize=1050%2C600 3x"},"classes":[]},{"id":52675,"url":"https:\/\/historiografija.hr\/?p=52675","url_meta":{"origin":14708,"position":2},"title":"Predstavljanje knjige Luke Peji\u0107a &#8220;U taboru anarhista: \u017divot Ivana Zeppa&#8221; u Osijeku","author":"Branimir Jankovi\u0107","date":"27. travnja 2026.","format":false,"excerpt":"U \u010detvrtak, 30. travnja 2026.\u00a0u\u00a019.00 sati\u00a0u Klubu knji\u017eare Nova\u00a0(Trg Ante Star\u010devi\u0107a 4, Osijek) odr\u017eat \u0107e se predstavljanje nove knjige Luke Peji\u0107a U taboru anarhista: \u017divot Ivana Zeppa (DAF, 2025.). Uz autora o knjizi \u0107e govoriti recenzent i povjesni\u010dar Nikola Toma\u0161egovi\u0107 te povjesni\u010darka Ana Rajkovi\u0107 Peji\u0107. Razgovor \u0107e moderirati doktorandica\u00a0Valentina Kezi\u0107.\u2026","rel":"","context":"U &quot;Novosti&quot;","block_context":{"text":"Novosti","link":"https:\/\/historiografija.hr\/?cat=3"},"img":{"alt_text":"","src":"https:\/\/i0.wp.com\/historiografija.hr\/wp-content\/uploads\/2025\/11\/Pejic.jpg?fit=574%2C790&ssl=1&resize=350%2C200","width":350,"height":200,"srcset":"https:\/\/i0.wp.com\/historiografija.hr\/wp-content\/uploads\/2025\/11\/Pejic.jpg?fit=574%2C790&ssl=1&resize=350%2C200 1x, https:\/\/i0.wp.com\/historiografija.hr\/wp-content\/uploads\/2025\/11\/Pejic.jpg?fit=574%2C790&ssl=1&resize=525%2C300 1.5x"},"classes":[]},{"id":52592,"url":"https:\/\/historiografija.hr\/?p=52592","url_meta":{"origin":14708,"position":3},"title":"Predstavljanje knjige &#8220;Turska ku\u0107a u Rijeci&#8221; u Zagrebu","author":"Branimir Jankovi\u0107","date":"22. travnja 2026.","format":false,"excerpt":"U prostorijama Turskog kulturnog centra Yunus Emre u Zagrebu, u utorak 21. travnja 2026. godine, odr\u017eano je sve\u010dano predstavljanje dopunjenog izdanja knjige Turska ku\u0107a u Rijeci, u organizaciji Hrvatsko-turskog dru\u0161tva Rijeka i partnerstvu sa Skupinom prijateljstva Hrvatska-Turska Hrvatskog sabora, Veleposlanstvom Republike Turske u Republici Hrvatskoj te Turskim kulturnim centrom Yunus\u2026","rel":"","context":"U &quot;Novosti&quot;","block_context":{"text":"Novosti","link":"https:\/\/historiografija.hr\/?cat=3"},"img":{"alt_text":"","src":"https:\/\/i0.wp.com\/historiografija.hr\/wp-content\/uploads\/2026\/04\/Turska-kuca-ZG.jpg?fit=1200%2C800&ssl=1&resize=350%2C200","width":350,"height":200,"srcset":"https:\/\/i0.wp.com\/historiografija.hr\/wp-content\/uploads\/2026\/04\/Turska-kuca-ZG.jpg?fit=1200%2C800&ssl=1&resize=350%2C200 1x, https:\/\/i0.wp.com\/historiografija.hr\/wp-content\/uploads\/2026\/04\/Turska-kuca-ZG.jpg?fit=1200%2C800&ssl=1&resize=525%2C300 1.5x, https:\/\/i0.wp.com\/historiografija.hr\/wp-content\/uploads\/2026\/04\/Turska-kuca-ZG.jpg?fit=1200%2C800&ssl=1&resize=700%2C400 2x, https:\/\/i0.wp.com\/historiografija.hr\/wp-content\/uploads\/2026\/04\/Turska-kuca-ZG.jpg?fit=1200%2C800&ssl=1&resize=1050%2C600 3x"},"classes":[]},{"id":52520,"url":"https:\/\/historiografija.hr\/?p=52520","url_meta":{"origin":14708,"position":4},"title":"Predstavljanje knjige &#8220;Socialist Economics in Yugoslavia: A Critical History&#8221; u Zagrebu","author":"Branimir Jankovi\u0107","date":"17. travnja 2026.","format":false,"excerpt":"Pozivamo vas na predstavljanje knjige \"Socialist Economics in Yugoslavia: A Critical History\", autora Mislava \u00a0\u017ditka i Marka Grde\u0161i\u0107a (Routledge, 2026). Na predstavljanju \u0107e govoriti Branko Milanovi\u0107 (CUNY), Milica Uvali\u0107 (EUI), Zdravko Petak (FPZG) te autori.\u00a0 Predstavljanje \u0107e se odr\u017eati u srijedu 22. travnja u 16:00 sati na Fakultetu politi\u010dkih znanosti\u2026","rel":"","context":"U &quot;Novosti&quot;","block_context":{"text":"Novosti","link":"https:\/\/historiografija.hr\/?cat=3"},"img":{"alt_text":"","src":"https:\/\/i0.wp.com\/historiografija.hr\/wp-content\/uploads\/2026\/04\/Poziv-na-predstavljanje.png?fit=800%2C652&ssl=1&resize=350%2C200","width":350,"height":200,"srcset":"https:\/\/i0.wp.com\/historiografija.hr\/wp-content\/uploads\/2026\/04\/Poziv-na-predstavljanje.png?fit=800%2C652&ssl=1&resize=350%2C200 1x, https:\/\/i0.wp.com\/historiografija.hr\/wp-content\/uploads\/2026\/04\/Poziv-na-predstavljanje.png?fit=800%2C652&ssl=1&resize=525%2C300 1.5x, https:\/\/i0.wp.com\/historiografija.hr\/wp-content\/uploads\/2026\/04\/Poziv-na-predstavljanje.png?fit=800%2C652&ssl=1&resize=700%2C400 2x"},"classes":[]},{"id":52733,"url":"https:\/\/historiografija.hr\/?p=52733","url_meta":{"origin":14708,"position":5},"title":"Vlado Raji\u0107 \u201eGranica na kraju stolje\u0107a\u201c","author":"Filip \u0160imunjak","date":"29. travnja 2026.","format":false,"excerpt":"U suizdanju Durieuxa i Beletre objavljena je 2025. godine knjiga Granica na kraju stolje\u0107a autora Vlade Raji\u0107a.\u00a0 O knjizi\u00a0 Romansirana biografija Vladimira Iblera mnogo je vi\u0161e od zanimljive pri\u010de o privatnom \u017eivotu i impresivnoj profesionalnoj karijeri istaknutog stru\u010dnjaka za me\u0111unarodno pravo i dugo\u00adgodi\u0161njeg profesora na zagreba\u010dkom Pravnom fakultetu, akademika, koji\u2026","rel":"","context":"U &quot;Knjige&quot;","block_context":{"text":"Knjige","link":"https:\/\/historiografija.hr\/?cat=8"},"img":{"alt_text":"","src":"https:\/\/i0.wp.com\/historiografija.hr\/wp-content\/uploads\/2026\/04\/VLADO-RAJIC-GRANICA-NA-KRAJU-STOLJECA.jpg?fit=450%2C650&ssl=1&resize=350%2C200","width":350,"height":200},"classes":[]}],"_links":{"self":[{"href":"https:\/\/historiografija.hr\/index.php?rest_route=\/wp\/v2\/posts\/14708","targetHints":{"allow":["GET"]}}],"collection":[{"href":"https:\/\/historiografija.hr\/index.php?rest_route=\/wp\/v2\/posts"}],"about":[{"href":"https:\/\/historiografija.hr\/index.php?rest_route=\/wp\/v2\/types\/post"}],"author":[{"embeddable":true,"href":"https:\/\/historiografija.hr\/index.php?rest_route=\/wp\/v2\/users\/2"}],"replies":[{"embeddable":true,"href":"https:\/\/historiografija.hr\/index.php?rest_route=%2Fwp%2Fv2%2Fcomments&post=14708"}],"version-history":[{"count":1,"href":"https:\/\/historiografija.hr\/index.php?rest_route=\/wp\/v2\/posts\/14708\/revisions"}],"predecessor-version":[{"id":14710,"href":"https:\/\/historiografija.hr\/index.php?rest_route=\/wp\/v2\/posts\/14708\/revisions\/14710"}],"wp:featuredmedia":[{"embeddable":true,"href":"https:\/\/historiografija.hr\/index.php?rest_route=\/wp\/v2\/media\/14709"}],"wp:attachment":[{"href":"https:\/\/historiografija.hr\/index.php?rest_route=%2Fwp%2Fv2%2Fmedia&parent=14708"}],"wp:term":[{"taxonomy":"category","embeddable":true,"href":"https:\/\/historiografija.hr\/index.php?rest_route=%2Fwp%2Fv2%2Fcategories&post=14708"},{"taxonomy":"post_tag","embeddable":true,"href":"https:\/\/historiografija.hr\/index.php?rest_route=%2Fwp%2Fv2%2Ftags&post=14708"}],"curies":[{"name":"wp","href":"https:\/\/api.w.org\/{rel}","templated":true}]}}