{"id":14627,"date":"2019-05-01T10:14:04","date_gmt":"2019-05-01T10:14:04","guid":{"rendered":"http:\/\/historiografija.hr\/?p=14627"},"modified":"2019-07-24T21:44:47","modified_gmt":"2019-07-24T21:44:47","slug":"richard-j-evans-eric-hobsbawm-a-life-in-history","status":"publish","type":"post","link":"https:\/\/historiografija.hr\/?p=14627","title":{"rendered":"Richard J. Evans, \u201cEric Hobsbawm: A Life in History\u201d"},"content":{"rendered":"<p>Povjesni\u010dar Richard J. Evans objavio je 2019. godine opse\u017enu biografiju jednog od najpoznatijih i najutjecajnijih svjetskih povjesni\u010dara Erica Hobsbawma koja je odmah izazvala iznimnu pozornost javnosti.<\/p>\n<p>&nbsp;<\/p>\n<p>&#8212;<\/p>\n<p>&nbsp;<\/p>\n<p><strong>Eric Hobsbawm<\/strong><\/p>\n<p><strong>\u00a0<\/strong><\/p>\n<p><strong>A Life in History<\/strong><\/p>\n<p>&nbsp;<\/p>\n<p>Richard J. Evans<\/p>\n<p>&nbsp;<\/p>\n<p>Oxford University Press<\/p>\n<p>Published: 2019<\/p>\n<p>800 Pages<\/p>\n<p>&nbsp;<\/p>\n<p><a href=\"https:\/\/global.oup.com\/academic\/product\/eric-hobsbawm-9780190459642?cc=us&amp;lang=en&amp;#\">https:\/\/global.oup.com\/academic\/product\/eric-hobsbawm-9780190459642?cc=us&amp;lang=en&amp;#<\/a><\/p>\n<p>&nbsp;<\/p>\n<p>The definitive biography of one of the world&#8217;s most famous and influential historians by another acclaimed historian<\/p>\n<p>Richard Evans has exclusive and unlimited access to the subject&#8217;s archives, including Hobsbawm&#8217;s previously unpublished diaries<\/p>\n<p>Sheds new insight into the history of Marxist thought and influence in the twentieth century<\/p>\n<p>&nbsp;<\/p>\n<p><strong>Description<\/strong><\/p>\n<p>Eric Hobsbawm&#8217;s works have had a nearly incalculable effect across generations of readers and students, influencing more than the practice of history but also the perception of it. Born in Alexandria, Egypt, of second-generation British parents, Hobsbawm was orphaned at age fourteen in 1931. Living with an uncle in Berlin, he experienced the full force of world economic depression, and in the charged reaction to it in Germany was forced to choose between Nazism and Communism, which was no choice at all. Hobsbawm&#8217;s lifelong allegiance to Communism inspired his pioneering work in social history, particularly the trilogy for which he is most famous&#8211;<em>The Age of Revolution<\/em>, <em>The Age of Capital<\/em>, and <em>The Age of Empire<\/em>&#8211;covering what he termed &#8220;the long nineteenth century&#8221; in Europe. Selling in the millions of copies, these held sway among generations of readers, some of whom went on to have prominent careers in politics and business.<\/p>\n<p>&nbsp;<\/p>\n<p>In this comprehensive biography of Hobsbawm, acclaimed historian Richard Evans (author of <em>The Third Reich Trilogy<\/em>, among other works) offers both a living portrait and vital insight into one of the most influential intellectual figures of the twentieth century. Using exclusive and unrestricted access to the unpublished material, Evans places Hobsbawm&#8217;s writings within their historical and political context. Hobsbawm&#8217;s Marxism made him a controversial figure but also, uniquely and universally, someone who commanded respect even among those who did not share-or who even outright rejected-his political beliefs. <em>Eric Hobsbawm: A Life in History<\/em> gives us one of the 20th century&#8217;s most colorful and intellectually compelling figures. It is an intellectual life of the century itself.<\/p>\n<p>&nbsp;<\/p>\n<p><strong>Table of Contents<\/strong><\/p>\n<p>Preface<\/p>\n<p>Chapter 1: &#8216;The English Boy&#8217; 1917-1933<\/p>\n<p>Chapter 2: &#8216;Ugly as Sin, but a Mind&#8217; 1933-1936<\/p>\n<p>Chapter 3: &#8216;A Freshman who Knows Everything&#8217; 1936-1939<\/p>\n<p>Chapter 4: &#8216;A Left-Wing Intellectual in the British Army&#8217; 1939-1946<\/p>\n<p>Chapter 5: &#8216;Outsider in the Movement&#8217; 1946-1954<\/p>\n<p>Chapter 6: &#8216;A Dangerous Character&#8217; 1954-1962<\/p>\n<p>Chapter 7: &#8216;Paperback Writer&#8217; 1962-1975<\/p>\n<p>Chapter 8: &#8216;Intellectual Guru&#8217; 1975-1987<\/p>\n<p>Chapter 9: &#8216;Jeremiah&#8217; 1987-1999<\/p>\n<p>Chapter 10: &#8216;National Treasure&#8217; 1999-2012<\/p>\n<p>Conclusion<\/p>\n<p>&nbsp;<\/p>\n<p><strong>Author Information<\/strong><\/p>\n<p>Richard Evans was Regius Professor of history at Cambridge University and, until his retirement, President of Wolfson College. He is Provost of Gresham College in London, and was knighted for his service to scholarship in 2012.<\/p>\n<p>&nbsp;<\/p>\n<p>&#8212;<\/p>\n<p>&nbsp;<\/p>\n<p><strong>Odjeci (izbor)<\/strong><\/p>\n<p>&nbsp;<\/p>\n<p><a href=\"https:\/\/www.theguardian.com\/books\/2019\/feb\/15\/eric-hobsbawm-life-in-history-richard-j-evans-review\">https:\/\/www.theguardian.com\/books\/2019\/feb\/15\/eric-hobsbawm-life-in-history-richard-j-evans-review<\/a><\/p>\n<p>&nbsp;<\/p>\n<p><a href=\"https:\/\/www.theguardian.com\/books\/2019\/feb\/10\/eric-hobsbawm-life-in-history-richard-j-evans-review\">https:\/\/www.theguardian.com\/books\/2019\/feb\/10\/eric-hobsbawm-life-in-history-richard-j-evans-review<\/a><\/p>\n<p>&nbsp;<\/p>\n<p><a href=\"https:\/\/www.independent.co.uk\/arts-entertainment\/books\/reviews\/eric-hobsbawm-a-life-in-history-review-book-biography-historian-a8767866.html\">https:\/\/www.independent.co.uk\/arts-entertainment\/books\/reviews\/eric-hobsbawm-a-life-in-history-review-book-biography-historian-a8767866.html<\/a><\/p>\n<p>&nbsp;<\/p>\n<p><a href=\"https:\/\/www.thenation.com\/article\/eric-hobsbawm-many-lefts-richard-evans-book-review\/\">https:\/\/www.thenation.com\/article\/eric-hobsbawm-many-lefts-richard-evans-book-review\/<\/a><\/p>\n<p>&nbsp;<\/p>\n<p><a href=\"https:\/\/www.thenation.com\/article\/chronicling-the-age-of-hobsbawm-a-hobsbawm-communism-history-labour-party-richard-evans\/\">https:\/\/www.thenation.com\/article\/chronicling-the-age-of-hobsbawm-a-hobsbawm-communism-history-labour-party-richard-evans\/<\/a><\/p>\n<p>&nbsp;<\/p>\n<p><a href=\"https:\/\/newrepublic.com\/article\/153241\/eric-hobsbawm-awkward-embrace-establishment-life-history-book-review\">https:\/\/newrepublic.com\/article\/153241\/eric-hobsbawm-awkward-embrace-establishment-life-history-book-review<\/a><\/p>\n<p>&nbsp;<\/p>\n<p><a href=\"https:\/\/www.jacobinmag.com\/2019\/03\/eric-hobsbawm-historian-biography-communist-party\">https:\/\/www.jacobinmag.com\/2019\/03\/eric-hobsbawm-historian-biography-communist-party<\/a><\/p>\n<p>&nbsp;<\/p>\n<p><a href=\"https:\/\/literaryreview.co.uk\/no-apologies\">https:\/\/literaryreview.co.uk\/no-apologies<\/a><\/p>\n<p>&nbsp;<\/p>\n<p><a href=\"https:\/\/www.lrb.co.uk\/v41\/n08\/susan-pedersen\/i-want-to-love-it\">https:\/\/www.lrb.co.uk\/v41\/n08\/susan-pedersen\/i-want-to-love-it<\/a><\/p>\n<p>&nbsp;<\/p>\n<p><a href=\"https:\/\/www.standard.co.uk\/lifestyle\/books\/eric-hobsbawm-a-life-in-history-by-richard-j-evans-review-a4067006.html\">https:\/\/www.standard.co.uk\/lifestyle\/books\/eric-hobsbawm-a-life-in-history-by-richard-j-evans-review-a4067006.html<\/a><\/p>\n<p>&nbsp;<\/p>\n<p><a href=\"https:\/\/www.irishtimes.com\/culture\/books\/eric-hobsbawm-a-life-in-history-review-1.3804909\">https:\/\/www.irishtimes.com\/culture\/books\/eric-hobsbawm-a-life-in-history-review-1.3804909<\/a><\/p>\n<p>&nbsp;<\/p>\n<p><a href=\"https:\/\/www.spectator.co.uk\/2019\/02\/how-eric-hobsbawm-remained-a-lifelong-communist-despite-the-unpleasant-data\/\">https:\/\/www.spectator.co.uk\/2019\/02\/how-eric-hobsbawm-remained-a-lifelong-communist-despite-the-unpleasant-data\/<\/a><\/p>\n<p>&nbsp;<\/p>\n<p><a href=\"https:\/\/www.thejc.com\/culture\/books\/book-review-eric-hobsbawm-a-life-in-history-1.481462\">https:\/\/www.thejc.com\/culture\/books\/book-review-eric-hobsbawm-a-life-in-history-1.481462<\/a><\/p>\n<p>&nbsp;<\/p>\n<p><a href=\"https:\/\/www.thetimes.co.uk\/article\/review-eric-hobsbawm-a-life-in-history-by-richard-j-evans-on-the-wrong-side-of-history-fgzcccnmh\">https:\/\/www.thetimes.co.uk\/article\/review-eric-hobsbawm-a-life-in-history-by-richard-j-evans-on-the-wrong-side-of-history-fgzcccnmh<\/a><\/p>\n<p>&nbsp;<\/p>\n<p><a href=\"https:\/\/www.smh.com.au\/entertainment\/books\/eric-hobsbawm-review-richard-evans-life-of-the-historian-and-communist-20190408-h1da2v.html\">https:\/\/www.smh.com.au\/entertainment\/books\/eric-hobsbawm-review-richard-evans-life-of-the-historian-and-communist-20190408-h1da2v.html<\/a><\/p>\n<p>&nbsp;<\/p>\n<p><a href=\"https:\/\/www.ft.com\/content\/7cd0c6e2-22f6-11e9-b20d-5376ca5216eb\">https:\/\/www.ft.com\/content\/7cd0c6e2-22f6-11e9-b20d-5376ca5216eb<\/a><\/p>\n<p>&nbsp;<\/p>\n<p><a href=\"https:\/\/www.telegraph.co.uk\/books\/what-to-read\/does-britain-still-revere-unrepentantly-stalinist-historian\/\">https:\/\/www.telegraph.co.uk\/books\/what-to-read\/does-britain-still-revere-unrepentantly-stalinist-historian\/<\/a><\/p>\n<p>&nbsp;<\/p>\n<p><a href=\"https:\/\/morningstaronline.co.uk\/article\/c\/eric-hobsbawm-life-history-richard-j-evans\">https:\/\/morningstaronline.co.uk\/article\/c\/eric-hobsbawm-life-history-richard-j-evans<\/a><\/p>\n<p>&nbsp;<\/p>\n<p><a href=\"https:\/\/openlettersreview.com\/posts\/eric-hobsbawm-a-life-in-history-by-richard-j-evans\">https:\/\/openlettersreview.com\/posts\/eric-hobsbawm-a-life-in-history-by-richard-j-evans<\/a><\/p>\n<p>&nbsp;<\/p>\n<p><a href=\"https:\/\/www.scotsman.com\/arts-and-culture\/books\/book-review-eric-hobsbawm-a-life-in-history-by-richard-j-evans-1-4875319\">https:\/\/www.scotsman.com\/arts-and-culture\/books\/book-review-eric-hobsbawm-a-life-in-history-by-richard-j-evans-1-4875319<\/a><\/p>\n<p>&nbsp;<\/p>\n<p><a href=\"https:\/\/www.newstatesman.com\/culture\/books\/2019\/02\/contradictions-eric-hobsbawm\">https:\/\/www.newstatesman.com\/culture\/books\/2019\/02\/contradictions-eric-hobsbawm<\/a><\/p>\n<p>&nbsp;<\/p>\n<p><a href=\"https:\/\/www.3quarksdaily.com\/3quarksdaily\/2019\/04\/rebel-with-many-causes-review-of-eric-hobsbawm-a-life-in-history.html\">https:\/\/www.3quarksdaily.com\/3quarksdaily\/2019\/04\/rebel-with-many-causes-review-of-eric-hobsbawm-a-life-in-history.html<\/a><\/p>\n<p>&nbsp;<\/p>\n<p><a href=\"http:\/\/camdennewjournal.com\/article\/multifaceted-past-master\">http:\/\/camdennewjournal.com\/article\/multifaceted-past-master<\/a><\/p>\n<p>&nbsp;<\/p>\n<p>&#8212;<\/p>\n<p><strong>\u00a0<\/strong><\/p>\n<p><strong>Tizian Raspor<\/strong><\/p>\n<p>&nbsp;<\/p>\n<blockquote class=\"wp-embedded-content\" data-secret=\"qLJZ7tLw5d\"><p><a href=\"https:\/\/povcast.hr\/nasljede-povjesnicara-erica-hobsbawma\/\">Prodao je vi\u0161e od milijun knjiga &#8211; Eric Hobsbawm (1917.-2012.)<\/a><\/p><\/blockquote>\n<p><iframe loading=\"lazy\" class=\"wp-embedded-content\" sandbox=\"allow-scripts\" security=\"restricted\" style=\"position: absolute; clip: rect(1px, 1px, 1px, 1px);\" src=\"https:\/\/povcast.hr\/nasljede-povjesnicara-erica-hobsbawma\/embed\/#?secret=qLJZ7tLw5d\" data-secret=\"qLJZ7tLw5d\" width=\"600\" height=\"338\" title=\"&#8220;Prodao je vi\u0161e od milijun knjiga &#8211; Eric Hobsbawm (1917.-2012.)&#8221; &#8212; Povcast.hr\" frameborder=\"0\" marginwidth=\"0\" marginheight=\"0\" scrolling=\"no\"><\/iframe><\/p>\n<p>&nbsp;<\/p>\n<blockquote class=\"wp-embedded-content\" data-secret=\"cgVgzeGRoW\"><p><a href=\"https:\/\/pescanik.net\/dvadeseti-vek-erica-hobsbawma\/\">Dvadeseti vek Erica Hobsbawma<\/a><\/p><\/blockquote>\n<p><iframe loading=\"lazy\" class=\"wp-embedded-content\" sandbox=\"allow-scripts\" security=\"restricted\" style=\"position: absolute; clip: rect(1px, 1px, 1px, 1px);\" src=\"https:\/\/pescanik.net\/dvadeseti-vek-erica-hobsbawma\/embed\/#?secret=cgVgzeGRoW\" data-secret=\"cgVgzeGRoW\" width=\"600\" height=\"338\" title=\"&#8220;Dvadeseti vek Erica Hobsbawma&#8221; &#8212; Pe\u0161\u010danik\" frameborder=\"0\" marginwidth=\"0\" marginheight=\"0\" scrolling=\"no\"><\/iframe><\/p>\n<p>&nbsp;<\/p>\n<blockquote class=\"wp-embedded-content\" data-secret=\"T9Rng2IwNo\"><p><a href=\"https:\/\/historiografija.hr\/?p=15524\">Marino Badurina &#8211; Gerilski povjesni\u010dar i nacionalno blago: povodom knjige Richarda J. Evansa, &#8220;Eric Hobsbawm: A Life in History&#8221;, 2019.<\/a><\/p><\/blockquote>\n<p><iframe loading=\"lazy\" class=\"wp-embedded-content\" sandbox=\"allow-scripts\" security=\"restricted\" style=\"position: absolute; clip: rect(1px, 1px, 1px, 1px);\" title=\"&#8220;Marino Badurina &#8211; Gerilski povjesni\u010dar i nacionalno blago: povodom knjige Richarda J. Evansa, &#8220;Eric Hobsbawm: A Life in History&#8221;, 2019.&#8221; &#8212; Historiografija.hr\" src=\"https:\/\/historiografija.hr\/?p=15524&#038;embed=true#?secret=T9Rng2IwNo\" data-secret=\"T9Rng2IwNo\" width=\"600\" height=\"338\" frameborder=\"0\" marginwidth=\"0\" marginheight=\"0\" scrolling=\"no\"><\/iframe><\/p>\n<p>&nbsp;<\/p>\n<p>&nbsp;<\/p>\n","protected":false},"excerpt":{"rendered":"","protected":false},"author":2,"featured_media":14628,"comment_status":"open","ping_status":"open","sticky":false,"template":"","format":"standard","meta":{"_acf_changed":false,"jetpack_post_was_ever_published":false,"_jetpack_newsletter_access":"","_jetpack_dont_email_post_to_subs":false,"_jetpack_newsletter_tier_id":0,"_jetpack_memberships_contains_paywalled_content":false,"_jetpack_memberships_contains_paid_content":false,"footnotes":"","jetpack_publicize_message":"","jetpack_publicize_feature_enabled":true,"jetpack_social_post_already_shared":true,"jetpack_social_options":{"image_generator_settings":{"template":"highway","default_image_id":0,"font":"","enabled":false},"version":2}},"categories":[8,3],"tags":[],"class_list":["post-14627","post","type-post","status-publish","format-standard","has-post-thumbnail","hentry","category-knjige","category-novosti"],"acf":{"facebook_opis":""},"jetpack_publicize_connections":[],"jetpack_featured_media_url":"https:\/\/i0.wp.com\/historiografija.hr\/wp-content\/uploads\/2019\/05\/Hobsbawm.jpg?fit=362%2C550&ssl=1","jetpack_sharing_enabled":true,"jetpack-related-posts":[{"id":52586,"url":"https:\/\/historiografija.hr\/?p=52586","url_meta":{"origin":14627,"position":0},"title":"Aur\u00e9lie Daher, \u201eHezbollah: Mobilisation and Power\u201c","author":"Branimir Jankovi\u0107","date":"22. travnja 2026.","format":false,"excerpt":"Morning Star \u2018Book of the Year\u2019 Social movement, liberation party or terrorist group? With Hezbollah\u2019s growing involvement in the war in Syria, this study of its impact on Lebanon, drawing heavily on first-hand interviews, could not be more timely. Description Almost forty years after its foundation, Hezbollah remains an enigma.\u2026","rel":"","context":"U &quot;Knjige&quot;","block_context":{"text":"Knjige","link":"https:\/\/historiografija.hr\/?cat=8"},"img":{"alt_text":"","src":"https:\/\/i0.wp.com\/historiografija.hr\/wp-content\/uploads\/2026\/04\/Daher-Hezbollah.jpg?fit=600%2C931&ssl=1&resize=350%2C200","width":350,"height":200,"srcset":"https:\/\/i0.wp.com\/historiografija.hr\/wp-content\/uploads\/2026\/04\/Daher-Hezbollah.jpg?fit=600%2C931&ssl=1&resize=350%2C200 1x, https:\/\/i0.wp.com\/historiografija.hr\/wp-content\/uploads\/2026\/04\/Daher-Hezbollah.jpg?fit=600%2C931&ssl=1&resize=525%2C300 1.5x"},"classes":[]},{"id":52520,"url":"https:\/\/historiografija.hr\/?p=52520","url_meta":{"origin":14627,"position":1},"title":"Predstavljanje knjige &#8220;Socialist Economics in Yugoslavia: A Critical History&#8221; u Zagrebu","author":"Branimir Jankovi\u0107","date":"17. travnja 2026.","format":false,"excerpt":"Pozivamo vas na predstavljanje knjige \"Socialist Economics in Yugoslavia: A Critical History\", autora Mislava \u00a0\u017ditka i Marka Grde\u0161i\u0107a (Routledge, 2026). Na predstavljanju \u0107e govoriti Branko Milanovi\u0107 (CUNY), Milica Uvali\u0107 (EUI), Zdravko Petak (FPZG) te autori.\u00a0 Predstavljanje \u0107e se odr\u017eati u srijedu 22. travnja u 16:00 sati na Fakultetu politi\u010dkih znanosti\u2026","rel":"","context":"U &quot;Novosti&quot;","block_context":{"text":"Novosti","link":"https:\/\/historiografija.hr\/?cat=3"},"img":{"alt_text":"","src":"https:\/\/i0.wp.com\/historiografija.hr\/wp-content\/uploads\/2026\/04\/Poziv-na-predstavljanje.png?fit=800%2C652&ssl=1&resize=350%2C200","width":350,"height":200,"srcset":"https:\/\/i0.wp.com\/historiografija.hr\/wp-content\/uploads\/2026\/04\/Poziv-na-predstavljanje.png?fit=800%2C652&ssl=1&resize=350%2C200 1x, https:\/\/i0.wp.com\/historiografija.hr\/wp-content\/uploads\/2026\/04\/Poziv-na-predstavljanje.png?fit=800%2C652&ssl=1&resize=525%2C300 1.5x, https:\/\/i0.wp.com\/historiografija.hr\/wp-content\/uploads\/2026\/04\/Poziv-na-predstavljanje.png?fit=800%2C652&ssl=1&resize=700%2C400 2x"},"classes":[]},{"id":52664,"url":"https:\/\/historiografija.hr\/?p=52664","url_meta":{"origin":14627,"position":2},"title":"CfP: CONFERENCE OF THE HISTORY OF CONCEPTS GROUP, HELSINKI, 19TH\u201321ST AUGUST 2026 (DEADLINE: 30TH APRIL 2026)","author":"Branimir Jankovi\u0107","date":"24. travnja 2026.","format":false,"excerpt":"The annual conference of the History of Concepts Group is held at the University of Helsinki, 19-21 August 2026. Conference of the History of Concepts Group Conceptual history studies the use of concepts and tries to understand how historical actors have linguistically articulated views of the world. Studying concepts from\u2026","rel":"","context":"U &quot;Novosti&quot;","block_context":{"text":"Novosti","link":"https:\/\/historiografija.hr\/?cat=3"},"img":{"alt_text":"","src":"https:\/\/i0.wp.com\/historiografija.hr\/wp-content\/uploads\/2017\/10\/hsozkult.png?fit=1006%2C241&ssl=1&resize=350%2C200","width":350,"height":200,"srcset":"https:\/\/i0.wp.com\/historiografija.hr\/wp-content\/uploads\/2017\/10\/hsozkult.png?fit=1006%2C241&ssl=1&resize=350%2C200 1x, https:\/\/i0.wp.com\/historiografija.hr\/wp-content\/uploads\/2017\/10\/hsozkult.png?fit=1006%2C241&ssl=1&resize=525%2C300 1.5x, https:\/\/i0.wp.com\/historiografija.hr\/wp-content\/uploads\/2017\/10\/hsozkult.png?fit=1006%2C241&ssl=1&resize=700%2C400 2x"},"classes":[]},{"id":52516,"url":"https:\/\/historiografija.hr\/?p=52516","url_meta":{"origin":14627,"position":3},"title":"Marko Grde\u0161i\u0107, Mislav \u017ditko, \u201eSocialist Economics in Yugoslavia: A Critical History\u201c","author":"Branimir Jankovi\u0107","date":"17. travnja 2026.","format":false,"excerpt":"This book presents a critical history of Yugoslav socialist economics, from its inception in the late 1940s to its dissolution in the late 1980s. After the dramatic break with the Soviet Union in 1948, Yugoslavia found itself in urgent need of a third way: A socialist trajectory which would not\u2026","rel":"","context":"U &quot;Knjige&quot;","block_context":{"text":"Knjige","link":"https:\/\/historiografija.hr\/?cat=8"},"img":{"alt_text":"","src":"https:\/\/i0.wp.com\/historiografija.hr\/wp-content\/uploads\/2026\/04\/Zitko_Grdesic.jpg?fit=350%2C535&ssl=1&resize=350%2C200","width":350,"height":200},"classes":[]},{"id":52531,"url":"https:\/\/historiografija.hr\/?p=52531","url_meta":{"origin":14627,"position":4},"title":"Jonathan G. Leslie, \u201eFear and Insecurity: Israel and the Iran Threat Narrative\u201c","author":"Branimir Jankovi\u0107","date":"17. travnja 2026.","format":false,"excerpt":"Why is Israel\u2019s former ally Iran now perceived as the country\u2019s greatest threat? Description To observers of the Iran-Israel conflict, its vitriolic rhetoric might suggest an ancient hatred between Jews and Muslims\u2013a biblical feud dating back hundreds, or thousands, of years. But this rivalry is a far more modern development.\u2026","rel":"","context":"U &quot;Knjige&quot;","block_context":{"text":"Knjige","link":"https:\/\/historiografija.hr\/?cat=8"},"img":{"alt_text":"","src":"https:\/\/i0.wp.com\/historiografija.hr\/wp-content\/uploads\/2026\/04\/Leslie.jpg?fit=391%2C612&ssl=1&resize=350%2C200","width":350,"height":200},"classes":[]},{"id":52641,"url":"https:\/\/historiografija.hr\/?p=52641","url_meta":{"origin":14627,"position":5},"title":"CfP: WHO OWNS THE PAST? VERNACULAR MEMORY, STATE MEMORY, AND THE POLITICS OF OWNERSHIP","author":"Branimir Jankovi\u0107","date":"24. travnja 2026.","format":false,"excerpt":"VIENNA, 31ST AUGUST\u20133RD SEPTEMBER 2026 (DEADLINE: 24TH APRIL 2026) The Center for Austrian Studies at the European Forum at the Hebrew University and the Austrian Academy of Sciences\/Institute of Culture Studies invite early postdocs, PhD candidates, and advanced Master\u2019s students from the Hebrew University of Jerusalem and universities and academic\u2026","rel":"","context":"U &quot;Novosti&quot;","block_context":{"text":"Novosti","link":"https:\/\/historiografija.hr\/?cat=3"},"img":{"alt_text":"","src":"https:\/\/i0.wp.com\/historiografija.hr\/wp-content\/uploads\/2017\/10\/hsozkult.png?fit=1006%2C241&ssl=1&resize=350%2C200","width":350,"height":200,"srcset":"https:\/\/i0.wp.com\/historiografija.hr\/wp-content\/uploads\/2017\/10\/hsozkult.png?fit=1006%2C241&ssl=1&resize=350%2C200 1x, https:\/\/i0.wp.com\/historiografija.hr\/wp-content\/uploads\/2017\/10\/hsozkult.png?fit=1006%2C241&ssl=1&resize=525%2C300 1.5x, https:\/\/i0.wp.com\/historiografija.hr\/wp-content\/uploads\/2017\/10\/hsozkult.png?fit=1006%2C241&ssl=1&resize=700%2C400 2x"},"classes":[]}],"_links":{"self":[{"href":"https:\/\/historiografija.hr\/index.php?rest_route=\/wp\/v2\/posts\/14627","targetHints":{"allow":["GET"]}}],"collection":[{"href":"https:\/\/historiografija.hr\/index.php?rest_route=\/wp\/v2\/posts"}],"about":[{"href":"https:\/\/historiografija.hr\/index.php?rest_route=\/wp\/v2\/types\/post"}],"author":[{"embeddable":true,"href":"https:\/\/historiografija.hr\/index.php?rest_route=\/wp\/v2\/users\/2"}],"replies":[{"embeddable":true,"href":"https:\/\/historiografija.hr\/index.php?rest_route=%2Fwp%2Fv2%2Fcomments&post=14627"}],"version-history":[{"count":4,"href":"https:\/\/historiografija.hr\/index.php?rest_route=\/wp\/v2\/posts\/14627\/revisions"}],"predecessor-version":[{"id":15792,"href":"https:\/\/historiografija.hr\/index.php?rest_route=\/wp\/v2\/posts\/14627\/revisions\/15792"}],"wp:featuredmedia":[{"embeddable":true,"href":"https:\/\/historiografija.hr\/index.php?rest_route=\/wp\/v2\/media\/14628"}],"wp:attachment":[{"href":"https:\/\/historiografija.hr\/index.php?rest_route=%2Fwp%2Fv2%2Fmedia&parent=14627"}],"wp:term":[{"taxonomy":"category","embeddable":true,"href":"https:\/\/historiografija.hr\/index.php?rest_route=%2Fwp%2Fv2%2Fcategories&post=14627"},{"taxonomy":"post_tag","embeddable":true,"href":"https:\/\/historiografija.hr\/index.php?rest_route=%2Fwp%2Fv2%2Ftags&post=14627"}],"curies":[{"name":"wp","href":"https:\/\/api.w.org\/{rel}","templated":true}]}}