{"id":14559,"date":"2019-04-26T11:12:19","date_gmt":"2019-04-26T11:12:19","guid":{"rendered":"http:\/\/historiografija.hr\/?p=14559"},"modified":"2019-04-26T11:17:55","modified_gmt":"2019-04-26T11:17:55","slug":"pocinje-nova-sezona-dokumentarnog-serijala-betonski-spavaci","status":"publish","type":"post","link":"https:\/\/historiografija.hr\/?p=14559","title":{"rendered":"Po\u010dinje nova sezona dokumentarnog serijala &#8216;Betonski spava\u010di&#8217;"},"content":{"rendered":"<p>U nedjelju, 28. travnja na Prvom programu Hrvatske radiotelevizije od 20.40 sati kre\u0107e druga sezona dokumentarnog serijala &#8216;Betonski spava\u010di&#8217; koja gradi pri\u010du oko moderne arhitekture u Hrvatskoj i prostoru biv\u0161e Jugoslavije. Seriju je re\u017eirao Sa\u0161a Ban, scenarij uz njega supotpisuju Maroje Mrdulja\u0161 i Nevenka Sabli\u0107, a seriju je za HRT proizveo Hulahop. Razvoj serije potpomognut je sredstvima Hrvatskog audiovizualnog centra.<\/p>\n<p>&nbsp;<\/p>\n<p>Dok je prva sezona prikazivala napu\u0161tene hotele na Jadranskoj obali, nova sezona <em>Betonskih spava\u010da <\/em>podnaslovljena &#8216;Nedovr\u0161ene modernizacije\u2019 prikazuje primjere vrhunske modernisti\u010dke arhitekture 60-ih i 70-ih godina pro\u0161log stolje\u0107a koja je svojim sadr\u017eajima, ali i prostornim koncepcijama, slu\u017eila emancipaciji gra\u0111ana, a, iako je priznata kao kulturno dobro, danas je prekrivena patinom nebrige i dru\u0161tveno-ekonomske nemo\u0107i da revitalizira velike gra\u0111evine i javno dobro tog vremena.<\/p>\n<p>&nbsp;<\/p>\n<p>Prva epizoda naslovljena \u2018Zagreba\u010dki velesajam, nesu\u0111eno sredi\u0161te grada\u2019 bavi se Velesajmom koji je bio va\u017ean dio urbanog identiteta Zagreba i mjesto prezentacije brojnih tehnolo\u0161kih dostignu\u0107a te modernih oblika i na\u010dina \u017eivota koji \u0107e tek djelomi\u010dno za\u017eivjeti u svakodnevici gra\u0111ana Zagreba, Hrvatske i Jugoslavije. Izgradnja Velesajma bila je prva velika graditeljska akcija na ju\u017enoj strani rijeke Save s vizionarskim projektom stvaranja velikog sredi\u0161ta Novog Zagreba. Ideja nije realizirana, a Zagreba\u010dki velesajam, za\u0161ti\u0107en kao kulturno dobro &#8211; s 561.000 \u010detvornih metara, 40 paviljona, 12 kilometara asfaltirane ceste i vlastitim vodocrpili\u0161tem &#8211; danas je u stanju polu\u017eivota: niti je napu\u0161tena industrijska zona niti je primjereno iskori\u0161ten.<\/p>\n<p>&nbsp;<\/p>\n<p>Druga epizoda, \u2018Ure\u0111aji emancipacije\u2019 bavi se arhitekturom koja postaje va\u017ean instrument poslijeratne obnove te se \u0161irom Jugoslavije grade multifunkcionalni centri &#8211; domovi kulture \u010dija je ideja bila povezivati edukaciju, kulturu, zabavu i politi\u010dki \u017eivot. Urbanisti\u010dke zamisli i akcije nastojale su transformirati provincijalne gradove u globalne metropole, a mala mjesta pribli\u017eiti tada suvremenim kretanjima. Posje\u0107ujemo nekada\u0161nje Radni\u010dko sveu\u010dili\u0161te Mo\u0161a Pijade u Zagrebu, domove kulture u Nik\u0161i\u0107u i Kola\u0161inu u Crnoj Gori te u Konjicu u BiH i biv\u0161i Dom JNA u Komi\u017ei na Visu. Je li njihov opstanak mogu\u0107 ili oni ostaju tek simbol velikih ambicija?<\/p>\n<p>&nbsp;<\/p>\n<p>U tre\u0107oj epizodi autori odlaze u Split, fascinantni primjer kontinuiteta urbane kulture od anti\u010dkih vremena do modernizma. Epizoda \u2018Split, izme\u0111u plana i kaosa\u2019 bavi se nedovr\u0161enim urbanisti\u010dkim fenomenom Splita 3, jednim od najnaprednijih modernisti\u010dkih naselja na svijetu izgra\u0111enog 1970-ih godina prema modernisti\u010dkim principima slobodnostoje\u0107ih gradova pod slovenskim timom Mu\u0161i\u010d-Be\u017ean-Starc. No, paralelno uz izgradnju skladno proporcioniranih zgrade Splita 3, ni\u010de i divlja stambena gradnja koja ga okru\u017euje. Planovi i deregulacija koegzistiraju, uzorna ure\u0111enost sudara se s totalnim kaosom, grad i njegova suprotnost. Suprotne se tendencije isprepli\u0107u, ali odre\u0111ena vremena donose dominaciju jedne od njih. Forma grada preslika je dru\u0161tva, a u ovoj epizodi se to i\u0161\u010ditava na fascinantnom primjeru splitskog arhitektonskog kola\u017ea.<\/p>\n<p>&nbsp;<\/p>\n<p>Posljednja epizoda serijala donosi pri\u010du iz Skoplja. \u2018Grad koji je bio premoderan\u2019 pri\u010da je o nedovr\u0161enoj modernizaciji grada koji nije bio spreman na modernizam. Nakon progla\u0161enja makedonske neovisnosti i organskog razvoja grada Skoplja, 1963. godine dolazi do traumatskog reza u procesu razvoja i modernizacije grada katastrofalnim potresom. Iste se godine organizira me\u0111unarodni natje\u010daj za centar grada na kojem pobje\u0111uje Kenzo Tange, rodo\u010delnik japanskog metabolisti\u010dkog pokreta u arhitekturi i posljednje avangarde koji s Isozakijem prvi put primjenjuje metabolisti\u010dke koncepte izvan Japana. Skoplje postaje globalni pokazni grad budu\u0107nosti i anticipira neke od koncepcija koje se tek danas ostvaruju, no ambiciozna ideja biva tek djelomi\u010dno realizirana. Ogoljena brutalisti\u010dka arhitektura ne\u017ebukanog betona, istovremeno arhai\u010dna i futuristi\u010dka ne radi kompromise, ve\u0107 gradi novi svijet &#8211; no radi li se o megalomanskom projektu nemogu\u0107em za \u017eivot? U epizodi se doti\u010du i aktualne makedonske politi\u010dke nomenklature u pothvatu preokretanja povijesti kroz gra\u0111enje &#8211; autenti\u010dni modernizam zamjenjuje la\u017eni barok koji reprezentira la\u017eno konstruirani nacionalni identitet.<\/p>\n<p>&nbsp;<\/p>\n<p>Scenaristi <em>Betonskih spava\u010da<\/em> su Sa\u0161a Ban, koji je ujedno i redatelj, Maroje Mrdulja\u0161 i Nevenka Sabli\u0107. Producentice su Miljenka \u010cogelja i Dana Budisavljevi\u0107. Snimatelj je Hrvoje Franji\u0107, a monta\u017eeri su Vanja Siru\u010dek i Nina Velni\u0107, dok je glazbu za serijal skladao Nenad Kova\u010di\u0107. Urednica serijala je Gordana Mr\u0111en, a za HRT ga je proizveo Hulahop d.o.o.<\/p>\n<p>&nbsp;<\/p>\n<p>Izvor: <a href=\"https:\/\/www.havc.hr\/infocentar\/novosti\/pocinje-nova-sezona-dokumentarnog-serijala-betonski-spavaci\">https:\/\/www.havc.hr\/infocentar\/novosti\/pocinje-nova-sezona-dokumentarnog-serijala-betonski-spavaci<\/a><\/p>\n<p>&nbsp;<\/p>\n<p>&nbsp;<\/p>\n<p>&nbsp;<\/p>\n","protected":false},"excerpt":{"rendered":"","protected":false},"author":2,"featured_media":14560,"comment_status":"open","ping_status":"open","sticky":false,"template":"","format":"standard","meta":{"_acf_changed":false,"jetpack_post_was_ever_published":false,"_jetpack_newsletter_access":"","_jetpack_dont_email_post_to_subs":false,"_jetpack_newsletter_tier_id":0,"_jetpack_memberships_contains_paywalled_content":false,"_jetpack_memberships_contains_paid_content":false,"footnotes":"","jetpack_publicize_message":"","jetpack_publicize_feature_enabled":true,"jetpack_social_post_already_shared":true,"jetpack_social_options":{"image_generator_settings":{"template":"highway","default_image_id":0,"font":"","enabled":false},"version":2}},"categories":[13,3],"tags":[],"class_list":["post-14559","post","type-post","status-publish","format-standard","has-post-thumbnail","hentry","category-filmovi-i-serije","category-novosti"],"acf":{"facebook_opis":""},"jetpack_publicize_connections":[],"jetpack_featured_media_url":"https:\/\/i0.wp.com\/historiografija.hr\/wp-content\/uploads\/2019\/04\/Betonski-spavaci.jpg?fit=700%2C400&ssl=1","jetpack_sharing_enabled":true,"jetpack-related-posts":[{"id":52505,"url":"https:\/\/historiografija.hr\/?p=52505","url_meta":{"origin":14559,"position":0},"title":"Izlo\u017eba &#8220;Eschenstock \/ Jasenov prut&#8221;","author":"Branimir Jankovi\u0107","date":"17. travnja 2026.","format":false,"excerpt":"Srpsko narodno vije\u0107e (SNV) i Vizura aperta postavljaju izlo\u017ebu \u0161vicarskog slikara Velimira Ili\u0161evi\u0107a: Eschenstock \/ Jasenov prut. Izlo\u017eba se uz prisustvo autora otvara povodom 81. godi\u0161njice proboja logora\u0161a iz usta\u0161kog logora smrti Jasenovac 22. aprila 2026. u 19 sati u Srpskom kulturnom centru (SKC) u Preradovi\u0107evoj ulici 21 u Zagrebu.\u2026","rel":"","context":"U &quot;Izlo\u017ebe&quot;","block_context":{"text":"Izlo\u017ebe","link":"https:\/\/historiografija.hr\/?cat=10"},"img":{"alt_text":"","src":"https:\/\/i0.wp.com\/historiografija.hr\/wp-content\/uploads\/2026\/04\/Jasenov_prut.jpg?fit=1024%2C640&ssl=1&resize=350%2C200","width":350,"height":200,"srcset":"https:\/\/i0.wp.com\/historiografija.hr\/wp-content\/uploads\/2026\/04\/Jasenov_prut.jpg?fit=1024%2C640&ssl=1&resize=350%2C200 1x, https:\/\/i0.wp.com\/historiografija.hr\/wp-content\/uploads\/2026\/04\/Jasenov_prut.jpg?fit=1024%2C640&ssl=1&resize=525%2C300 1.5x, https:\/\/i0.wp.com\/historiografija.hr\/wp-content\/uploads\/2026\/04\/Jasenov_prut.jpg?fit=1024%2C640&ssl=1&resize=700%2C400 2x"},"classes":[]},{"id":52704,"url":"https:\/\/historiografija.hr\/?p=52704","url_meta":{"origin":14559,"position":1},"title":"Predstavljanje knjige &#8220;Vladimir Vasiljevi\u0107: Moji do\u017eivljaji. Dnevni\u010dki zapisi iz Prvoga svjetskog rata i poratnoga vremena&#8221;","author":"Filip \u0160imunjak","date":"29. travnja 2026.","format":false,"excerpt":"Doga\u0111anja ovogodi\u0161njega Festivala povijesti Kliofest zapo\u010dinjemo ve\u0107 i prije samoga slu\u017ebenog otvaranja, predstavljanjem knjige \u201eMoji do\u017eivljaji. Dnevni\u010dki zapisi iz Prvoga svjetskog rata i poratnoga vremena\u201d Vladimira Vasiljevi\u0107a, koju su priredili Karlo Rukavina i Damir Agi\u010di\u0107. Pozivamo Vas na predstavljanje koje \u0107e se odr\u017eati u ponedjeljak 4. svibnja, s po\u010detkom u\u2026","rel":"","context":"U &quot;Knjige&quot;","block_context":{"text":"Knjige","link":"https:\/\/historiografija.hr\/?cat=8"},"img":{"alt_text":"","src":"https:\/\/i0.wp.com\/historiografija.hr\/wp-content\/uploads\/2026\/04\/Naslovna-V.-Vasiljevic.webp?fit=1200%2C600&ssl=1&resize=350%2C200","width":350,"height":200,"srcset":"https:\/\/i0.wp.com\/historiografija.hr\/wp-content\/uploads\/2026\/04\/Naslovna-V.-Vasiljevic.webp?fit=1200%2C600&ssl=1&resize=350%2C200 1x, https:\/\/i0.wp.com\/historiografija.hr\/wp-content\/uploads\/2026\/04\/Naslovna-V.-Vasiljevic.webp?fit=1200%2C600&ssl=1&resize=525%2C300 1.5x, https:\/\/i0.wp.com\/historiografija.hr\/wp-content\/uploads\/2026\/04\/Naslovna-V.-Vasiljevic.webp?fit=1200%2C600&ssl=1&resize=700%2C400 2x, https:\/\/i0.wp.com\/historiografija.hr\/wp-content\/uploads\/2026\/04\/Naslovna-V.-Vasiljevic.webp?fit=1200%2C600&ssl=1&resize=1050%2C600 3x"},"classes":[]},{"id":52547,"url":"https:\/\/historiografija.hr\/?p=52547","url_meta":{"origin":14559,"position":2},"title":"ISHA Zagreb \u2013 Filmska ve\u010der: Povratak Martina Guerrea","author":"Branimir Jankovi\u0107","date":"20. travnja 2026.","format":false,"excerpt":"Klub studenata povijesti \u2013 ISHA Zagreb poziva Vas na filmsku ve\u010der na kojoj \u0107e se prikazivati \u201ePovratak Martina Guerrea\u201c, povijesna drama iz 1982. godine s radnjom smje\u0161tenom u 16. stolje\u0107u. Radnja je utemeljena na stvarnoj povijesnoj li\u010dnosti Martina Guerrea koji se nakon mnogo godina izbivanja vra\u0107a u svoje rodno mjesto\u2026","rel":"","context":"U &quot;Filmovi i serije&quot;","block_context":{"text":"Filmovi i serije","link":"https:\/\/historiografija.hr\/?cat=13"},"img":{"alt_text":"","src":"https:\/\/i0.wp.com\/historiografija.hr\/wp-content\/uploads\/2026\/04\/M-Guerre.png?fit=702%2C1006&ssl=1&resize=350%2C200","width":350,"height":200,"srcset":"https:\/\/i0.wp.com\/historiografija.hr\/wp-content\/uploads\/2026\/04\/M-Guerre.png?fit=702%2C1006&ssl=1&resize=350%2C200 1x, https:\/\/i0.wp.com\/historiografija.hr\/wp-content\/uploads\/2026\/04\/M-Guerre.png?fit=702%2C1006&ssl=1&resize=525%2C300 1.5x, https:\/\/i0.wp.com\/historiografija.hr\/wp-content\/uploads\/2026\/04\/M-Guerre.png?fit=702%2C1006&ssl=1&resize=700%2C400 2x"},"classes":[]},{"id":52508,"url":"https:\/\/historiografija.hr\/?p=52508","url_meta":{"origin":14559,"position":3},"title":"Glazbena radionica \u201eDUGMETARA REVISITED\u201c","author":"Branimir Jankovi\u0107","date":"17. travnja 2026.","format":false,"excerpt":"DUGMETARA REVISITED glazbena radionica vodi: Ana Horvat 13., 20. i 27. travnja, od 18 do 20 sati Radiona, Nova cesta 186 Na tri radioni\u010dka susreta uranjamo u naslje\u0111e Dugmetare, biv\u0161e tvornice dugmadi na Savskoj cesti koja je po\u010detkom 2000-ih igrom slu\u010daja postala \u017eivo, jedinstveno mjesto glazbene proizvodnje. Svoje su probe\u2026","rel":"","context":"U &quot;Novosti&quot;","block_context":{"text":"Novosti","link":"https:\/\/historiografija.hr\/?cat=3"},"img":{"alt_text":"","src":"https:\/\/i0.wp.com\/historiografija.hr\/wp-content\/uploads\/2026\/04\/TRESNJA_TRESTI.jpg?fit=380%2C475&ssl=1&resize=350%2C200","width":350,"height":200},"classes":[]},{"id":52528,"url":"https:\/\/historiografija.hr\/?p=52528","url_meta":{"origin":14559,"position":4},"title":"[Promocija knjige] Banja Luka u ratu: Etnopolitika i svakodnevica (1990\u20131995) (ActiveLab, YugoLab)","author":"Branimir Jankovi\u0107","date":"17. travnja 2026.","format":false,"excerpt":"Institut za filozofiju i dru\u0161tvenu teoriju i O\u0161tra Nula organizuju promociju knjige Banja Luka u ratu: Etnopolitika i svakodnevica (1990\u20131995) autorke Armine Galija\u0161, koja \u0107e se odr\u017eati 20. aprila 2026. u 12.00 sati u prostorijama Instituta (Kraljice Natalije 45, Beograd). Re\u010d je o prvom nau\u010dno utemeljenom i sistematskom radu koji\u2026","rel":"","context":"U &quot;Novosti&quot;","block_context":{"text":"Novosti","link":"https:\/\/historiografija.hr\/?cat=3"},"img":{"alt_text":"","src":"https:\/\/i0.wp.com\/historiografija.hr\/wp-content\/uploads\/2026\/04\/20-april-RS.jpg?fit=1200%2C675&ssl=1&resize=350%2C200","width":350,"height":200,"srcset":"https:\/\/i0.wp.com\/historiografija.hr\/wp-content\/uploads\/2026\/04\/20-april-RS.jpg?fit=1200%2C675&ssl=1&resize=350%2C200 1x, https:\/\/i0.wp.com\/historiografija.hr\/wp-content\/uploads\/2026\/04\/20-april-RS.jpg?fit=1200%2C675&ssl=1&resize=525%2C300 1.5x, https:\/\/i0.wp.com\/historiografija.hr\/wp-content\/uploads\/2026\/04\/20-april-RS.jpg?fit=1200%2C675&ssl=1&resize=700%2C400 2x, https:\/\/i0.wp.com\/historiografija.hr\/wp-content\/uploads\/2026\/04\/20-april-RS.jpg?fit=1200%2C675&ssl=1&resize=1050%2C600 3x"},"classes":[]},{"id":52633,"url":"https:\/\/historiografija.hr\/?p=52633","url_meta":{"origin":14559,"position":5},"title":"POVIJEST TRE\u0160NJEVA\u010cKE GLAZBE: prikupljanje virtualnog fundusa Muzeja susjedstva Tre\u0161njevka","author":"Branimir Jankovi\u0107","date":"23. travnja 2026.","format":false,"excerpt":"utorak 28. 4. 2026. 14 - 18 h Nova BAZA, Nova cesta 66, Zagreb Prvi su dani ljeta 1957. godine. Bo\u017eica Kalafati\u0107 poha\u0111a drugi razred Osnovne \u0161kole Bratstvo i jedinstvo, danas kralja Tomislava, a ide i na muzi\u010dke satove u Mo\u0161\u0107eni\u010dkoj ulici. Na fotografiji s harmonikom u rukama stoji u\u2026","rel":"","context":"U &quot;Novosti&quot;","block_context":{"text":"Novosti","link":"https:\/\/historiografija.hr\/?cat=3"},"img":{"alt_text":"","src":"https:\/\/i0.wp.com\/historiografija.hr\/wp-content\/uploads\/2026\/04\/MST_prikupljanje.jpg?fit=380%2C475&ssl=1&resize=350%2C200","width":350,"height":200},"classes":[]}],"_links":{"self":[{"href":"https:\/\/historiografija.hr\/index.php?rest_route=\/wp\/v2\/posts\/14559","targetHints":{"allow":["GET"]}}],"collection":[{"href":"https:\/\/historiografija.hr\/index.php?rest_route=\/wp\/v2\/posts"}],"about":[{"href":"https:\/\/historiografija.hr\/index.php?rest_route=\/wp\/v2\/types\/post"}],"author":[{"embeddable":true,"href":"https:\/\/historiografija.hr\/index.php?rest_route=\/wp\/v2\/users\/2"}],"replies":[{"embeddable":true,"href":"https:\/\/historiografija.hr\/index.php?rest_route=%2Fwp%2Fv2%2Fcomments&post=14559"}],"version-history":[{"count":4,"href":"https:\/\/historiografija.hr\/index.php?rest_route=\/wp\/v2\/posts\/14559\/revisions"}],"predecessor-version":[{"id":14564,"href":"https:\/\/historiografija.hr\/index.php?rest_route=\/wp\/v2\/posts\/14559\/revisions\/14564"}],"wp:featuredmedia":[{"embeddable":true,"href":"https:\/\/historiografija.hr\/index.php?rest_route=\/wp\/v2\/media\/14560"}],"wp:attachment":[{"href":"https:\/\/historiografija.hr\/index.php?rest_route=%2Fwp%2Fv2%2Fmedia&parent=14559"}],"wp:term":[{"taxonomy":"category","embeddable":true,"href":"https:\/\/historiografija.hr\/index.php?rest_route=%2Fwp%2Fv2%2Fcategories&post=14559"},{"taxonomy":"post_tag","embeddable":true,"href":"https:\/\/historiografija.hr\/index.php?rest_route=%2Fwp%2Fv2%2Ftags&post=14559"}],"curies":[{"name":"wp","href":"https:\/\/api.w.org\/{rel}","templated":true}]}}