{"id":14534,"date":"2019-04-25T11:04:16","date_gmt":"2019-04-25T11:04:16","guid":{"rendered":"http:\/\/historiografija.hr\/?p=14534"},"modified":"2019-04-25T11:04:16","modified_gmt":"2019-04-25T11:04:16","slug":"graceh-2019-negotiating-hierarchies","status":"publish","type":"post","link":"https:\/\/historiografija.hr\/?p=14534","title":{"rendered":"GRACEH 2019: NEGOTIATING HIERARCHIES"},"content":{"rendered":"<p>Na Srednjoeuropskom sveu\u010dili\u0161tu u Budimpe\u0161ti (CEU) odr\u017eava se od 25. do 27. travnja 2019. konferencija na kojoj Marijana Kardum izla\u017ee o Dalmaciji, Rachel Trode i Ninja Bumann o Bosni i Hercegovini, a Lucija Baliki\u0107 o Jugoslaviji.<\/p>\n<p>&nbsp;<\/p>\n<p>&#8212;<\/p>\n<p>&nbsp;<\/p>\n<p><strong>The 13th Annual Graduate Conference in European History, Central European University, Budapest, April 25\u201327, 2019<\/strong><\/p>\n<p>&nbsp;<\/p>\n<p>Keynote speakers: Christina Brauner (Eberhard Karls University of T\u00fcbingen) and Peter Scholliers (Vrije Universiteit, Brussels)<\/p>\n<p>&nbsp;<\/p>\n<p>DAY 1. Thursday, April 25<\/p>\n<p>&nbsp;<\/p>\n<p>11:45 \u2013 12:45 Registration (N15, ground floor)<\/p>\n<p>&nbsp;<\/p>\n<p>13:00 \u2013 13:30 Opening remarks by Bal\u00e1zs Trencs\u00e9nyi, Head of the History Department, and L\u00e1szl\u00f3 Kontler, GRACEH Academic Advisory Board member (N15, Room 103) followed by<\/p>\n<p>&nbsp;<\/p>\n<p>13:30 \u2013 15:30 Keynote lecture 1. (N15, Room 103)<\/p>\n<p>&nbsp;<\/p>\n<p>Peter Scholliers (Vrije Universiteit, Brussels) \u2013 Food as Indicator of Inequality and Hierarchies since 1800<\/p>\n<p>&nbsp;<\/p>\n<p>15:30 \u2013 16:30 Coffee break and a short guided tour through the campus<\/p>\n<p>&nbsp;<\/p>\n<p>16:30 \u2013 18:30 Parallel sessions<\/p>\n<p>&nbsp;<\/p>\n<p>Panel 1. Self-fashioning and Representation of Hierarchies (N15, Room 103)<\/p>\n<p>&nbsp;<\/p>\n<p>Chair: Christina Brauner (Eberhard Karls University of T\u00fcbingen)<\/p>\n<p>&nbsp;<\/p>\n<p>Iurii Rudnev (Central European University) \u2013 Astrological-Religious Propaganda of Matthias Corvinus<\/p>\n<p>&nbsp;<\/p>\n<p>Patrik Pastrnak (University of Oxford) \u2013 Travelling Through Noblesse and Honour: Exhibiting and Negotiating Noble Status during Bridal Journeys in ca. 1450\u20131550<\/p>\n<p>&nbsp;<\/p>\n<p>Laurence McKellar (University of Oxford) \u2013 Status and Rank in Late Medieval Castile: The Political Culture of Grant-Making, 1312\u20131379<\/p>\n<p>&nbsp;<\/p>\n<p>Ivan Kirpichnikov (Lomonosov Moscow State University) \u2013 A Hierarchy Crisis? The Muscovite Gentry in the Time of Troubles (the case of the Rzhevskii clan)<\/p>\n<p>&nbsp;<\/p>\n<p>Panel 2. Defending or Challenging the Status Quo? Anti-modernism and Hierarchies (N15, Quantum Room)<\/p>\n<p>&nbsp;<\/p>\n<p>Chair: Bal\u00e1zs Trencs\u00e9nyi (Central European University)<\/p>\n<p>&nbsp;<\/p>\n<p>Vilius Kubekas (Central European University) \u2013 Catholics Negotiating Modernity at the Beginning of the Twentieth Century: Lithuanian Catholic Intelligentsia between Social Catholicism and the Philosophy of Culture<\/p>\n<p>&nbsp;<\/p>\n<p>Thomas Heyen-Dube (University of Oxford) \u2013 European Intellectuals, Aristocratic Elites and the Fear of the Decline of the West<\/p>\n<p>&nbsp;<\/p>\n<p>Arnab Dutta (University of Groningen) \u2013 Negotiating the Trans-Imperial Hierarchy of Time: Raumzeitlichkeit, Interwar Germany, and British India, 1920\u20131940<\/p>\n<p>&nbsp;<\/p>\n<p>Marijana Kardum (Central European University) \u2013 From Te Deum for Hitler to \u201cComrade God\u201d, or How Women in the Occupied Zone of Dalmatia Dethroned God During WWII<\/p>\n<p>&nbsp;<\/p>\n<p>18:30 \u2013 N13 ground floor reception<\/p>\n<p>&nbsp;<\/p>\n<p>&nbsp;<\/p>\n<p>DAY 2. Friday, April 26<\/p>\n<p>&nbsp;<\/p>\n<p>9:30 \u2013 11:00 Parallel sessions<\/p>\n<p>&nbsp;<\/p>\n<p>Panel 3. Social Mobility and its Limits (N15, Quantum room)<\/p>\n<p>&nbsp;<\/p>\n<p>Chair: Ann Thomson (European University Institute)<\/p>\n<p>&nbsp;<\/p>\n<p>Feliks Levin (National Research University Higher School of Economics, Saint Petersburg) \u2013 Linguistic Hierarchy and the Strategies of Adaptation to it: The Case of Early Modern Ireland<\/p>\n<p>&nbsp;<\/p>\n<p>Giorgio Ennas (European University Institute) \u2013 The Pashas of the Terc\u00fcme Odas\u0131: A \u201cLinguistic\u201d aristocracy in the Ottoman Empire<\/p>\n<p>&nbsp;<\/p>\n<p>Kateryna Pasichnyk (Martin Luther University Halle-Wittenberg) \u2013 Challenging the Status of Physicians in the Russian Empire: Unlicensed Healing in the Western Borderlands in the Eighteenth Century<\/p>\n<p>&nbsp;<\/p>\n<p>Panel 4. The Transnational Revolt Against Hierarchies and Its Legacies (N15, Room 103)<\/p>\n<p>&nbsp;<\/p>\n<p>Chair: Ivana Michaela \u017dimbrek (Central European University)<\/p>\n<p>&nbsp;<\/p>\n<p>Anna Dobrowolska (University of Oxford\/University of Warsaw) \u2013 History of Sexuality in the Eastern Bloc and the \u201cSexual Revolution\u201d<\/p>\n<p>&nbsp;<\/p>\n<p>Adrian Matus (European University Institute) \u2013 Roots of Protests. The Biographical Background of 1968ers from Romania and Hungary<\/p>\n<p>&nbsp;<\/p>\n<p>Martin Babi\u010dka (University of Oxford) \u2013 Capitalism Is the New Red. A Czechoslovak Revolutionary Ideal of Democratic Self-Organisation Transformed<\/p>\n<p>&nbsp;<\/p>\n<p>11:00 \u2013 11:30 Coffee break<\/p>\n<p>&nbsp;<\/p>\n<p>11:30 \u2013 13:30 Parallel sessions<\/p>\n<p>&nbsp;<\/p>\n<p>Panel 5. Physical Violence and Hierarchies in the Age of Extremes (N15, Quantum room)<\/p>\n<p>&nbsp;<\/p>\n<p>Chair: L\u00e1szl\u00f3 Kontler (Central European University)<\/p>\n<p>&nbsp;<\/p>\n<p>Filip Lyapov (Central European University) \u2013 Between the Crown and the Fuhrer: Negotiating Hierarchies and Allegiances in Interwar Bulgaria<\/p>\n<p>&nbsp;<\/p>\n<p>Sonia Cuesta Maniar (University of Oxford) \u2013 The Seventy of Burgos, Anarchist Memory, and Hierarchy in the Shaping of Spain\u2019s Socio-political Collective Memory Paradigm<\/p>\n<p>&nbsp;<\/p>\n<p>Katharina Seibert (University of Vienna) \u2013 Who cares? The Spanish Civil War, Health Care and Gender Relations<\/p>\n<p>&nbsp;<\/p>\n<p>Giovanni Costenaro (European University Institute) \u2013 Eurafrica and the Quest for Natural Sources: Constructing Ideological, National and Transcontinental Hierarchies in Fascist and Post-fascist Italy, 1929\u20131957<\/p>\n<p>&nbsp;<\/p>\n<p>Panel 6. Hierarchy in the Worlds of Labour (N15, Room 103)<\/p>\n<p>&nbsp;<\/p>\n<p>Chair: Andrew Cragg (Central European University)<\/p>\n<p>&nbsp;<\/p>\n<p>Stanislav Mohylnyi (University of Bonn) \u2013 Cossack Serfdom: Cossack Hetmanate Between the Steppe Frontier and the Russian Empire During the Seventeenth and Eighteenth Centuries<\/p>\n<p>&nbsp;<\/p>\n<p>Rachel Trode (European University Institute) \u2013 Understanding Administrative Hierarchies in Habsburg Bosnia: The Case of the Sarajevo Tobacco Factory Strike, May 1906<\/p>\n<p>&nbsp;<\/p>\n<p>Helge Jonas P\u00f6sche (Humboldt-University Berlin\/Max-Planck-Institute for Human Development) \u2013 Legal Conflicts as Negotiation Spheres for Social Rights and Inequalities during Welfare State Transformation \u2013 Germany, 1920s till 1945<\/p>\n<p>&nbsp;<\/p>\n<p>13:30 \u2013 14:30 Lunch break \u2013 N13 ground floor<\/p>\n<p>&nbsp;<\/p>\n<p>14:30 \u2013 16:30 Parallel sessions<\/p>\n<p>&nbsp;<\/p>\n<p>Panel 7. Power\/knowledge in the bipolar world (N15, Quantum room)<\/p>\n<p>&nbsp;<\/p>\n<p>Chair: Riikka Muhonen (Central European University)<\/p>\n<p>&nbsp;<\/p>\n<p>Anastassiya Schacht (University of Vienna) \u2013 The Power in the Psychiatry: Soviet Political Abuse as a Contest of Epistemic Hierarchies and Paradigms<\/p>\n<p>&nbsp;<\/p>\n<p>Uladzimir Valodzin (European University Institute) \u2013 Party Membership and Social Status of University Professors: Policing of the Higher Education Through the Party during Czechoslovak Crisis: The Case of Belarusian SSR<\/p>\n<p>&nbsp;<\/p>\n<p>Svetlana Poleschuk (European University Institute) \u2013 Academic Careers in a Rapidly Changing World: Biographies of Academics Who Stayed or Left Belarus After the Year 1991<\/p>\n<p>&nbsp;<\/p>\n<p>Panel 8. Crossing the Line: Hierarchies in Transition (N15, Room 103)<\/p>\n<p>&nbsp;<\/p>\n<p>Chair: Pieter Judson (European University Institute)<\/p>\n<p>&nbsp;<\/p>\n<p>Marta Tomczak (University of Warsaw\/Sorbonne Universit\u00e9) \u2013 Reshaping European Equilibrium in the Beginning of the Nineteenth Century \u2013 Equality in International Relations vs. Revival of Imperial Policies<\/p>\n<p>&nbsp;<\/p>\n<p>Chris Wendt (Institute of Political History, Budapest) \u2013 Uproar in the Village? Transforming the State and Preserving the Status Quo in Interwar Northern Tirol<\/p>\n<p>&nbsp;<\/p>\n<p>Ninja Bumann (University of Vienna) \u2013 Marriages Before Sharia Courts: Marriages in Legal Culture and Practice in Late Habsburg Bosnia-Herzegovina<\/p>\n<p>&nbsp;<\/p>\n<p>Anastasia Papushina (Central European University) \u2013 A great leveller? Death and Hierarchy in Revolutionary Russia, 1917\u20131929<\/p>\n<p>&nbsp;<\/p>\n<p>16:30 \u2013 17:00 Coffee break<\/p>\n<p>&nbsp;<\/p>\n<p>17:00 \u2013 18:30 Keynote lecture 2. (N15, Room 103)<\/p>\n<p>&nbsp;<\/p>\n<p>Christina Brauner (Eberhard Karls University of T\u00fcbingen) \u2013 Negotiating Differences? Africa and Practices of Diplomacy in the Early Modern World<\/p>\n<p>&nbsp;<\/p>\n<p>19:00 Friday dinner \u2013 Vakvarj\u00fa Restaurant (1061 Budapest, Paulay Ede street 7)<\/p>\n<p>&nbsp;<\/p>\n<p>Day 3. Saturday, April 27<\/p>\n<p>&nbsp;<\/p>\n<p>10:00 \u2013 12:00<\/p>\n<p>&nbsp;<\/p>\n<p>Panel 9. The Languages of Hierarchy 1 (N15, Room 103)<\/p>\n<p>&nbsp;<\/p>\n<p>Chair: TBA<\/p>\n<p>&nbsp;<\/p>\n<p>Rebekah Wahnon-Pym (University of Oxford) \u2013 The Literary Construction of the Prostitute in Late Antiquity<\/p>\n<p>&nbsp;<\/p>\n<p>Martina \u0160alakov\u00e1 (University of Vienna) \u2013 Interwar Prostitution Debates in Slovak Artist\u2019s Representations<\/p>\n<p>&nbsp;<\/p>\n<p>The Languages of Hierarchy 2<\/p>\n<p>&nbsp;<\/p>\n<p>Lucija Baliki\u010d (Central European University) \u2013 Croatian, Serbian, Yugoslav: Discursive Strategies of Naming the New State and Its Peoples in the Political Language of British and French liberals, 1900\u20131920<\/p>\n<p>&nbsp;<\/p>\n<p>Steve Westlake (University of Bristol) \u2013 The Oxfam of the Mind? Negotiating Universality, Humanitarian Responsibility, and Britain\u2019s Global Future at the BBC External Services, 1970\u20131979<\/p>\n<p>&nbsp;<\/p>\n<p>12:00 \u2013 12:30 Coffee break<\/p>\n<p>&nbsp;<\/p>\n<p>12:30 \u2013 14:00<\/p>\n<p>&nbsp;<\/p>\n<p>Panel 10. Cultural Geography of Inequality (N15, Room 103)<\/p>\n<p>&nbsp;<\/p>\n<p>Chair: Bence L\u00e1szl\u00f3 Bari (Central European University)<\/p>\n<p>&nbsp;<\/p>\n<p>Aglaja Weindl (Ludwig Maximilian University of Munich) \u2013 Negotiating Hierarchy in Transit<\/p>\n<p>&nbsp;<\/p>\n<p>Kajetan Stobiecki (Free University of Berlin) \u2013 Spatial Hierarchies in Industrial Capitalism \u2013 A Case Study of \u0141\u00f3d\u017a<\/p>\n<p>&nbsp;<\/p>\n<p>Sarah Knoll (University of Vienna) \u2013 The Hierarchies of \u201cRefugee Crises\u201d During the Cold War<\/p>\n<p>&nbsp;<\/p>\n<p><a href=\"https:\/\/history.ceu.edu\/events\/2019-04-25\/graceh-2019-negotiating-hierarchies\">https:\/\/history.ceu.edu\/events\/2019-04-25\/graceh-2019-negotiating-hierarchies<\/a><\/p>\n<p>&nbsp;<\/p>\n<p>&nbsp;<\/p>\n","protected":false},"excerpt":{"rendered":"","protected":false},"author":2,"featured_media":14535,"comment_status":"open","ping_status":"open","sticky":false,"template":"","format":"standard","meta":{"_acf_changed":false,"jetpack_post_was_ever_published":false,"_jetpack_newsletter_access":"","_jetpack_dont_email_post_to_subs":false,"_jetpack_newsletter_tier_id":0,"_jetpack_memberships_contains_paywalled_content":false,"_jetpack_memberships_contains_paid_content":false,"footnotes":"","jetpack_publicize_message":"","jetpack_publicize_feature_enabled":true,"jetpack_social_post_already_shared":true,"jetpack_social_options":{"image_generator_settings":{"template":"highway","default_image_id":0,"font":"","enabled":false},"version":2}},"categories":[3,9],"tags":[],"class_list":["post-14534","post","type-post","status-publish","format-standard","has-post-thumbnail","hentry","category-novosti","category-skupovi"],"acf":{"facebook_opis":""},"jetpack_publicize_connections":[],"jetpack_featured_media_url":"https:\/\/i0.wp.com\/historiografija.hr\/wp-content\/uploads\/2019\/04\/graceh.png?fit=494%2C623&ssl=1","jetpack_sharing_enabled":true,"jetpack-related-posts":[{"id":52580,"url":"https:\/\/historiografija.hr\/?p=52580","url_meta":{"origin":14534,"position":0},"title":"Conference &#8220;Living in the aftermaths: Trauma, politics and survival in Yugoslavia and successor states, 1945 \u2013 present&#8221;","author":"Branimir Jankovi\u0107","date":"21. travnja 2026.","format":false,"excerpt":"The conference aims to explore how war-related psychological distress was experienced, narrated, debated and reframed in Yugoslavia in the second half of the twentieth century. It asks how the theme of wounded psyche and wartime suffering was addressed and acknowledged in political, psychiatric and broader cultural discourses of socialist Yugoslavia,\u2026","rel":"","context":"U &quot;Novosti&quot;","block_context":{"text":"Novosti","link":"https:\/\/historiografija.hr\/?cat=3"},"img":{"alt_text":"","src":"https:\/\/i0.wp.com\/historiografija.hr\/wp-content\/uploads\/2026\/04\/Battle_of_Neretva_Picasso_poster-Conference-Living-in-the-aftermaths.webp?fit=564%2C954&ssl=1&resize=350%2C200","width":350,"height":200,"srcset":"https:\/\/i0.wp.com\/historiografija.hr\/wp-content\/uploads\/2026\/04\/Battle_of_Neretva_Picasso_poster-Conference-Living-in-the-aftermaths.webp?fit=564%2C954&ssl=1&resize=350%2C200 1x, https:\/\/i0.wp.com\/historiografija.hr\/wp-content\/uploads\/2026\/04\/Battle_of_Neretva_Picasso_poster-Conference-Living-in-the-aftermaths.webp?fit=564%2C954&ssl=1&resize=525%2C300 1.5x"},"classes":[]},{"id":52641,"url":"https:\/\/historiografija.hr\/?p=52641","url_meta":{"origin":14534,"position":1},"title":"CfP: WHO OWNS THE PAST? VERNACULAR MEMORY, STATE MEMORY, AND THE POLITICS OF OWNERSHIP","author":"Branimir Jankovi\u0107","date":"24. travnja 2026.","format":false,"excerpt":"VIENNA, 31ST AUGUST\u20133RD SEPTEMBER 2026 (DEADLINE: 24TH APRIL 2026) The Center for Austrian Studies at the European Forum at the Hebrew University and the Austrian Academy of Sciences\/Institute of Culture Studies invite early postdocs, PhD candidates, and advanced Master\u2019s students from the Hebrew University of Jerusalem and universities and academic\u2026","rel":"","context":"U &quot;Novosti&quot;","block_context":{"text":"Novosti","link":"https:\/\/historiografija.hr\/?cat=3"},"img":{"alt_text":"","src":"https:\/\/i0.wp.com\/historiografija.hr\/wp-content\/uploads\/2017\/10\/hsozkult.png?fit=1006%2C241&ssl=1&resize=350%2C200","width":350,"height":200,"srcset":"https:\/\/i0.wp.com\/historiografija.hr\/wp-content\/uploads\/2017\/10\/hsozkult.png?fit=1006%2C241&ssl=1&resize=350%2C200 1x, https:\/\/i0.wp.com\/historiografija.hr\/wp-content\/uploads\/2017\/10\/hsozkult.png?fit=1006%2C241&ssl=1&resize=525%2C300 1.5x, https:\/\/i0.wp.com\/historiografija.hr\/wp-content\/uploads\/2017\/10\/hsozkult.png?fit=1006%2C241&ssl=1&resize=700%2C400 2x"},"classes":[]},{"id":52664,"url":"https:\/\/historiografija.hr\/?p=52664","url_meta":{"origin":14534,"position":2},"title":"CfP: CONFERENCE OF THE HISTORY OF CONCEPTS GROUP, HELSINKI, 19TH\u201321ST AUGUST 2026 (DEADLINE: 30TH APRIL 2026)","author":"Branimir Jankovi\u0107","date":"24. travnja 2026.","format":false,"excerpt":"The annual conference of the History of Concepts Group is held at the University of Helsinki, 19-21 August 2026. Conference of the History of Concepts Group Conceptual history studies the use of concepts and tries to understand how historical actors have linguistically articulated views of the world. Studying concepts from\u2026","rel":"","context":"U &quot;Novosti&quot;","block_context":{"text":"Novosti","link":"https:\/\/historiografija.hr\/?cat=3"},"img":{"alt_text":"","src":"https:\/\/i0.wp.com\/historiografija.hr\/wp-content\/uploads\/2017\/10\/hsozkult.png?fit=1006%2C241&ssl=1&resize=350%2C200","width":350,"height":200,"srcset":"https:\/\/i0.wp.com\/historiografija.hr\/wp-content\/uploads\/2017\/10\/hsozkult.png?fit=1006%2C241&ssl=1&resize=350%2C200 1x, https:\/\/i0.wp.com\/historiografija.hr\/wp-content\/uploads\/2017\/10\/hsozkult.png?fit=1006%2C241&ssl=1&resize=525%2C300 1.5x, https:\/\/i0.wp.com\/historiografija.hr\/wp-content\/uploads\/2017\/10\/hsozkult.png?fit=1006%2C241&ssl=1&resize=700%2C400 2x"},"classes":[]},{"id":52622,"url":"https:\/\/historiografija.hr\/?p=52622","url_meta":{"origin":14534,"position":3},"title":"Annual CAPONEU conference: Political Novel in Europe Between Democracy and Authoritarianism","author":"Branimir Jankovi\u0107","date":"23. travnja 2026.","format":false,"excerpt":"Caponeu event 22.04.2026 - 24.04.2026 Location: The Faculty of Polish and Classical Philology AMU (Fredry 10, Pozna\u0144)Organized by: Tomasz Mizerkiewicz, Krystyna Pieni\u0105\u017cek-Markovi\u0107, Anna Gawarecka, Ewa Szperlik, Magda Potok, B\u0142a\u017cej Warkocki, Gerard Ronge (all Adam Mickiewicz University in Pozna\u0144)Contact: gerron@amu.edu.pl The Adam Mickiewicz University team, as part of the international CAPONEU\u2026","rel":"","context":"U &quot;Novosti&quot;","block_context":{"text":"Novosti","link":"https:\/\/historiografija.hr\/?cat=3"},"img":{"alt_text":"","src":"https:\/\/i0.wp.com\/historiografija.hr\/wp-content\/uploads\/2026\/04\/Caponeu-political-novel.jpg?fit=500%2C261&ssl=1&resize=350%2C200","width":350,"height":200},"classes":[]},{"id":52531,"url":"https:\/\/historiografija.hr\/?p=52531","url_meta":{"origin":14534,"position":4},"title":"Jonathan G. Leslie, \u201eFear and Insecurity: Israel and the Iran Threat Narrative\u201c","author":"Branimir Jankovi\u0107","date":"17. travnja 2026.","format":false,"excerpt":"Why is Israel\u2019s former ally Iran now perceived as the country\u2019s greatest threat? Description To observers of the Iran-Israel conflict, its vitriolic rhetoric might suggest an ancient hatred between Jews and Muslims\u2013a biblical feud dating back hundreds, or thousands, of years. But this rivalry is a far more modern development.\u2026","rel":"","context":"U &quot;Knjige&quot;","block_context":{"text":"Knjige","link":"https:\/\/historiografija.hr\/?cat=8"},"img":{"alt_text":"","src":"https:\/\/i0.wp.com\/historiografija.hr\/wp-content\/uploads\/2026\/04\/Leslie.jpg?fit=391%2C612&ssl=1&resize=350%2C200","width":350,"height":200},"classes":[]},{"id":52516,"url":"https:\/\/historiografija.hr\/?p=52516","url_meta":{"origin":14534,"position":5},"title":"Marko Grde\u0161i\u0107, Mislav \u017ditko, \u201eSocialist Economics in Yugoslavia: A Critical History\u201c","author":"Branimir Jankovi\u0107","date":"17. travnja 2026.","format":false,"excerpt":"This book presents a critical history of Yugoslav socialist economics, from its inception in the late 1940s to its dissolution in the late 1980s. After the dramatic break with the Soviet Union in 1948, Yugoslavia found itself in urgent need of a third way: A socialist trajectory which would not\u2026","rel":"","context":"U &quot;Knjige&quot;","block_context":{"text":"Knjige","link":"https:\/\/historiografija.hr\/?cat=8"},"img":{"alt_text":"","src":"https:\/\/i0.wp.com\/historiografija.hr\/wp-content\/uploads\/2026\/04\/Zitko_Grdesic.jpg?fit=350%2C535&ssl=1&resize=350%2C200","width":350,"height":200},"classes":[]}],"_links":{"self":[{"href":"https:\/\/historiografija.hr\/index.php?rest_route=\/wp\/v2\/posts\/14534","targetHints":{"allow":["GET"]}}],"collection":[{"href":"https:\/\/historiografija.hr\/index.php?rest_route=\/wp\/v2\/posts"}],"about":[{"href":"https:\/\/historiografija.hr\/index.php?rest_route=\/wp\/v2\/types\/post"}],"author":[{"embeddable":true,"href":"https:\/\/historiografija.hr\/index.php?rest_route=\/wp\/v2\/users\/2"}],"replies":[{"embeddable":true,"href":"https:\/\/historiografija.hr\/index.php?rest_route=%2Fwp%2Fv2%2Fcomments&post=14534"}],"version-history":[{"count":1,"href":"https:\/\/historiografija.hr\/index.php?rest_route=\/wp\/v2\/posts\/14534\/revisions"}],"predecessor-version":[{"id":14536,"href":"https:\/\/historiografija.hr\/index.php?rest_route=\/wp\/v2\/posts\/14534\/revisions\/14536"}],"wp:featuredmedia":[{"embeddable":true,"href":"https:\/\/historiografija.hr\/index.php?rest_route=\/wp\/v2\/media\/14535"}],"wp:attachment":[{"href":"https:\/\/historiografija.hr\/index.php?rest_route=%2Fwp%2Fv2%2Fmedia&parent=14534"}],"wp:term":[{"taxonomy":"category","embeddable":true,"href":"https:\/\/historiografija.hr\/index.php?rest_route=%2Fwp%2Fv2%2Fcategories&post=14534"},{"taxonomy":"post_tag","embeddable":true,"href":"https:\/\/historiografija.hr\/index.php?rest_route=%2Fwp%2Fv2%2Ftags&post=14534"}],"curies":[{"name":"wp","href":"https:\/\/api.w.org\/{rel}","templated":true}]}}