{"id":14531,"date":"2019-04-25T10:43:19","date_gmt":"2019-04-25T10:43:19","guid":{"rendered":"http:\/\/historiografija.hr\/?p=14531"},"modified":"2019-04-25T10:43:19","modified_gmt":"2019-04-25T10:43:19","slug":"workshop-communist-parties-in-east-central-europe-frameworks-of-knowledge-acquisition-and-dissemination-1945-1989","status":"publish","type":"post","link":"https:\/\/historiografija.hr\/?p=14531","title":{"rendered":"Workshop \u201cCommunist Parties in East Central Europe: Frameworks of Knowledge Acquisition and Dissemination 1945\u20131989\u201d"},"content":{"rendered":"<p>U organizaciji R\u00e9ke Krizmanics, Vedrana Duan\u010di\u0107a i Isidore Gruba\u010dki odr\u017eat \u0107e se u petak, 26. travnja 2019. na Srednjoeuropskom sveu\u010dili\u0161tu u Budimpe\u0161ti (CEU) znanstveni skup na kojem \u0107e Toma\u017e Ive\u0161i\u0107 i Agust\u00edn Cosovschi izlagati o povijesti Jugoslavije.<\/p>\n<p>&nbsp;<\/p>\n<p>&#8212;<\/p>\n<p>&nbsp;<\/p>\n<p>Friday, April 26, 2019<\/p>\n<p>&nbsp;<\/p>\n<p><strong>COMMUNIST PARTIES IN EAST CENTRAL EUROPE:<\/strong><br \/>\n<strong>FRAMEWORKS OF KNOWLEDGE ACQUISITION AND DISSEMINATION 1945\u20131989<\/strong><\/p>\n<p>Central European University, Budapest, Hungary<\/p>\n<p>&nbsp;<\/p>\n<ol>\n<li><strong> Gathering and introductory remarks<\/strong><br \/>\n09:30 Gathering<br \/>\n09:45 R\u00e9ka Krizmanics (Central European University, Budapest)<br \/>\n10:00 Vedran Duan\u010di\u0107 (Croatian Academy of Sciences and Arts, Zagreb)<\/li>\n<li><strong> First Round of Presentations<\/strong><br \/>\n10:20-10:40 Szabolcs L\u00e1szl\u00f3 (Indiana University Bloomington),\u00a0<em>Travel Reports and Knowledge Acquisition about the \u201cWest\u201d in Communist Hungary.<\/em><em><br \/>\n<\/em>10:40-11:00\u00a0Natalia Otrishchenko (Center for Urban History of East Central Europe, Lviv),\u00a0<em>\u201cPeople Who Own the Territory\u201d: Expert Knowledge and Urban Planning in Lviv during the 1970s\u201380s.<\/em><em><br \/>\n<\/em>11:00-11:30 Comments<\/li>\n<\/ol>\n<p><strong><em>11:30-12:00 Coffee Break<\/em><\/strong><\/p>\n<ol start=\"3\">\n<li><strong> Second Round of Presentations<\/strong><br \/>\n12:00-12:20 Toma\u017e Ive\u0161i\u0107 (European University Institute, Florence),\u00a0<em>The Yugoslav Experts and the National Question.<\/em><br \/>\n12:20-12:40 Francesco Zavatti (S\u00f6dertorn University\/Roma Tre University),<em>Party Historians in the Midst of Power Struggles and Shifting Paradigms: Professionalising the History Institute of the Romanian Communist Party, 1951-1956.<\/em><br \/>\n12:40-13:10 Comments<\/li>\n<\/ol>\n<p><strong><em>13:10-14:20 Lunch (served in situ)<\/em><\/strong><\/p>\n<ol start=\"4\">\n<li><strong> Third Round of Presentations<\/strong><br \/>\n14:20-14:40\u00a0Andru Chioeran (University of Nottingham),\u00a0<em>A Culture of Censorship? Institutional Censors and the Building a Socialist Culture in Postwar Romania, 1944-53.<\/em><br \/>\n14:40-15:00\u00a0Petra Poly\u00e1k (University of P\u00e9cs),\u00a0<em>The Need to Know: The Communist Party organizations of Hungarian Universities (1948\u20131956).<\/em><br \/>\n15:00-15:30 Comments<\/li>\n<li><strong> Fourth Round of Presentations<\/strong><br \/>\n15:30-15:50 Agust\u00edn Cosovschi (Humboldt University, Berlin),\u00a0<em>Phrasing the Yugoslav Crisis: Jovan Miri\u0107 and the Constitutional Debates of the 1980s.<\/em><br \/>\n15:50-16:10 Micha\u0142 Przeperski (Institute of National Remembrance, Warsaw),\u00a0<em>Last resort: party intellectuals in the late 1980\u2019s Poland.<\/em><br \/>\n16:10-16:40 Comments<\/li>\n<\/ol>\n<p><strong><em>16:40-17:10 Coffee Break<\/em><\/strong><\/p>\n<p>17:10-18:00 Closing Discussion<\/p>\n<p>&nbsp;<\/p>\n<p><a href=\"https:\/\/history.ceu.edu\/node\/2890\">https:\/\/history.ceu.edu\/node\/2890<\/a><\/p>\n<p>&nbsp;<\/p>\n<p>&nbsp;<\/p>\n","protected":false},"excerpt":{"rendered":"","protected":false},"author":2,"featured_media":14532,"comment_status":"open","ping_status":"open","sticky":false,"template":"","format":"standard","meta":{"_acf_changed":false,"jetpack_post_was_ever_published":false,"_jetpack_newsletter_access":"","_jetpack_dont_email_post_to_subs":false,"_jetpack_newsletter_tier_id":0,"_jetpack_memberships_contains_paywalled_content":false,"_jetpack_memberships_contains_paid_content":false,"footnotes":"","jetpack_publicize_message":"","jetpack_publicize_feature_enabled":true,"jetpack_social_post_already_shared":true,"jetpack_social_options":{"image_generator_settings":{"template":"highway","default_image_id":0,"font":"","enabled":false},"version":2}},"categories":[3,9],"tags":[],"class_list":["post-14531","post","type-post","status-publish","format-standard","has-post-thumbnail","hentry","category-novosti","category-skupovi"],"acf":{"facebook_opis":""},"jetpack_publicize_connections":[],"jetpack_featured_media_url":"https:\/\/i0.wp.com\/historiografija.hr\/wp-content\/uploads\/2019\/04\/CEU.png?fit=1200%2C630&ssl=1","jetpack_sharing_enabled":true,"jetpack-related-posts":[{"id":52673,"url":"https:\/\/historiografija.hr\/?p=52673","url_meta":{"origin":14531,"position":0},"title":"TWO POSTDOCTORAL POSITIONS IN THE &#8220;PROLETGARD ERC STARTING GRANT PROJECT&#8221;, KASS\u00c1K FOUNDATION, BUDAPEST (DEADLINE: 1ST MAY 2026)","author":"Branimir Jankovi\u0107","date":"27. travnja 2026.","format":false,"excerpt":"This five-year ERC-funded project examines how avant-garde art contributed to the formation of a workers\u2019 movement counterculture in East Central Europe after 1918. It argues that socialist and avant-garde periodicals, groups, and figures shaped both avant-garde culture and transnational workers\u2019 movements. Focusing on the successor states of the Austro\u2013Hungarian Empire\u2026","rel":"","context":"U &quot;Novosti&quot;","block_context":{"text":"Novosti","link":"https:\/\/historiografija.hr\/?cat=3"},"img":{"alt_text":"","src":"https:\/\/i0.wp.com\/historiografija.hr\/wp-content\/uploads\/2017\/10\/hsozkult.png?fit=1006%2C241&ssl=1&resize=350%2C200","width":350,"height":200,"srcset":"https:\/\/i0.wp.com\/historiografija.hr\/wp-content\/uploads\/2017\/10\/hsozkult.png?fit=1006%2C241&ssl=1&resize=350%2C200 1x, https:\/\/i0.wp.com\/historiografija.hr\/wp-content\/uploads\/2017\/10\/hsozkult.png?fit=1006%2C241&ssl=1&resize=525%2C300 1.5x, https:\/\/i0.wp.com\/historiografija.hr\/wp-content\/uploads\/2017\/10\/hsozkult.png?fit=1006%2C241&ssl=1&resize=700%2C400 2x"},"classes":[]},{"id":52641,"url":"https:\/\/historiografija.hr\/?p=52641","url_meta":{"origin":14531,"position":1},"title":"CfP: WHO OWNS THE PAST? VERNACULAR MEMORY, STATE MEMORY, AND THE POLITICS OF OWNERSHIP","author":"Branimir Jankovi\u0107","date":"24. travnja 2026.","format":false,"excerpt":"VIENNA, 31ST AUGUST\u20133RD SEPTEMBER 2026 (DEADLINE: 24TH APRIL 2026) The Center for Austrian Studies at the European Forum at the Hebrew University and the Austrian Academy of Sciences\/Institute of Culture Studies invite early postdocs, PhD candidates, and advanced Master\u2019s students from the Hebrew University of Jerusalem and universities and academic\u2026","rel":"","context":"U &quot;Novosti&quot;","block_context":{"text":"Novosti","link":"https:\/\/historiografija.hr\/?cat=3"},"img":{"alt_text":"","src":"https:\/\/i0.wp.com\/historiografija.hr\/wp-content\/uploads\/2017\/10\/hsozkult.png?fit=1006%2C241&ssl=1&resize=350%2C200","width":350,"height":200,"srcset":"https:\/\/i0.wp.com\/historiografija.hr\/wp-content\/uploads\/2017\/10\/hsozkult.png?fit=1006%2C241&ssl=1&resize=350%2C200 1x, https:\/\/i0.wp.com\/historiografija.hr\/wp-content\/uploads\/2017\/10\/hsozkult.png?fit=1006%2C241&ssl=1&resize=525%2C300 1.5x, https:\/\/i0.wp.com\/historiografija.hr\/wp-content\/uploads\/2017\/10\/hsozkult.png?fit=1006%2C241&ssl=1&resize=700%2C400 2x"},"classes":[]},{"id":52679,"url":"https:\/\/historiografija.hr\/?p=52679","url_meta":{"origin":14531,"position":2},"title":"CfP: CHOSEN NATION(S): HISTORICAL AND CULTURAL INTERPRETATIONS OF EXCEPTIONALISM, BUDAPEST, 10TH\u201311TH JUNE 2026 (DEADLINE: 1ST MAY 2026)","author":"Branimir Jankovi\u0107","date":"27. travnja 2026.","format":false,"excerpt":"The Ludovika University of Public Service (NKE) and the Jewish Theological Seminary \u2013 University of Jewish Studies (OR-ZSE) are pleased to announce a joint academic conference on \u201cChosen Nation(s): Historical and Cultural Interpretations of Exceptionalism\u201d, to be held in Budapest, Hungary. Chosen Nation(s): Historical and Cultural Interpretations of Exceptionalism Keynote\u2026","rel":"","context":"U &quot;Novosti&quot;","block_context":{"text":"Novosti","link":"https:\/\/historiografija.hr\/?cat=3"},"img":{"alt_text":"","src":"https:\/\/i0.wp.com\/historiografija.hr\/wp-content\/uploads\/2017\/10\/hsozkult.png?fit=1006%2C241&ssl=1&resize=350%2C200","width":350,"height":200,"srcset":"https:\/\/i0.wp.com\/historiografija.hr\/wp-content\/uploads\/2017\/10\/hsozkult.png?fit=1006%2C241&ssl=1&resize=350%2C200 1x, https:\/\/i0.wp.com\/historiografija.hr\/wp-content\/uploads\/2017\/10\/hsozkult.png?fit=1006%2C241&ssl=1&resize=525%2C300 1.5x, https:\/\/i0.wp.com\/historiografija.hr\/wp-content\/uploads\/2017\/10\/hsozkult.png?fit=1006%2C241&ssl=1&resize=700%2C400 2x"},"classes":[]},{"id":52631,"url":"https:\/\/historiografija.hr\/?p=52631","url_meta":{"origin":14531,"position":3},"title":"Predavanje Ivana Tepe\u0161a: Djelovanje hrvatske politi\u010dke emigracije","author":"Branimir Jankovi\u0107","date":"23. travnja 2026.","format":false,"excerpt":"Odjel za me\u0111unarodnu suradnju i iseljeni\u0161tvo Matice hrvatske Predavanje Ivana Tepe\u0161a: Djelovanje hrvatske politi\u010dke emigracije Utorak, 28. travnja 2026. u 18:00 sati, Dvorana Ljudevita Jonkea (Mala dvorana MH), Strossmayerov trg 4, Zagreb dr. sc. Ivan Tepe\u0161, Institut za istra\u017eivanje migracija Hrvatska politi\u010dka emigracija obilje\u017eila je polustoljetnu hrvatsku povijest u drugoj\u2026","rel":"","context":"U &quot;Novosti&quot;","block_context":{"text":"Novosti","link":"https:\/\/historiografija.hr\/?cat=3"},"img":{"alt_text":"","src":"","width":0,"height":0},"classes":[]},{"id":52628,"url":"https:\/\/historiografija.hr\/?p=52628","url_meta":{"origin":14531,"position":4},"title":"Predavanje dopisnog \u010dlana HAZU Alaina Finkielkrauta Izrael, Europa, antisemitizam","author":"Branimir Jankovi\u0107","date":"23. travnja 2026.","format":false,"excerpt":"Francuski filozof Alain Finkielkraut, redoviti \u010dlan Francuske akademije i dopisni \u010dlan HAZU, odr\u017eat \u0107e predavanje\u00a0Izrael, Europa, antisemitizam u utorak 28. travnja 2026. u 13 sati u Knji\u017enici HAZU,\u00a0Strossmayerov trg 14 u Zagrebu. Uvodne rije\u010di odr\u017eat \u0107e\u00a0akademkinja \u017deljka \u010corak i\u00a0akademik Dra\u017een Katunari\u0107. Predavanje \u0107e se odr\u017eati na francuskom jeziku uz konsekutivno\u2026","rel":"","context":"U &quot;Novosti&quot;","block_context":{"text":"Novosti","link":"https:\/\/historiografija.hr\/?cat=3"},"img":{"alt_text":"","src":"https:\/\/i0.wp.com\/historiografija.hr\/wp-content\/uploads\/2026\/04\/Alain_Finkielkraut.jpg?fit=350%2C407&ssl=1&resize=350%2C200","width":350,"height":200},"classes":[]},{"id":52613,"url":"https:\/\/historiografija.hr\/?p=52613","url_meta":{"origin":14531,"position":5},"title":"No\u0107 knjige u Hrvatskom dr\u017eavnom arhivu","author":"Branimir Jankovi\u0107","date":"22. travnja 2026.","format":false,"excerpt":"Predstavljanje knjige Rajke Bu\u0107in \u201dLije\u010denje i zbrinjavanje \u017didova u Bolnici sestara milosrdnica u Zagrebu 1941. \u2013 1945.\u201d u \u010detvrtak, 23. travnja 2026. u 13 sati u Hrvatskom dr\u017eavnom arhivu u Zagrebu. Izvor: https:\/\/www.arhiv.hr\/hr-hr\/Kulturno-prosvjetne-aktivnosti\/ArticleId\/1986\/oamid\/1633","rel":"","context":"U &quot;Novosti&quot;","block_context":{"text":"Novosti","link":"https:\/\/historiografija.hr\/?cat=3"},"img":{"alt_text":"","src":"https:\/\/i0.wp.com\/historiografija.hr\/wp-content\/uploads\/2026\/04\/noc_knjige_2026.jpg?fit=680%2C276&ssl=1&resize=350%2C200","width":350,"height":200,"srcset":"https:\/\/i0.wp.com\/historiografija.hr\/wp-content\/uploads\/2026\/04\/noc_knjige_2026.jpg?fit=680%2C276&ssl=1&resize=350%2C200 1x, https:\/\/i0.wp.com\/historiografija.hr\/wp-content\/uploads\/2026\/04\/noc_knjige_2026.jpg?fit=680%2C276&ssl=1&resize=525%2C300 1.5x"},"classes":[]}],"_links":{"self":[{"href":"https:\/\/historiografija.hr\/index.php?rest_route=\/wp\/v2\/posts\/14531","targetHints":{"allow":["GET"]}}],"collection":[{"href":"https:\/\/historiografija.hr\/index.php?rest_route=\/wp\/v2\/posts"}],"about":[{"href":"https:\/\/historiografija.hr\/index.php?rest_route=\/wp\/v2\/types\/post"}],"author":[{"embeddable":true,"href":"https:\/\/historiografija.hr\/index.php?rest_route=\/wp\/v2\/users\/2"}],"replies":[{"embeddable":true,"href":"https:\/\/historiografija.hr\/index.php?rest_route=%2Fwp%2Fv2%2Fcomments&post=14531"}],"version-history":[{"count":1,"href":"https:\/\/historiografija.hr\/index.php?rest_route=\/wp\/v2\/posts\/14531\/revisions"}],"predecessor-version":[{"id":14533,"href":"https:\/\/historiografija.hr\/index.php?rest_route=\/wp\/v2\/posts\/14531\/revisions\/14533"}],"wp:featuredmedia":[{"embeddable":true,"href":"https:\/\/historiografija.hr\/index.php?rest_route=\/wp\/v2\/media\/14532"}],"wp:attachment":[{"href":"https:\/\/historiografija.hr\/index.php?rest_route=%2Fwp%2Fv2%2Fmedia&parent=14531"}],"wp:term":[{"taxonomy":"category","embeddable":true,"href":"https:\/\/historiografija.hr\/index.php?rest_route=%2Fwp%2Fv2%2Fcategories&post=14531"},{"taxonomy":"post_tag","embeddable":true,"href":"https:\/\/historiografija.hr\/index.php?rest_route=%2Fwp%2Fv2%2Ftags&post=14531"}],"curies":[{"name":"wp","href":"https:\/\/api.w.org\/{rel}","templated":true}]}}