{"id":14528,"date":"2019-04-25T10:18:33","date_gmt":"2019-04-25T10:18:33","guid":{"rendered":"http:\/\/historiografija.hr\/?p=14528"},"modified":"2019-04-25T10:18:33","modified_gmt":"2019-04-25T10:18:33","slug":"konferencija-reforma-ili-revolucija-stogodisnjica-ubojstva-rose-luxemburg","status":"publish","type":"post","link":"https:\/\/historiografija.hr\/?p=14528","title":{"rendered":"Konferencija \u201eReforma ili revolucija: Stogodi\u0161njica ubojstva Rose Luxemburg\u201c"},"content":{"rendered":"<p>Program se odvija u petak, 26. travnja na Filozofskom fakultetu Sveu\u010dili\u0161ta u Zagrebu (u\u010dionica A 101) i u subotu, 27. travnja 2019. u dvorani &#8220;Privrednik&#8221; u Zagrebu (Preradovi\u0107eva 18).<\/p>\n<p>&nbsp;<\/p>\n<p>Luxemburg je jedna od onih autorica na koju se \u010desto pozivamo u najrazli\u010ditijim situacijama ali koju se veoma rijetko \u010dita, prevodi, o kojoj se premalo pi\u0161e. Unato\u010d sve ve\u0107oj svjetskoj pa\u017enji zadnjih godina posve\u0107enoj njezinom naslje\u0111u, Luxemburg je i danas izrazito zanemarena na prostorima biv\u0161e Jugoslavije. Premda su njezini glavni teorijski radovi ve\u0107 prevedeni u Jugoslaviji \u2013 Akumulacija kapitala: Prilog ekonomskom obja\u0161njenju imperijalizma (1955.), Izabrani spisi (1974.) i Uvod u nacionalnu ekonomiju (1975.) \u2013 doista je neobi\u010dno u kolikoj su mjeri njezina djela bila, i ostala, marginalizirana. Mo\u017eda je jo\u0161 nevjerojatnija \u010dinjenica da je \u010dak i najutjecajniji jugoslavenski marksisti\u010dki \u010dasopis Praxis (1964. \u2013 1974.) uspio u cijelosti zaobi\u0107i rad Rose Luxemburg, \u010dak i kad su temati Praxisa bili posve\u0107eni raspravama o nacionalizmu, kritici birokracije, demokraciji, imperijalizmu, dakle, temama kojima se Luxemburg iznimno mnogo bavila.<\/p>\n<p>&nbsp;<\/p>\n<p>Ovom konferencijom kanimo tu situaciju mijenjati. Poku\u0161at \u0107emo zacrtati osnovne koordinate kojima bismo se mogle\/i nadalje analiti\u010dki i politi\u010dki kretati uz Luxemburg i njezine ideje. Izlaganjima i razgovorima na konferenciji planiramo fokusirati teorijsku pa\u017enju na Luxemburg i uklju\u010diti njezino naslje\u0111e u suvremene marksisti\u010dke diskusije o kapitalizmu, imperijalizmu i kolonijalizmu, kritici politi\u010dke ekonomije, te dovesti radove Luxemburg u vezu s pitanjima o demokratizaciji dru\u0161tva, humanizmu, antinacionalizmu, politi\u010dkom organiziranju, socijalisti\u010dkoj politici, historijskom revizionizmu, odnosu reforme i revolucije, antifa\u0161izmu, antirasizmu, feminizmu. Upravo su to teme u smjeru kojih planiramo strukturirati diskusije na konferenciji, ne bismo li izbjegle\/i prekomjernu memorijalizaciju lika Rose Luxemburg, a \u010dim je mogu\u0107e vi\u0161e njezina djela uklju\u010dile\/i u aktualne dru\u0161tveno-politi\u010dke rasprave.<\/p>\n<p>&nbsp;<\/p>\n<p>*** PROGRAM ***<\/p>\n<p>&nbsp;<\/p>\n<ol start=\"26\">\n<li>04. 2019. \/\/ Filozofski fakultet Sveu\u010dili\u0161ta u Zagrebu, soba A 101<\/li>\n<\/ol>\n<p>&nbsp;<\/p>\n<p>16.00\u201319.00 \/\/ Projekcija filma Rosa Luxemburg (123\u2019), re\u017e. Margarethe von Trotta (Diskusiju s prof. emeritom Nade\u017edom \u010ca\u010dinovi\u010d moderira Hana Samar\u017eija)<\/p>\n<p>&nbsp;<\/p>\n<p>Pauza: 19.00-19.30<\/p>\n<p>&nbsp;<\/p>\n<p>19.30\u201321.00 \/\/ Plenarno izlaganje<\/p>\n<p>Rory Castle Jones: Who Was Red Rosa? The Background, Family and Identity of Rosa Luxemburg \/\/ Tko je bila Crvena Rosa? Pozadina, obitelj i identitet Rose Luxemburg (Moderira: Ankica \u010cakardi\u0107)<\/p>\n<p>&nbsp;<\/p>\n<ol start=\"27\">\n<li>04. 2019. \/\/ \u201ePrivrednik\u201d, Preradovi\u0107eva 18\/1<\/li>\n<\/ol>\n<p>&nbsp;<\/p>\n<p>9.00\u20139.20 \/\/ Registracija i pozdravne rije\u010di<\/p>\n<p>&nbsp;<\/p>\n<ol start=\"9\">\n<li>PANEL \/\/ Reforma i revolucija (9.20\u201311.10) \/\/ Moderira: Nikola Toma\u0161egovi\u0107<\/li>\n<\/ol>\n<p>&nbsp;<\/p>\n<ol>\n<li>Anja Ili\u0107 \/\/ Izdana revolucionarka: Roza Luksemburg na ni\u0161anu reformizma \/\/ A revolutionary betrayed: Rosa Luxemburg at reformist gunpoint<\/li>\n<li>Lorena Drakula \/\/ Jo\u0161 jednom o socijalnim reformama i revoluciji \/\/ Revisiting Social Reform and Revolution<\/li>\n<li>Juraj Katalenac \/\/ Samoaktivnost radni\u010dke klase: Naslje\u0111e Rose Luxemburg \/\/ Self-activity of the working class: Rosa Luxemburg\u2019s inheritance<\/li>\n<li>Andreja Gregorina \/\/ Rosa Luxemburg i Clara Zetkin: Politi\u010dka suradnja kao revolucionarna praksa \/\/ Rosa Luxemburg and Clara Zetkin: Political collaboration as a revolutionary practice<\/li>\n<\/ol>\n<p>&nbsp;<\/p>\n<p>Pauza: 11.10\u201311.30<\/p>\n<p>&nbsp;<\/p>\n<ol start=\"11\">\n<li>PANEL \/\/ Kritika politi\u010dke ekonomije (11.30\u201313.00) \/\/ Moderira: Maja Solar<\/li>\n<\/ol>\n<p>&nbsp;<\/p>\n<ol>\n<li>Lina Gonan \/\/ Va\u017enost monetarne teorije vrijednosti Rose Luxemburg za suvremenu teoriju \/\/ The Importance of Rosa Luxemburg\u2019s Monetary Theory of Value for Contemporary Theory<\/li>\n<li>Ante Andabak \/\/ Dalekovidnost ekonomske misli Rose Luxemburg \/\/ Foresight of Rosa Luxemburg&#8217;s economic thought<\/li>\n<li>Leontina Are\u017eina \/\/ Luksemburgina teorija akumulacije iz perspektive politi\u010dkog marksizma \/\/ Luxemburg&#8217;s theory of accumulation from perspective of Political Marxism<\/li>\n<\/ol>\n<p>&nbsp;<\/p>\n<p>Pauza: 13\u201314.30<\/p>\n<p>&nbsp;<\/p>\n<p>PLENARNO IZLAGANJE \/\/ (14.30\u201315.30)<\/p>\n<p>&nbsp;<\/p>\n<p>Ankica \u010cakardi\u0107 \/\/ Od teorije akumulacije do teorije socijalne reprodukcije: \u0160to je luksemburgijanski feminizam? \/\/ From Theory of Accumulation to Social-Reproduction Theory: What is Luxemburgian Feminism? (Moderira: Andreja Gregorina)<\/p>\n<p>&nbsp;<\/p>\n<p>Pauza: 15.30\u201316.00<\/p>\n<p>&nbsp;<\/p>\n<p>III. PANEL \/\/ Polemike i historija (16.00\u201317.50) \/\/ Moderira: Mislav Stubli\u0107<\/p>\n<p>&nbsp;<\/p>\n<ol>\n<li>Luka Bogdani\u0107 \/\/ Polemika izme\u0111u Lenjina i Luxemburg o nacionalnom pitanju \/\/ The controversy between Lenin and Luxemburg on national question<\/li>\n<li>Viktorija \u0106urlin \/\/ Carstvo i imperijalizam: Razlike u pristupima Rose Luxemburg i Vladimira Lenjina \/\/ Empire and Imperialism: Differences in approaches of Rosa Luxemburg and Vladimir Lenin<\/li>\n<li>Stefan Gu\u017evica \/\/ Dani koji nisu potresli svet: Jugoslavija i lekcije iz revolucija 1919. godine \/\/ Days that Failed to Shake the World: Yugoslavia and Lessons from the Revolutions of 1919<\/li>\n<li>Aleksandar Matkovi\u0107 \/\/ Budu\u0107nost i pro\u0161lost nema\u010dkog fa\u0161izma: 1919.\u20132019. \/\/ The future and past of German fascism: 1919-2019<\/li>\n<\/ol>\n<p>&nbsp;<\/p>\n<p>Pauza: 17.50\u201318.05<\/p>\n<p>&nbsp;<\/p>\n<ol start=\"18\">\n<li>PANEL \/\/ Rosa Luxemburg \u2013 nekad i danas (18.05\u201319.30) \/\/ Moderira: \u0110ur\u0111ica \u010cili\u0107<\/li>\n<\/ol>\n<p>&nbsp;<\/p>\n<ol>\n<li>Kre\u0161imir Zovak \/\/ Sje\u0107anje na Rosu Luxemburg u dekomuniziranoj Poljskoj \/\/ Remembering Rosa Luxemburg in decommunised Poland<\/li>\n<li>Petra Kurtovi\u0107 \/\/ Rosa Luxemburg i feminizam \/\/ Rosa Luxemburg and Feminism<\/li>\n<li>Ivana Hana\u010dek \/\/ Od ikonoklazma do revizionizma: Nevolje s reprezentacijom revolucionarke \/\/ From iconoclasm to revisionism: Troubles with the representation of Red Rosa<\/li>\n<\/ol>\n<p>&nbsp;<\/p>\n<p>***<\/p>\n<p>&nbsp;<\/p>\n<p>Konferenciju organiziraju Ankica \u010cakardi\u0107 i Andreja Gregorina, u suradnji s Inicijativom za feministi\u010dki Filozofski.<\/p>\n<p>&nbsp;<\/p>\n<p>Dizajn izradio Sven Sori\u0107.<\/p>\n<p>&nbsp;<\/p>\n<p>Konferenciju financijski podupire Rosa Luxemburg Stiftung Southeast Europe.<\/p>\n<p>&nbsp;<\/p>\n<p>Izvor: <a href=\"https:\/\/www.facebook.com\/events\/341531726484182\/\">https:\/\/www.facebook.com\/events\/341531726484182\/<\/a><\/p>\n<p>&nbsp;<\/p>\n<p>&nbsp;<\/p>\n","protected":false},"excerpt":{"rendered":"","protected":false},"author":2,"featured_media":14529,"comment_status":"open","ping_status":"open","sticky":false,"template":"","format":"standard","meta":{"_acf_changed":false,"jetpack_post_was_ever_published":false,"_jetpack_newsletter_access":"","_jetpack_dont_email_post_to_subs":false,"_jetpack_newsletter_tier_id":0,"_jetpack_memberships_contains_paywalled_content":false,"_jetpack_memberships_contains_paid_content":false,"footnotes":"","jetpack_publicize_message":"","jetpack_publicize_feature_enabled":true,"jetpack_social_post_already_shared":true,"jetpack_social_options":{"image_generator_settings":{"template":"highway","default_image_id":0,"font":"","enabled":false},"version":2}},"categories":[3,9],"tags":[],"class_list":["post-14528","post","type-post","status-publish","format-standard","has-post-thumbnail","hentry","category-novosti","category-skupovi"],"acf":{"facebook_opis":""},"jetpack_publicize_connections":[],"jetpack_featured_media_url":"https:\/\/i0.wp.com\/historiografija.hr\/wp-content\/uploads\/2019\/04\/reforma-revolucija.jpg?fit=2048%2C1151&ssl=1","jetpack_sharing_enabled":true,"jetpack-related-posts":[{"id":52613,"url":"https:\/\/historiografija.hr\/?p=52613","url_meta":{"origin":14528,"position":0},"title":"No\u0107 knjige u Hrvatskom dr\u017eavnom arhivu","author":"Branimir Jankovi\u0107","date":"22. travnja 2026.","format":false,"excerpt":"Predstavljanje knjige Rajke Bu\u0107in \u201dLije\u010denje i zbrinjavanje \u017didova u Bolnici sestara milosrdnica u Zagrebu 1941. \u2013 1945.\u201d u \u010detvrtak, 23. travnja 2026. u 13 sati u Hrvatskom dr\u017eavnom arhivu u Zagrebu. Izvor: https:\/\/www.arhiv.hr\/hr-hr\/Kulturno-prosvjetne-aktivnosti\/ArticleId\/1986\/oamid\/1633","rel":"","context":"U &quot;Novosti&quot;","block_context":{"text":"Novosti","link":"https:\/\/historiografija.hr\/?cat=3"},"img":{"alt_text":"","src":"https:\/\/i0.wp.com\/historiografija.hr\/wp-content\/uploads\/2026\/04\/noc_knjige_2026.jpg?fit=680%2C276&ssl=1&resize=350%2C200","width":350,"height":200,"srcset":"https:\/\/i0.wp.com\/historiografija.hr\/wp-content\/uploads\/2026\/04\/noc_knjige_2026.jpg?fit=680%2C276&ssl=1&resize=350%2C200 1x, https:\/\/i0.wp.com\/historiografija.hr\/wp-content\/uploads\/2026\/04\/noc_knjige_2026.jpg?fit=680%2C276&ssl=1&resize=525%2C300 1.5x"},"classes":[]},{"id":52552,"url":"https:\/\/historiografija.hr\/?p=52552","url_meta":{"origin":14528,"position":1},"title":"Besplatni glazbeni antikvarijat","author":"Branimir Jankovi\u0107","date":"20. travnja 2026.","format":false,"excerpt":"Muzi\u010dka akademija Sveu\u010dili\u0161ta u Zagrebu 23. travnja 2026. od 10 do 17 sati Pozivamo Vas na Besplatni glazbeni antikvarijat, koji u sklopu manifestacije No\u0107 knjige 2026. organizira Hrvatska udruga muzi\u010dkih knji\u017enica, arhiva i dokumentacijskih centara (HUMKAD). Antikvarijat \u0107e se odr\u017eati na Svjetski dan knjige \u2013 u \u010detvrtak 23. travnja 2026.\u2026","rel":"","context":"U &quot;Novosti&quot;","block_context":{"text":"Novosti","link":"https:\/\/historiografija.hr\/?cat=3"},"img":{"alt_text":"","src":"https:\/\/i0.wp.com\/historiografija.hr\/wp-content\/uploads\/2026\/04\/Besplatni-glazbeni-antikvarijat-23.-4.-2026.jpg?fit=1200%2C848&ssl=1&resize=350%2C200","width":350,"height":200,"srcset":"https:\/\/i0.wp.com\/historiografija.hr\/wp-content\/uploads\/2026\/04\/Besplatni-glazbeni-antikvarijat-23.-4.-2026.jpg?fit=1200%2C848&ssl=1&resize=350%2C200 1x, https:\/\/i0.wp.com\/historiografija.hr\/wp-content\/uploads\/2026\/04\/Besplatni-glazbeni-antikvarijat-23.-4.-2026.jpg?fit=1200%2C848&ssl=1&resize=525%2C300 1.5x, https:\/\/i0.wp.com\/historiografija.hr\/wp-content\/uploads\/2026\/04\/Besplatni-glazbeni-antikvarijat-23.-4.-2026.jpg?fit=1200%2C848&ssl=1&resize=700%2C400 2x, https:\/\/i0.wp.com\/historiografija.hr\/wp-content\/uploads\/2026\/04\/Besplatni-glazbeni-antikvarijat-23.-4.-2026.jpg?fit=1200%2C848&ssl=1&resize=1050%2C600 3x"},"classes":[]},{"id":52520,"url":"https:\/\/historiografija.hr\/?p=52520","url_meta":{"origin":14528,"position":2},"title":"Predstavljanje knjige &#8220;Socialist Economics in Yugoslavia: A Critical History&#8221; u Zagrebu","author":"Branimir Jankovi\u0107","date":"17. travnja 2026.","format":false,"excerpt":"Pozivamo vas na predstavljanje knjige \"Socialist Economics in Yugoslavia: A Critical History\", autora Mislava \u00a0\u017ditka i Marka Grde\u0161i\u0107a (Routledge, 2026). Na predstavljanju \u0107e govoriti Branko Milanovi\u0107 (CUNY), Milica Uvali\u0107 (EUI), Zdravko Petak (FPZG) te autori.\u00a0 Predstavljanje \u0107e se odr\u017eati u srijedu 22. travnja u 16:00 sati na Fakultetu politi\u010dkih znanosti\u2026","rel":"","context":"U &quot;Novosti&quot;","block_context":{"text":"Novosti","link":"https:\/\/historiografija.hr\/?cat=3"},"img":{"alt_text":"","src":"https:\/\/i0.wp.com\/historiografija.hr\/wp-content\/uploads\/2026\/04\/Poziv-na-predstavljanje.png?fit=800%2C652&ssl=1&resize=350%2C200","width":350,"height":200,"srcset":"https:\/\/i0.wp.com\/historiografija.hr\/wp-content\/uploads\/2026\/04\/Poziv-na-predstavljanje.png?fit=800%2C652&ssl=1&resize=350%2C200 1x, https:\/\/i0.wp.com\/historiografija.hr\/wp-content\/uploads\/2026\/04\/Poziv-na-predstavljanje.png?fit=800%2C652&ssl=1&resize=525%2C300 1.5x, https:\/\/i0.wp.com\/historiografija.hr\/wp-content\/uploads\/2026\/04\/Poziv-na-predstavljanje.png?fit=800%2C652&ssl=1&resize=700%2C400 2x"},"classes":[]},{"id":52573,"url":"https:\/\/historiografija.hr\/?p=52573","url_meta":{"origin":14528,"position":3},"title":"Znanstvena konferencija &#8220;Filozofija odgoja: povijest, praksa, perspektive&#8221;","author":"Branimir Jankovi\u0107","date":"21. travnja 2026.","format":false,"excerpt":"Znanstvena konferencija \"Filozofija odgoja: povijest, praksa, perspektive\" odr\u017eat \u0107e se 23. i 24. travnja 2026. u Konferencijskoj dvorani Knji\u017enice Filozofskog fakulteta u Zagrebu (2. kat).\u00a0Konferencija je organizirana u okviru projekta\u00a0SUMKOS (voditeljica prof. dr. sc. Ivana Zagorac, financiran\u00a0sredstvima NextGenerationEU), uz potporu Odsjeka za filozofiju.\u00a0 Uz izlaga\u010dki dio, konferencija obuhva\u0107a i izlo\u017ebu\u2026","rel":"","context":"U &quot;Novosti&quot;","block_context":{"text":"Novosti","link":"https:\/\/historiografija.hr\/?cat=3"},"img":{"alt_text":"","src":"","width":0,"height":0},"classes":[]},{"id":52439,"url":"https:\/\/historiografija.hr\/?p=52439","url_meta":{"origin":14528,"position":4},"title":"Tribina &#8220;Ahmi\u0107i 33 godine kasnije: Ne u na\u0161e ime&#8221;","author":"Branimir Jankovi\u0107","date":"16. travnja 2026.","format":false,"excerpt":"U \u010detvrtak, 16. travnja 2026. u 17 sati u Knji\u017enici i \u010ditaonici Bogdana Ogrizovi\u0107a u Zagrebu odr\u017eat \u0107e se tribina pod nazivom Ahmi\u0107i 33 godine kasnije: Ne u na\u0161e ime. Na tribini \u0107e govoriti Ivica \u0110iki\u0107, novinar, Mubera Masli\u0107 \u2013 \u017ddralovi\u0107, aktivistikinja, prevoditeljica za arapski, Domagoj Fuk, student politologije, \u010dlan\u2026","rel":"","context":"U &quot;Novosti&quot;","block_context":{"text":"Novosti","link":"https:\/\/historiografija.hr\/?cat=3"},"img":{"alt_text":"","src":"https:\/\/i0.wp.com\/historiografija.hr\/wp-content\/uploads\/2026\/04\/Zagreb_2026.jpeg?fit=1200%2C900&ssl=1&resize=350%2C200","width":350,"height":200,"srcset":"https:\/\/i0.wp.com\/historiografija.hr\/wp-content\/uploads\/2026\/04\/Zagreb_2026.jpeg?fit=1200%2C900&ssl=1&resize=350%2C200 1x, https:\/\/i0.wp.com\/historiografija.hr\/wp-content\/uploads\/2026\/04\/Zagreb_2026.jpeg?fit=1200%2C900&ssl=1&resize=525%2C300 1.5x, https:\/\/i0.wp.com\/historiografija.hr\/wp-content\/uploads\/2026\/04\/Zagreb_2026.jpeg?fit=1200%2C900&ssl=1&resize=700%2C400 2x, https:\/\/i0.wp.com\/historiografija.hr\/wp-content\/uploads\/2026\/04\/Zagreb_2026.jpeg?fit=1200%2C900&ssl=1&resize=1050%2C600 3x"},"classes":[]},{"id":52589,"url":"https:\/\/historiografija.hr\/?p=52589","url_meta":{"origin":14528,"position":5},"title":"Predstavljena knjiga Miomira \u017du\u017eula &#8220;Dayton: Diplomacija &#8211; druga strana rata&#8221;","author":"Branimir Jankovi\u0107","date":"22. travnja 2026.","format":false,"excerpt":"Knjiga Miomira \u017du\u017eula \u201eDayton: Diplomacija \u2013 druga strana rata\u201d predstavljena je u srijedu, 22. travnja 2026. godine u foajeu Hrvatskoga narodnog kazali\u0161ta u Zagrebu. Op\u0161irnije: https:\/\/vijesti.hrt.hr\/hrvatska\/predstavljena-knjiga-miomira-zuzula-dayton-diplomacija-druga-strana-rata-12683259 https:\/\/www.vecernji.ba\/amp\/vijesti\/zuzulova-knjiga-o-daytonu-predstavljena-u-zagrebu-diplomacija-kao-druga-strana-rata-1953700 https:\/\/www.tportal.hr\/vijesti\/clanak\/bivsi-sanaderov-ministar-odrzao-promociju-evo-tko-je-sve-dosao-na-predstavljanje-knjige-miomira-zuzula-foto-20260422 https:\/\/direktno.hr\/zivot\/kultura\/zuzul-otkrio-sve-o-drugoj-strani-rata-za-hrvatsku-se-nije-libio-povuci-nekoga-i-za-kosu-395042 https:\/\/www.24sata.hr\/news\/miomir-zuzul-predstavio-je-knjigu-o-daytonu-diplomacija-je-bila-druga-strana-rata-1123152 https:\/\/www.vecernji.hr\/kultura\/kolinda-grabar-kitarovic-otvoreno-miomir-zuzul-nije-vukao-samo-za-rukav-nego-i-za-kosu-1953722 https:\/\/www.vecernji.hr\/kultura\/i-papa-lav-xiv-eksplicitno-je-daytonski-sporazum-istaknuo-kao-primjer-uspjesna-rjesavanja-sukoba-1952215","rel":"","context":"U &quot;Novosti&quot;","block_context":{"text":"Novosti","link":"https:\/\/historiografija.hr\/?cat=3"},"img":{"alt_text":"","src":"https:\/\/i0.wp.com\/historiografija.hr\/wp-content\/uploads\/2026\/04\/Dayton.jpg?fit=1024%2C683&ssl=1&resize=350%2C200","width":350,"height":200,"srcset":"https:\/\/i0.wp.com\/historiografija.hr\/wp-content\/uploads\/2026\/04\/Dayton.jpg?fit=1024%2C683&ssl=1&resize=350%2C200 1x, https:\/\/i0.wp.com\/historiografija.hr\/wp-content\/uploads\/2026\/04\/Dayton.jpg?fit=1024%2C683&ssl=1&resize=525%2C300 1.5x, https:\/\/i0.wp.com\/historiografija.hr\/wp-content\/uploads\/2026\/04\/Dayton.jpg?fit=1024%2C683&ssl=1&resize=700%2C400 2x"},"classes":[]}],"_links":{"self":[{"href":"https:\/\/historiografija.hr\/index.php?rest_route=\/wp\/v2\/posts\/14528","targetHints":{"allow":["GET"]}}],"collection":[{"href":"https:\/\/historiografija.hr\/index.php?rest_route=\/wp\/v2\/posts"}],"about":[{"href":"https:\/\/historiografija.hr\/index.php?rest_route=\/wp\/v2\/types\/post"}],"author":[{"embeddable":true,"href":"https:\/\/historiografija.hr\/index.php?rest_route=\/wp\/v2\/users\/2"}],"replies":[{"embeddable":true,"href":"https:\/\/historiografija.hr\/index.php?rest_route=%2Fwp%2Fv2%2Fcomments&post=14528"}],"version-history":[{"count":1,"href":"https:\/\/historiografija.hr\/index.php?rest_route=\/wp\/v2\/posts\/14528\/revisions"}],"predecessor-version":[{"id":14530,"href":"https:\/\/historiografija.hr\/index.php?rest_route=\/wp\/v2\/posts\/14528\/revisions\/14530"}],"wp:featuredmedia":[{"embeddable":true,"href":"https:\/\/historiografija.hr\/index.php?rest_route=\/wp\/v2\/media\/14529"}],"wp:attachment":[{"href":"https:\/\/historiografija.hr\/index.php?rest_route=%2Fwp%2Fv2%2Fmedia&parent=14528"}],"wp:term":[{"taxonomy":"category","embeddable":true,"href":"https:\/\/historiografija.hr\/index.php?rest_route=%2Fwp%2Fv2%2Fcategories&post=14528"},{"taxonomy":"post_tag","embeddable":true,"href":"https:\/\/historiografija.hr\/index.php?rest_route=%2Fwp%2Fv2%2Ftags&post=14528"}],"curies":[{"name":"wp","href":"https:\/\/api.w.org\/{rel}","templated":true}]}}