{"id":14486,"date":"2019-04-20T10:27:08","date_gmt":"2019-04-20T10:27:08","guid":{"rendered":"http:\/\/historiografija.hr\/?p=14486"},"modified":"2019-04-20T10:27:08","modified_gmt":"2019-04-20T10:27:08","slug":"noc-knjige-2019","status":"publish","type":"post","link":"https:\/\/historiografija.hr\/?p=14486","title":{"rendered":"No\u0107 knjige 2019."},"content":{"rendered":"<p>Manifestacija No\u0107 knjige, koja ve\u0107 osmu godinu zaredom tematizira knjigu i popularizira \u010ditanje, odr\u017eat \u0107e se 23. travnja u povodu Me\u0111unarodnog dana knjige i autorskih prava i Dana hrvatske knjige.<\/p>\n<p>&nbsp;<\/p>\n<p>&#8212;<\/p>\n<p>&nbsp;<\/p>\n<p><strong>NO\u0106 KNJIGE<\/strong><\/p>\n<p><em><strong>\u00a0<\/strong><\/em><\/p>\n<p><a href=\"https:\/\/nocknjige.hr\/\">https:\/\/nocknjige.hr\/<\/a><\/p>\n<p><em>\u00a0<\/em><\/p>\n<p>Manifestacija No\u0107 knjige odr\u017eat \u0107e se osmu godinu zaredom, a za\u0161titni znak ovogodi\u0161nje manifestacije je Knjigomir, junak s posebnim mo\u0107ima koje mu je priskribilo \u010ditanje. Knjigomirova misija je prenijeti poruku o vrijednosti knjige i va\u017enosti \u010ditanja u No\u0107i knjige 2019.<\/p>\n<p>Manifestacija No\u0107 knjige, koja ve\u0107 osmu godinu zaredom tematizira knjigu i popularizira \u010ditanje, odr\u017eat \u0107e se <strong>23. travnja<\/strong> u povodu Me\u0111unarodnog dana knjige i autorskih prava i Dana hrvatske knjige.<\/p>\n<p>&#8220;Pokre\u0107u\u0107i 2012. godine No\u0107 knjige, osim dostojnog obilje\u017eavanja navedenih obljetnica, organizatori su \u017eeljeli stvoriti sinergiju svih dionika u knji\u017enom sektoru: pisaca, prevoditelja, ilustratora, urednika, izdava\u010da, knji\u017eara, knji\u017eni\u010dara, strukovnih udruga, dr\u017eavnih struktura, medija i \u010ditatelja. Upravo se ta suradnja pokazala kao primjer na koji bi na\u010din Hrvatska trebala brinuti o knjizi i \u010ditanju, kao i o kulturi op\u0107enito, i stoga se s pravom No\u0107 knjige mo\u017ee smatrati perjanicom Nacionalne strategije poticanja \u010ditanja, jer su koncepcija i programi No\u0107i knjige kompatibilni sa svim njezinim ciljevima&#8221; &#8211;\u00a0izjavio je Nenad Bartol\u010di\u0107, na tiskovnoj koferenciji odr\u017eanoj u srijedu 17. travnja u Knji\u017enici Bogdana Ogrizovi\u0107a u Zagrebu.<\/p>\n<p>Ovogodi\u0161njom temom, \u201e<strong>Omiljeni likovi i junaci iz svijeta knjige i stripa<\/strong>\u201c, \u017eeljeli smo potaknuti na promi\u0161ljanje o likovima koji su nam bili va\u017eni, s kojima smo se mogli poistovjetiti, likova s kojima smo odrastali, putovali i otkrivali nepoznate krajeve, rje\u0161avali najte\u017ee zada\u0107e, od kojih smo u\u010dili kako se nositi s izazovima stvarnog svijeta. O njima smo \u017eeljeli potaknuti i me\u0111ugeneracijski dijalog, propituju\u0107i imamo li iste heroje koje su imali na\u0161i mame, tate, djedovi i bake, poistovje\u0107ujemo li se s njima ili pak pronalazimo nove.<\/p>\n<p>Diljem zemlje, na razli\u010dite kreativne na\u010dine, sudionici No\u0107i knjige istra\u017eivat \u0107e kako su nas knji\u0161ki junaci inspirirali i nadahnjivali te oblikovali na\u0161e \u017eivote. Odgovor na pitanje za\u0161to su nam toliko va\u017eni dobit \u0107emo u gotovo 800 programa, koliko ih je do ovog trenutka prijavljeno. Programi posve\u0107eni najmla\u0111ima odvijat \u0107e se u jutarnjim i poslijepodnevnim satima, a donose mnoge kreativne i ma\u0161tovite radionice: od kostimiranih zabava s omiljenim likovima, likovnih radionica, radionica izrade stripa, raznih igara i \u010ditaonica do igrokaza, lutkarskih i dramskih predstava. Mnogi \u0107e se na jedan dan na\u0107i u ulozi junaka iz svijeta knjige i stripa.<\/p>\n<p>I odrasla publika \u0107e se imati prilike okupiti oko svojih omiljenih likova, ali u brojnim drugim programima koji \u0107e se odvijati u 175\u00a0gradova\u00a0i mjesta \u0161irom Hrvatske, u knji\u017enicama, knji\u017earama, odgojno-obrazovnim ustanovama, institutima, kulturnim centrima, muzejima, i mnogim drugim prostorima \u201eljubiteljima knjige\u201c. No\u0107 knjige obilje\u017eit \u0107e i stara\u010dki domovi, bolnice, zatvori, te radio i televizijske postaje. Ove godine program u No\u0107i knjige po prvi puta organiziraju i mjesni odbori i op\u0107ine koje su za stanovnike svojih mjesta ili gradskih \u010detvrti pripremili bogat program s ciljem okupljanja svih stanovnika kvarta u zajedni\u010dkom slavlju i promicanju ljubavi prema knjizi i \u010ditanju.<\/p>\n<p>Uz pisce, ilustratore, urednike, prevoditelje, stripa\u0161e, glumce, izvo\u0111a\u010de i mnoge druge kreativce, No\u0107 knjige obilje\u017eit \u0107e i glazbenici, od kojih mo\u017eemo izdvojiti nastup grupe Elemetal,\u00a0Zorana Predina i Sare Renar..<\/p>\n<p><strong>OBLJETNICE<\/strong><\/p>\n<p>Povod za promi\u0161ljanje o na\u0161im najdra\u017eim fiktivnim likovima i herojima ove nam godine pru\u017ea i niz obljetnica koje brojimo: 180 godina od objavljivanja romana \u201eJunak na\u0161eg doba\u201c, 80 godina izla\u017eenja Marvelovih stripova, 50 godina izla\u017eenja \u201eAlana Forda\u201c, 90 godina od prve pojave Popaja, 50 godina od ro\u0111enja i 20 godina od smrti Edvina Biukovi\u0107a i dr.<\/p>\n<p><strong>I NO\u0106 KNJIGE IMA SVOG SUPERJUNAKA\u2026<\/strong><\/p>\n<p>Za\u0161titni znak ovogodi\u0161nje manifestacije je <strong>Knjigomir<\/strong>, junak s posebnim mo\u0107ima koje je stekao zahvaljuju\u0107i knjigama. Svoju univerzalnu poruku o va\u017enosti knjige i vrijednosti \u010ditanja prenijet \u0107e nam to\u010dno u podne u najve\u0107oj hrvatskoj knji\u017enici. Autor vizualnog rje\u0161enja je dizajner <strong>Boris Kuk,<\/strong> a zanimljivosti iz Knjigomirova putovanja s udaljene planete Libromeda do Zemlje i No\u0107i knjige, koju mo\u017eete pratiti na <a href=\"https:\/\/www.facebook.com\/nocknjige.hr\/\">Facebook <\/a>stranicama No\u0107i knjige,\u00a0vje\u0161to su ilustrirale ruke <strong>Josipa Sr\u0161ena<\/strong> i <strong>Sebastijana \u010camagajevca<\/strong>.<\/p>\n<p>Sretni smo stoga \u0161to \u0107emo upravo njega ugostiti na sve\u010danom otvaranju naj\u017eivahnije knji\u0161ke manifestacije na planetu Zemlji. Sve\u010dano otvorenje ovogodi\u0161nje No\u0107i knjige, odr\u017eat \u0107e se <strong>23. travnja 2019. u 12 sati<\/strong> u Nacionalnoj i sveu\u010dili\u0161noj knji\u017enici u Zagrebu.\u00a0Program \u0107e zapo\u010deti predstavljanjem najnovijih rezultata istra\u017eivanja tr\u017ei\u0161ta knjiga u Republici Hrvatskoj. Iz godine u godinu \u00a0(2012. \u2013 2019.) No\u0107 knjige osmi\u0161ljava i naru\u010duje istra\u017eivanje \u010ditala\u010dkih preferencija i preferencija kupovanja knjiga hrvatskih gra\u0111ana, a od ove godine u suradnji s novom agencijom <strong>Kvaka<\/strong>, koje nam donosi konkretne podatke o \u010ditanju i kupovanju knjiga u Hrvatskoj. U sklopu programa otvorenja javnost \u0107e se upoznati s najnovijim rezultatima,<strong> iz o\u017eujka 2019. godine.<\/strong><\/p>\n<p><strong>NO\u0106 KNJIGE ZA \u0160KOLARCE<\/strong><\/p>\n<p>S obzirom na to da ovogodi\u0161nja No\u0107 knjige \u201epada\u201c u vrijeme \u0161kolskih praznika, za mlade entuzijaste prire\u0111en je likovni i literarni natje\u010daj \u201e<a href=\"http:\/\/nocknjige.hr\/tekstx.php?id=40&amp;k=1\"><strong>Koji si ti lik?!<\/strong><\/a>\u201c koji je provela Hrvatska udruga \u0161kolskih knji\u017eni\u010dara. Na natje\u010daj su pristigla <strong>72 literarna rada i 81 strip iz 78 osnovnih i srednjih \u0161kola<\/strong> Hrvatske i jedne hrvatske osnovne \u0161kole iz Luksemburga. Nagrade u\u010denicima koji su prema kriterijima originalnosti i kvalitete najbolje prikazali zadanu temu bit \u0107e uru\u010dene na sve\u010danom otvaranju manifestacije u Nacionalnoj i sveu\u010dili\u0161noj knji\u017enici u Zagrebu, gdje \u0107e uz izlo\u017ebu Sr\u0161enovih radova biti izlo\u017eeni i stripovi na\u0161ih mladih pobjednika.<\/p>\n<p>Zna\u010dajan dio \u0161kola obilje\u017eit \u0107e No\u0107 knjige 23. travnja, a dio ih je odlu\u010dio organizirati programe prije i nakon Uskr\u0161njih praznika i kao takvi nisu mogli biti predstavljeni u programu ovogodi\u0161nje manifestacije. Organizatore manifestacije osobito raduje entuzijazam kojim pristupaju No\u0107i knjige, \u010dak i onda kada su na zaslu\u017eenom odmoru. Zato smo ih nagradili promotivnim\u00a0materijalima\u00a0No\u0107i knjige.<\/p>\n<p><strong>BOOKTUBE KANAL NO\u0106I KNJIGE<\/strong><\/p>\n<p>Za strastvene knji\u0161ke moljce, zaljubljenike u knjigu, kao i u suvremene tehnologije i na\u010dine komunikacije, No\u0107 knjige pokre\u0107e <strong><a href=\"http:\/\/nocknjige.hr\/tekstx.php?id=39&amp;k=1\">BookTube kanal<\/a> <\/strong>posve\u0107en knjigama. Pozivaju se entuzijasti da snime kratki video na hrvatskom jeziku o svojim omiljenim knjigama, herojima i raznim drugim knji\u0161kim temama i postanu \u0161apta\u010di knjigama \u2013 knji\u0161ki influenceri! Pri\u010du mogu i dodatno za\u010diniti maskiraju\u0107i se u svog junaka ili tako da uz pri\u010du o njemu poku\u0161aju stvoriti scenu iz knjige koju \u017eele o\u017eivjeti. A videoprilog mogu snimiti i udvoje, postaju\u0107i pritom glumci koji \u0107e omiljenim likovima iz svijeta fikcije pru\u017eiti novi \u017eivot u posebnoj scenskoj izvedbi.<\/p>\n<p><strong>KNJIGOMIROVA MISIJA &#8211; KAMPANJA POTICANJA \u010cITANJA<\/strong><\/p>\n<p>Uz potporu Ministarstva kulture i podr\u0161ku Europlakata i dnevne novine 24 sata, pokrenuli smo kampanju poticanja \u010ditanja s Knjigomirom u glavnoj ulozi. Njegovu univerzalnu poruku o va\u017enosti knjige dijelimo na city lights plakatima koji su postavljeni na 90 plakatnih mjesta u 24 grada \u0161irom Hrvatske, a na stranicama 24 sata Knjigomir iz dana u dan, tijekom 11 dana &#8211; podsje\u0107a i na sve vrijednosti \u010ditanja.<\/p>\n<p><strong>PROJEKCIJE NAD FONTANAMA U NO\u0106I KNJIGE 2019.<\/strong><\/p>\n<p>U utorak 23. travnja, u ve\u010dernjim satima, na fontanama ispred Nacionalne i sveu\u010dili\u0161ne knji\u017enice javnost \u0107e mo\u0107i u\u017eivati u 3D projekcijama motiva koji vizualno obilje\u017eavaju ovogodi\u0161nju No\u0107 knjige. Fotografije i videosnimke \u201e<strong>Knjigomira nad fontanama<\/strong>\u201c mo\u017eete podijeliti na dru\u0161tvenim mre\u017eama uz oznake: <strong>#knjigomir #nocknjige.<\/strong><\/p>\n<p><strong>PUTUJ S KNJIGOM!<\/strong><\/p>\n<p>No\u0107 knjige \u0107e se tre\u0107u godinu zaredom obilje\u017eiti u putni\u010dkom prijevozu Jadrolinije i H\u017e putni\u010dkog prijevoza. Na deset brodskih linija, u sva tri plovna podru\u010dja, od sjevera do juga Jadrana, putnici \u0107e u\u017eivati slu\u0161aju\u0107i audiopri\u010de\/zvu\u010dne knjige za djecu. Pri\u010de je ustupila je Croatia Records iz svoje edicije \u201e<strong>Bakine pri\u010de<\/strong>\u201c. Na kopnu, H\u017d Putni\u010dki prijevoz \u0107e omogu\u0107iti emitiranje pri\u010da u 23 vlaka u gradsko prigradskom prometu grada Zagreba. Stoga vas pozivamo da svoje najmla\u0111e povedete na vo\u017enju vlakom i da zajedno poslu\u0161ate njihove omiljene pri\u010de.<br \/>\n<strong>PRODAJNE AKCIJE, POPUSTI I OPROSTI<\/strong><\/p>\n<p>Mnogi za No\u0107 knjige \u017eele kupiti ili darovati knjigu, smatraju\u0107i je dragim poklonom. Za tu su priliku i ove godine knji\u017eari i nakladnici pripremili prodajne akcije i popuste koji \u0107e se mo\u0107i ostvariti tijekom cijelog dana u knji\u017earama i antikvarijatima \u0161irom Hrvatske. Mnoge \u0107e knji\u017enice nuditi besplatan upis, a onima zaboravnima u pojedinim \u0107e se knji\u017enicama omogu\u0107iti vra\u0107anje knjiga bez naplate zakasnine.<\/p>\n<p><strong>NO\u0106 KNJIGE ZA HUMANOST<\/strong><\/p>\n<p>Organizatori No\u0107i knjige, kao i svake godine do sada, manifestaciji nastoje dati humanitarnu notu, ukazuju\u0107i na one kojima je potrebna na\u0161a pomo\u0107. Zahvaljujemo nakladnicima koji su se i ove godine odazvali na\u0161em pozivu te donirali knjige <strong>Udruzi MoSt iz Splita<\/strong> odnosno njihovu Centru za besku\u0107nike i Centru podr\u0161ke za djecu i mlade s problemima u pona\u0161anju.<\/p>\n<p><strong>INFORMACIJE I PROMOTIVNI MATERIJALI<\/strong><\/p>\n<p>Popis sudionika, programa i akcija dostupan je na internetskoj stranici No\u0107i knjige, a u rubrici <a href=\"http:\/\/nocknjige.hr\/tekstx.php?k=43&amp;id=38\">PROMO&amp;PRESS<\/a> dostupni su svi vizuali No\u0107i knjige 2019. Promotivni video mo\u017eete pogledati na <a href=\"https:\/\/www.youtube.com\/channel\/UCc5p5lRjmG8AHyRgsSoYZyg\">YouTube<\/a> kanalu No\u0107i knjige, a za fotografijama posegnite na <a href=\"https:\/\/www.facebook.com\/nocknjige.hr\/\">Facebook <\/a>stranicu No\u0107i knjige.<\/p>\n<p><strong>ORGANIZATORI I PRIJATELJI NO\u0106I KNJIGE<\/strong><\/p>\n<p>Organizatori No\u0107i knjige 2019. su: Zajednica nakladnika i knji\u017eara Hrvatske gospodarske komore, Nacionalna i sveu\u010dili\u0161na knji\u017enica u Zagrebu, Knji\u017enice grada Zagreba, Knji\u017eni blok \u2013 Inicijativa za knjigu, Udruga za za\u0161titu prava nakladnika \u2013 ZANA, portal za knjigu i kulturu Moderna vremena te Hrvatska udruga \u0161kolskih knji\u017eni\u010dara.<\/p>\n<p>No\u0107 knjige 2019. odr\u017eava se pod pokroviteljstvom Ministarstva kulture, Ministarstva znanosti i obrazovanja te Odjela za UNESCO pri Ministarstvu kulture Republike Hrvatske.<\/p>\n<p>Realizaciju ovogodi\u0161njeg programa financijski su pomogli Udruga za za\u0161titu prava nakladnika \u2013 ZANA, Ministarstvo kulture Republike Hrvatske i\u00a0Grad Zagreb.<\/p>\n<p>Zahvaljujemo na podr\u0161ci dnevniku 24sata, tjedniku Express i Europlakatu.<\/p>\n<p>&nbsp;<\/p>\n<p>&nbsp;<\/p>\n<p>&nbsp;<\/p>\n","protected":false},"excerpt":{"rendered":"","protected":false},"author":2,"featured_media":14480,"comment_status":"open","ping_status":"open","sticky":false,"template":"","format":"standard","meta":{"_acf_changed":false,"jetpack_post_was_ever_published":false,"_jetpack_newsletter_access":"","_jetpack_dont_email_post_to_subs":false,"_jetpack_newsletter_tier_id":0,"_jetpack_memberships_contains_paywalled_content":false,"_jetpack_memberships_contains_paid_content":false,"footnotes":"","jetpack_publicize_message":"","jetpack_publicize_feature_enabled":true,"jetpack_social_post_already_shared":true,"jetpack_social_options":{"image_generator_settings":{"template":"highway","default_image_id":0,"font":"","enabled":false},"version":2}},"categories":[3],"tags":[],"class_list":["post-14486","post","type-post","status-publish","format-standard","has-post-thumbnail","hentry","category-novosti"],"acf":{"facebook_opis":""},"jetpack_publicize_connections":[],"jetpack_featured_media_url":"https:\/\/i0.wp.com\/historiografija.hr\/wp-content\/uploads\/2019\/04\/No%C4%87-knjige-2019.jpg?fit=687%2C423&ssl=1","jetpack_sharing_enabled":true,"jetpack-related-posts":[{"id":52616,"url":"https:\/\/historiografija.hr\/?p=52616","url_meta":{"origin":14486,"position":0},"title":"No\u0107 knjige 2026.","author":"Branimir Jankovi\u0107","date":"22. travnja 2026.","format":false,"excerpt":"Slavljeni\u010dka 15. No\u0107 knjige odr\u017eat \u0107e se 23. travnja diljem Hrvatske u povodu Svjetskog dana knjige i autorskih prava te Dana hrvatske knjige. S vi\u0161e od 1.000 prijavljenih programa i akcija s pravom nosi epitet najmasovnije doma\u0107e kulturne manifestacije, a ove \u0107e godine prote\u0107i u znaku mira, razumijevanja, tolerancije, srodnosti\u2026","rel":"","context":"U &quot;Novosti&quot;","block_context":{"text":"Novosti","link":"https:\/\/historiografija.hr\/?cat=3"},"img":{"alt_text":"","src":"https:\/\/i0.wp.com\/historiografija.hr\/wp-content\/uploads\/2026\/04\/noc_knjige_2026.jpg?fit=680%2C276&ssl=1&resize=350%2C200","width":350,"height":200,"srcset":"https:\/\/i0.wp.com\/historiografija.hr\/wp-content\/uploads\/2026\/04\/noc_knjige_2026.jpg?fit=680%2C276&ssl=1&resize=350%2C200 1x, https:\/\/i0.wp.com\/historiografija.hr\/wp-content\/uploads\/2026\/04\/noc_knjige_2026.jpg?fit=680%2C276&ssl=1&resize=525%2C300 1.5x"},"classes":[]},{"id":52675,"url":"https:\/\/historiografija.hr\/?p=52675","url_meta":{"origin":14486,"position":1},"title":"Predstavljanje knjige Luke Peji\u0107a &#8220;U taboru anarhista: \u017divot Ivana Zeppa&#8221; u Osijeku","author":"Branimir Jankovi\u0107","date":"27. travnja 2026.","format":false,"excerpt":"U \u010detvrtak, 30. travnja 2026.\u00a0u\u00a019.00 sati\u00a0u Klubu knji\u017eare Nova\u00a0(Trg Ante Star\u010devi\u0107a 4, Osijek) odr\u017eat \u0107e se predstavljanje nove knjige Luke Peji\u0107a U taboru anarhista: \u017divot Ivana Zeppa (DAF, 2025.). Uz autora o knjizi \u0107e govoriti recenzent i povjesni\u010dar Nikola Toma\u0161egovi\u0107 te povjesni\u010darka Ana Rajkovi\u0107 Peji\u0107. Razgovor \u0107e moderirati doktorandica\u00a0Valentina Kezi\u0107.\u2026","rel":"","context":"U &quot;Novosti&quot;","block_context":{"text":"Novosti","link":"https:\/\/historiografija.hr\/?cat=3"},"img":{"alt_text":"","src":"https:\/\/i0.wp.com\/historiografija.hr\/wp-content\/uploads\/2025\/11\/Pejic.jpg?fit=574%2C790&ssl=1&resize=350%2C200","width":350,"height":200,"srcset":"https:\/\/i0.wp.com\/historiografija.hr\/wp-content\/uploads\/2025\/11\/Pejic.jpg?fit=574%2C790&ssl=1&resize=350%2C200 1x, https:\/\/i0.wp.com\/historiografija.hr\/wp-content\/uploads\/2025\/11\/Pejic.jpg?fit=574%2C790&ssl=1&resize=525%2C300 1.5x"},"classes":[]},{"id":52552,"url":"https:\/\/historiografija.hr\/?p=52552","url_meta":{"origin":14486,"position":2},"title":"Besplatni glazbeni antikvarijat","author":"Branimir Jankovi\u0107","date":"20. travnja 2026.","format":false,"excerpt":"Muzi\u010dka akademija Sveu\u010dili\u0161ta u Zagrebu 23. travnja 2026. od 10 do 17 sati Pozivamo Vas na Besplatni glazbeni antikvarijat, koji u sklopu manifestacije No\u0107 knjige 2026. organizira Hrvatska udruga muzi\u010dkih knji\u017enica, arhiva i dokumentacijskih centara (HUMKAD). Antikvarijat \u0107e se odr\u017eati na Svjetski dan knjige \u2013 u \u010detvrtak 23. travnja 2026.\u2026","rel":"","context":"U &quot;Novosti&quot;","block_context":{"text":"Novosti","link":"https:\/\/historiografija.hr\/?cat=3"},"img":{"alt_text":"","src":"https:\/\/i0.wp.com\/historiografija.hr\/wp-content\/uploads\/2026\/04\/Besplatni-glazbeni-antikvarijat-23.-4.-2026.jpg?fit=1200%2C848&ssl=1&resize=350%2C200","width":350,"height":200,"srcset":"https:\/\/i0.wp.com\/historiografija.hr\/wp-content\/uploads\/2026\/04\/Besplatni-glazbeni-antikvarijat-23.-4.-2026.jpg?fit=1200%2C848&ssl=1&resize=350%2C200 1x, https:\/\/i0.wp.com\/historiografija.hr\/wp-content\/uploads\/2026\/04\/Besplatni-glazbeni-antikvarijat-23.-4.-2026.jpg?fit=1200%2C848&ssl=1&resize=525%2C300 1.5x, https:\/\/i0.wp.com\/historiografija.hr\/wp-content\/uploads\/2026\/04\/Besplatni-glazbeni-antikvarijat-23.-4.-2026.jpg?fit=1200%2C848&ssl=1&resize=700%2C400 2x, https:\/\/i0.wp.com\/historiografija.hr\/wp-content\/uploads\/2026\/04\/Besplatni-glazbeni-antikvarijat-23.-4.-2026.jpg?fit=1200%2C848&ssl=1&resize=1050%2C600 3x"},"classes":[]},{"id":52603,"url":"https:\/\/historiografija.hr\/?p=52603","url_meta":{"origin":14486,"position":3},"title":"No\u0107 knjige: Carska i kraljevska kuhinja","author":"Branimir Jankovi\u0107","date":"22. travnja 2026.","format":false,"excerpt":"Pozivamo vas da nam se pridru\u017eite 23. travnja 2026. u 18 sati u obilje\u017eavanju No\u0107i knjige u Pivnici Bobi&Rudi na Trgu Ivana Me\u0161trovi\u0107a u Zapru\u0111u u Zagrebu gdje uz kavu \u010ditamo recepte iz zemalja Austro-Ugarske Monarhije iz knjige Carska i kraljevska kuhinja, autora Roberta Mak\u0142owicza, u prijevodu Damira Agi\u010di\u0107a. Izvor:\u2026","rel":"","context":"U &quot;Novosti&quot;","block_context":{"text":"Novosti","link":"https:\/\/historiografija.hr\/?cat=3"},"img":{"alt_text":"","src":"https:\/\/i0.wp.com\/historiografija.hr\/wp-content\/uploads\/2026\/04\/Noc-knjige-Carska-i-kraljevska.jpg?fit=1200%2C1200&ssl=1&resize=350%2C200","width":350,"height":200,"srcset":"https:\/\/i0.wp.com\/historiografija.hr\/wp-content\/uploads\/2026\/04\/Noc-knjige-Carska-i-kraljevska.jpg?fit=1200%2C1200&ssl=1&resize=350%2C200 1x, https:\/\/i0.wp.com\/historiografija.hr\/wp-content\/uploads\/2026\/04\/Noc-knjige-Carska-i-kraljevska.jpg?fit=1200%2C1200&ssl=1&resize=525%2C300 1.5x, https:\/\/i0.wp.com\/historiografija.hr\/wp-content\/uploads\/2026\/04\/Noc-knjige-Carska-i-kraljevska.jpg?fit=1200%2C1200&ssl=1&resize=700%2C400 2x, https:\/\/i0.wp.com\/historiografija.hr\/wp-content\/uploads\/2026\/04\/Noc-knjige-Carska-i-kraljevska.jpg?fit=1200%2C1200&ssl=1&resize=1050%2C600 3x"},"classes":[]},{"id":52613,"url":"https:\/\/historiografija.hr\/?p=52613","url_meta":{"origin":14486,"position":4},"title":"No\u0107 knjige u Hrvatskom dr\u017eavnom arhivu","author":"Branimir Jankovi\u0107","date":"22. travnja 2026.","format":false,"excerpt":"Predstavljanje knjige Rajke Bu\u0107in \u201dLije\u010denje i zbrinjavanje \u017didova u Bolnici sestara milosrdnica u Zagrebu 1941. \u2013 1945.\u201d u \u010detvrtak, 23. travnja 2026. u 13 sati u Hrvatskom dr\u017eavnom arhivu u Zagrebu. Izvor: https:\/\/www.arhiv.hr\/hr-hr\/Kulturno-prosvjetne-aktivnosti\/ArticleId\/1986\/oamid\/1633","rel":"","context":"U &quot;Novosti&quot;","block_context":{"text":"Novosti","link":"https:\/\/historiografija.hr\/?cat=3"},"img":{"alt_text":"","src":"https:\/\/i0.wp.com\/historiografija.hr\/wp-content\/uploads\/2026\/04\/noc_knjige_2026.jpg?fit=680%2C276&ssl=1&resize=350%2C200","width":350,"height":200,"srcset":"https:\/\/i0.wp.com\/historiografija.hr\/wp-content\/uploads\/2026\/04\/noc_knjige_2026.jpg?fit=680%2C276&ssl=1&resize=350%2C200 1x, https:\/\/i0.wp.com\/historiografija.hr\/wp-content\/uploads\/2026\/04\/noc_knjige_2026.jpg?fit=680%2C276&ssl=1&resize=525%2C300 1.5x"},"classes":[]},{"id":52607,"url":"https:\/\/historiografija.hr\/?p=52607","url_meta":{"origin":14486,"position":5},"title":"No\u0107 knjige: Kako je prije 410 godina smr\u0107u Shakespearea i Cervantesa zavr\u0161ilo razdoblje renesanse u knji\u017eevnosti","author":"Branimir Jankovi\u0107","date":"22. travnja 2026.","format":false,"excerpt":"\u010cetvrtak, 23. travnja 2026. u 18:00 sati, Knji\u017eara Matice hrvatske, Ulica Matice hrvatske 2, Zagreb Uvodna rije\u010d: dr. sc.\u00a0Dubravka Brezak Stama\u0107, pro\u010delnica Odjela za knji\u017eevnost Matice hrvatske Prof. dr. sc. Ivan Lupi\u0107, redoviti profesor u Odsjeku za anglistiku i Odsjeku za kroatistiku Sveu\u010dili\u0161ta u RijeciShakespeare, kazali\u0161te, glazbaKada se susre\u0107emo sa\u2026","rel":"","context":"U &quot;Novosti&quot;","block_context":{"text":"Novosti","link":"https:\/\/historiografija.hr\/?cat=3"},"img":{"alt_text":"","src":"https:\/\/i0.wp.com\/historiografija.hr\/wp-content\/uploads\/2026\/04\/noc_knjige_2026.jpg?fit=680%2C276&ssl=1&resize=350%2C200","width":350,"height":200,"srcset":"https:\/\/i0.wp.com\/historiografija.hr\/wp-content\/uploads\/2026\/04\/noc_knjige_2026.jpg?fit=680%2C276&ssl=1&resize=350%2C200 1x, https:\/\/i0.wp.com\/historiografija.hr\/wp-content\/uploads\/2026\/04\/noc_knjige_2026.jpg?fit=680%2C276&ssl=1&resize=525%2C300 1.5x"},"classes":[]}],"_links":{"self":[{"href":"https:\/\/historiografija.hr\/index.php?rest_route=\/wp\/v2\/posts\/14486","targetHints":{"allow":["GET"]}}],"collection":[{"href":"https:\/\/historiografija.hr\/index.php?rest_route=\/wp\/v2\/posts"}],"about":[{"href":"https:\/\/historiografija.hr\/index.php?rest_route=\/wp\/v2\/types\/post"}],"author":[{"embeddable":true,"href":"https:\/\/historiografija.hr\/index.php?rest_route=\/wp\/v2\/users\/2"}],"replies":[{"embeddable":true,"href":"https:\/\/historiografija.hr\/index.php?rest_route=%2Fwp%2Fv2%2Fcomments&post=14486"}],"version-history":[{"count":1,"href":"https:\/\/historiografija.hr\/index.php?rest_route=\/wp\/v2\/posts\/14486\/revisions"}],"predecessor-version":[{"id":14487,"href":"https:\/\/historiografija.hr\/index.php?rest_route=\/wp\/v2\/posts\/14486\/revisions\/14487"}],"wp:featuredmedia":[{"embeddable":true,"href":"https:\/\/historiografija.hr\/index.php?rest_route=\/wp\/v2\/media\/14480"}],"wp:attachment":[{"href":"https:\/\/historiografija.hr\/index.php?rest_route=%2Fwp%2Fv2%2Fmedia&parent=14486"}],"wp:term":[{"taxonomy":"category","embeddable":true,"href":"https:\/\/historiografija.hr\/index.php?rest_route=%2Fwp%2Fv2%2Fcategories&post=14486"},{"taxonomy":"post_tag","embeddable":true,"href":"https:\/\/historiografija.hr\/index.php?rest_route=%2Fwp%2Fv2%2Ftags&post=14486"}],"curies":[{"name":"wp","href":"https:\/\/api.w.org\/{rel}","templated":true}]}}