{"id":14463,"date":"2019-04-19T11:34:26","date_gmt":"2019-04-19T11:34:26","guid":{"rendered":"http:\/\/historiografija.hr\/?p=14463"},"modified":"2019-04-19T11:35:10","modified_gmt":"2019-04-19T11:35:10","slug":"izlozba-mirjana-gross-povjesnicarka-posebnoga-kova","status":"publish","type":"post","link":"https:\/\/historiografija.hr\/?p=14463","title":{"rendered":"Izlo\u017eba &#8220;Mirjana Gross: povjesni\u010darka posebnoga kova&#8221;"},"content":{"rendered":"<p><span lang=\"EN-US\"><span style=\"color: #000000; font-family: Times New Roman; font-size: medium;\">Interpretativna izlo\u017eba o \u017eivotu i radu najzna\u010dajnije hrvatske povjesni\u010darke prof. dr. sc. Mirjane Gross bit \u0107e otvorena u utorak, 23. travnja u 15.30 sati u Maloj auli (ispred Knji\u017enice Filozofskog fakulteta u Zagrebu).<\/span><\/span><\/p>\n<p><span lang=\"EN-US\"><span style=\"color: #000000; font-family: Times New Roman; font-size: medium;\">\u00a0<\/span><\/span><\/p>\n<p><span lang=\"EN-US\"><span style=\"color: #000000; font-family: Times New Roman; font-size: medium;\">Izlo\u017ebu organizira Odsjek za povijest u suradnji s Knji\u017enicom povodom obilje\u017eavanja No\u0107i knjige, a bit \u0107e otvorena do 5. svibnja.<\/span><\/span><\/p>\n<p><span lang=\"EN-US\"><span style=\"color: #000000; font-family: Times New Roman; font-size: medium;\">\u00a0<\/span><\/span><\/p>\n<p><span lang=\"EN-US\"><span style=\"color: #000000; font-family: Times New Roman; font-size: medium;\">Knji\u017enica i Odsjek za povijest Filozofskog fakulteta Sveu\u010dili\u0161ta u Zagrebu<\/span><\/span><\/p>\n<p><span lang=\"EN-US\"><span style=\"color: #000000; font-family: Times New Roman; font-size: medium;\">\u00a0<\/span><\/span><\/p>\n<p><span lang=\"EN-US\"><span style=\"color: #000000; font-family: Times New Roman; font-size: medium;\">Pozivnica:<\/span><\/span><\/p>\n<p><span lang=\"EN-US\"><span style=\"color: #000000; font-family: Times New Roman; font-size: medium;\">\u00a0<\/span><\/span><\/p>\n<p><span lang=\"EN-US\"><a href=\"https:\/\/web2020.ffzg.unizg.hr\/wp-content\/uploads\/2019\/04\/gross-pozivnica.pdf\">https:\/\/web2020.ffzg.unizg.hr\/wp-content\/uploads\/2019\/04\/gross-pozivnica.pdf<\/a><\/span><\/p>\n<p><span lang=\"EN-US\"><span style=\"color: #000000; font-family: Times New Roman; font-size: medium;\">\u00a0<\/span><\/span><\/p>\n<p><span lang=\"EN-US\"><span style=\"color: #000000; font-family: Times New Roman; font-size: medium;\">Izvor:<\/span><\/span><\/p>\n<p><span lang=\"EN-US\"><span style=\"color: #000000; font-family: Times New Roman; font-size: medium;\">\u00a0<\/span><\/span><\/p>\n<p><span lang=\"EN-US\"><a href=\"https:\/\/web2020.ffzg.unizg.hr\/blog\/2019\/04\/16\/poziv-na-otvorenje-izlozbe-mirjana-gross-povjesnicarka-posebnoga-kova\/\">https:\/\/web2020.ffzg.unizg.hr\/blog\/2019\/04\/16\/poziv-na-otvorenje-izlozbe-mirjana-gross-povjesnicarka-posebnoga-kova\/<\/a><\/span><\/p>\n<p><span lang=\"EN-US\"><span style=\"color: #000000; font-family: Times New Roman; font-size: medium;\">\u00a0<\/span><\/span><\/p>\n<p><span lang=\"EN-US\"><a href=\"https:\/\/www.facebook.com\/events\/308145089880459\/\">https:\/\/www.facebook.com\/events\/308145089880459\/<\/a><\/span><\/p>\n<p><span lang=\"EN-US\"><span style=\"color: #000000; font-family: Times New Roman; font-size: medium;\">\u00a0<\/span><\/span><\/p>\n<p><span lang=\"EN-US\"><span style=\"color: #000000; font-family: Times New Roman; font-size: medium;\">\u00a0<\/span><\/span><\/p>\n<p>&nbsp;<\/p>\n","protected":false},"excerpt":{"rendered":"","protected":false},"author":2,"featured_media":14464,"comment_status":"open","ping_status":"open","sticky":false,"template":"","format":"standard","meta":{"_acf_changed":false,"jetpack_post_was_ever_published":false,"_jetpack_newsletter_access":"","_jetpack_dont_email_post_to_subs":false,"_jetpack_newsletter_tier_id":0,"_jetpack_memberships_contains_paywalled_content":false,"_jetpack_memberships_contains_paid_content":false,"footnotes":"","jetpack_publicize_message":"","jetpack_publicize_feature_enabled":true,"jetpack_social_post_already_shared":true,"jetpack_social_options":{"image_generator_settings":{"template":"highway","default_image_id":0,"font":"","enabled":false},"version":2}},"categories":[10,3],"tags":[],"class_list":["post-14463","post","type-post","status-publish","format-standard","has-post-thumbnail","hentry","category-izlozbe","category-novosti"],"acf":{"facebook_opis":""},"jetpack_publicize_connections":[],"jetpack_featured_media_url":"https:\/\/i0.wp.com\/historiografija.hr\/wp-content\/uploads\/2019\/04\/Gross-izlozba.jpg?fit=2000%2C1125&ssl=1","jetpack_sharing_enabled":true,"jetpack-related-posts":[{"id":52573,"url":"https:\/\/historiografija.hr\/?p=52573","url_meta":{"origin":14463,"position":0},"title":"Znanstvena konferencija &#8220;Filozofija odgoja: povijest, praksa, perspektive&#8221;","author":"Branimir Jankovi\u0107","date":"21. travnja 2026.","format":false,"excerpt":"Znanstvena konferencija \"Filozofija odgoja: povijest, praksa, perspektive\" odr\u017eat \u0107e se 23. i 24. travnja 2026. u Konferencijskoj dvorani Knji\u017enice Filozofskog fakulteta u Zagrebu (2. kat).\u00a0Konferencija je organizirana u okviru projekta\u00a0SUMKOS (voditeljica prof. dr. sc. Ivana Zagorac, financiran\u00a0sredstvima NextGenerationEU), uz potporu Odsjeka za filozofiju.\u00a0 Uz izlaga\u010dki dio, konferencija obuhva\u0107a i izlo\u017ebu\u2026","rel":"","context":"U &quot;Novosti&quot;","block_context":{"text":"Novosti","link":"https:\/\/historiografija.hr\/?cat=3"},"img":{"alt_text":"","src":"","width":0,"height":0},"classes":[]},{"id":52669,"url":"https:\/\/historiografija.hr\/?p=52669","url_meta":{"origin":14463,"position":1},"title":"Predavanje Igora Dude &#8220;Odmor kao \u017eivotna potreba: o slobodnom vremenu u socijalisti\u010dkoj Jugoslaviji&#8221;","author":"Branimir Jankovi\u0107","date":"27. travnja 2026.","format":false,"excerpt":"U sklopu proljetnog ciklusa programa\u00a0Kriti\u010dka dramaturgija: pauza, u\u00a0subotu, 25. travnja 2026. u 19 sati\u00a0u prostoru Udru\u017eenja hrvatskih arhitekata povjesni\u010dar Igor Duda\u00a0odr\u017eao je predavanje naslovljeno\u00a0Odmor kao \u017eivotna potreba: o slobodnom vremenu u socijalisti\u010dkoj Jugoslaviji. Industrijalizacija i urbanizacija dru\u0161tava u povijesti su zna\u010dile i prelazak s predindustrijskog na industrijsko shva\u0107anje vremena. Ono\u2026","rel":"","context":"U &quot;Novosti&quot;","block_context":{"text":"Novosti","link":"https:\/\/historiografija.hr\/?cat=3"},"img":{"alt_text":"","src":"https:\/\/i0.wp.com\/historiografija.hr\/wp-content\/uploads\/2026\/04\/Duda.png?fit=1200%2C628&ssl=1&resize=350%2C200","width":350,"height":200,"srcset":"https:\/\/i0.wp.com\/historiografija.hr\/wp-content\/uploads\/2026\/04\/Duda.png?fit=1200%2C628&ssl=1&resize=350%2C200 1x, https:\/\/i0.wp.com\/historiografija.hr\/wp-content\/uploads\/2026\/04\/Duda.png?fit=1200%2C628&ssl=1&resize=525%2C300 1.5x, https:\/\/i0.wp.com\/historiografija.hr\/wp-content\/uploads\/2026\/04\/Duda.png?fit=1200%2C628&ssl=1&resize=700%2C400 2x, https:\/\/i0.wp.com\/historiografija.hr\/wp-content\/uploads\/2026\/04\/Duda.png?fit=1200%2C628&ssl=1&resize=1050%2C600 3x"},"classes":[]},{"id":52547,"url":"https:\/\/historiografija.hr\/?p=52547","url_meta":{"origin":14463,"position":2},"title":"ISHA Zagreb \u2013 Filmska ve\u010der: Povratak Martina Guerrea","author":"Branimir Jankovi\u0107","date":"20. travnja 2026.","format":false,"excerpt":"Klub studenata povijesti \u2013 ISHA Zagreb poziva Vas na filmsku ve\u010der na kojoj \u0107e se prikazivati \u201ePovratak Martina Guerrea\u201c, povijesna drama iz 1982. godine s radnjom smje\u0161tenom u 16. stolje\u0107u. Radnja je utemeljena na stvarnoj povijesnoj li\u010dnosti Martina Guerrea koji se nakon mnogo godina izbivanja vra\u0107a u svoje rodno mjesto\u2026","rel":"","context":"U &quot;Filmovi i serije&quot;","block_context":{"text":"Filmovi i serije","link":"https:\/\/historiografija.hr\/?cat=13"},"img":{"alt_text":"","src":"https:\/\/i0.wp.com\/historiografija.hr\/wp-content\/uploads\/2026\/04\/M-Guerre.png?fit=702%2C1006&ssl=1&resize=350%2C200","width":350,"height":200,"srcset":"https:\/\/i0.wp.com\/historiografija.hr\/wp-content\/uploads\/2026\/04\/M-Guerre.png?fit=702%2C1006&ssl=1&resize=350%2C200 1x, https:\/\/i0.wp.com\/historiografija.hr\/wp-content\/uploads\/2026\/04\/M-Guerre.png?fit=702%2C1006&ssl=1&resize=525%2C300 1.5x, https:\/\/i0.wp.com\/historiografija.hr\/wp-content\/uploads\/2026\/04\/M-Guerre.png?fit=702%2C1006&ssl=1&resize=700%2C400 2x"},"classes":[]},{"id":52654,"url":"https:\/\/historiografija.hr\/?p=52654","url_meta":{"origin":14463,"position":3},"title":"Gostuju\u0107e predavanje &#8211; Danijel D\u017eino \u201eKasnoanti\u010dke i ranosrednjovjekovne gra\u0111evine u Brezi: Spomenici nepotpune biografije\u201c","author":"Branimir Jankovi\u0107","date":"24. travnja 2026.","format":false,"excerpt":"Doktorski studij predmoderne povijesti poziva na predavanje \"Kasnoanti\u010dke i ranosrednjovjekovne gra\u0111evine u Brezi: Spomenici nepotpune biografije\u201d koje \u0107e odr\u017eati profesor Danijel D\u017eino sa Sveu\u010dili\u0161ta Macquarie u Sydneyu u\u00a0utorak 28. travnja 2026. u 17h u Konferencijskoj dvorani Knji\u017enice Filozofskog fakulteta u Zagrebu. Predavanje \u0107e predo\u010diti nova saznanja dobivena kroz arhivsko-dokumentarna istra\u017eivanja\u2026","rel":"","context":"U &quot;Novosti&quot;","block_context":{"text":"Novosti","link":"https:\/\/historiografija.hr\/?cat=3"},"img":{"alt_text":"","src":"https:\/\/i0.wp.com\/historiografija.hr\/wp-content\/uploads\/2026\/04\/Dzino.jpg?fit=980%2C819&ssl=1&resize=350%2C200","width":350,"height":200,"srcset":"https:\/\/i0.wp.com\/historiografija.hr\/wp-content\/uploads\/2026\/04\/Dzino.jpg?fit=980%2C819&ssl=1&resize=350%2C200 1x, https:\/\/i0.wp.com\/historiografija.hr\/wp-content\/uploads\/2026\/04\/Dzino.jpg?fit=980%2C819&ssl=1&resize=525%2C300 1.5x, https:\/\/i0.wp.com\/historiografija.hr\/wp-content\/uploads\/2026\/04\/Dzino.jpg?fit=980%2C819&ssl=1&resize=700%2C400 2x"},"classes":[]},{"id":52760,"url":"https:\/\/historiografija.hr\/?p=52760","url_meta":{"origin":14463,"position":4},"title":"Izlo\u017eba \u201cLo\u0161injski brodovi, njihove zastave i ljudi\u201d, 4. svibnja u 19h","author":"Filip \u0160imunjak","date":"30. travnja 2026.","format":false,"excerpt":"Hrvatski pomorski muzej Split, Glagolja\u0161a 18 (Tvr\u0111ava Gripe) Nakon \u0161to je u rujnu 2025. godine na otoku Lo\u0161inju, u suradnji Lo\u0161injskog muzeja i Hrvatskog pomorskog muzeja Split, predstavljena izlo\u017eba posve\u0107ena bogatoj pomorskoj ba\u0161tini otoka, njezino pro\u0161ireno izdanje postavlja se u Splitu. Uo\u010di blagdana svetog Dujma splitskoj \u0107e se publici predstaviti\u2026","rel":"","context":"U &quot;Izlo\u017ebe&quot;","block_context":{"text":"Izlo\u017ebe","link":"https:\/\/historiografija.hr\/?cat=10"},"img":{"alt_text":"","src":"https:\/\/i0.wp.com\/historiografija.hr\/wp-content\/uploads\/2026\/04\/Losinjski-brodovi-Izlozba-1-scaled.webp?fit=840%2C1200&ssl=1&resize=350%2C200","width":350,"height":200,"srcset":"https:\/\/i0.wp.com\/historiografija.hr\/wp-content\/uploads\/2026\/04\/Losinjski-brodovi-Izlozba-1-scaled.webp?fit=840%2C1200&ssl=1&resize=350%2C200 1x, https:\/\/i0.wp.com\/historiografija.hr\/wp-content\/uploads\/2026\/04\/Losinjski-brodovi-Izlozba-1-scaled.webp?fit=840%2C1200&ssl=1&resize=525%2C300 1.5x, https:\/\/i0.wp.com\/historiografija.hr\/wp-content\/uploads\/2026\/04\/Losinjski-brodovi-Izlozba-1-scaled.webp?fit=840%2C1200&ssl=1&resize=700%2C400 2x"},"classes":[]},{"id":52746,"url":"https:\/\/historiografija.hr\/?p=52746","url_meta":{"origin":14463,"position":5},"title":"Predstavljanje djelatnosti povjesni\u010dara: \u201ePisma kao izvor za povijest 18.stolje\u0107a \u2013 iskustva rada na HRZZ projektu LIGHT\u201c","author":"Filip \u0160imunjak","date":"30. travnja 2026.","format":false,"excerpt":"Predstavljanje djelatnosti povjesni\u010dara: \u201ePisma kao izvor za povijest 18. stolje\u0107a \u2013 iskustva rada na HRZZ projektu LIGHT\u201c odr\u017eat \u0107e se u sklopu ovogodi\u0161njega Festivala povijesti Kliofest u Nacionalnoj i sveu\u010dili\u0161noj knji\u017enici u Zagrebu, u utorak 5. svibnja, s po\u010detkom u 16 sati. Sudjeluju: Teodora Shek Brnardi\u0107, Marta Jurkovi\u0107, Matea Maru\u0161i\u0107,\u2026","rel":"","context":"U &quot;Novosti&quot;","block_context":{"text":"Novosti","link":"https:\/\/historiografija.hr\/?cat=3"},"img":{"alt_text":"","src":"https:\/\/i0.wp.com\/historiografija.hr\/wp-content\/uploads\/2026\/04\/Kliofest-01-utorak-I-03-PDP-Pisma-kao-izvor.jpg?fit=1200%2C566&ssl=1&resize=350%2C200","width":350,"height":200,"srcset":"https:\/\/i0.wp.com\/historiografija.hr\/wp-content\/uploads\/2026\/04\/Kliofest-01-utorak-I-03-PDP-Pisma-kao-izvor.jpg?fit=1200%2C566&ssl=1&resize=350%2C200 1x, https:\/\/i0.wp.com\/historiografija.hr\/wp-content\/uploads\/2026\/04\/Kliofest-01-utorak-I-03-PDP-Pisma-kao-izvor.jpg?fit=1200%2C566&ssl=1&resize=525%2C300 1.5x, https:\/\/i0.wp.com\/historiografija.hr\/wp-content\/uploads\/2026\/04\/Kliofest-01-utorak-I-03-PDP-Pisma-kao-izvor.jpg?fit=1200%2C566&ssl=1&resize=700%2C400 2x, https:\/\/i0.wp.com\/historiografija.hr\/wp-content\/uploads\/2026\/04\/Kliofest-01-utorak-I-03-PDP-Pisma-kao-izvor.jpg?fit=1200%2C566&ssl=1&resize=1050%2C600 3x"},"classes":[]}],"_links":{"self":[{"href":"https:\/\/historiografija.hr\/index.php?rest_route=\/wp\/v2\/posts\/14463","targetHints":{"allow":["GET"]}}],"collection":[{"href":"https:\/\/historiografija.hr\/index.php?rest_route=\/wp\/v2\/posts"}],"about":[{"href":"https:\/\/historiografija.hr\/index.php?rest_route=\/wp\/v2\/types\/post"}],"author":[{"embeddable":true,"href":"https:\/\/historiografija.hr\/index.php?rest_route=\/wp\/v2\/users\/2"}],"replies":[{"embeddable":true,"href":"https:\/\/historiografija.hr\/index.php?rest_route=%2Fwp%2Fv2%2Fcomments&post=14463"}],"version-history":[{"count":2,"href":"https:\/\/historiografija.hr\/index.php?rest_route=\/wp\/v2\/posts\/14463\/revisions"}],"predecessor-version":[{"id":14466,"href":"https:\/\/historiografija.hr\/index.php?rest_route=\/wp\/v2\/posts\/14463\/revisions\/14466"}],"wp:featuredmedia":[{"embeddable":true,"href":"https:\/\/historiografija.hr\/index.php?rest_route=\/wp\/v2\/media\/14464"}],"wp:attachment":[{"href":"https:\/\/historiografija.hr\/index.php?rest_route=%2Fwp%2Fv2%2Fmedia&parent=14463"}],"wp:term":[{"taxonomy":"category","embeddable":true,"href":"https:\/\/historiografija.hr\/index.php?rest_route=%2Fwp%2Fv2%2Fcategories&post=14463"},{"taxonomy":"post_tag","embeddable":true,"href":"https:\/\/historiografija.hr\/index.php?rest_route=%2Fwp%2Fv2%2Ftags&post=14463"}],"curies":[{"name":"wp","href":"https:\/\/api.w.org\/{rel}","templated":true}]}}