{"id":14454,"date":"2019-04-19T10:24:27","date_gmt":"2019-04-19T10:24:27","guid":{"rendered":"http:\/\/historiografija.hr\/?p=14454"},"modified":"2019-04-19T10:24:27","modified_gmt":"2019-04-19T10:24:27","slug":"strucni-kolokvij-istrazivanje-i-prezentacija-glagoljice-na-zadarskom-podrucju-zadarski-glagoljaski-krug","status":"publish","type":"post","link":"https:\/\/historiografija.hr\/?p=14454","title":{"rendered":"Stru\u010dni kolokvij \u201cIstra\u017eivanje i prezentacija glagoljice na zadarskom podru\u010dju (Zadarski glagolja\u0161ki krug)\u201d"},"content":{"rendered":"<p>Stru\u010dni kolokvij \u201cIstra\u017eivanje i prezentacija glagoljice na zadarskom podru\u010dju (Zadarski glagolja\u0161ki krug)\u201d odr\u017eat \u0107e se u utorak, 23. travnja 2019. u 14:00 sati, Dvorana Jure Petri\u010devi\u0107a, Ulica Matice hrvatske 2, Strossmayerov trg 4, Zagreb.<\/p>\n<p>&nbsp;<\/p>\n<p>&#8212;-<\/p>\n<p>&nbsp;<\/p>\n<p>Katedra za staroslavenski jezik i hrvatsko glagolja\u0161tvo Odsjeka za kroatistiku Filozofskog fakulteta Sveu\u010dili\u0161ta u Zagrebu, Odjel za hrvatsko glagolja\u0161tvo<\/p>\n<p>&nbsp;<\/p>\n<p><strong>Stru\u010dni kolokvij ISTRA\u017dIVANJE I PREZENTACIJA GLAGOLJICE NA ZADARSKOM PODRU\u010cJU (ZADARSKI GLAGOLJA\u0160KI KRUG)<\/strong><\/p>\n<p>&nbsp;<\/p>\n<p>Utorak, 23. travnja 2019. u 14:00 sati, Dvorana Jure Petri\u010devi\u0107a, Ulica Matice hrvatske 2, Strossmayerov trg 4, Zagreb<\/p>\n<p>&nbsp;<\/p>\n<p>14.00 \u2013 14.20 uvodno slovo<\/p>\n<p>&nbsp;<\/p>\n<p>14.20 \u2013 14.35 dr. sc. Grozdana Franov-\u017divkovi\u0107: Istra\u017eivanje glagoljskih rukopisa sa zadarskog podru\u010dja<\/p>\n<p>&nbsp;<\/p>\n<p>14.35 \u2013 14.50 izv. prof. dr. sc. Kristijan Juran: Istra\u017eivanje glagoljskih i \u0107irili\u010dnih rukopisa sa \u0161ibenskog podru\u010dja<\/p>\n<p>&nbsp;<\/p>\n<p>14.50 \u2013 15.05 Mate Bobanovi\u0107, prof.: Glagoljski kameni spomenici \u2013 tragom istra\u017eivanja Branka Fu\u010di\u0107a<\/p>\n<p>&nbsp;<\/p>\n<p>15.05 \u2013 15.20 doc. dr. sc. Marijana Tomi\u0107: Zadarsko glagolja\u0161tvo u digitalnom okru\u017eenju: zadarski virtualni laboratorij Pisana ba\u0161tina<\/p>\n<p>&nbsp;<\/p>\n<p>15.30 \u2013 15.45 dr. sc. Grozdana Franov-\u017divkovi\u0107, Marija Kero: Glagolja\u0161 mons. dr. sc. don Pavao Kero<\/p>\n<p>&nbsp;<\/p>\n<p>15.45 \u2013 16.00 izv. prof. dr. sc. Ivica Vigato: Glagoljica i projektna nastava, rad sa studentima i nastavnicima<\/p>\n<p>&nbsp;<\/p>\n<p>16.00 \u2013 16.15 izv. prof. dr. sc. Ivica Vigato i Danijela Dekovi\u0107, prof.: \u010casopis Slovo Rogovsko i ostala izdanja Udruge glagolja\u0161a Zadar<\/p>\n<p>&nbsp;<\/p>\n<p>16.15. \u2013 16.30 Klara E\u0161kinja Glavan, direktorica TZ Op\u0107ine Sv Filip i Jakov: Sabor glagolja\u0161a Slovo Rogovsko \u2013 predstavljanje projekta<\/p>\n<p>&nbsp;<\/p>\n<p>16.45 \u2013 17.00 Danijela Dekovi\u0107, prof.: Mala \u0161kola glagoljice O\u0160 Sv Filip i Jakov i Udruga glagolja\u0161a Zadar<\/p>\n<p>&nbsp;<\/p>\n<p>17.00 \u2013 17.15 Danijela Dekovi\u0107, prof.: \u017dupanijski dani<\/p>\n<p>&nbsp;<\/p>\n<p>17.15 \u2013 17.30 Ivana Vrki\u0107, prof.: Kreativne radionice za djecu<\/p>\n<p>&nbsp;<\/p>\n<p>17.30 \u2013 17.45 Joso Neki\u0107, prof., pro\u010delnik Upravnog odjela za odgoj i \u0161kolstvo Grada Zadra: Dan izvannastavnih aktivnosti<\/p>\n<p>&nbsp;<\/p>\n<p>17.55 \u2013 18.10 \u017deljka Diklan, u\u010diteljica razredne nastave, u\u010ditelj mentor: Staza Glagolja\u0161a \u2013 predstavljanje projekta<\/p>\n<p>&nbsp;<\/p>\n<p>18.15 \u2013 18.30 Jasminka Bri\u017ei\u0107, u\u010diteljica razredne nastave, u\u010ditelj savjetnik: Gospa od Zdravlja &#8211; predstavljanje projekta<\/p>\n<p>&nbsp;<\/p>\n<p>18.30 \u2013 18.45 Renata Androvi\u0107, u\u010diteljica razredne nastave, u\u010ditelj mentor: Likovni natje\u010daj Iskoni bje slovo i Turnir iz Binga \u2013 predstavljanje projekta<\/p>\n<p>&nbsp;<\/p>\n<p>18.45 \u2013 19.00 dr.sc. Mirko \u0110in\u0111i\u0107: Scenska uprizorenja glagolja\u0161kih bratov\u0161tina<\/p>\n<p>&nbsp;<\/p>\n<p>19.20 \u2013 19.35 ulomci iz Scenskog prikaza glagoljske madrikule sv. Mihovila 1640. &#8211; 1817. iz Sv. Filipa i Jakova<\/p>\n<p>&nbsp;<\/p>\n<p>Sudjeluju \u010dlanovi Amaterskog kazali\u0161ta KUNTRATA iz Sv. Filipa i Jakova: Zvonimir Sutlovi\u0107, Jelena Helena Kne\u017eevi\u0107, Paula \u0110in\u0111i\u0107, Helena Mikas<\/p>\n<p>&nbsp;<\/p>\n<p>Glagoljsku madrikulu bratov\u0161tine sv. Mihovila iz Sv. Filipa i Jakova 1640.\u20141817. i oporuke transliterirala, istra\u017eila i obradila dr. sc. Grozdana Franov-\u017divkovi\u0107<\/p>\n<p>&nbsp;<\/p>\n<p>Adaptacija i re\u017eija: dr. sc. Mirko \u0110in\u0111i\u0107<\/p>\n<p>&nbsp;<\/p>\n<p>Izvor: <a href=\"http:\/\/www.matica.hr\/zbivanja\/strucni-kolokvij-istrazivanje-i-prezentacija-glagoljice-na-zadarskom-podrucju-zadarski-glagoljaski-krug-2717\/\">http:\/\/www.matica.hr\/zbivanja\/strucni-kolokvij-istrazivanje-i-prezentacija-glagoljice-na-zadarskom-podrucju-zadarski-glagoljaski-krug-2717\/<\/a><\/p>\n<p>&nbsp;<\/p>\n<p>&nbsp;<\/p>\n<p>&nbsp;<\/p>\n","protected":false},"excerpt":{"rendered":"","protected":false},"author":2,"featured_media":14455,"comment_status":"open","ping_status":"open","sticky":false,"template":"","format":"standard","meta":{"_acf_changed":false,"jetpack_post_was_ever_published":false,"_jetpack_newsletter_access":"","_jetpack_dont_email_post_to_subs":false,"_jetpack_newsletter_tier_id":0,"_jetpack_memberships_contains_paywalled_content":false,"_jetpack_memberships_contains_paid_content":false,"footnotes":"","jetpack_publicize_message":"","jetpack_publicize_feature_enabled":true,"jetpack_social_post_already_shared":true,"jetpack_social_options":{"image_generator_settings":{"template":"highway","default_image_id":0,"font":"","enabled":false},"version":2}},"categories":[3,9],"tags":[],"class_list":["post-14454","post","type-post","status-publish","format-standard","has-post-thumbnail","hentry","category-novosti","category-skupovi"],"acf":{"facebook_opis":""},"jetpack_publicize_connections":[],"jetpack_featured_media_url":"https:\/\/i0.wp.com\/historiografija.hr\/wp-content\/uploads\/2019\/04\/glagoljica.png?fit=680%2C962&ssl=1","jetpack_sharing_enabled":true,"jetpack-related-posts":[{"id":52631,"url":"https:\/\/historiografija.hr\/?p=52631","url_meta":{"origin":14454,"position":0},"title":"Predavanje Ivana Tepe\u0161a: Djelovanje hrvatske politi\u010dke emigracije","author":"Branimir Jankovi\u0107","date":"23. travnja 2026.","format":false,"excerpt":"Odjel za me\u0111unarodnu suradnju i iseljeni\u0161tvo Matice hrvatske Predavanje Ivana Tepe\u0161a: Djelovanje hrvatske politi\u010dke emigracije Utorak, 28. travnja 2026. u 18:00 sati, Dvorana Ljudevita Jonkea (Mala dvorana MH), Strossmayerov trg 4, Zagreb dr. sc. Ivan Tepe\u0161, Institut za istra\u017eivanje migracija Hrvatska politi\u010dka emigracija obilje\u017eila je polustoljetnu hrvatsku povijest u drugoj\u2026","rel":"","context":"U &quot;Novosti&quot;","block_context":{"text":"Novosti","link":"https:\/\/historiografija.hr\/?cat=3"},"img":{"alt_text":"","src":"","width":0,"height":0},"classes":[]},{"id":52499,"url":"https:\/\/historiografija.hr\/?p=52499","url_meta":{"origin":14454,"position":1},"title":"POTPISAN UGOVOR O ZNANSTVENO-ISTRA\u017dIVA\u010cKOJ SURADNJI: PROJEKT \u201eTEMELJI HRVATSKE SAMOSTALNOSTI\u201d","author":"Branimir Jankovi\u0107","date":"17. travnja 2026.","format":false,"excerpt":"Hrvatski institut za povijest, Sveu\u010dili\u0161te obrane i sigurnosti \u201eDr. Franjo Tu\u0111man\u201d, Institut dru\u0161tvenih znanosti Ivo Pilar i Hrvatski dr\u017eavni arhiv\u00a0potpisali su 23. o\u017eujka 2026.\u00a0Ugovor o znanstveno-istra\u017eiva\u010dkoj suradnji s ciljem provedbe projekta \u201eTemelji hrvatske samostalnosti\u201d. Tim projektom obuhva\u0107a se istra\u017eivanje arhivskoga gradiva, priprema znanstvenih publikacija, digitalizacija i javna prezentacija rezultata istra\u017eivanja\u2026","rel":"","context":"U &quot;Novosti&quot;","block_context":{"text":"Novosti","link":"https:\/\/historiografija.hr\/?cat=3"},"img":{"alt_text":"","src":"https:\/\/i0.wp.com\/historiografija.hr\/wp-content\/uploads\/2026\/04\/THS_sporazum.jpg?fit=1200%2C583&ssl=1&resize=350%2C200","width":350,"height":200,"srcset":"https:\/\/i0.wp.com\/historiografija.hr\/wp-content\/uploads\/2026\/04\/THS_sporazum.jpg?fit=1200%2C583&ssl=1&resize=350%2C200 1x, https:\/\/i0.wp.com\/historiografija.hr\/wp-content\/uploads\/2026\/04\/THS_sporazum.jpg?fit=1200%2C583&ssl=1&resize=525%2C300 1.5x, https:\/\/i0.wp.com\/historiografija.hr\/wp-content\/uploads\/2026\/04\/THS_sporazum.jpg?fit=1200%2C583&ssl=1&resize=700%2C400 2x, https:\/\/i0.wp.com\/historiografija.hr\/wp-content\/uploads\/2026\/04\/THS_sporazum.jpg?fit=1200%2C583&ssl=1&resize=1050%2C600 3x"},"classes":[]},{"id":52543,"url":"https:\/\/historiografija.hr\/?p=52543","url_meta":{"origin":14454,"position":2},"title":"Znanstveno-stru\u010dni skup \u201eOto\u010dne pu\u010dke pobo\u017enosti: kontinuiteti i transformacije\u201c","author":"Branimir Jankovi\u0107","date":"20. travnja 2026.","format":false,"excerpt":"Najavljujemo\u00a0znanstveno-stru\u010dni skup \u201eOto\u010dne pu\u010dke pobo\u017enosti: kontinuiteti i transformacije\u201c,\u00a0koji \u0107e se odr\u017eati\u00a0u Rabu od 24. do 26. travnja 2026.,\u00a0u organizaciji i uz potporu\u00a0Instituta za etnologiju i folkloristiku, Zagreb, \u00a0Grada Raba, Pu\u010dkog otvorenog u\u010dili\u0161ta Rab i Centra za istra\u017eivanje srednjovjekovne ba\u0161tine Jadrana RIMAH. Skup okuplja vode\u0107e doma\u0107e stru\u010dnjake koji \u0107e kroz niz\u2026","rel":"","context":"U &quot;Novosti&quot;","block_context":{"text":"Novosti","link":"https:\/\/historiografija.hr\/?cat=3"},"img":{"alt_text":"","src":"https:\/\/i0.wp.com\/historiografija.hr\/wp-content\/uploads\/2026\/04\/Skup_Rab.jpg?fit=848%2C1200&ssl=1&resize=350%2C200","width":350,"height":200,"srcset":"https:\/\/i0.wp.com\/historiografija.hr\/wp-content\/uploads\/2026\/04\/Skup_Rab.jpg?fit=848%2C1200&ssl=1&resize=350%2C200 1x, https:\/\/i0.wp.com\/historiografija.hr\/wp-content\/uploads\/2026\/04\/Skup_Rab.jpg?fit=848%2C1200&ssl=1&resize=525%2C300 1.5x, https:\/\/i0.wp.com\/historiografija.hr\/wp-content\/uploads\/2026\/04\/Skup_Rab.jpg?fit=848%2C1200&ssl=1&resize=700%2C400 2x"},"classes":[]},{"id":52552,"url":"https:\/\/historiografija.hr\/?p=52552","url_meta":{"origin":14454,"position":3},"title":"Besplatni glazbeni antikvarijat","author":"Branimir Jankovi\u0107","date":"20. travnja 2026.","format":false,"excerpt":"Muzi\u010dka akademija Sveu\u010dili\u0161ta u Zagrebu 23. travnja 2026. od 10 do 17 sati Pozivamo Vas na Besplatni glazbeni antikvarijat, koji u sklopu manifestacije No\u0107 knjige 2026. organizira Hrvatska udruga muzi\u010dkih knji\u017enica, arhiva i dokumentacijskih centara (HUMKAD). Antikvarijat \u0107e se odr\u017eati na Svjetski dan knjige \u2013 u \u010detvrtak 23. travnja 2026.\u2026","rel":"","context":"U &quot;Novosti&quot;","block_context":{"text":"Novosti","link":"https:\/\/historiografija.hr\/?cat=3"},"img":{"alt_text":"","src":"https:\/\/i0.wp.com\/historiografija.hr\/wp-content\/uploads\/2026\/04\/Besplatni-glazbeni-antikvarijat-23.-4.-2026.jpg?fit=1200%2C848&ssl=1&resize=350%2C200","width":350,"height":200,"srcset":"https:\/\/i0.wp.com\/historiografija.hr\/wp-content\/uploads\/2026\/04\/Besplatni-glazbeni-antikvarijat-23.-4.-2026.jpg?fit=1200%2C848&ssl=1&resize=350%2C200 1x, https:\/\/i0.wp.com\/historiografija.hr\/wp-content\/uploads\/2026\/04\/Besplatni-glazbeni-antikvarijat-23.-4.-2026.jpg?fit=1200%2C848&ssl=1&resize=525%2C300 1.5x, https:\/\/i0.wp.com\/historiografija.hr\/wp-content\/uploads\/2026\/04\/Besplatni-glazbeni-antikvarijat-23.-4.-2026.jpg?fit=1200%2C848&ssl=1&resize=700%2C400 2x, https:\/\/i0.wp.com\/historiografija.hr\/wp-content\/uploads\/2026\/04\/Besplatni-glazbeni-antikvarijat-23.-4.-2026.jpg?fit=1200%2C848&ssl=1&resize=1050%2C600 3x"},"classes":[]},{"id":52502,"url":"https:\/\/historiografija.hr\/?p=52502","url_meta":{"origin":14454,"position":4},"title":"Novi znanstveni projekt Hrvatskog instituta za povijest: \u201c\u017drtve ratova i dr\u017eavnog\/politi\u010dkog nasilja u hrvatskoj povijesti 20. stolje\u0107a\u201d","author":"Branimir Jankovi\u0107","date":"17. travnja 2026.","format":false,"excerpt":"Na redovitoj sjednici Vlade RH, 16. travnja 2026., donijet je Zaklju\u010dak kojim se pokre\u0107e znanstveni projekt \u201c\u017drtve ratova i dr\u017eavnog\/politi\u010dkog nasilja u hrvatskoj povijesti 20. stolje\u0107a\u201d. Projekt \u0107e provoditi i koordinirati Hrvatski institut za povijest u razdoblju trajanja projekta od pet godina. Zakljucak Vlade RH Iz teksta projektnog prijedloga: Problematika\u2026","rel":"","context":"U &quot;Novosti&quot;","block_context":{"text":"Novosti","link":"https:\/\/historiografija.hr\/?cat=3"},"img":{"alt_text":"","src":"https:\/\/i0.wp.com\/historiografija.hr\/wp-content\/uploads\/2026\/04\/Vlada-RH.jpg?fit=1200%2C557&ssl=1&resize=350%2C200","width":350,"height":200,"srcset":"https:\/\/i0.wp.com\/historiografija.hr\/wp-content\/uploads\/2026\/04\/Vlada-RH.jpg?fit=1200%2C557&ssl=1&resize=350%2C200 1x, https:\/\/i0.wp.com\/historiografija.hr\/wp-content\/uploads\/2026\/04\/Vlada-RH.jpg?fit=1200%2C557&ssl=1&resize=525%2C300 1.5x, https:\/\/i0.wp.com\/historiografija.hr\/wp-content\/uploads\/2026\/04\/Vlada-RH.jpg?fit=1200%2C557&ssl=1&resize=700%2C400 2x, https:\/\/i0.wp.com\/historiografija.hr\/wp-content\/uploads\/2026\/04\/Vlada-RH.jpg?fit=1200%2C557&ssl=1&resize=1050%2C600 3x"},"classes":[]},{"id":52607,"url":"https:\/\/historiografija.hr\/?p=52607","url_meta":{"origin":14454,"position":5},"title":"No\u0107 knjige: Kako je prije 410 godina smr\u0107u Shakespearea i Cervantesa zavr\u0161ilo razdoblje renesanse u knji\u017eevnosti","author":"Branimir Jankovi\u0107","date":"22. travnja 2026.","format":false,"excerpt":"\u010cetvrtak, 23. travnja 2026. u 18:00 sati, Knji\u017eara Matice hrvatske, Ulica Matice hrvatske 2, Zagreb Uvodna rije\u010d: dr. sc.\u00a0Dubravka Brezak Stama\u0107, pro\u010delnica Odjela za knji\u017eevnost Matice hrvatske Prof. dr. sc. Ivan Lupi\u0107, redoviti profesor u Odsjeku za anglistiku i Odsjeku za kroatistiku Sveu\u010dili\u0161ta u RijeciShakespeare, kazali\u0161te, glazbaKada se susre\u0107emo sa\u2026","rel":"","context":"U &quot;Novosti&quot;","block_context":{"text":"Novosti","link":"https:\/\/historiografija.hr\/?cat=3"},"img":{"alt_text":"","src":"https:\/\/i0.wp.com\/historiografija.hr\/wp-content\/uploads\/2026\/04\/noc_knjige_2026.jpg?fit=680%2C276&ssl=1&resize=350%2C200","width":350,"height":200,"srcset":"https:\/\/i0.wp.com\/historiografija.hr\/wp-content\/uploads\/2026\/04\/noc_knjige_2026.jpg?fit=680%2C276&ssl=1&resize=350%2C200 1x, https:\/\/i0.wp.com\/historiografija.hr\/wp-content\/uploads\/2026\/04\/noc_knjige_2026.jpg?fit=680%2C276&ssl=1&resize=525%2C300 1.5x"},"classes":[]}],"_links":{"self":[{"href":"https:\/\/historiografija.hr\/index.php?rest_route=\/wp\/v2\/posts\/14454","targetHints":{"allow":["GET"]}}],"collection":[{"href":"https:\/\/historiografija.hr\/index.php?rest_route=\/wp\/v2\/posts"}],"about":[{"href":"https:\/\/historiografija.hr\/index.php?rest_route=\/wp\/v2\/types\/post"}],"author":[{"embeddable":true,"href":"https:\/\/historiografija.hr\/index.php?rest_route=\/wp\/v2\/users\/2"}],"replies":[{"embeddable":true,"href":"https:\/\/historiografija.hr\/index.php?rest_route=%2Fwp%2Fv2%2Fcomments&post=14454"}],"version-history":[{"count":1,"href":"https:\/\/historiografija.hr\/index.php?rest_route=\/wp\/v2\/posts\/14454\/revisions"}],"predecessor-version":[{"id":14456,"href":"https:\/\/historiografija.hr\/index.php?rest_route=\/wp\/v2\/posts\/14454\/revisions\/14456"}],"wp:featuredmedia":[{"embeddable":true,"href":"https:\/\/historiografija.hr\/index.php?rest_route=\/wp\/v2\/media\/14455"}],"wp:attachment":[{"href":"https:\/\/historiografija.hr\/index.php?rest_route=%2Fwp%2Fv2%2Fmedia&parent=14454"}],"wp:term":[{"taxonomy":"category","embeddable":true,"href":"https:\/\/historiografija.hr\/index.php?rest_route=%2Fwp%2Fv2%2Fcategories&post=14454"},{"taxonomy":"post_tag","embeddable":true,"href":"https:\/\/historiografija.hr\/index.php?rest_route=%2Fwp%2Fv2%2Ftags&post=14454"}],"curies":[{"name":"wp","href":"https:\/\/api.w.org\/{rel}","templated":true}]}}