{"id":14407,"date":"2019-04-15T16:30:32","date_gmt":"2019-04-15T16:30:32","guid":{"rendered":"http:\/\/historiografija.hr\/?p=14407"},"modified":"2019-04-15T16:30:53","modified_gmt":"2019-04-15T16:30:53","slug":"call-for-papers-chronopolitics-time-of-politics-politics-of-time-politicized-time","status":"publish","type":"post","link":"https:\/\/historiografija.hr\/?p=14407","title":{"rendered":"Call for Papers \u201cChronopolitics: Time of Politics, Politics of Time, Politicized Time\u201d"},"content":{"rendered":"<p>Venue: German Historical Institute London \/ Date: 7-9 May 2020 \/ Closing date: 30 April 2019<\/p>\n<p>Time is so deeply interwoven with all aspects of politics that its fundamental importance is frequently overlooked. Building on the work of Charles Maier and Christopher Clark, we define chronopolitics as research into \u2018how politics is about time\u2019 as well as what kind of time is \u2018presupposed by politics\u2019 (Clark), how the perception of time and change affect decision-making and how concepts of time and history give meaning and legitimacy to political actors, groups and ideas. However, instead of taking time as a given, we set out to analyse how it is socially and culturally constructed through political and scholarly practices.<\/p>\n<p>On first glance, politics and time coincide as policy makers are constantly making decisions in the present, against the background of a past and in the name of a future. Yet, in order to scrutinize the nexus between time and politics more closely, it is necessary to differentiate. We are looking for submissions on the following dimensions\/aspects of chronopolitics:<\/p>\n<p>(1) The time of politics refers to the arena of the decision-making process and to the changing rhythms and durations within which politics take place. As George W. Wallis argued, the time of politics is a \u2018time of transition\u2019 in which political players lay the foundations of tomorrow or forgo doing so. It is subject to formalizations such as terms of offices or legislative sessions; its configuration is radically altered if the present is perceived as crisis, and it is structured by expectations and fears.<\/p>\n<p>(2) The politics of time on the other hand refers to the regulation, synchronisation and allocation of time by politics. The object of this chronopolitical dimension is an allegedly objective, physical \u2018clock time\u2019, whose measurement and standardization both on national and global scales have lately been drawing much attention, as have also debates about calendar reforms, daylight saving time or the length of the working day. In the latter cases time figures as a \u2018scarce social resource\u2019, as Charles S. Maier notes, usage of which can be contested and distributed.<\/p>\n<p>(3) Politicized time is time employed as a weapon of politics, as a means of legitimising one\u2019s own programme, challenging and discrediting political opponents or opposing political views. Whether advocating change or continuity, politicians refer as much to the past for orientation and legitimation, as they outline futures. Progressive versus conservative \u2013 the very categories of political differentiation since the French Revolution are temporal ones. Recently, Brexit and Trump have both been portrayed in terms of a temporal politics, as indicative of \u2018being stuck in the past\u2019 or the nostalgic yearning for a Golden Age.<\/p>\n<p>(4) A subset of politicized time poses particularly pressing questions we hope to discuss, i.e. the politics of (de)synchronisation. Civilizing missions, development and modernizing projects \u2013 in the colonial periphery as well as at the nation\u2019s margins \u2013 were based on a temporalization of the other that Johannes Fabian aptly named the \u2018denial of coevalness\u2019. Yet, while temporal exclusion and stratification lay at the heart of \u2018modern\u2019 chronopolitics, it also comprised the promise of coevalness. Chronopolitics was about fighting anachronism, making history and accelerating its course.<\/p>\n<p>(5) When it comes to chronopolitics, historians as well as scholars of further \u2018historicist\u2019 disciplines such as anthropology neither were nor are mere observers. In fact, these disciplines are among the main producers of \u2018the characteristic images of history and temporal order\u2019 (Maier) that both inform chronopolitics and constitute its very object. Thus, we would like to critically reflect these images and \u2013 following the lead of Reinhart Koselleck, Achim Landwehr, Ethan Kleinberg and others \u2013 discuss alternatives to more or less hegemonic historicist temporality. We invite scholars to explore concepts such as pluritemporality but also to historicise chronopolitics of \u2018pre-modern\u2019 periods and to reflect the pre-occupation with modernity and the emergence of modern time regimes. We are particularly interested in case-studies probing into the coexistence and clashes of different temporal imaginaries and postcolonial, feminist or queer temporalities, and in papers explicitly addressing the modern\/pre-modern dichotomy.<\/p>\n<p>Organized by Tobias Becker, Christina Brauner and Fernando Esposito for the Arbeitskreis Geschichte + Theorie in conjunction with the German Historical Institute London, the international conference aims at bringing together scholars from across different periods and disciplines (such as history, art history, philosophy, anthropology, ethnology, sociology, economics, literary, cultural, gender and queer studies). We invite proposals for presentations (20 min) that combine an interest in theory with empirical case studies.<\/p>\n<p>Please submit an abstract of no more than 500 words, along with a short CV, by 30 April 2019 to chronopolitics(ghi)ghil.ac.uk. The conference will take place at the German Historical Institute from 7 to 9 May 2020. Subject to a successful funding bid, costs for travel and accommodation will be covered.<\/p>\n<p>&nbsp;<\/p>\n<p><a href=\"https:\/\/www.ghil.ac.uk\/call_for_papers.html\">https:\/\/www.ghil.ac.uk\/call_for_papers.html<\/a><\/p>\n<p>&nbsp;<\/p>\n<p>&nbsp;<\/p>\n","protected":false},"excerpt":{"rendered":"","protected":false},"author":2,"featured_media":14408,"comment_status":"open","ping_status":"open","sticky":false,"template":"","format":"standard","meta":{"_acf_changed":false,"jetpack_post_was_ever_published":false,"_jetpack_newsletter_access":"","_jetpack_dont_email_post_to_subs":false,"_jetpack_newsletter_tier_id":0,"_jetpack_memberships_contains_paywalled_content":false,"_jetpack_memberships_contains_paid_content":false,"footnotes":"","jetpack_publicize_message":"","jetpack_publicize_feature_enabled":true,"jetpack_social_post_already_shared":true,"jetpack_social_options":{"image_generator_settings":{"template":"highway","default_image_id":0,"font":"","enabled":false},"version":2}},"categories":[3,9],"tags":[],"class_list":["post-14407","post","type-post","status-publish","format-standard","has-post-thumbnail","hentry","category-novosti","category-skupovi"],"acf":{"facebook_opis":""},"jetpack_publicize_connections":[],"jetpack_featured_media_url":"https:\/\/i0.wp.com\/historiografija.hr\/wp-content\/uploads\/2019\/04\/german-historical-institute-london.jpg?fit=1625%2C750&ssl=1","jetpack_sharing_enabled":true,"jetpack-related-posts":[{"id":52586,"url":"https:\/\/historiografija.hr\/?p=52586","url_meta":{"origin":14407,"position":0},"title":"Aur\u00e9lie Daher, \u201eHezbollah: Mobilisation and Power\u201c","author":"Branimir Jankovi\u0107","date":"22. travnja 2026.","format":false,"excerpt":"Morning Star \u2018Book of the Year\u2019 Social movement, liberation party or terrorist group? With Hezbollah\u2019s growing involvement in the war in Syria, this study of its impact on Lebanon, drawing heavily on first-hand interviews, could not be more timely. Description Almost forty years after its foundation, Hezbollah remains an enigma.\u2026","rel":"","context":"U &quot;Knjige&quot;","block_context":{"text":"Knjige","link":"https:\/\/historiografija.hr\/?cat=8"},"img":{"alt_text":"","src":"https:\/\/i0.wp.com\/historiografija.hr\/wp-content\/uploads\/2026\/04\/Daher-Hezbollah.jpg?fit=600%2C931&ssl=1&resize=350%2C200","width":350,"height":200,"srcset":"https:\/\/i0.wp.com\/historiografija.hr\/wp-content\/uploads\/2026\/04\/Daher-Hezbollah.jpg?fit=600%2C931&ssl=1&resize=350%2C200 1x, https:\/\/i0.wp.com\/historiografija.hr\/wp-content\/uploads\/2026\/04\/Daher-Hezbollah.jpg?fit=600%2C931&ssl=1&resize=525%2C300 1.5x"},"classes":[]},{"id":52641,"url":"https:\/\/historiografija.hr\/?p=52641","url_meta":{"origin":14407,"position":1},"title":"CfP: WHO OWNS THE PAST? VERNACULAR MEMORY, STATE MEMORY, AND THE POLITICS OF OWNERSHIP","author":"Branimir Jankovi\u0107","date":"24. travnja 2026.","format":false,"excerpt":"VIENNA, 31ST AUGUST\u20133RD SEPTEMBER 2026 (DEADLINE: 24TH APRIL 2026) The Center for Austrian Studies at the European Forum at the Hebrew University and the Austrian Academy of Sciences\/Institute of Culture Studies invite early postdocs, PhD candidates, and advanced Master\u2019s students from the Hebrew University of Jerusalem and universities and academic\u2026","rel":"","context":"U &quot;Novosti&quot;","block_context":{"text":"Novosti","link":"https:\/\/historiografija.hr\/?cat=3"},"img":{"alt_text":"","src":"https:\/\/i0.wp.com\/historiografija.hr\/wp-content\/uploads\/2017\/10\/hsozkult.png?fit=1006%2C241&ssl=1&resize=350%2C200","width":350,"height":200,"srcset":"https:\/\/i0.wp.com\/historiografija.hr\/wp-content\/uploads\/2017\/10\/hsozkult.png?fit=1006%2C241&ssl=1&resize=350%2C200 1x, https:\/\/i0.wp.com\/historiografija.hr\/wp-content\/uploads\/2017\/10\/hsozkult.png?fit=1006%2C241&ssl=1&resize=525%2C300 1.5x, https:\/\/i0.wp.com\/historiografija.hr\/wp-content\/uploads\/2017\/10\/hsozkult.png?fit=1006%2C241&ssl=1&resize=700%2C400 2x"},"classes":[]},{"id":52580,"url":"https:\/\/historiografija.hr\/?p=52580","url_meta":{"origin":14407,"position":2},"title":"Conference &#8220;Living in the aftermaths: Trauma, politics and survival in Yugoslavia and successor states, 1945 \u2013 present&#8221;","author":"Branimir Jankovi\u0107","date":"21. travnja 2026.","format":false,"excerpt":"The conference aims to explore how war-related psychological distress was experienced, narrated, debated and reframed in Yugoslavia in the second half of the twentieth century. It asks how the theme of wounded psyche and wartime suffering was addressed and acknowledged in political, psychiatric and broader cultural discourses of socialist Yugoslavia,\u2026","rel":"","context":"U &quot;Novosti&quot;","block_context":{"text":"Novosti","link":"https:\/\/historiografija.hr\/?cat=3"},"img":{"alt_text":"","src":"https:\/\/i0.wp.com\/historiografija.hr\/wp-content\/uploads\/2026\/04\/Battle_of_Neretva_Picasso_poster-Conference-Living-in-the-aftermaths.webp?fit=564%2C954&ssl=1&resize=350%2C200","width":350,"height":200,"srcset":"https:\/\/i0.wp.com\/historiografija.hr\/wp-content\/uploads\/2026\/04\/Battle_of_Neretva_Picasso_poster-Conference-Living-in-the-aftermaths.webp?fit=564%2C954&ssl=1&resize=350%2C200 1x, https:\/\/i0.wp.com\/historiografija.hr\/wp-content\/uploads\/2026\/04\/Battle_of_Neretva_Picasso_poster-Conference-Living-in-the-aftermaths.webp?fit=564%2C954&ssl=1&resize=525%2C300 1.5x"},"classes":[]},{"id":52622,"url":"https:\/\/historiografija.hr\/?p=52622","url_meta":{"origin":14407,"position":3},"title":"Annual CAPONEU conference: Political Novel in Europe Between Democracy and Authoritarianism","author":"Branimir Jankovi\u0107","date":"23. travnja 2026.","format":false,"excerpt":"Caponeu event 22.04.2026 - 24.04.2026 Location: The Faculty of Polish and Classical Philology AMU (Fredry 10, Pozna\u0144)Organized by: Tomasz Mizerkiewicz, Krystyna Pieni\u0105\u017cek-Markovi\u0107, Anna Gawarecka, Ewa Szperlik, Magda Potok, B\u0142a\u017cej Warkocki, Gerard Ronge (all Adam Mickiewicz University in Pozna\u0144)Contact: gerron@amu.edu.pl The Adam Mickiewicz University team, as part of the international CAPONEU\u2026","rel":"","context":"U &quot;Novosti&quot;","block_context":{"text":"Novosti","link":"https:\/\/historiografija.hr\/?cat=3"},"img":{"alt_text":"","src":"https:\/\/i0.wp.com\/historiografija.hr\/wp-content\/uploads\/2026\/04\/Caponeu-political-novel.jpg?fit=500%2C261&ssl=1&resize=350%2C200","width":350,"height":200},"classes":[]},{"id":52516,"url":"https:\/\/historiografija.hr\/?p=52516","url_meta":{"origin":14407,"position":4},"title":"Marko Grde\u0161i\u0107, Mislav \u017ditko, \u201eSocialist Economics in Yugoslavia: A Critical History\u201c","author":"Branimir Jankovi\u0107","date":"17. travnja 2026.","format":false,"excerpt":"This book presents a critical history of Yugoslav socialist economics, from its inception in the late 1940s to its dissolution in the late 1980s. After the dramatic break with the Soviet Union in 1948, Yugoslavia found itself in urgent need of a third way: A socialist trajectory which would not\u2026","rel":"","context":"U &quot;Knjige&quot;","block_context":{"text":"Knjige","link":"https:\/\/historiografija.hr\/?cat=8"},"img":{"alt_text":"","src":"https:\/\/i0.wp.com\/historiografija.hr\/wp-content\/uploads\/2026\/04\/Zitko_Grdesic.jpg?fit=350%2C535&ssl=1&resize=350%2C200","width":350,"height":200},"classes":[]},{"id":52531,"url":"https:\/\/historiografija.hr\/?p=52531","url_meta":{"origin":14407,"position":5},"title":"Jonathan G. Leslie, \u201eFear and Insecurity: Israel and the Iran Threat Narrative\u201c","author":"Branimir Jankovi\u0107","date":"17. travnja 2026.","format":false,"excerpt":"Why is Israel\u2019s former ally Iran now perceived as the country\u2019s greatest threat? Description To observers of the Iran-Israel conflict, its vitriolic rhetoric might suggest an ancient hatred between Jews and Muslims\u2013a biblical feud dating back hundreds, or thousands, of years. But this rivalry is a far more modern development.\u2026","rel":"","context":"U &quot;Knjige&quot;","block_context":{"text":"Knjige","link":"https:\/\/historiografija.hr\/?cat=8"},"img":{"alt_text":"","src":"https:\/\/i0.wp.com\/historiografija.hr\/wp-content\/uploads\/2026\/04\/Leslie.jpg?fit=391%2C612&ssl=1&resize=350%2C200","width":350,"height":200},"classes":[]}],"_links":{"self":[{"href":"https:\/\/historiografija.hr\/index.php?rest_route=\/wp\/v2\/posts\/14407","targetHints":{"allow":["GET"]}}],"collection":[{"href":"https:\/\/historiografija.hr\/index.php?rest_route=\/wp\/v2\/posts"}],"about":[{"href":"https:\/\/historiografija.hr\/index.php?rest_route=\/wp\/v2\/types\/post"}],"author":[{"embeddable":true,"href":"https:\/\/historiografija.hr\/index.php?rest_route=\/wp\/v2\/users\/2"}],"replies":[{"embeddable":true,"href":"https:\/\/historiografija.hr\/index.php?rest_route=%2Fwp%2Fv2%2Fcomments&post=14407"}],"version-history":[{"count":1,"href":"https:\/\/historiografija.hr\/index.php?rest_route=\/wp\/v2\/posts\/14407\/revisions"}],"predecessor-version":[{"id":14409,"href":"https:\/\/historiografija.hr\/index.php?rest_route=\/wp\/v2\/posts\/14407\/revisions\/14409"}],"wp:featuredmedia":[{"embeddable":true,"href":"https:\/\/historiografija.hr\/index.php?rest_route=\/wp\/v2\/media\/14408"}],"wp:attachment":[{"href":"https:\/\/historiografija.hr\/index.php?rest_route=%2Fwp%2Fv2%2Fmedia&parent=14407"}],"wp:term":[{"taxonomy":"category","embeddable":true,"href":"https:\/\/historiografija.hr\/index.php?rest_route=%2Fwp%2Fv2%2Fcategories&post=14407"},{"taxonomy":"post_tag","embeddable":true,"href":"https:\/\/historiografija.hr\/index.php?rest_route=%2Fwp%2Fv2%2Ftags&post=14407"}],"curies":[{"name":"wp","href":"https:\/\/api.w.org\/{rel}","templated":true}]}}