{"id":14404,"date":"2019-04-15T16:21:26","date_gmt":"2019-04-15T16:21:26","guid":{"rendered":"http:\/\/historiografija.hr\/?p=14404"},"modified":"2019-04-15T16:21:26","modified_gmt":"2019-04-15T16:21:26","slug":"izlozba-knez-iz-bojne-novo-poglavlje-hrvatske-povijesti","status":"publish","type":"post","link":"https:\/\/historiografija.hr\/?p=14404","title":{"rendered":"Izlo\u017eba \u201cKnez iz Bojne &#8211; novo poglavlje hrvatske povijesti\u201d"},"content":{"rendered":"<p>Ministarstvo kulture Republike Hrvatske, Hrvatski restauratorski zavod, Arheolo\u0161ki muzej u Zagrebu, Gradski muzej Sisak i Institut za antropologiju pozivaju na sve\u010dano otvorenje izlo\u017ebe \u201cKnez iz Bojne &#8211; novo poglavlje hrvatske povijesti\u201d u utorak, 16. travnja 2019. godine u 12 sati u Arheolo\u0161kom muzeju u Zagrebu.<\/p>\n<p>&nbsp;<\/p>\n<p>&#8212;<\/p>\n<p>&nbsp;<\/p>\n<p>Izlo\u017eba &#8220;Knez iz Bojne &#8211; novo poglavlje hrvatske povijesti&#8221; prezentira neprocjenjivo arheolo\u0161ko nalazi\u0161te hrvatske povijesti Bojna \u2013 Brekinjova Kosa.<\/p>\n<p>Arheolo\u0161ko nalazi\u0161te Bojna \u2013 Brekinjova Kosa smje\u0161teno je u zapadnom dijelu Banovine (podru\u010dje Grada Gline, Sisa\u010dko-moslava\u010dka \u017eupanija). Na tom visinskom nalazi\u0161tu (352 mnv), smje\u0161tenom na strate\u0161kom polo\u017eaju koji je omogu\u0107avao nadzor prometa izme\u0111u Pounja i Topuskog, tvrtke Pisa Trade i Contarini provele su 2011. i 2015. godine za\u0161titna arheolo\u0161ka istra\u017eivanja, zbog eksploatacije kamenoloma investitora Schwarzl. Tada su prona\u0111eni i iznimno vrijedni ranosrednjovjekovni nalazi.<\/p>\n<p>S obzirom na valorizaciju i ugro\u017eenost nalazi\u0161ta, 2016. godine po\u010dela su sustavna istra\u017eivanja financirana sredstvima Ministarstva kulture RH koja provodi Hrvatski restauratorski zavod.<\/p>\n<p>Na tom vi\u0161eslojnom nalazi\u0161tu, koje se prostire na dva me\u0111usobno spojena platoa (ukupna povr\u0161ina oko 50 000 m\u00b2), potvr\u0111eni su ostaci naselja iz razdoblja eneolitika (lasinjska i vu\u010dedolska kultura), kasnog bron\u010danog i starijeg \u017eeljeznog doba te nalazi datirani u rani srednji vijek, me\u0111u kojima je i 37 kosturnih grobova.<\/p>\n<p>Ranosrednjovjekovni nalazi od neprocjenjive su va\u017enosti za sagledavanje najranije hrvatske povijesti u razdoblju od 7. do 9. stolje\u0107a. Grob kneza koji je opremljen na sli\u010dan na\u010din kao njegov suvremenik pokopan u Biskupiji kod Knina, upu\u0107uje na povezanost \u0161ireg podru\u010dja Siska sa sredi\u0161njim prostorom ranosrednjovjekovne hrvatske kne\u017eevine potkraj 8. i po\u010detkom 9. stolje\u0107a.<\/p>\n<p>S ciljem prezentiranja nalazi\u0161ta stru\u010dnoj i \u0161iroj javnosti, bit \u0107e predstavljen dio nalaza na kojem su dovr\u0161eni slo\u017eeni konzervatorsko-restauratorski postupci.<\/p>\n<p>U sklopu izlo\u017ebe, u \u010detvrtak, 18. travnja 2019. godine u 12 sati odr\u017eat \u0107e se stru\u010dno predavanje dr. sc. Marijane Krmpoti\u0107 Rani srednji vijek na Bojni \u2013 rezultati arheolo\u0161kih istra\u017eivanja 2016. \u2013 2018.<\/p>\n<p>Predavanje je usmjereno predstavljanju vi\u0161eslojnog nalazi\u0161ta Bojna \u2013 Brekinjova Kosa s te\u017ei\u0161tem na\u00a0 ranosrednjovjekovnom horizontu, datiranom u razdoblje izme\u0111u druge polovice 7. i 9. stolje\u0107a. U sklopu predavanja bit \u0107e prezentirani rezultati sustavnih arheolo\u0161kih istra\u017eivanja koja provodi Hrvatski restauratorski zavod od 2016. godine.<\/p>\n<p>Izlo\u017eba je otvorena za posjetitelje od 16. do 30. travnja 2019. godine.<\/p>\n<p>Impresum:<\/p>\n<p>Naslov izlo\u017ebe: Knez iz Bojne \u2013 Novo poglavlje hrvatske povijesti<\/p>\n<p>Organizator: Ministarstvo kulture RH, Hrvatski restauratorski zavod, Arheolo\u0161ki muzej u Zagrebu, Gradski muzej Sisak, Institut za antropologiju<\/p>\n<p>Mjesto odr\u017eavanja: Arheolo\u0161ki muzej u Zagrebu, Trg Nikole \u0160ubi\u0107a Zrinskog 19, Zagreb<\/p>\n<p>Vrijeme trajanja: 16.\u2013 30. travnja 2019.<\/p>\n<p>Koordinatorica projekta: dr. sc. Ivana Mileti\u0107 \u010cak\u0161iran<\/p>\n<p>Autori izlo\u017ebe: dr. sc. Marijana Krmpoti\u0107, dr. sc. Tajana Ple\u0161e, Ljubo Gamulin<\/p>\n<p>Koordinatorica izlo\u017ebe: Anita Dugonji\u0107<\/p>\n<p>Vizualni identitet: Ljubo Gamulin<\/p>\n<p>Fotografije: Ljubo Gamulin, Vektra d.o.o.<\/p>\n<p>Autori tekstova: dr.sc. Neven Budak, redoviti profesor (Odsjek za povijest, Filozofski fakultet Sveu\u010dili\u0161ta u Zagrebu), dr. sc. \u017deljko Demo, Damir Dora\u010di\u0107 (Arheolo\u0161ki muzej u Zagrebu), dr. sc. Kre\u0161imir Filipec, izvanredni profesor (Odsjek za arheologiju, Filozofski fakultet Sveu\u010dili\u0161ta u Zagrebu), dr. sc. Marijana Krmpoti\u0107 (Hrvatski restauratorski zavod), dr. sc. Ivana Mileti\u0107 \u010cak\u0161iran (Konzervatorski odjel u Sisku, Ministarstvo kulture RH), dr. sc. Mario Novak (Institut za antropologiju), Neven Peko (Gradski muzej Sisak), Marija Zup\u010di\u0107 (Hrvatski restauratorski zavod)<\/p>\n<p>Lektura: Rosanda Tometi\u0107<\/p>\n<p>Prijevod: Nata\u0161a \u0110ur\u0111evi\u0107<\/p>\n<p>Tehni\u010dka realizacija: Ivana Fakle\u0161, Ivan Troha, Robert Vazdar<\/p>\n<p>Izlo\u017eba je financirana sredstvima Ministarstva kulture RH, Hrvatskog restauratorskog zavoda i Sisa\u010dko-moslava\u010dke \u017eupanije.<\/p>\n<p>&nbsp;<\/p>\n<p>Izvor: <a href=\"http:\/\/www.amz.hr\/\">http:\/\/www.amz.hr\/<\/a><\/p>\n<p>&nbsp;<\/p>\n<p>&nbsp;<\/p>\n","protected":false},"excerpt":{"rendered":"","protected":false},"author":2,"featured_media":14405,"comment_status":"open","ping_status":"open","sticky":false,"template":"","format":"standard","meta":{"_acf_changed":false,"jetpack_post_was_ever_published":false,"_jetpack_newsletter_access":"","_jetpack_dont_email_post_to_subs":false,"_jetpack_newsletter_tier_id":0,"_jetpack_memberships_contains_paywalled_content":false,"_jetpack_memberships_contains_paid_content":false,"footnotes":"","jetpack_publicize_message":"","jetpack_publicize_feature_enabled":true,"jetpack_social_post_already_shared":true,"jetpack_social_options":{"image_generator_settings":{"template":"highway","default_image_id":0,"font":"","enabled":false},"version":2}},"categories":[10,3],"tags":[],"class_list":["post-14404","post","type-post","status-publish","format-standard","has-post-thumbnail","hentry","category-izlozbe","category-novosti"],"acf":{"facebook_opis":""},"jetpack_publicize_connections":[],"jetpack_featured_media_url":"https:\/\/i0.wp.com\/historiografija.hr\/wp-content\/uploads\/2019\/04\/plakat-izlozbe.jpg?fit=400%2C573&ssl=1","jetpack_sharing_enabled":true,"jetpack-related-posts":[{"id":52760,"url":"https:\/\/historiografija.hr\/?p=52760","url_meta":{"origin":14404,"position":0},"title":"Izlo\u017eba \u201cLo\u0161injski brodovi, njihove zastave i ljudi\u201d, 4. svibnja u 19h","author":"Filip \u0160imunjak","date":"30. travnja 2026.","format":false,"excerpt":"Hrvatski pomorski muzej Split, Glagolja\u0161a 18 (Tvr\u0111ava Gripe) Nakon \u0161to je u rujnu 2025. godine na otoku Lo\u0161inju, u suradnji Lo\u0161injskog muzeja i Hrvatskog pomorskog muzeja Split, predstavljena izlo\u017eba posve\u0107ena bogatoj pomorskoj ba\u0161tini otoka, njezino pro\u0161ireno izdanje postavlja se u Splitu. Uo\u010di blagdana svetog Dujma splitskoj \u0107e se publici predstaviti\u2026","rel":"","context":"U &quot;Izlo\u017ebe&quot;","block_context":{"text":"Izlo\u017ebe","link":"https:\/\/historiografija.hr\/?cat=10"},"img":{"alt_text":"","src":"https:\/\/i0.wp.com\/historiografija.hr\/wp-content\/uploads\/2026\/04\/Losinjski-brodovi-Izlozba-1-scaled.webp?fit=840%2C1200&ssl=1&resize=350%2C200","width":350,"height":200,"srcset":"https:\/\/i0.wp.com\/historiografija.hr\/wp-content\/uploads\/2026\/04\/Losinjski-brodovi-Izlozba-1-scaled.webp?fit=840%2C1200&ssl=1&resize=350%2C200 1x, https:\/\/i0.wp.com\/historiografija.hr\/wp-content\/uploads\/2026\/04\/Losinjski-brodovi-Izlozba-1-scaled.webp?fit=840%2C1200&ssl=1&resize=525%2C300 1.5x, https:\/\/i0.wp.com\/historiografija.hr\/wp-content\/uploads\/2026\/04\/Losinjski-brodovi-Izlozba-1-scaled.webp?fit=840%2C1200&ssl=1&resize=700%2C400 2x"},"classes":[]},{"id":52505,"url":"https:\/\/historiografija.hr\/?p=52505","url_meta":{"origin":14404,"position":1},"title":"Izlo\u017eba &#8220;Eschenstock \/ Jasenov prut&#8221;","author":"Branimir Jankovi\u0107","date":"17. travnja 2026.","format":false,"excerpt":"Srpsko narodno vije\u0107e (SNV) i Vizura aperta postavljaju izlo\u017ebu \u0161vicarskog slikara Velimira Ili\u0161evi\u0107a: Eschenstock \/ Jasenov prut. Izlo\u017eba se uz prisustvo autora otvara povodom 81. godi\u0161njice proboja logora\u0161a iz usta\u0161kog logora smrti Jasenovac 22. aprila 2026. u 19 sati u Srpskom kulturnom centru (SKC) u Preradovi\u0107evoj ulici 21 u Zagrebu.\u2026","rel":"","context":"U &quot;Izlo\u017ebe&quot;","block_context":{"text":"Izlo\u017ebe","link":"https:\/\/historiografija.hr\/?cat=10"},"img":{"alt_text":"","src":"https:\/\/i0.wp.com\/historiografija.hr\/wp-content\/uploads\/2026\/04\/Jasenov_prut.jpg?fit=1024%2C640&ssl=1&resize=350%2C200","width":350,"height":200,"srcset":"https:\/\/i0.wp.com\/historiografija.hr\/wp-content\/uploads\/2026\/04\/Jasenov_prut.jpg?fit=1024%2C640&ssl=1&resize=350%2C200 1x, https:\/\/i0.wp.com\/historiografija.hr\/wp-content\/uploads\/2026\/04\/Jasenov_prut.jpg?fit=1024%2C640&ssl=1&resize=525%2C300 1.5x, https:\/\/i0.wp.com\/historiografija.hr\/wp-content\/uploads\/2026\/04\/Jasenov_prut.jpg?fit=1024%2C640&ssl=1&resize=700%2C400 2x"},"classes":[]},{"id":52666,"url":"https:\/\/historiografija.hr\/?p=52666","url_meta":{"origin":14404,"position":2},"title":"Najava programa Festivala povijesti Kliofest (5-8. V. 2026)","author":"Branimir Jankovi\u0107","date":"24. travnja 2026.","format":false,"excerpt":"Po trinaesti put odr\u017eava se Festival povijesti Kliofest! Do petka \u0107emo odr\u017eati osam okruglih stolova i dva kolokvija te niz predstavljanja knjiga i projekata razli\u010dite tematike, od antike do suvremenosti. Bit \u0107e predstavljeno i nekoliko izlo\u017ebi te odr\u017ean jedan povijesni kviz. Prikazat \u0107emo i jedan film \u2013 o generalu Boroevi\u0107u.\u2026","rel":"","context":"U &quot;Novosti&quot;","block_context":{"text":"Novosti","link":"https:\/\/historiografija.hr\/?cat=3"},"img":{"alt_text":"","src":"https:\/\/i0.wp.com\/historiografija.hr\/wp-content\/uploads\/2026\/04\/Kliofest-2026.jpg?fit=526%2C526&ssl=1&resize=350%2C200","width":350,"height":200,"srcset":"https:\/\/i0.wp.com\/historiografija.hr\/wp-content\/uploads\/2026\/04\/Kliofest-2026.jpg?fit=526%2C526&ssl=1&resize=350%2C200 1x, https:\/\/i0.wp.com\/historiografija.hr\/wp-content\/uploads\/2026\/04\/Kliofest-2026.jpg?fit=526%2C526&ssl=1&resize=525%2C300 1.5x"},"classes":[]},{"id":52511,"url":"https:\/\/historiografija.hr\/?p=52511","url_meta":{"origin":14404,"position":3},"title":"Izlo\u017eba &#8220;Lica Sljemena&#8221;","author":"Branimir Jankovi\u0107","date":"17. travnja 2026.","format":false,"excerpt":"Srda\u010dno vas pozivamo na otvorenje izlo\u017ebe Lica Sljemena koje \u0107e se odr\u017eati u srijedu 22. travnja 2026. u 18 h ispred Muzeja Prigorja (Trg Dragutina Domjani\u0107a 5, Sesvete). Izlo\u017eba proizlazi iz istra\u017eivanja Nevene \u0160krbi\u0107 Alempijevi\u0107, Petre Kelemen i Sanje Potkonjak te intervjua sa Sljemena\u0161icama i Sljemena\u0161ima, koji su provedeni u\u2026","rel":"","context":"U &quot;Izlo\u017ebe&quot;","block_context":{"text":"Izlo\u017ebe","link":"https:\/\/historiografija.hr\/?cat=10"},"img":{"alt_text":"","src":"https:\/\/i0.wp.com\/historiografija.hr\/wp-content\/uploads\/2026\/04\/Izlozba-Lica-Sljemena.png?fit=1080%2C686&ssl=1&resize=350%2C200","width":350,"height":200,"srcset":"https:\/\/i0.wp.com\/historiografija.hr\/wp-content\/uploads\/2026\/04\/Izlozba-Lica-Sljemena.png?fit=1080%2C686&ssl=1&resize=350%2C200 1x, https:\/\/i0.wp.com\/historiografija.hr\/wp-content\/uploads\/2026\/04\/Izlozba-Lica-Sljemena.png?fit=1080%2C686&ssl=1&resize=525%2C300 1.5x, https:\/\/i0.wp.com\/historiografija.hr\/wp-content\/uploads\/2026\/04\/Izlozba-Lica-Sljemena.png?fit=1080%2C686&ssl=1&resize=700%2C400 2x, https:\/\/i0.wp.com\/historiografija.hr\/wp-content\/uploads\/2026\/04\/Izlozba-Lica-Sljemena.png?fit=1080%2C686&ssl=1&resize=1050%2C600 3x"},"classes":[]},{"id":52502,"url":"https:\/\/historiografija.hr\/?p=52502","url_meta":{"origin":14404,"position":4},"title":"Novi znanstveni projekt Hrvatskog instituta za povijest: \u201c\u017drtve ratova i dr\u017eavnog\/politi\u010dkog nasilja u hrvatskoj povijesti 20. stolje\u0107a\u201d","author":"Branimir Jankovi\u0107","date":"17. travnja 2026.","format":false,"excerpt":"Na redovitoj sjednici Vlade RH, 16. travnja 2026., donijet je Zaklju\u010dak kojim se pokre\u0107e znanstveni projekt \u201c\u017drtve ratova i dr\u017eavnog\/politi\u010dkog nasilja u hrvatskoj povijesti 20. stolje\u0107a\u201d. Projekt \u0107e provoditi i koordinirati Hrvatski institut za povijest u razdoblju trajanja projekta od pet godina. Zakljucak Vlade RH Iz teksta projektnog prijedloga: Problematika\u2026","rel":"","context":"U &quot;Novosti&quot;","block_context":{"text":"Novosti","link":"https:\/\/historiografija.hr\/?cat=3"},"img":{"alt_text":"","src":"https:\/\/i0.wp.com\/historiografija.hr\/wp-content\/uploads\/2026\/04\/Vlada-RH.jpg?fit=1200%2C557&ssl=1&resize=350%2C200","width":350,"height":200,"srcset":"https:\/\/i0.wp.com\/historiografija.hr\/wp-content\/uploads\/2026\/04\/Vlada-RH.jpg?fit=1200%2C557&ssl=1&resize=350%2C200 1x, https:\/\/i0.wp.com\/historiografija.hr\/wp-content\/uploads\/2026\/04\/Vlada-RH.jpg?fit=1200%2C557&ssl=1&resize=525%2C300 1.5x, https:\/\/i0.wp.com\/historiografija.hr\/wp-content\/uploads\/2026\/04\/Vlada-RH.jpg?fit=1200%2C557&ssl=1&resize=700%2C400 2x, https:\/\/i0.wp.com\/historiografija.hr\/wp-content\/uploads\/2026\/04\/Vlada-RH.jpg?fit=1200%2C557&ssl=1&resize=1050%2C600 3x"},"classes":[]},{"id":52669,"url":"https:\/\/historiografija.hr\/?p=52669","url_meta":{"origin":14404,"position":5},"title":"Predavanje Igora Dude &#8220;Odmor kao \u017eivotna potreba: o slobodnom vremenu u socijalisti\u010dkoj Jugoslaviji&#8221;","author":"Branimir Jankovi\u0107","date":"27. travnja 2026.","format":false,"excerpt":"U sklopu proljetnog ciklusa programa\u00a0Kriti\u010dka dramaturgija: pauza, u\u00a0subotu, 25. travnja 2026. u 19 sati\u00a0u prostoru Udru\u017eenja hrvatskih arhitekata povjesni\u010dar Igor Duda\u00a0odr\u017eao je predavanje naslovljeno\u00a0Odmor kao \u017eivotna potreba: o slobodnom vremenu u socijalisti\u010dkoj Jugoslaviji. Industrijalizacija i urbanizacija dru\u0161tava u povijesti su zna\u010dile i prelazak s predindustrijskog na industrijsko shva\u0107anje vremena. Ono\u2026","rel":"","context":"U &quot;Novosti&quot;","block_context":{"text":"Novosti","link":"https:\/\/historiografija.hr\/?cat=3"},"img":{"alt_text":"","src":"https:\/\/i0.wp.com\/historiografija.hr\/wp-content\/uploads\/2026\/04\/Duda.png?fit=1200%2C628&ssl=1&resize=350%2C200","width":350,"height":200,"srcset":"https:\/\/i0.wp.com\/historiografija.hr\/wp-content\/uploads\/2026\/04\/Duda.png?fit=1200%2C628&ssl=1&resize=350%2C200 1x, https:\/\/i0.wp.com\/historiografija.hr\/wp-content\/uploads\/2026\/04\/Duda.png?fit=1200%2C628&ssl=1&resize=525%2C300 1.5x, https:\/\/i0.wp.com\/historiografija.hr\/wp-content\/uploads\/2026\/04\/Duda.png?fit=1200%2C628&ssl=1&resize=700%2C400 2x, https:\/\/i0.wp.com\/historiografija.hr\/wp-content\/uploads\/2026\/04\/Duda.png?fit=1200%2C628&ssl=1&resize=1050%2C600 3x"},"classes":[]}],"_links":{"self":[{"href":"https:\/\/historiografija.hr\/index.php?rest_route=\/wp\/v2\/posts\/14404","targetHints":{"allow":["GET"]}}],"collection":[{"href":"https:\/\/historiografija.hr\/index.php?rest_route=\/wp\/v2\/posts"}],"about":[{"href":"https:\/\/historiografija.hr\/index.php?rest_route=\/wp\/v2\/types\/post"}],"author":[{"embeddable":true,"href":"https:\/\/historiografija.hr\/index.php?rest_route=\/wp\/v2\/users\/2"}],"replies":[{"embeddable":true,"href":"https:\/\/historiografija.hr\/index.php?rest_route=%2Fwp%2Fv2%2Fcomments&post=14404"}],"version-history":[{"count":1,"href":"https:\/\/historiografija.hr\/index.php?rest_route=\/wp\/v2\/posts\/14404\/revisions"}],"predecessor-version":[{"id":14406,"href":"https:\/\/historiografija.hr\/index.php?rest_route=\/wp\/v2\/posts\/14404\/revisions\/14406"}],"wp:featuredmedia":[{"embeddable":true,"href":"https:\/\/historiografija.hr\/index.php?rest_route=\/wp\/v2\/media\/14405"}],"wp:attachment":[{"href":"https:\/\/historiografija.hr\/index.php?rest_route=%2Fwp%2Fv2%2Fmedia&parent=14404"}],"wp:term":[{"taxonomy":"category","embeddable":true,"href":"https:\/\/historiografija.hr\/index.php?rest_route=%2Fwp%2Fv2%2Fcategories&post=14404"},{"taxonomy":"post_tag","embeddable":true,"href":"https:\/\/historiografija.hr\/index.php?rest_route=%2Fwp%2Fv2%2Ftags&post=14404"}],"curies":[{"name":"wp","href":"https:\/\/api.w.org\/{rel}","templated":true}]}}