{"id":14387,"date":"2019-04-13T20:07:16","date_gmt":"2019-04-13T20:07:16","guid":{"rendered":"http:\/\/historiografija.hr\/?p=14387"},"modified":"2019-04-13T20:07:16","modified_gmt":"2019-04-13T20:07:16","slug":"ciklus-tribina-hrvatski-simbolicki-identitet","status":"publish","type":"post","link":"https:\/\/historiografija.hr\/?p=14387","title":{"rendered":"Ciklus tribina &#8220;Hrvatski simboli\u010dki identitet&#8221;"},"content":{"rendered":"<p>Ciklus tribina &#8220;Hrvatski simboli\u010dki identitet&#8221; odr\u017eavat \u0107e se tijekom travnja i svibnja 2019. godine u Centru za kulturu Tre\u0161njevka, Park Stara Tre\u0161njevka 1, Zagreb, u organizaciji Centra za kulturu Tre\u0161njevka i Hrvatskog grboslovnog i zastavoslovnog dru\u0161tva. Op\u0161irnije u nastavku.<\/p>\n<p>&nbsp;<\/p>\n<p>&#8212;<\/p>\n<p>&nbsp;<\/p>\n<p><strong>Hrvatski simboli\u010dki identitet<\/strong><\/p>\n<p>&nbsp;<\/p>\n<p>Interdisciplinarni se projekt kroz ciklus tribina bavi suvremenim hrvatskim simboli\u010dkim identitetom. Simboli\u010dki identitet zemlje iznimno je va\u017ean kao prete\u017eito vizualni na\u010din njenog predstavljanja \u201eprema van\u201c drugim zemljama i narodima kao i \u201eprema unutra\u201c vlastitim gra\u0111anima\/kama. Fokus \u0107e biti na tri najva\u017enija slu\u017ebena dr\u017eavna simbola dr\u017eave, odre\u0111ena kao takva najvi\u0161im me\u0111unarodnim i dr\u017eavnim pravnim aktima: zastava i grb, himna i dr\u017eavni blagdani.<\/p>\n<p>Cilj je povezati znanstvenike i stru\u010dnjake koji se bave istra\u017eivanjem suvremenih hrvatskih simbola sa \u0161irom javno\u0161\u0107u koju se kroz niz tribina \u017eeli upoznati s va\u017eno\u0161\u0107u postojanja i o\u010duvanja simboli\u010dkog nacionalnog i dr\u017eavnog identiteta, te s povije\u0161\u0107u nastanka i razvoja, sadr\u017eaja, promjena i primjena hrvatskih dr\u017eavnih simbola. Va\u017enost uklju\u010denja gra\u0111ana u upra\u017enjavanje nacionalnog simboli\u010dkog sadr\u017eaja, \u0161to je pak mogu\u0107e samo razvojem boljeg razumijevanja i osobnog usvajanja tog sadr\u017eaja kao sastavnog dijela vlastitog nacionalnog identiteta, u znanstvenoj je literaturi istaknuto je kao klju\u010dno za njegovo odr\u017eanje te, posljedi\u010dno, za ja\u010danje nacionalnog identiteta uop\u0107e.<\/p>\n<p>&nbsp;<\/p>\n<p><strong>Teme susreta<\/strong><\/p>\n<p>18.4.2019. u 20.00<strong><br \/>\n<\/strong>doc. dr. sc. Tijana Trako Poljak<br \/>\nHrvatski dr\u017eavni blagdani<\/p>\n<p>&nbsp;<\/p>\n<p>25.4.2019. u 20.00<strong><br \/>\n<\/strong>doc. dr. sc. Tomislav Galovi\u0107<br \/>\nHrvatski heraldi\u010dari u 20. stolje\u0107u<\/p>\n<p>&nbsp;<\/p>\n<p>9.5.2019. u 20.00<strong><br \/>\n<\/strong>dr. sc. Mirko Marjan<br \/>\nHrvatska odlikovanja<\/p>\n<p>&nbsp;<\/p>\n<p>16.5.2019. u 20.00<strong><br \/>\n<\/strong>dr. sc. \u017deljko Heimer<br \/>\nHrvatski municipalni identitet: grbovi i zastave gradova i op\u0107ina u Hrvatskoj<\/p>\n<p>&nbsp;<\/p>\n<p>23.5.2019. u 20.00<strong><br \/>\n<\/strong>Marin Sobolovi\u0107, mag. geog.<br \/>\nVizualni identitet hrvatskih oru\u017eanih formacija s posebnim osvrtom na slu\u017ebene odore<\/p>\n<p>&nbsp;<\/p>\n<p>30.5.2019. u 20.00<strong><br \/>\n<\/strong>izv. prof. dr. sc. Bo\u017eo Skoko<br \/>\nImid\u017e Hrvata i Hrvatske u svijetu \u2013 kroz povijest i danas<\/p>\n<p>&nbsp;<\/p>\n<p><strong>Autorica: doc. dr. sc. Tijana Trako Poljak<\/strong><\/p>\n<p><strong><br \/>\n<\/strong>Diplomirala sociologiju i engleski jezik i knji\u017eevnost na Filozofskom fakultetu u Zagrebu a 2013. doktorirala obranom disertacije \u201eUloga dr\u017eavotvornih simbola u izgradnji identiteta hrvatskog dru\u0161tva\u201c. Od 2008. zaposlena je kao znanstvena novakinja, 2014. izabrana je u znanstveno zvanje znanstvene suradnice te zaposlena na radnom mjestu poslijedoktorandice, a 2016. na radnom mjestu docentice na Odsjeku za sociologiju Filozofskog fakulteta u Zagrebu. Autorica je monografije o hrvatskom identitetu te kourednica zbornika i (ko)autorica niza znanstvenih i stru\u010dnih radova, poglavlja u knjigama i zbornicima o hrvatskom dru\u0161tvu iz podru\u010dja socijalne ekologije, sociologije prostora, te konstrukcije identiteta s naglaskom na simboli\u010dku dimenziju. Sudionica je brojnih doma\u0107ih i me\u0111unarodnih znanstvenih skupova. Dobitnica je nekoliko stipendija od kojih su najistaknutije Fulbright te British Scholarship Trust. Nagra\u0111ena Rektorovom nagradom Sveu\u010dili\u0161ta u Zagrebu 2006. godine te nagradom \u201eFranjo Markovi\u0107\u201c Filozofskog fakulteta u Zagrebu 2007. godine. Glavna je \u00a0urednica \u010dasopisa \u201eSocijalna ekologija\u201c. Predstojnica je Katedre za socijalnu ekologiju Odsjeka za sociologiju Filozofskog fakulteta u Zagrebu. \u010clanica je Znanstvenog centra izvrsnosti za integrativnu bioetiku i niza strukovnih organizacija.<\/p>\n<p>&nbsp;<\/p>\n<p><strong>Partner projekta: <\/strong>Hrvatsko grboslovno i zastavoslovno dru\u0161tvo<\/p>\n<p>&nbsp;<\/p>\n<p>Izvor:<\/p>\n<p>&nbsp;<\/p>\n<p><a href=\"http:\/\/www.cekate.hr\/?p=33282\">http:\/\/www.cekate.hr\/?p=33282<\/a><\/p>\n<p>&nbsp;<\/p>\n<p><a href=\"http:\/\/hgzd.hr\/2573\/\">http:\/\/hgzd.hr\/2573\/<\/a><\/p>\n<p>&nbsp;<\/p>\n<p>&nbsp;<\/p>\n<p>&nbsp;<\/p>\n","protected":false},"excerpt":{"rendered":"","protected":false},"author":2,"featured_media":14388,"comment_status":"open","ping_status":"open","sticky":false,"template":"","format":"standard","meta":{"_acf_changed":false,"jetpack_post_was_ever_published":false,"_jetpack_newsletter_access":"","_jetpack_dont_email_post_to_subs":false,"_jetpack_newsletter_tier_id":0,"_jetpack_memberships_contains_paywalled_content":false,"_jetpack_memberships_contains_paid_content":false,"footnotes":"","jetpack_publicize_message":"","jetpack_publicize_feature_enabled":true,"jetpack_social_post_already_shared":true,"jetpack_social_options":{"image_generator_settings":{"template":"highway","default_image_id":0,"font":"","enabled":false},"version":2}},"categories":[3],"tags":[],"class_list":["post-14387","post","type-post","status-publish","format-standard","has-post-thumbnail","hentry","category-novosti"],"acf":{"facebook_opis":""},"jetpack_publicize_connections":[],"jetpack_featured_media_url":"https:\/\/i0.wp.com\/historiografija.hr\/wp-content\/uploads\/2019\/04\/HSI-FCBK.jpg?fit=600%2C263&ssl=1","jetpack_sharing_enabled":true,"jetpack-related-posts":[{"id":52499,"url":"https:\/\/historiografija.hr\/?p=52499","url_meta":{"origin":14387,"position":0},"title":"POTPISAN UGOVOR O ZNANSTVENO-ISTRA\u017dIVA\u010cKOJ SURADNJI: PROJEKT \u201eTEMELJI HRVATSKE SAMOSTALNOSTI\u201d","author":"Branimir Jankovi\u0107","date":"17. travnja 2026.","format":false,"excerpt":"Hrvatski institut za povijest, Sveu\u010dili\u0161te obrane i sigurnosti \u201eDr. Franjo Tu\u0111man\u201d, Institut dru\u0161tvenih znanosti Ivo Pilar i Hrvatski dr\u017eavni arhiv\u00a0potpisali su 23. o\u017eujka 2026.\u00a0Ugovor o znanstveno-istra\u017eiva\u010dkoj suradnji s ciljem provedbe projekta \u201eTemelji hrvatske samostalnosti\u201d. Tim projektom obuhva\u0107a se istra\u017eivanje arhivskoga gradiva, priprema znanstvenih publikacija, digitalizacija i javna prezentacija rezultata istra\u017eivanja\u2026","rel":"","context":"U &quot;Novosti&quot;","block_context":{"text":"Novosti","link":"https:\/\/historiografija.hr\/?cat=3"},"img":{"alt_text":"","src":"https:\/\/i0.wp.com\/historiografija.hr\/wp-content\/uploads\/2026\/04\/THS_sporazum.jpg?fit=1200%2C583&ssl=1&resize=350%2C200","width":350,"height":200,"srcset":"https:\/\/i0.wp.com\/historiografija.hr\/wp-content\/uploads\/2026\/04\/THS_sporazum.jpg?fit=1200%2C583&ssl=1&resize=350%2C200 1x, https:\/\/i0.wp.com\/historiografija.hr\/wp-content\/uploads\/2026\/04\/THS_sporazum.jpg?fit=1200%2C583&ssl=1&resize=525%2C300 1.5x, https:\/\/i0.wp.com\/historiografija.hr\/wp-content\/uploads\/2026\/04\/THS_sporazum.jpg?fit=1200%2C583&ssl=1&resize=700%2C400 2x, https:\/\/i0.wp.com\/historiografija.hr\/wp-content\/uploads\/2026\/04\/THS_sporazum.jpg?fit=1200%2C583&ssl=1&resize=1050%2C600 3x"},"classes":[]},{"id":52502,"url":"https:\/\/historiografija.hr\/?p=52502","url_meta":{"origin":14387,"position":1},"title":"Novi znanstveni projekt Hrvatskog instituta za povijest: \u201c\u017drtve ratova i dr\u017eavnog\/politi\u010dkog nasilja u hrvatskoj povijesti 20. stolje\u0107a\u201d","author":"Branimir Jankovi\u0107","date":"17. travnja 2026.","format":false,"excerpt":"Na redovitoj sjednici Vlade RH, 16. travnja 2026., donijet je Zaklju\u010dak kojim se pokre\u0107e znanstveni projekt \u201c\u017drtve ratova i dr\u017eavnog\/politi\u010dkog nasilja u hrvatskoj povijesti 20. stolje\u0107a\u201d. Projekt \u0107e provoditi i koordinirati Hrvatski institut za povijest u razdoblju trajanja projekta od pet godina. Zakljucak Vlade RH Iz teksta projektnog prijedloga: Problematika\u2026","rel":"","context":"U &quot;Novosti&quot;","block_context":{"text":"Novosti","link":"https:\/\/historiografija.hr\/?cat=3"},"img":{"alt_text":"","src":"https:\/\/i0.wp.com\/historiografija.hr\/wp-content\/uploads\/2026\/04\/Vlada-RH.jpg?fit=1200%2C557&ssl=1&resize=350%2C200","width":350,"height":200,"srcset":"https:\/\/i0.wp.com\/historiografija.hr\/wp-content\/uploads\/2026\/04\/Vlada-RH.jpg?fit=1200%2C557&ssl=1&resize=350%2C200 1x, https:\/\/i0.wp.com\/historiografija.hr\/wp-content\/uploads\/2026\/04\/Vlada-RH.jpg?fit=1200%2C557&ssl=1&resize=525%2C300 1.5x, https:\/\/i0.wp.com\/historiografija.hr\/wp-content\/uploads\/2026\/04\/Vlada-RH.jpg?fit=1200%2C557&ssl=1&resize=700%2C400 2x, https:\/\/i0.wp.com\/historiografija.hr\/wp-content\/uploads\/2026\/04\/Vlada-RH.jpg?fit=1200%2C557&ssl=1&resize=1050%2C600 3x"},"classes":[]},{"id":52528,"url":"https:\/\/historiografija.hr\/?p=52528","url_meta":{"origin":14387,"position":2},"title":"[Promocija knjige] Banja Luka u ratu: Etnopolitika i svakodnevica (1990\u20131995) (ActiveLab, YugoLab)","author":"Branimir Jankovi\u0107","date":"17. travnja 2026.","format":false,"excerpt":"Institut za filozofiju i dru\u0161tvenu teoriju i O\u0161tra Nula organizuju promociju knjige Banja Luka u ratu: Etnopolitika i svakodnevica (1990\u20131995) autorke Armine Galija\u0161, koja \u0107e se odr\u017eati 20. aprila 2026. u 12.00 sati u prostorijama Instituta (Kraljice Natalije 45, Beograd). Re\u010d je o prvom nau\u010dno utemeljenom i sistematskom radu koji\u2026","rel":"","context":"U &quot;Novosti&quot;","block_context":{"text":"Novosti","link":"https:\/\/historiografija.hr\/?cat=3"},"img":{"alt_text":"","src":"https:\/\/i0.wp.com\/historiografija.hr\/wp-content\/uploads\/2026\/04\/20-april-RS.jpg?fit=1200%2C675&ssl=1&resize=350%2C200","width":350,"height":200,"srcset":"https:\/\/i0.wp.com\/historiografija.hr\/wp-content\/uploads\/2026\/04\/20-april-RS.jpg?fit=1200%2C675&ssl=1&resize=350%2C200 1x, https:\/\/i0.wp.com\/historiografija.hr\/wp-content\/uploads\/2026\/04\/20-april-RS.jpg?fit=1200%2C675&ssl=1&resize=525%2C300 1.5x, https:\/\/i0.wp.com\/historiografija.hr\/wp-content\/uploads\/2026\/04\/20-april-RS.jpg?fit=1200%2C675&ssl=1&resize=700%2C400 2x, https:\/\/i0.wp.com\/historiografija.hr\/wp-content\/uploads\/2026\/04\/20-april-RS.jpg?fit=1200%2C675&ssl=1&resize=1050%2C600 3x"},"classes":[]},{"id":52666,"url":"https:\/\/historiografija.hr\/?p=52666","url_meta":{"origin":14387,"position":3},"title":"Najava programa Festivala povijesti Kliofest (5-8. V. 2026)","author":"Branimir Jankovi\u0107","date":"24. travnja 2026.","format":false,"excerpt":"Po trinaesti put odr\u017eava se Festival povijesti Kliofest! Do petka \u0107emo odr\u017eati osam okruglih stolova i dva kolokvija te niz predstavljanja knjiga i projekata razli\u010dite tematike, od antike do suvremenosti. Bit \u0107e predstavljeno i nekoliko izlo\u017ebi te odr\u017ean jedan povijesni kviz. Prikazat \u0107emo i jedan film \u2013 o generalu Boroevi\u0107u.\u2026","rel":"","context":"U &quot;Novosti&quot;","block_context":{"text":"Novosti","link":"https:\/\/historiografija.hr\/?cat=3"},"img":{"alt_text":"","src":"https:\/\/i0.wp.com\/historiografija.hr\/wp-content\/uploads\/2026\/04\/Kliofest-2026.jpg?fit=526%2C526&ssl=1&resize=350%2C200","width":350,"height":200,"srcset":"https:\/\/i0.wp.com\/historiografija.hr\/wp-content\/uploads\/2026\/04\/Kliofest-2026.jpg?fit=526%2C526&ssl=1&resize=350%2C200 1x, https:\/\/i0.wp.com\/historiografija.hr\/wp-content\/uploads\/2026\/04\/Kliofest-2026.jpg?fit=526%2C526&ssl=1&resize=525%2C300 1.5x"},"classes":[]},{"id":52760,"url":"https:\/\/historiografija.hr\/?p=52760","url_meta":{"origin":14387,"position":4},"title":"Izlo\u017eba \u201cLo\u0161injski brodovi, njihove zastave i ljudi\u201d, 4. svibnja u 19h","author":"Filip \u0160imunjak","date":"30. travnja 2026.","format":false,"excerpt":"Hrvatski pomorski muzej Split, Glagolja\u0161a 18 (Tvr\u0111ava Gripe) Nakon \u0161to je u rujnu 2025. godine na otoku Lo\u0161inju, u suradnji Lo\u0161injskog muzeja i Hrvatskog pomorskog muzeja Split, predstavljena izlo\u017eba posve\u0107ena bogatoj pomorskoj ba\u0161tini otoka, njezino pro\u0161ireno izdanje postavlja se u Splitu. Uo\u010di blagdana svetog Dujma splitskoj \u0107e se publici predstaviti\u2026","rel":"","context":"U &quot;Izlo\u017ebe&quot;","block_context":{"text":"Izlo\u017ebe","link":"https:\/\/historiografija.hr\/?cat=10"},"img":{"alt_text":"","src":"https:\/\/i0.wp.com\/historiografija.hr\/wp-content\/uploads\/2026\/04\/Losinjski-brodovi-Izlozba-1-scaled.webp?fit=840%2C1200&ssl=1&resize=350%2C200","width":350,"height":200,"srcset":"https:\/\/i0.wp.com\/historiografija.hr\/wp-content\/uploads\/2026\/04\/Losinjski-brodovi-Izlozba-1-scaled.webp?fit=840%2C1200&ssl=1&resize=350%2C200 1x, https:\/\/i0.wp.com\/historiografija.hr\/wp-content\/uploads\/2026\/04\/Losinjski-brodovi-Izlozba-1-scaled.webp?fit=840%2C1200&ssl=1&resize=525%2C300 1.5x, https:\/\/i0.wp.com\/historiografija.hr\/wp-content\/uploads\/2026\/04\/Losinjski-brodovi-Izlozba-1-scaled.webp?fit=840%2C1200&ssl=1&resize=700%2C400 2x"},"classes":[]},{"id":52669,"url":"https:\/\/historiografija.hr\/?p=52669","url_meta":{"origin":14387,"position":5},"title":"Predavanje Igora Dude &#8220;Odmor kao \u017eivotna potreba: o slobodnom vremenu u socijalisti\u010dkoj Jugoslaviji&#8221;","author":"Branimir Jankovi\u0107","date":"27. travnja 2026.","format":false,"excerpt":"U sklopu proljetnog ciklusa programa\u00a0Kriti\u010dka dramaturgija: pauza, u\u00a0subotu, 25. travnja 2026. u 19 sati\u00a0u prostoru Udru\u017eenja hrvatskih arhitekata povjesni\u010dar Igor Duda\u00a0odr\u017eao je predavanje naslovljeno\u00a0Odmor kao \u017eivotna potreba: o slobodnom vremenu u socijalisti\u010dkoj Jugoslaviji. Industrijalizacija i urbanizacija dru\u0161tava u povijesti su zna\u010dile i prelazak s predindustrijskog na industrijsko shva\u0107anje vremena. Ono\u2026","rel":"","context":"U &quot;Novosti&quot;","block_context":{"text":"Novosti","link":"https:\/\/historiografija.hr\/?cat=3"},"img":{"alt_text":"","src":"https:\/\/i0.wp.com\/historiografija.hr\/wp-content\/uploads\/2026\/04\/Duda.png?fit=1200%2C628&ssl=1&resize=350%2C200","width":350,"height":200,"srcset":"https:\/\/i0.wp.com\/historiografija.hr\/wp-content\/uploads\/2026\/04\/Duda.png?fit=1200%2C628&ssl=1&resize=350%2C200 1x, https:\/\/i0.wp.com\/historiografija.hr\/wp-content\/uploads\/2026\/04\/Duda.png?fit=1200%2C628&ssl=1&resize=525%2C300 1.5x, https:\/\/i0.wp.com\/historiografija.hr\/wp-content\/uploads\/2026\/04\/Duda.png?fit=1200%2C628&ssl=1&resize=700%2C400 2x, https:\/\/i0.wp.com\/historiografija.hr\/wp-content\/uploads\/2026\/04\/Duda.png?fit=1200%2C628&ssl=1&resize=1050%2C600 3x"},"classes":[]}],"_links":{"self":[{"href":"https:\/\/historiografija.hr\/index.php?rest_route=\/wp\/v2\/posts\/14387","targetHints":{"allow":["GET"]}}],"collection":[{"href":"https:\/\/historiografija.hr\/index.php?rest_route=\/wp\/v2\/posts"}],"about":[{"href":"https:\/\/historiografija.hr\/index.php?rest_route=\/wp\/v2\/types\/post"}],"author":[{"embeddable":true,"href":"https:\/\/historiografija.hr\/index.php?rest_route=\/wp\/v2\/users\/2"}],"replies":[{"embeddable":true,"href":"https:\/\/historiografija.hr\/index.php?rest_route=%2Fwp%2Fv2%2Fcomments&post=14387"}],"version-history":[{"count":1,"href":"https:\/\/historiografija.hr\/index.php?rest_route=\/wp\/v2\/posts\/14387\/revisions"}],"predecessor-version":[{"id":14389,"href":"https:\/\/historiografija.hr\/index.php?rest_route=\/wp\/v2\/posts\/14387\/revisions\/14389"}],"wp:featuredmedia":[{"embeddable":true,"href":"https:\/\/historiografija.hr\/index.php?rest_route=\/wp\/v2\/media\/14388"}],"wp:attachment":[{"href":"https:\/\/historiografija.hr\/index.php?rest_route=%2Fwp%2Fv2%2Fmedia&parent=14387"}],"wp:term":[{"taxonomy":"category","embeddable":true,"href":"https:\/\/historiografija.hr\/index.php?rest_route=%2Fwp%2Fv2%2Fcategories&post=14387"},{"taxonomy":"post_tag","embeddable":true,"href":"https:\/\/historiografija.hr\/index.php?rest_route=%2Fwp%2Fv2%2Ftags&post=14387"}],"curies":[{"name":"wp","href":"https:\/\/api.w.org\/{rel}","templated":true}]}}