{"id":14359,"date":"2019-04-11T10:15:02","date_gmt":"2019-04-11T10:15:02","guid":{"rendered":"http:\/\/historiografija.hr\/?p=14359"},"modified":"2019-04-11T10:15:02","modified_gmt":"2019-04-11T10:15:02","slug":"predstavljanje-knjige-kolumni-hrvoja-klasica-bijelo-na-crno-lekcije-iz-proslosti-za-buducnost","status":"publish","type":"post","link":"https:\/\/historiografija.hr\/?p=14359","title":{"rendered":"Predstavljanje knjige kolumni Hrvoja Klasi\u0107a \u201eBijelo na crno: Lekcije iz pro\u0161losti za budu\u0107nost\u201c"},"content":{"rendered":"<p>Predstavljanje knjige kolumni Hrvoja Klasi\u0107a \u201eBijelo na crno\u201c, u izdanju Naklade Ljevak, odr\u017eat \u0107e se u srijedu, 17. travnja 2019. u 19 sati u Kinu Europa (Dvorana M\u00fcller) u Zagrebu. Na promociji \u0107e uz Hrvoja Klasi\u0107a govoriti Boris Joki\u0107 i Sejo Sexon.<\/p>\n<p>&nbsp;<\/p>\n<p>&#8212;<\/p>\n<p>&nbsp;<\/p>\n<p>Hrvoje Klasi\u0107<\/p>\n<p>&nbsp;<\/p>\n<p><strong><em>Bijelo na crno: lekcije iz pro\u0161losti za budu\u0107nost <\/em><\/strong><\/p>\n<p>&nbsp;<\/p>\n<p>Biblioteka: Posebna izdanja<\/p>\n<p>Izdava\u010d: Naklada LJEVAK<\/p>\n<p>Godina: o\u017eujak 2019.<\/p>\n<p>Broj stranica: 200<\/p>\n<p>&nbsp;<\/p>\n<p>Knjiga kolumni <strong><em>Bijelo na crno<\/em><\/strong> Hrvoja Klasi\u0107a, poznatoga hrvatskog intelektualca, va\u017eno je publicisti\u010dko djelo u kojem autor kritizira la\u017eni nacionalizam, ustaje protiv ponavljanja fa\u0161izma i uo\u010dava kvalitetne pojave u hrvatskome dru\u0161tvu.<\/p>\n<p>&nbsp;<\/p>\n<p>\u201eRazmi\u0161ljaju\u0107i o svojoj profesionalnoj i dru\u0161tvenoj ulozi procijenio sam da pisanje znanstvenih radova i dr\u017eanje nastave studentima, koliko god se trudio biti kvalitetan i inovativan, nije dovoljno. Zato sam odlu\u010dio iskoristiti sva sredstva kako bih ono \u010dime se bavim \u0161to vi\u0161e pribli\u017eio naj\u0161iroj javnosti. Cilj je bio rezultate vlastitih istra\u017eivanja \u201ejednostavnim\u201c jezikom u\u010diniti razumljivima, zanimljivima i intrigantnima svima koji nisu profesionalni povjesni\u010dari. Smatrao sam, i sve sam uvjereniji u ispravnost tog stava, da biti znanstvenik i dru\u0161tveno anga\u017eiran intelektualac nisu pozicije koje jedna drugoj smetaju.&#8221; (<strong>Hrvoje Klasi\u0107<\/strong>)<\/p>\n<p>&nbsp;<\/p>\n<p>Kolumne cijenjenog povjesni\u010dara i predava\u010da suvremene povijesti na Odsjeku za povijest Filozofskoga fakulteta u Zagrebu, koje se objavljuju u tjednom ritmu na portalu Net.hr, osim \u0161to su vrlo \u010ditane i komentirane, \u010ditatelje ne ostavljaju ravnodu\u0161nima. Klasi\u0107 u svojim kratkim esejima vrlo elokventno, zanimljivo i argumentirano podsje\u0107a javnost na va\u017enost dijaloga i me\u0111usobnoga uva\u017eavanja pi\u0161u\u0107i protiv sprege politike i kriminala, obnavljanja fa\u0161isti\u010dko-nacisti\u010dkog svjetonazora, opstrukcije demokracije i la\u017eiranja povijesnih \u010dinjenica.<\/p>\n<p>&nbsp;<\/p>\n<p>Autor hvaljenoga djela <em>Jugoslavija i svijet 1968.<\/em>, kao i knjige i dokumentarne serije o Hrvatskom prolje\u0107u, ostaje nepokolebljiv za\u0161titnik prava pojedinca na vlastito mi\u0161ljenje. Bez obzira na to o \u010demu pi\u0161e u svojim kolumnama \u2013 o obljetnici pada Vukovara, migrantima, polo\u017eaju Hrvatske u okviru Jugoslavije, Titu i Tu\u0111manu ili hrvatsko-srpskim odnosima \u2013 u njima iznosi beskompromisne, autenti\u010dne i na \u010dinjenicama utemeljene stavove. Stoga se \u010dini kako je objavljivanje Klasi\u0107eve knjige, u na\u0161em dru\u0161tveno-politi\u010dkom ozra\u010dju podijeljenosti i nepovjerljivosti prema drugome, pravodobno i nadasve potrebno.<\/p>\n<p>&nbsp;<\/p>\n<p>\u201eKlasi\u0107eva redovita tjedna kolumna stvorila je dobitnu kombinaciju. Znanstvena naobrazba i \u0161irina perspektive, s jedne strane, te spremnost da se u tjednom ritmu prosu\u0111uju \u2013 sada i ovdje \u2013 prijepori na\u0161eg vremena, s druge strane, \u010dine Klasi\u0107eve radove istodobno studioznim i anga\u017eiranim, analiti\u010dkim i aktivisti\u010dkim. Tekstovi otkrivaju stajali\u0161te javnog intelektualca odgovornog ne samo uskoj znanstvenoj zajednici nego i svekolikoj \u010ditala\u010dkoj publici.\u201c<\/p>\n<p>&nbsp;<\/p>\n<p>Filip Rauni\u0107, glavni urednik portala Net.hr (iz predgovora)<\/p>\n<p>&nbsp;<\/p>\n<p>&nbsp;<\/p>\n<p>O autoru<\/p>\n<p>&nbsp;<\/p>\n<p>Hrvoje Klasi\u0107 ro\u0111en je 1972. u Sisku. Godine 1997. diplomirao je na Odsjeku za povijest Filozofskog fakulteta u Zagrebu. Na istom je fakultetu magistrirao i doktorirao. Od 1995. zaposlen je kao profesor povijesti na sisa\u010dkoj gimnaziji, a od 2003. na Filozofskom fakultetu, Odsjeku za povijest. Dobitnik je Godi\u0161nje nagrade Dru\u0161tva sveu\u010dili\u0161nih nastavnika i drugih znanstvenika u Zagrebu za 2006. godinu. Iste godine dobio je i Godi\u0161nju nagradu grada Siska za knjigu <em>Hrvatsko prolje\u0107e u Sisku<\/em>. Suautor je dokumentarne serije Hrvatsko prolje\u0107e, nastale u produkciji Hrvatske radio-televizije. Godine 2012. objavio je zna\u010dajnu i hvaljenu knjigu <em>Jugoslavija i svijet 1968.<\/em> u izdanju Naklade Ljevak, koja se na\u0161la u u\u017eem izboru za dvije nagrade (Kiklop i Jutarnji list). Dobitnik je nagrade \u201eSvetozar Pribi\u010devi\u0107\u201c za unapre\u0111enje hrvatsko-srpskih odnosa za 2016. godinu.<\/p>\n<p>&nbsp;<\/p>\n<p>Izvor:<\/p>\n<p>&nbsp;<\/p>\n<p><a href=\"https:\/\/www.ljevak.hr\/knjige\/knjiga-22739-bijelo-na-crno-lekcije-iz-proslosti-za-buducnost-\">https:\/\/www.ljevak.hr\/knjige\/knjiga-22739-bijelo-na-crno-lekcije-iz-proslosti-za-buducnost-<\/a><\/p>\n<p>&nbsp;<\/p>\n<p>&nbsp;<\/p>\n<p><a href=\"https:\/\/net.hr\/danas\/hrvatska\/nova-knjiga-hrvoja-klasica-vazne-i-citane-kolumne-objavljivane-svakog-tjedna-na-net-hr-u-izasle-su-i-u-tiskanom-izdanju\/\">https:\/\/net.hr\/danas\/hrvatska\/nova-knjiga-hrvoja-klasica-vazne-i-citane-kolumne-objavljivane-svakog-tjedna-na-net-hr-u-izasle-su-i-u-tiskanom-izdanju\/<\/a><\/p>\n<p>&nbsp;<\/p>\n<p>&nbsp;<\/p>\n","protected":false},"excerpt":{"rendered":"","protected":false},"author":2,"featured_media":14360,"comment_status":"open","ping_status":"open","sticky":false,"template":"","format":"standard","meta":{"_acf_changed":false,"jetpack_post_was_ever_published":false,"_jetpack_newsletter_access":"","_jetpack_dont_email_post_to_subs":false,"_jetpack_newsletter_tier_id":0,"_jetpack_memberships_contains_paywalled_content":false,"_jetpack_memberships_contains_paid_content":false,"footnotes":"","jetpack_publicize_message":"","jetpack_publicize_feature_enabled":true,"jetpack_social_post_already_shared":true,"jetpack_social_options":{"image_generator_settings":{"template":"highway","default_image_id":0,"font":"","enabled":false},"version":2}},"categories":[3],"tags":[],"class_list":["post-14359","post","type-post","status-publish","format-standard","has-post-thumbnail","hentry","category-novosti"],"acf":{"facebook_opis":""},"jetpack_publicize_connections":[],"jetpack_featured_media_url":"https:\/\/i0.wp.com\/historiografija.hr\/wp-content\/uploads\/2019\/04\/Bijelo-na-crno_jpg.jpg?fit=1200%2C1697&ssl=1","jetpack_sharing_enabled":true,"jetpack-related-posts":[{"id":52675,"url":"https:\/\/historiografija.hr\/?p=52675","url_meta":{"origin":14359,"position":0},"title":"Predstavljanje knjige Luke Peji\u0107a &#8220;U taboru anarhista: \u017divot Ivana Zeppa&#8221; u Osijeku","author":"Branimir Jankovi\u0107","date":"27. travnja 2026.","format":false,"excerpt":"U \u010detvrtak, 30. travnja 2026.\u00a0u\u00a019.00 sati\u00a0u Klubu knji\u017eare Nova\u00a0(Trg Ante Star\u010devi\u0107a 4, Osijek) odr\u017eat \u0107e se predstavljanje nove knjige Luke Peji\u0107a U taboru anarhista: \u017divot Ivana Zeppa (DAF, 2025.). Uz autora o knjizi \u0107e govoriti recenzent i povjesni\u010dar Nikola Toma\u0161egovi\u0107 te povjesni\u010darka Ana Rajkovi\u0107 Peji\u0107. Razgovor \u0107e moderirati doktorandica\u00a0Valentina Kezi\u0107.\u2026","rel":"","context":"U &quot;Novosti&quot;","block_context":{"text":"Novosti","link":"https:\/\/historiografija.hr\/?cat=3"},"img":{"alt_text":"","src":"https:\/\/i0.wp.com\/historiografija.hr\/wp-content\/uploads\/2025\/11\/Pejic.jpg?fit=574%2C790&ssl=1&resize=350%2C200","width":350,"height":200,"srcset":"https:\/\/i0.wp.com\/historiografija.hr\/wp-content\/uploads\/2025\/11\/Pejic.jpg?fit=574%2C790&ssl=1&resize=350%2C200 1x, https:\/\/i0.wp.com\/historiografija.hr\/wp-content\/uploads\/2025\/11\/Pejic.jpg?fit=574%2C790&ssl=1&resize=525%2C300 1.5x"},"classes":[]},{"id":52520,"url":"https:\/\/historiografija.hr\/?p=52520","url_meta":{"origin":14359,"position":1},"title":"Predstavljanje knjige &#8220;Socialist Economics in Yugoslavia: A Critical History&#8221; u Zagrebu","author":"Branimir Jankovi\u0107","date":"17. travnja 2026.","format":false,"excerpt":"Pozivamo vas na predstavljanje knjige \"Socialist Economics in Yugoslavia: A Critical History\", autora Mislava \u00a0\u017ditka i Marka Grde\u0161i\u0107a (Routledge, 2026). Na predstavljanju \u0107e govoriti Branko Milanovi\u0107 (CUNY), Milica Uvali\u0107 (EUI), Zdravko Petak (FPZG) te autori.\u00a0 Predstavljanje \u0107e se odr\u017eati u srijedu 22. travnja u 16:00 sati na Fakultetu politi\u010dkih znanosti\u2026","rel":"","context":"U &quot;Novosti&quot;","block_context":{"text":"Novosti","link":"https:\/\/historiografija.hr\/?cat=3"},"img":{"alt_text":"","src":"https:\/\/i0.wp.com\/historiografija.hr\/wp-content\/uploads\/2026\/04\/Poziv-na-predstavljanje.png?fit=800%2C652&ssl=1&resize=350%2C200","width":350,"height":200,"srcset":"https:\/\/i0.wp.com\/historiografija.hr\/wp-content\/uploads\/2026\/04\/Poziv-na-predstavljanje.png?fit=800%2C652&ssl=1&resize=350%2C200 1x, https:\/\/i0.wp.com\/historiografija.hr\/wp-content\/uploads\/2026\/04\/Poziv-na-predstavljanje.png?fit=800%2C652&ssl=1&resize=525%2C300 1.5x, https:\/\/i0.wp.com\/historiografija.hr\/wp-content\/uploads\/2026\/04\/Poziv-na-predstavljanje.png?fit=800%2C652&ssl=1&resize=700%2C400 2x"},"classes":[]},{"id":52704,"url":"https:\/\/historiografija.hr\/?p=52704","url_meta":{"origin":14359,"position":2},"title":"Predstavljanje knjige &#8220;Vladimir Vasiljevi\u0107: Moji do\u017eivljaji. Dnevni\u010dki zapisi iz Prvoga svjetskog rata i poratnoga vremena&#8221;","author":"Filip \u0160imunjak","date":"29. travnja 2026.","format":false,"excerpt":"Doga\u0111anja ovogodi\u0161njega Festivala povijesti Kliofest zapo\u010dinjemo ve\u0107 i prije samoga slu\u017ebenog otvaranja, predstavljanjem knjige \u201eMoji do\u017eivljaji. Dnevni\u010dki zapisi iz Prvoga svjetskog rata i poratnoga vremena\u201d Vladimira Vasiljevi\u0107a, koju su priredili Karlo Rukavina i Damir Agi\u010di\u0107. Pozivamo Vas na predstavljanje koje \u0107e se odr\u017eati u ponedjeljak 4. svibnja, s po\u010detkom u\u2026","rel":"","context":"U &quot;Knjige&quot;","block_context":{"text":"Knjige","link":"https:\/\/historiografija.hr\/?cat=8"},"img":{"alt_text":"","src":"https:\/\/i0.wp.com\/historiografija.hr\/wp-content\/uploads\/2026\/04\/Naslovna-V.-Vasiljevic.webp?fit=1200%2C600&ssl=1&resize=350%2C200","width":350,"height":200,"srcset":"https:\/\/i0.wp.com\/historiografija.hr\/wp-content\/uploads\/2026\/04\/Naslovna-V.-Vasiljevic.webp?fit=1200%2C600&ssl=1&resize=350%2C200 1x, https:\/\/i0.wp.com\/historiografija.hr\/wp-content\/uploads\/2026\/04\/Naslovna-V.-Vasiljevic.webp?fit=1200%2C600&ssl=1&resize=525%2C300 1.5x, https:\/\/i0.wp.com\/historiografija.hr\/wp-content\/uploads\/2026\/04\/Naslovna-V.-Vasiljevic.webp?fit=1200%2C600&ssl=1&resize=700%2C400 2x, https:\/\/i0.wp.com\/historiografija.hr\/wp-content\/uploads\/2026\/04\/Naslovna-V.-Vasiljevic.webp?fit=1200%2C600&ssl=1&resize=1050%2C600 3x"},"classes":[]},{"id":52613,"url":"https:\/\/historiografija.hr\/?p=52613","url_meta":{"origin":14359,"position":3},"title":"No\u0107 knjige u Hrvatskom dr\u017eavnom arhivu","author":"Branimir Jankovi\u0107","date":"22. travnja 2026.","format":false,"excerpt":"Predstavljanje knjige Rajke Bu\u0107in \u201dLije\u010denje i zbrinjavanje \u017didova u Bolnici sestara milosrdnica u Zagrebu 1941. \u2013 1945.\u201d u \u010detvrtak, 23. travnja 2026. u 13 sati u Hrvatskom dr\u017eavnom arhivu u Zagrebu. Izvor: https:\/\/www.arhiv.hr\/hr-hr\/Kulturno-prosvjetne-aktivnosti\/ArticleId\/1986\/oamid\/1633","rel":"","context":"U &quot;Novosti&quot;","block_context":{"text":"Novosti","link":"https:\/\/historiografija.hr\/?cat=3"},"img":{"alt_text":"","src":"https:\/\/i0.wp.com\/historiografija.hr\/wp-content\/uploads\/2026\/04\/noc_knjige_2026.jpg?fit=680%2C276&ssl=1&resize=350%2C200","width":350,"height":200,"srcset":"https:\/\/i0.wp.com\/historiografija.hr\/wp-content\/uploads\/2026\/04\/noc_knjige_2026.jpg?fit=680%2C276&ssl=1&resize=350%2C200 1x, https:\/\/i0.wp.com\/historiografija.hr\/wp-content\/uploads\/2026\/04\/noc_knjige_2026.jpg?fit=680%2C276&ssl=1&resize=525%2C300 1.5x"},"classes":[]},{"id":52760,"url":"https:\/\/historiografija.hr\/?p=52760","url_meta":{"origin":14359,"position":4},"title":"Izlo\u017eba \u201cLo\u0161injski brodovi, njihove zastave i ljudi\u201d, 4. svibnja u 19h","author":"Filip \u0160imunjak","date":"30. travnja 2026.","format":false,"excerpt":"Hrvatski pomorski muzej Split, Glagolja\u0161a 18 (Tvr\u0111ava Gripe) Nakon \u0161to je u rujnu 2025. godine na otoku Lo\u0161inju, u suradnji Lo\u0161injskog muzeja i Hrvatskog pomorskog muzeja Split, predstavljena izlo\u017eba posve\u0107ena bogatoj pomorskoj ba\u0161tini otoka, njezino pro\u0161ireno izdanje postavlja se u Splitu. Uo\u010di blagdana svetog Dujma splitskoj \u0107e se publici predstaviti\u2026","rel":"","context":"U &quot;Izlo\u017ebe&quot;","block_context":{"text":"Izlo\u017ebe","link":"https:\/\/historiografija.hr\/?cat=10"},"img":{"alt_text":"","src":"https:\/\/i0.wp.com\/historiografija.hr\/wp-content\/uploads\/2026\/04\/Losinjski-brodovi-Izlozba-1-scaled.webp?fit=840%2C1200&ssl=1&resize=350%2C200","width":350,"height":200,"srcset":"https:\/\/i0.wp.com\/historiografija.hr\/wp-content\/uploads\/2026\/04\/Losinjski-brodovi-Izlozba-1-scaled.webp?fit=840%2C1200&ssl=1&resize=350%2C200 1x, https:\/\/i0.wp.com\/historiografija.hr\/wp-content\/uploads\/2026\/04\/Losinjski-brodovi-Izlozba-1-scaled.webp?fit=840%2C1200&ssl=1&resize=525%2C300 1.5x, https:\/\/i0.wp.com\/historiografija.hr\/wp-content\/uploads\/2026\/04\/Losinjski-brodovi-Izlozba-1-scaled.webp?fit=840%2C1200&ssl=1&resize=700%2C400 2x"},"classes":[]},{"id":52502,"url":"https:\/\/historiografija.hr\/?p=52502","url_meta":{"origin":14359,"position":5},"title":"Novi znanstveni projekt Hrvatskog instituta za povijest: \u201c\u017drtve ratova i dr\u017eavnog\/politi\u010dkog nasilja u hrvatskoj povijesti 20. stolje\u0107a\u201d","author":"Branimir Jankovi\u0107","date":"17. travnja 2026.","format":false,"excerpt":"Na redovitoj sjednici Vlade RH, 16. travnja 2026., donijet je Zaklju\u010dak kojim se pokre\u0107e znanstveni projekt \u201c\u017drtve ratova i dr\u017eavnog\/politi\u010dkog nasilja u hrvatskoj povijesti 20. stolje\u0107a\u201d. Projekt \u0107e provoditi i koordinirati Hrvatski institut za povijest u razdoblju trajanja projekta od pet godina. Zakljucak Vlade RH Iz teksta projektnog prijedloga: Problematika\u2026","rel":"","context":"U &quot;Novosti&quot;","block_context":{"text":"Novosti","link":"https:\/\/historiografija.hr\/?cat=3"},"img":{"alt_text":"","src":"https:\/\/i0.wp.com\/historiografija.hr\/wp-content\/uploads\/2026\/04\/Vlada-RH.jpg?fit=1200%2C557&ssl=1&resize=350%2C200","width":350,"height":200,"srcset":"https:\/\/i0.wp.com\/historiografija.hr\/wp-content\/uploads\/2026\/04\/Vlada-RH.jpg?fit=1200%2C557&ssl=1&resize=350%2C200 1x, https:\/\/i0.wp.com\/historiografija.hr\/wp-content\/uploads\/2026\/04\/Vlada-RH.jpg?fit=1200%2C557&ssl=1&resize=525%2C300 1.5x, https:\/\/i0.wp.com\/historiografija.hr\/wp-content\/uploads\/2026\/04\/Vlada-RH.jpg?fit=1200%2C557&ssl=1&resize=700%2C400 2x, https:\/\/i0.wp.com\/historiografija.hr\/wp-content\/uploads\/2026\/04\/Vlada-RH.jpg?fit=1200%2C557&ssl=1&resize=1050%2C600 3x"},"classes":[]}],"_links":{"self":[{"href":"https:\/\/historiografija.hr\/index.php?rest_route=\/wp\/v2\/posts\/14359","targetHints":{"allow":["GET"]}}],"collection":[{"href":"https:\/\/historiografija.hr\/index.php?rest_route=\/wp\/v2\/posts"}],"about":[{"href":"https:\/\/historiografija.hr\/index.php?rest_route=\/wp\/v2\/types\/post"}],"author":[{"embeddable":true,"href":"https:\/\/historiografija.hr\/index.php?rest_route=\/wp\/v2\/users\/2"}],"replies":[{"embeddable":true,"href":"https:\/\/historiografija.hr\/index.php?rest_route=%2Fwp%2Fv2%2Fcomments&post=14359"}],"version-history":[{"count":1,"href":"https:\/\/historiografija.hr\/index.php?rest_route=\/wp\/v2\/posts\/14359\/revisions"}],"predecessor-version":[{"id":14361,"href":"https:\/\/historiografija.hr\/index.php?rest_route=\/wp\/v2\/posts\/14359\/revisions\/14361"}],"wp:featuredmedia":[{"embeddable":true,"href":"https:\/\/historiografija.hr\/index.php?rest_route=\/wp\/v2\/media\/14360"}],"wp:attachment":[{"href":"https:\/\/historiografija.hr\/index.php?rest_route=%2Fwp%2Fv2%2Fmedia&parent=14359"}],"wp:term":[{"taxonomy":"category","embeddable":true,"href":"https:\/\/historiografija.hr\/index.php?rest_route=%2Fwp%2Fv2%2Fcategories&post=14359"},{"taxonomy":"post_tag","embeddable":true,"href":"https:\/\/historiografija.hr\/index.php?rest_route=%2Fwp%2Fv2%2Ftags&post=14359"}],"curies":[{"name":"wp","href":"https:\/\/api.w.org\/{rel}","templated":true}]}}