{"id":14343,"date":"2019-04-10T15:33:48","date_gmt":"2019-04-10T15:33:48","guid":{"rendered":"http:\/\/historiografija.hr\/?p=14343"},"modified":"2019-04-10T15:33:48","modified_gmt":"2019-04-10T15:33:48","slug":"miljenko-jergovic-istina-o-zlocinu-i-osveti-iz-1941-koja-bi-izazvala-gnjev-svih-strana-u-ratu","status":"publish","type":"post","link":"https:\/\/historiografija.hr\/?p=14343","title":{"rendered":"Miljenko Jergovi\u0107: Istina o zlo\u010dinu i osveti iz 1941, koja bi izazvala gnjev svih strana u ratu"},"content":{"rendered":"<p>Knjiga Maxa Bergholza \u201cNasilje kao generativna sila\u201d bila bi katarzi\u010dna i iskupljuju\u0107a za Hrvate, Srbe i Bo\u0161njake iz 1941, kao i iz 1991, kada bi bilo volje da ju se cjelovito pro\u010dita.<\/p>\n<p>Max Bergholz (1973.) je profesor na Sveu\u010dili\u0161tu Concordia u Montrealu, gdje predaje \u201cpovijest nacionalizma, nasilja i Balkana\u201d. Tako barem pi\u0161e u nakladni\u010dkoj bilje\u0161ci njegova bosanskog i hrvatskog izdava\u010da. Vjerojatno Bergholz predaje i jo\u0161 ne\u0161to, ali ovako pobrojano, mo\u017eda ba\u0161 ovim redoslijedom, sugerira nam da \u010dovjek predaje sve, ili skoro sve \u0161to se o ljudima jugoisto\u010dno od Sutle i zapadno od bugarske granice uop\u0107e jo\u0161 i treba znati. (To je onda i dobra prilika da se otklizne u stereotip i u autoflagelaciju, \u0161to je, opet, druk\u010dija forma bla\u017eenog neznanja\u2026)<\/p>\n<p>Knjiga \u201cNasilje kao generativna sila\u201d, podnaslovljena kao \u201cIdentitet, nacionalizam i sje\u0107anje u jednoj balkanskoj zajednici\u201d, objavljena je 2016. na engleskom te je u Sjedinjenim Dr\u017eavama do\u010dekana s vrlo ozbiljnim nagradama i priznanjima. Dvije godine kasnije, krajem 2018, Buybook je objavljuje u prijevodu Senade Kreso. Knjiga ima, na prvi pogled, vrlo ezoteri\u010dnu temu: istra\u017eivanje o korijenima i uzrocima zlo\u010dina s po\u010detka rujna 1941, kada je u manje od dva dana sjekirama, no\u017eevima i kosama, te vatrenim oru\u017ejem poubijano oko dvije tisu\u0107e \u017eitelja Kulen Vakufa, pitoresknog i ubavog gradi\u0107a u sjeverozapadnoj Bosni, na tada nevidljivoj granici s Hrvatskom.<\/p>\n<p>Bergholz se krajnje akribi\u010dno bavi istra\u017eivanjem doga\u0111aja koji su, barem za na\u0161e prilike, dobro dokumentirani, historiografski su vi\u0161estruko obra\u0111eni i fragmentarno opisani u nizu memoarski djela, te su &#8211; \u0161to je svakako od ve\u0107eg utjecaja na zajednicu &#8211; ugra\u0111eni u konstitutivnu legendu kulenvakufskog, kraji\u0161kog i li\u010dkog kraja, te u tri me\u0111usobno isklju\u010duju\u0107e i konfrontirane lokalne legende, srpsku, hrvatsku i bo\u0161nja\u010dku, ali, na sljede\u0107oj razini, i u dr\u017eavotvorne legende socijalisti\u010dke Jugoslavije i nezavisne Hrvatske, kao i u nekoliko okolnih otpadni\u010dkih legendi.<\/p>\n<p>Bergholz iz razli\u010ditih razloga povijest nastoji predo\u010diti i ispripovijedati kao pripovijest. Osim \u0161to se na takav na\u010din knjiga konfrontira s nizom prethodnih povijesnih interpretacija, ona se konfrontira i sa svakom, ali ba\u0161 svakom, legendom o predo\u010denim i interpretiranim doga\u0111ajima. Ne bude li ignorirana &#8211; \u0161to je, ipak, najvjerojatnija sudbina svake knjige me\u0111u reanalfabetiziranim, nanovo onepismenjenim kulturama u Hrvatskoj, Bosni i Hercegovini i Srbiji &#8211; Bergholzova \u0107e knjiga kod svih izazvati besprimjerni gnjev i odbijanje. Izme\u0111u ostalog i zato \u0161to se ovaj autor prvi bavi cjelinom doga\u0111aja, koje su drugi, svatko u skladu s na\u010delom legende koju zastupa, predstavljali strogo fragmentarno.<\/p>\n<p>Max Bergholz kronolo\u0161ki donosi ono \u0161to se u krajevima izme\u0111u Donjeg Lapca, Kulen Vakufa i Srba zbiva nakon 10. travnja 1941. i uspostave Nezavisne Dr\u017eave Hrvatske. Pritom neobi\u010dno temeljito predo\u010dava i sve \u0161to je jo\u0161 mogu\u0107e znati, dokumentirati ili zabilje\u017eiti kao sje\u0107anje, o unutaretni\u010dkim i me\u0111uetni\u010dkim dinamikama iz prijeratnih vremena, naro\u010dito pa\u017eljivo se bave\u0107i agrarnom reformom koja je uslijedila nakon Velikog rata i uspostave Kraljevine Srba, Hrvata i Slovenaca, i koja je mogla utjecati, pa je i utjecala, na odnose izme\u0111u lokalnih Srba i muslimana.<\/p>\n<p>Kulen Vakuf je, kao i Donji Lapac i Srb, vazda bio zaturen i skrajnut, uvijek bogu za le\u0111ima, pa se tu lokalna povijest \u010desto odvijala mimo pa\u017enje i interesa velikih sredi\u0161ta. Tako je bilo i 1941. Usta\u0161e nisu dolazile odnekud sa strane, niti je postojala prethodna politi\u010dka i antagoniziraju\u0107a tradicija. Tako su se Miroslav Matijevi\u0107, predratni kafand\u017eija iz Kulen Vakufa, Grga Pavi\u010di\u0107 i \u017eena mu Marija iz obli\u017enjeg Bori\u010devca, Husein Hu\u0107a Zeli\u0107, neuspje\u0161ni trgovac i \u0161pekulant, Mustajbeg Kulenovi\u0107, ro\u0111ak te imenjak i prezimenjak jednoga poznatijeg i \u010destitijeg Mustajbega Kulenovi\u0107a, Hasan Sara\u010devi\u0107, predratni lokalni vo\u0111a Jugoslavenske muslimanske organizacije, poveli za novom modom i postali usta\u0161e. Matijevi\u0107, koji \u0107e izrasti u vo\u0111u, prije rata je bio politi\u010dki i nacionalno indiferentan, Bergholz nalazi njegovu fotografiju s neke svadbe, gdje je u vrlo prisnim odnosima sa Srbima, a Husein Zeli\u0107 je, izgleda, imao nekih prethodnih interesa za hrvatski nacionalizam i separatizam.<\/p>\n<p>Pobrojani se s bandom sebi sli\u010dnih neformalno udru\u017euju i tako zapo\u010dinje teror u okolnim srpskim selima. Najprije se plja\u010dka, a onda se, malo-pomalo, po\u010dinje ubijati, pa se u lipnju i srpnju 1941. zbivaju prvi veliki masakri, paljenje \u010ditavih sela, ubojstva koja imaju elemente rituala te im je cilj da zastra\u0161e, ponize i dehumaniziraju srpsko-pravoslavni \u017eivalj. U isto vrijeme u Biha\u0107u i Banjoj Luci, relativno daleko od ovih krajeva, otpo\u010deo je organizirani usta\u0161ki teror nad Srbima, inspiriran i pokrenut iz Zagreba, koji predvode Viktor Guti\u0107, kojeg je Paveli\u0107 imenovao za boga i batinu Bosanske krajine, te Ljubomir Kvaternik, brat vojskovo\u0111e Slavka, a Didin stric, kojeg je zadu\u017eio za biha\u0107ki kraj. Zapo\u010dinju prvi masovni zahvati etni\u010dkog \u010di\u0161\u0107enja, pokolja i masovnih preseljenja. Do Hu\u0107e Zeli\u0107a i Miroslava Matijevi\u0107a vjerojatno dolazi samo odjek tih velikih zbivanja, dok oni, zajedno sa skupinama svojih sumi\u0161ljenika, postupaju u skladu sa svojim interesima i s vlastitom predstavom o tome \u0161to usta\u0161a treba biti.<\/p>\n<p>Prvog srpnja 1941. oko 300 naoru\u017eanih ljudi, uglavnom usta\u0161a, ali i stotinjak pripadnika regularne domobranske vojske, po nare\u0111enju Ljubomira Kvaternika upada u srpsko selo Suvaja, plja\u010dka, pali, za dva sata ubija i masakrira oko 300 mu\u0161karaca, \u017eena i djece, a trudnu \u017eenu mjesnog sve\u0107enika, kojeg su prethodno uhitili i pogubili, Ljubicu Lavrnju, bodu no\u017eevima, plod joj vade iz utrobe te ga sijeku na komade, zajedno s majkom. Povod za ovo bio je, prema naknadnom domobranskom izvije\u0161\u0107u, \u201cpretjerana\u201d Kvaternikova uzbuna gleda izvjesnih \u010detni\u010dkih aktivnosti.<\/p>\n<p>Uslijedio je pokolj u selu Osredci, a zatim i u selu Bubanj. Ukupno je ubijeno izme\u0111u 400 i 500 ljudi, uglavnom \u017eena, djece i staraca, po\u0161to su mu\u0161ki nakon prvih vijesti o pokoljima no\u0107ivali po \u0161umi. Kampanja lokalnih usta\u0161a, koji nastupaju uglavnom samovoljno i u svoju korist, preplela se sa \u0161irim usta\u0161kim i dr\u017eavnim terorom, uglavnom s dvostrukim ciljem: plja\u010dke srpske imovine i potpunog obezlju\u0111ivanja doju\u010dera\u0161njih susjeda, njihovog pretvaranja u \u017eivotinje.<\/p>\n<p>Ovo dosad znamo iz partizanske i socijalisti\u010dke historiografije i iz memoara i usputnih sje\u0107anja boraca i revolucionara iz ovih krajeva. Ono \u0161to slijedi saznavali smo iz nove hrvatske historiografije te od autora koji su uglavnom bili revizionisti\u010dke i neousta\u0161ke inspiracije. Nikada se, osim rubno, u ponekim od partizanskih sje\u0107anja, na istome mjestu nisu susrele dvije pripovijesti, obje istinite i relativno lako provjerljive.<\/p>\n<p>Krajem srpnja 1941. izbija slabo organizirani ustanak srpsko-pravoslavnog selja\u0161tva, naoru\u017eanog uglavnom vilama, srpovima, no\u017eevima i sjekirama te s ono malo pu\u0161aka zaostalih me\u0111u povratnicima iz Aprilskog rata. Me\u0111utim, kako su ustanici brojni i kako je srpsko stanovni\u0161tvo u ovim krajevima apsolutno ve\u0107insko, a usta\u0161a je, onih katoli\u010dkih, a onda i onih muslimanskih, vrlo, vrlo malo, dok domobranske vojske gotovo i nema, nastupa stra\u0161ni pohod ustanika, \u010dije je vode\u0107e na\u010delo da je svaki Hrvat, \u0161to u ovom slu\u010daju zna\u010di svaki katolik i musliman, usta\u0161a. Tako, bilje\u017ei Bergholz, jedan ustanik, nakon \u0161to je, tokom prvoga tjedna ustanka, ubio \u017eenu i dijete, izgovara: \u201cNeka se pa\u0161\u010dad ne ligu!\u201d<\/p>\n<p>Slijede napadi na katoli\u010dka sela Brotnja, Krnjeu\u0161a, Vrto\u010de i Bori\u010devac. U Brotnji su opkolili, pobili i u jamu bacili skoro cjelokupni katoli\u010dki \u017eivalj, ve\u0107inom iz velike obitelji Ivezi\u0107a. Ubili su trideset i sedmero ljudi. Prethodno, dvojica su stanovnika Brotnje kao usta\u0161e sudjelovali u pokolju u Suvaji. U ubijaju Ivezi\u0107a sudjelovali su njihovi pravoslavni susjedi iz Brotnje. U Krnjeu\u0161i su nakon prvoga naleta pre\u017eivjele katolike zatvorili u njihovu crkvu, koju su zatim zapalili.<\/p>\n<p>Sve\u0107eniku Kre\u0161imiru Bari\u0161i\u0107u, poznatom po prijateljstvu s pravoslavnim popom Dragom Savi\u0107em, odsjekli su nos i u\u0161i, iskopali mu o\u010di te ga spalili u crkvi zajedno s njegovom pastvom. U Vrto\u010dama, rodnome selu onoga biv\u0161eg kafand\u017eije, a sada usta\u0161kog vo\u0111e Miroslava Matijevi\u0107a, nai\u0161li su tek na \u0161a\u010dicu \u017eena i djece, ali i na Matijevi\u0107eve stare roditelje. Odsjekli su im glave i nabili ih na kol\u010deve. Ve\u0107inu ostalih su samo poklali. (Kasnije \u0107e usta\u0161e u kontranapadu na Vrto\u010de zaklati srpsko dijete, odsje\u0107i mu glavu, nabiti je na kolac, tako da je Srbi na\u0111u kada se vrate.)<\/p>\n<p>Bori\u0107evac je bio veliko katoli\u010dko i hrvatsko selo, iz kojeg je poteklo nekoliko prijeratnih nacionalista, budu\u0107ih usta\u0161a. Iznad je sela jama nad kojom su usta\u0161e u prvome naletu rado klali Srbe. Me\u0111utim, nakon napada na Brotnju, Krnjeu\u0161u i Vrto\u010de, skoro cijelo je selo, skupa s lokalnim usta\u0161ama, izbjeglo u Kulen Vakuf. Ustanici se nisu imali kome svetiti, nego su samo oplja\u010dkali i do temelja popalili selo, koje \u0107e zatim devedesetih godina postati dio konstitutivne legende, kojom \u0107e se napajati novi hrvatski nacionalizam. Krnjeu\u0161a, koja je mnogo gore postradala i \u010dije stradanje podrazumijeva i tu stra\u0161nu mitotvornu sliku spaljivanja ljudi u crkvi, uglavnom \u0107e biti zaboravljena, iz jednostavnog razloga \u0161to se to selo nalazi u Bosni i Hercegovini.<\/p>\n<p>I sve je to samo uvod onome \u0161to \u0107e se u subotu 6. rujna, te nekoliko sljede\u0107ih dana, doga\u0111ati u Kulen Vakufu i oko njega. Ali prije toga jo\u0161 i ovo: srpskome narodnom ustanku, kojega \u0107e partizanska i socijalisti\u010dka historiografija fiksirati u 27. srpanj 1941, pa \u0107e biti pisano i govoreno, te u \u0161kolama u\u010deno, da je pod vodstvom i u organizaciji Komunisti\u010dke partije Jugoslavije ustanak koordinirano izbio na obje obale Une, dakle i u Bosni i u Hrvatskoj, u stvarnosti jedva da je svjedo\u010dio poneki \u010dlan ili simpatizer KPJ. Imena tih ljudi, uglavnom, dobro se znaju. Najpoznatiji su Branko Polovina i \u0110oko Jovani\u0107.<\/p>\n<p>Oni su se, zajedno s nevelikom skupinom svojih istomi\u0161ljenika, uglavnom \u0161kolovanijih ljudi, tokom ljeta 1941. poku\u0161avali staviti na \u010delo ustanka i obuzdati osvetni\u010dke pobude me\u0111u ustanicima, uvjeriti ih da svi Hrvati, ili svi katolici i svi muslimani, nisu usta\u0161e. Na raspolaganju nisu imali ni\u0161ta osim elementarnih vojnih znanja te svoje rje\u010ditosti. Te\u0161ko su, skoro nikako, stjecali povjerenje me\u0111u ve\u0107inom ustanika, a stvarnu i potpunu mo\u0107 zapovijedanja jedinicama ste\u0107i \u0107e mnogo kasnije, nakon \u0161to se ustani\u010dki pokret kona\u010dno razdijeli na partizane i \u010detnike. (To je, recimo, jedna od va\u017enih \u010dinjenica koja se tokom na\u0161eg \u0161kolovanja, a onda i u slu\u017ebenoj historiografiji Narodnooslobodila\u010dke borbe i socijalisti\u010dke revolucije, uporno pre\u0161u\u0107ivala.)<\/p>\n<p>Herojstvo ustanka od 27. srpnja 1941. ustvari je samo ono herojstvo o kojemu se nikad nije govorilo. Stevi Atlagi\u0107u iz sela Vrto\u010de Matijevi\u0107 i njegove usta\u0161e ubili su oca, dok se on u \u0161umi krio sa svojim susjedima, Srbima, pravoslavcima. Rekao im je kada se kretalo u ustanak: \u201cUbili su mi oca, ali ja se ne \u017eelim svima njima svetiti i mi ne\u0107emo dati oru\u017eje onima koji to \u017eele. Ubit \u0107emo one koji su pobili na\u0161e.\u201d Atlagi\u0107 je uskoro stradao. Stojanu Mati\u0107u, prijeratnom studentu beogradske Vojne akademije pa prava u Zagrebu, u selu Nebljusi ubili su majku i sedamdesetak susjeda i ro\u0111aka.<\/p>\n<p>\u010cinio je sve da sprije\u010di osvetu, zapucao je nai\u0161av\u0161i na ustanike koji su plja\u010dkali i zlostavljali ljude. Stevan Pilipovi\u0107 Ma\u0107uka, jedan od ustani\u010dkih zapovjednika, u vi\u0161e je navrata sprije\u010dio pokolje. Njegova je pogibija u velikoj mjeri i omogu\u0107ila ono \u0161to \u0107e se zbiti u Kulen Vakufu. Pa Branko Polovina, Marko Ore\u0161kovi\u0107 Krntija, komunist i Hrvat, koji \u0107e biti ugra\u0111en u partizansku mitologiju.<\/p>\n<p>Ali i to potvr\u0111uje ne\u0161to \u0161to Polovina, pa \u010dak i \u0110oko Jovani\u0107, ne skrivaju u svojim memoarima: ustanak od 27. srpnja 1941, na obje obale Une, nije bio ni komunisti\u010dki, ni partizanski. S tom se \u010dinjenicom, me\u0111utim, u nas nije moglo \u017eivjeti, disati ni misliti, pa je bilo nu\u017eno proizvesti neku drugu \u010dinjenicu.<\/p>\n<p>Ono \u0161to \u0107e se dogoditi u Kulen Vakufu masovni je zlo\u010din, sastavljen iz nekoliko segmenata. Shvativ\u0161i da ustanici kre\u0107u na Kulen Vakuf, prvo ve\u0107e mjesto u svojoj ratnoj kampanji, ve\u0107insko muslimansko stanovni\u0161tvo kre\u0107e u zbjeg prema Vrto\u010dima, s namjerom da nastave prema Biha\u0107u. Predvodi ih komandant neznatne domobranske posade u Kulen Vakufu, satnik Vladimir Veber, koji je prethodnih tjedana o\u010dajni\u010dki poku\u0161avao nametnuti svoj autoritet lokalnim usta\u0161ama i navesti ih da prekinu s pokoljima i terorom. S njim na \u010delu kolone bje\u017ee i sve poznatije usta\u0161e. Dio kolone pada u ustani\u010dku zasjedu i zapo\u010dinje pokolj.<\/p>\n<p>Za to vrijeme ustanici, predvo\u0111eni \u0110okom Jovani\u0107em, ulaze u grad, koji je u tom trenutku fizi\u010dki nedirnut. Dio ljudi, predvo\u0111enih zapovjednikom, nastavlja dalje, a dio njih \u0107e zauzeti grad. Jo\u0161 uvijek nije pristigla sva ona ordija sa sjekirama i srpovima. Jovani\u0107 koji nastavlja predaje zapovjedni\u0161tvo nad gradom predratnom \u017eandaru i jednom od osvetni\u010dkih vo\u0111a Petru \u0110ilasu.<\/p>\n<p>Kasnije \u0107e dijelom biti prihva\u0107ena teorija da Jovani\u0107 nije dobro znao \u0161to je i tko je Petar \u0110ilas, toga se dr\u017ei i akribi\u010dni i temeljiti Bergholz, no vjerojatno je da \u0110oko Jovani\u0107 nije slutio kakav \u0107e lu\u0111a\u010dki pokolj taj \u010dovjek pokrenuti i provesti. Ono \u0161to se doga\u0111alo u Kulen Vakufu, na kulenvakufskom buku i po gradskoj \u010dar\u0161iji, me\u0111u najstra\u0161nijim je scenama zla i kolektivnog stradanja, kakvima ionako obiluje Drugi svjetski rat u na\u0161im krajevima. S tim da vjerojatno nigdje priroda nije tako lijepa, nigdje atmosfera nije tako rajska, kao na ovome mjestu, gdje se rje\u010dica Ostrovica ulijeva u Unu, divlju i pitomu. Tu su, kod buka, majke bacale djecu da se utope, samo da kom\u0161ijama ne padnu u ruke.<\/p>\n<p>U Kulen Vakufu stradalo je, prema vrlo konzervativnim procjenama, blizu dvije tisu\u0107e ljudi. U to su ubrojeni pobijeni iz kolone, ali i \u010detiristinjak ljudi koje \u0107e ustanici zarobiti pa poklati u Martin Brodu.<\/p>\n<p>Sve je to u Bergholzovoj knjizi briljantno ispripovijedano, ali knjiga, zapravo, govori o ne\u010demu drugom. Za\u0161to se zlo\u010din dogodio? Najprije onaj prvi, usta\u0161ki, oli\u010den u osobi Miroslava Matijevi\u0107a, a zatim onaj drugi, ustani\u010dki, oli\u010den u Petru \u0110ilasu, Mani Rokvi\u0107u, koji \u0107e zavr\u0161iti kao \u010detnici, ali bome i nekima, poput generala i narodnog heroja Nikole Karanovi\u0107a, koji \u0107e zavr\u0161iti kao partizani i veleugledni gra\u0111ani socijalisti\u010dke Jugoslavije. Bergholz ne pristaje niti na jedan od op\u0107eprihva\u0107enih pre\u010daca u zaklju\u010divanju o uzrocima zlo\u010dina: za njega niti je obja\u0161njenje da usta\u0161e ubijaju naprosto zato da su usta\u0161e, niti da se me\u0111usobno razbu\u0111eni nacionalizmi ispoma\u017eu i nadopunjuju, niti da se sve to doga\u0111alo po nu\u017edi povijesnog trenutka i po logici konfrontacije fa\u0161izma s Drugim.<\/p>\n<p>Pri svakom isku\u0161enju pre\u010daca u zaklju\u010divanju, Bergholz postavlja vje\u010dno isto pitanje: dobro, ali za\u0161to se ista stvar nije dogodila i na drugim mjestima koja su bila u istom ili u sli\u010dnoj situaciji kao Kulen Vakuf i okolina? A moglo bi se pitati i ovako: za\u0161to se isti zlo\u010din u to vrijeme nije dogodio tamo gdje su prethodni me\u0111unacionalni odnosi bili puno gori nego u ovome kraju?<\/p>\n<p>\u201cNasilje kao generativna sila\u201d historiografska je sinteza, izvanredna historiografska proza, ispripovijedana kao narativni tekst, ali i sociolo\u0161ka i antropolo\u0161ka studija. Posebno je zna\u010dajno ovo posljednje. Ovo je knjiga o dinamici nasilja, koja bi za moto mogla imati tvrdnju nastalu iz eksperimenata Stanleyja Milgrama, genijalnog i opasno zavodljivog ameri\u010dkog socijalnog psihologa: \u201csposobnost da se izazove ogromna bol drugoj osobi javlja se kad pojedinac svoju li\u010dnost utopi u jednu \u0161iru institucionalnu strukturu vlasti\u201d.<\/p>\n<p>Njime bi se moglo objasniti \u0161to se dogodilo s do ju\u010der pitomim susjedima, koji najednom postaju be\u0161\u0107utni usta\u0161ki kolja\u010di. Ali za ono \u0161to se zbilo s ustanicima, \u010diji se zlo\u010dini &#8211; na tome Max Bergholz hladno insistira, pa ga nije briga za na\u0161e dru\u0161tvenopoliti\u010dke i nacionalne aksiome, kao ni za amblematske datume na\u0161ih fa\u0161izama i antifa\u0161izama &#8211; po okrutnosti, kao ni po dosljedno provedenoj \u201ckolektivnoj kategorizaciji\u201d, ne razlikuju od onih usta\u0161kih, nema obja\u0161njenja u Milgramovim teorijama.<\/p>\n<p>I jo\u0161 ne\u0161to je u Bergholzovoj postavci veoma va\u017eno: zlo\u010din u Kulen Vakufu, kao ni sve ono \u0161to je tom zlo\u010dinu prethodilo, ali ni pone\u0161to od onog \u0161to je nakon kulenvakufskog zlo\u010dina uslijedilo, nemaju veze s ljudima koji su do\u0161li sa strane. Ovdje su se, u najve\u0107em broju slu\u010dajeva, ubojice i \u017ertve osobno poznavali. Ono na \u0161to autora ova \u010dinjenica navodi jest upravo ono \u0161to je i u naslovu knjige &#8211; generativa mo\u0107 nasilja. Iz na\u0161e perspektive, me\u0111utim, lokalni, kom\u0161ijski karakter zlo\u010din o kojemu je rije\u010d samo dodatno globalizira i uozbiljuje pitanja na\u0161e kolektivne odgovornosti. No, to je ne\u0161to \u0161to Bergholz samo dijelom doti\u010de, ali nigdje eksplicitno ne tematizira.<\/p>\n<p>Petar \u0110ilas, inspirator mase koja \u0107e ubijati po Kulen Vakufu, jo\u0161 \u0107e neko vrijeme ostati po\u0161tovani partizanski komandant. Zatim \u0107e pre\u0107i \u010detnicima. Jedan od osvetnika iz ovog vremena i aktivni sudionik napada na izbjegli\u010dku kolonu, koji je, zajedno s budu\u0107im \u010detni\u010dkim zapovjednikom Manom Rokvi\u0107em, imao ulogu u pogubljenju sedamdesetorice mu\u0161karaca nad jamom Dugopolje, te odgovornost za ubijanje i paljenje po Kulen Vakufu (o \u010demu govori i general Nikola Na\u0111), Nikola Karanovi\u0107 proslavit \u0107e se kao partizanski zapovjednik, 1951. bit \u0107e progla\u0161en za narodnog heroja, a, kao u nekom stra\u0161nom filmu, 3. studenog 1981. \u0107e, pred pre\u017eivjelima u pokolju i njihovim potomcima, biti glavni govornik na otvaranju spomenika poginulim kulenvakufskim partizanima, me\u0111u njima i nekim od kolja\u010da i ubojica iz rujna 1941.<\/p>\n<p>\u017divot generala Karanovi\u0107a zavr\u0161it \u0107e kao u igranom filmu: umire 22. prosinca 1991. u Splitu, \u0161est-sedam dana po onom dvodnevnom napadu JNA na grad. Penzioner, sudionik bitaka na Neretvi i Sutjesci, komandant slavne Tre\u0107e kraji\u0161ke, a kasnije i Petog bosanskog korpusa, nosilac spomenice iz 1941, narodni heroj\u2026 \u0160to smo sve o njemu spremni re\u0107i, a \u0161to pre\u0161utjeti?<\/p>\n<p>Ljeta 1941. kr\u010dmar iz Donjeg Lapca Milan Alivojvodi\u0107, Hrvat katolik, intervenirao je kod usta\u0161a da spa\u0161ava svoje pravoslavne srpske prijatelje. Pri izbijanju ustanka vjerovao je da ga ta \u010dinjenica \u0161titi pred osvetom i nije bje\u017eao iz mjesta. Ubili su ga oni koji su dobro znali da je spa\u0161avao Srbe. I to, naravno, nije jedinstven, a na \u017ealost nije ni usamljen slu\u010daj. Kulenvakufski usta\u0161e ubili su pravoslavnog popa koji je 1918. zaustavio Srbe iz okolnih sela, koji su namjerili da provedu pokolj mjesnih begova, prethodnih vlasnika zemlje. U onom \u0161to Bergholz imenuje kao \u201cproces kolektivne kategorizacije\u201d dobro\u010dinstvo je dobro\u010dinitelju moglo samo dodatno na\u0161koditi.<\/p>\n<p>Nakon rata ovi doga\u0111aji morali su biti zaboravljeni. Ta\u010dnije, morali su biti samo dopola pam\u0107eni i jednostrano interpretirani. Za to su postojali objektivni razlozi: valjalo je nanovo sklapati multietni\u010dku zajednicu. I naravno da je u toj jednostranosti pre\u0111ena granica: \u010dinjenica da je 27. srpanj 1941. u Hrvatskoj i u Bosni i Hercegovini progla\u0161en danom antifa\u0161isti\u010dkog ustanka, osim \u0161to je bila zasnovana na tendencioznoj interpretaciji doga\u0111aja, nikome nije mogla donijeti sre\u0107u. Novo tuma\u010denje povijesti, provedeno po diktatu vlasti koja je uspostavljena 1990, jednu je poluistinu-polula\u017e samo zamijenilo drugom, koja je od prve gora samo po tome \u0161to potpuno negira princip uzroka i posljedice. Usta\u0161ki zlo\u010dini su 1941. bili uzrok ustani\u010dkim zlo\u010dinima. Uzrok, koliko god bio evidentan, moralno ne iskupljuje i ne opravdava posljedicu. Ali \u0161to biva s posljedicom ako se s uma smetne uzrok?<\/p>\n<p>Knjigu kakvu je napisao Max Bergholz nismo dosad \u010ditali. Ovaj se \u010ditatelj ne sje\u0107a kada je \u010ditao ne\u0161to \u0161to mu je nanijelo takvu muku i skoro fizi\u010dku bol. Knjiga bi, kada bi je slu\u010dajno \u010ditali i kada ni\u0161ta u njoj ne bi preskakali, izazvala silan gnjev me\u0111u hrvatskim, srpskim i bo\u0161nja\u010dkim nacionalistima, kao i me\u0111u zastupnicima moralne intaktnosti ustanka iz 1941, te one napu\u0161tene i prezrene povijesne istine iz socijalisti\u010dkih vremena. Zapravo je nevjerojatno koliko nam je neprihvatljiva ova velika, mo\u017eda i iskupljuju\u0107a knjiga.<\/p>\n<p>&nbsp;<\/p>\n<p>Izvor:<\/p>\n<p>&nbsp;<\/p>\n<p><em>Jutarnji list<\/em>, 6. travnja 2019.<\/p>\n<p>&nbsp;<\/p>\n<p><a href=\"https:\/\/www.jutarnji.hr\/magazin\/miljenko-jergovic-istina-o-zlocinu-i-osveti-iz-1941-koja-bi-izazvala-gnjev-svih-strana-u-ratu\/8697074\/\">https:\/\/www.jutarnji.hr\/magazin\/miljenko-jergovic-istina-o-zlocinu-i-osveti-iz-1941-koja-bi-izazvala-gnjev-svih-strana-u-ratu\/8697074\/<\/a><\/p>\n<p>&nbsp;<\/p>\n<p>&nbsp;<\/p>\n","protected":false},"excerpt":{"rendered":"","protected":false},"author":2,"featured_media":12133,"comment_status":"open","ping_status":"open","sticky":false,"template":"","format":"standard","meta":{"_acf_changed":false,"jetpack_post_was_ever_published":false,"_jetpack_newsletter_access":"","_jetpack_dont_email_post_to_subs":false,"_jetpack_newsletter_tier_id":0,"_jetpack_memberships_contains_paywalled_content":false,"_jetpack_memberships_contains_paid_content":false,"footnotes":"","jetpack_publicize_message":"","jetpack_publicize_feature_enabled":true,"jetpack_social_post_already_shared":true,"jetpack_social_options":{"image_generator_settings":{"template":"highway","default_image_id":0,"font":"","enabled":false},"version":2}},"categories":[3],"tags":[],"class_list":["post-14343","post","type-post","status-publish","format-standard","has-post-thumbnail","hentry","category-novosti"],"acf":{"facebook_opis":""},"jetpack_publicize_connections":[],"jetpack_featured_media_url":"https:\/\/i0.wp.com\/historiografija.hr\/wp-content\/uploads\/2018\/11\/Nasilje.jpg?fit=960%2C960&ssl=1","jetpack_sharing_enabled":true,"jetpack-related-posts":[{"id":52733,"url":"https:\/\/historiografija.hr\/?p=52733","url_meta":{"origin":14343,"position":0},"title":"Vlado Raji\u0107 \u201eGranica na kraju stolje\u0107a\u201c","author":"Filip \u0160imunjak","date":"29. travnja 2026.","format":false,"excerpt":"U suizdanju Durieuxa i Beletre objavljena je 2025. godine knjiga Granica na kraju stolje\u0107a autora Vlade Raji\u0107a.\u00a0 O knjizi\u00a0 Romansirana biografija Vladimira Iblera mnogo je vi\u0161e od zanimljive pri\u010de o privatnom \u017eivotu i impresivnoj profesionalnoj karijeri istaknutog stru\u010dnjaka za me\u0111unarodno pravo i dugo\u00adgodi\u0161njeg profesora na zagreba\u010dkom Pravnom fakultetu, akademika, koji\u2026","rel":"","context":"U &quot;Knjige&quot;","block_context":{"text":"Knjige","link":"https:\/\/historiografija.hr\/?cat=8"},"img":{"alt_text":"","src":"https:\/\/i0.wp.com\/historiografija.hr\/wp-content\/uploads\/2026\/04\/VLADO-RAJIC-GRANICA-NA-KRAJU-STOLJECA.jpg?fit=450%2C650&ssl=1&resize=350%2C200","width":350,"height":200},"classes":[]},{"id":52536,"url":"https:\/\/historiografija.hr\/?p=52536","url_meta":{"origin":14343,"position":1},"title":"Kader Abdolah, \u201ePrije nego \u0161to bude kasno\u201c","author":"Branimir Jankovi\u0107","date":"20. travnja 2026.","format":false,"excerpt":"Kader Abdolah \u017eeli se vratiti ku\u0107i. Ali povratak je nemogu\u0107: u Iranu bi bio uhap\u0161en. Pod la\u017enim imenom i s krivotvorenim paso\u0161em ipak uspijeva u\u0107i u domovinu i sti\u017ee do roditeljske ku\u0107e, visoko u planinama. Majka ga ne prepoznaje, otac je mrtav, a sve \u0161to je tra\u017eio izmi\u010de mu pred\u2026","rel":"","context":"U &quot;Novosti&quot;","block_context":{"text":"Novosti","link":"https:\/\/historiografija.hr\/?cat=3"},"img":{"alt_text":"","src":"https:\/\/i0.wp.com\/historiografija.hr\/wp-content\/uploads\/2026\/04\/Prije-nego-sto-bude-kasno.webp?fit=566%2C872&ssl=1&resize=350%2C200","width":350,"height":200,"srcset":"https:\/\/i0.wp.com\/historiografija.hr\/wp-content\/uploads\/2026\/04\/Prije-nego-sto-bude-kasno.webp?fit=566%2C872&ssl=1&resize=350%2C200 1x, https:\/\/i0.wp.com\/historiografija.hr\/wp-content\/uploads\/2026\/04\/Prije-nego-sto-bude-kasno.webp?fit=566%2C872&ssl=1&resize=525%2C300 1.5x"},"classes":[]},{"id":52589,"url":"https:\/\/historiografija.hr\/?p=52589","url_meta":{"origin":14343,"position":2},"title":"Predstavljena knjiga Miomira \u017du\u017eula &#8220;Dayton: Diplomacija &#8211; druga strana rata&#8221;","author":"Branimir Jankovi\u0107","date":"22. travnja 2026.","format":false,"excerpt":"Knjiga Miomira \u017du\u017eula \u201eDayton: Diplomacija \u2013 druga strana rata\u201d predstavljena je u srijedu, 22. travnja 2026. godine u foajeu Hrvatskoga narodnog kazali\u0161ta u Zagrebu. Op\u0161irnije: https:\/\/vijesti.hrt.hr\/hrvatska\/predstavljena-knjiga-miomira-zuzula-dayton-diplomacija-druga-strana-rata-12683259 https:\/\/www.vecernji.ba\/amp\/vijesti\/zuzulova-knjiga-o-daytonu-predstavljena-u-zagrebu-diplomacija-kao-druga-strana-rata-1953700 https:\/\/www.tportal.hr\/vijesti\/clanak\/bivsi-sanaderov-ministar-odrzao-promociju-evo-tko-je-sve-dosao-na-predstavljanje-knjige-miomira-zuzula-foto-20260422 https:\/\/direktno.hr\/zivot\/kultura\/zuzul-otkrio-sve-o-drugoj-strani-rata-za-hrvatsku-se-nije-libio-povuci-nekoga-i-za-kosu-395042 https:\/\/www.24sata.hr\/news\/miomir-zuzul-predstavio-je-knjigu-o-daytonu-diplomacija-je-bila-druga-strana-rata-1123152 https:\/\/www.vecernji.hr\/kultura\/kolinda-grabar-kitarovic-otvoreno-miomir-zuzul-nije-vukao-samo-za-rukav-nego-i-za-kosu-1953722 https:\/\/www.vecernji.hr\/kultura\/i-papa-lav-xiv-eksplicitno-je-daytonski-sporazum-istaknuo-kao-primjer-uspjesna-rjesavanja-sukoba-1952215","rel":"","context":"U &quot;Novosti&quot;","block_context":{"text":"Novosti","link":"https:\/\/historiografija.hr\/?cat=3"},"img":{"alt_text":"","src":"https:\/\/i0.wp.com\/historiografija.hr\/wp-content\/uploads\/2026\/04\/Dayton.jpg?fit=1024%2C683&ssl=1&resize=350%2C200","width":350,"height":200,"srcset":"https:\/\/i0.wp.com\/historiografija.hr\/wp-content\/uploads\/2026\/04\/Dayton.jpg?fit=1024%2C683&ssl=1&resize=350%2C200 1x, https:\/\/i0.wp.com\/historiografija.hr\/wp-content\/uploads\/2026\/04\/Dayton.jpg?fit=1024%2C683&ssl=1&resize=525%2C300 1.5x, https:\/\/i0.wp.com\/historiografija.hr\/wp-content\/uploads\/2026\/04\/Dayton.jpg?fit=1024%2C683&ssl=1&resize=700%2C400 2x"},"classes":[]},{"id":52704,"url":"https:\/\/historiografija.hr\/?p=52704","url_meta":{"origin":14343,"position":3},"title":"Predstavljanje knjige &#8220;Vladimir Vasiljevi\u0107: Moji do\u017eivljaji. Dnevni\u010dki zapisi iz Prvoga svjetskog rata i poratnoga vremena&#8221;","author":"Filip \u0160imunjak","date":"29. travnja 2026.","format":false,"excerpt":"Doga\u0111anja ovogodi\u0161njega Festivala povijesti Kliofest zapo\u010dinjemo ve\u0107 i prije samoga slu\u017ebenog otvaranja, predstavljanjem knjige \u201eMoji do\u017eivljaji. Dnevni\u010dki zapisi iz Prvoga svjetskog rata i poratnoga vremena\u201d Vladimira Vasiljevi\u0107a, koju su priredili Karlo Rukavina i Damir Agi\u010di\u0107. Pozivamo Vas na predstavljanje koje \u0107e se odr\u017eati u ponedjeljak 4. svibnja, s po\u010detkom u\u2026","rel":"","context":"U &quot;Knjige&quot;","block_context":{"text":"Knjige","link":"https:\/\/historiografija.hr\/?cat=8"},"img":{"alt_text":"","src":"https:\/\/i0.wp.com\/historiografija.hr\/wp-content\/uploads\/2026\/04\/Naslovna-V.-Vasiljevic.webp?fit=1200%2C600&ssl=1&resize=350%2C200","width":350,"height":200,"srcset":"https:\/\/i0.wp.com\/historiografija.hr\/wp-content\/uploads\/2026\/04\/Naslovna-V.-Vasiljevic.webp?fit=1200%2C600&ssl=1&resize=350%2C200 1x, https:\/\/i0.wp.com\/historiografija.hr\/wp-content\/uploads\/2026\/04\/Naslovna-V.-Vasiljevic.webp?fit=1200%2C600&ssl=1&resize=525%2C300 1.5x, https:\/\/i0.wp.com\/historiografija.hr\/wp-content\/uploads\/2026\/04\/Naslovna-V.-Vasiljevic.webp?fit=1200%2C600&ssl=1&resize=700%2C400 2x, https:\/\/i0.wp.com\/historiografija.hr\/wp-content\/uploads\/2026\/04\/Naslovna-V.-Vasiljevic.webp?fit=1200%2C600&ssl=1&resize=1050%2C600 3x"},"classes":[]},{"id":52592,"url":"https:\/\/historiografija.hr\/?p=52592","url_meta":{"origin":14343,"position":4},"title":"Predstavljanje knjige &#8220;Turska ku\u0107a u Rijeci&#8221; u Zagrebu","author":"Branimir Jankovi\u0107","date":"22. travnja 2026.","format":false,"excerpt":"U prostorijama Turskog kulturnog centra Yunus Emre u Zagrebu, u utorak 21. travnja 2026. godine, odr\u017eano je sve\u010dano predstavljanje dopunjenog izdanja knjige Turska ku\u0107a u Rijeci, u organizaciji Hrvatsko-turskog dru\u0161tva Rijeka i partnerstvu sa Skupinom prijateljstva Hrvatska-Turska Hrvatskog sabora, Veleposlanstvom Republike Turske u Republici Hrvatskoj te Turskim kulturnim centrom Yunus\u2026","rel":"","context":"U &quot;Novosti&quot;","block_context":{"text":"Novosti","link":"https:\/\/historiografija.hr\/?cat=3"},"img":{"alt_text":"","src":"https:\/\/i0.wp.com\/historiografija.hr\/wp-content\/uploads\/2026\/04\/Turska-kuca-ZG.jpg?fit=1200%2C800&ssl=1&resize=350%2C200","width":350,"height":200,"srcset":"https:\/\/i0.wp.com\/historiografija.hr\/wp-content\/uploads\/2026\/04\/Turska-kuca-ZG.jpg?fit=1200%2C800&ssl=1&resize=350%2C200 1x, https:\/\/i0.wp.com\/historiografija.hr\/wp-content\/uploads\/2026\/04\/Turska-kuca-ZG.jpg?fit=1200%2C800&ssl=1&resize=525%2C300 1.5x, https:\/\/i0.wp.com\/historiografija.hr\/wp-content\/uploads\/2026\/04\/Turska-kuca-ZG.jpg?fit=1200%2C800&ssl=1&resize=700%2C400 2x, https:\/\/i0.wp.com\/historiografija.hr\/wp-content\/uploads\/2026\/04\/Turska-kuca-ZG.jpg?fit=1200%2C800&ssl=1&resize=1050%2C600 3x"},"classes":[]},{"id":52502,"url":"https:\/\/historiografija.hr\/?p=52502","url_meta":{"origin":14343,"position":5},"title":"Novi znanstveni projekt Hrvatskog instituta za povijest: \u201c\u017drtve ratova i dr\u017eavnog\/politi\u010dkog nasilja u hrvatskoj povijesti 20. stolje\u0107a\u201d","author":"Branimir Jankovi\u0107","date":"17. travnja 2026.","format":false,"excerpt":"Na redovitoj sjednici Vlade RH, 16. travnja 2026., donijet je Zaklju\u010dak kojim se pokre\u0107e znanstveni projekt \u201c\u017drtve ratova i dr\u017eavnog\/politi\u010dkog nasilja u hrvatskoj povijesti 20. stolje\u0107a\u201d. Projekt \u0107e provoditi i koordinirati Hrvatski institut za povijest u razdoblju trajanja projekta od pet godina. Zakljucak Vlade RH Iz teksta projektnog prijedloga: Problematika\u2026","rel":"","context":"U &quot;Novosti&quot;","block_context":{"text":"Novosti","link":"https:\/\/historiografija.hr\/?cat=3"},"img":{"alt_text":"","src":"https:\/\/i0.wp.com\/historiografija.hr\/wp-content\/uploads\/2026\/04\/Vlada-RH.jpg?fit=1200%2C557&ssl=1&resize=350%2C200","width":350,"height":200,"srcset":"https:\/\/i0.wp.com\/historiografija.hr\/wp-content\/uploads\/2026\/04\/Vlada-RH.jpg?fit=1200%2C557&ssl=1&resize=350%2C200 1x, https:\/\/i0.wp.com\/historiografija.hr\/wp-content\/uploads\/2026\/04\/Vlada-RH.jpg?fit=1200%2C557&ssl=1&resize=525%2C300 1.5x, https:\/\/i0.wp.com\/historiografija.hr\/wp-content\/uploads\/2026\/04\/Vlada-RH.jpg?fit=1200%2C557&ssl=1&resize=700%2C400 2x, https:\/\/i0.wp.com\/historiografija.hr\/wp-content\/uploads\/2026\/04\/Vlada-RH.jpg?fit=1200%2C557&ssl=1&resize=1050%2C600 3x"},"classes":[]}],"_links":{"self":[{"href":"https:\/\/historiografija.hr\/index.php?rest_route=\/wp\/v2\/posts\/14343","targetHints":{"allow":["GET"]}}],"collection":[{"href":"https:\/\/historiografija.hr\/index.php?rest_route=\/wp\/v2\/posts"}],"about":[{"href":"https:\/\/historiografija.hr\/index.php?rest_route=\/wp\/v2\/types\/post"}],"author":[{"embeddable":true,"href":"https:\/\/historiografija.hr\/index.php?rest_route=\/wp\/v2\/users\/2"}],"replies":[{"embeddable":true,"href":"https:\/\/historiografija.hr\/index.php?rest_route=%2Fwp%2Fv2%2Fcomments&post=14343"}],"version-history":[{"count":1,"href":"https:\/\/historiografija.hr\/index.php?rest_route=\/wp\/v2\/posts\/14343\/revisions"}],"predecessor-version":[{"id":14344,"href":"https:\/\/historiografija.hr\/index.php?rest_route=\/wp\/v2\/posts\/14343\/revisions\/14344"}],"wp:featuredmedia":[{"embeddable":true,"href":"https:\/\/historiografija.hr\/index.php?rest_route=\/wp\/v2\/media\/12133"}],"wp:attachment":[{"href":"https:\/\/historiografija.hr\/index.php?rest_route=%2Fwp%2Fv2%2Fmedia&parent=14343"}],"wp:term":[{"taxonomy":"category","embeddable":true,"href":"https:\/\/historiografija.hr\/index.php?rest_route=%2Fwp%2Fv2%2Fcategories&post=14343"},{"taxonomy":"post_tag","embeddable":true,"href":"https:\/\/historiografija.hr\/index.php?rest_route=%2Fwp%2Fv2%2Ftags&post=14343"}],"curies":[{"name":"wp","href":"https:\/\/api.w.org\/{rel}","templated":true}]}}