{"id":14320,"date":"2019-04-09T15:25:13","date_gmt":"2019-04-09T15:25:13","guid":{"rendered":"http:\/\/historiografija.hr\/?p=14320"},"modified":"2019-04-09T15:25:13","modified_gmt":"2019-04-09T15:25:13","slug":"1-festival-arheoloske-knjige","status":"publish","type":"post","link":"https:\/\/historiografija.hr\/?p=14320","title":{"rendered":"1. Festival arheolo\u0161ke knjige"},"content":{"rendered":"<p>U Arheolo\u0161kom muzeju u Zagrebu odr\u017eava se od 9. do 13. travnja 2019. godine 1. Festival arheolo\u0161ke knjige koji uklju\u010duje predavanja, predstavljanja knjiga, radionice\u2026<\/p>\n<p>&nbsp;<\/p>\n<p><strong>Program 1. Festivala arheolo\u0161ke knjige<\/strong><\/p>\n<p>&nbsp;<\/p>\n<ol start=\"9\">\n<li>&#8211; 13. travnja 2019<\/li>\n<\/ol>\n<p>&nbsp;<\/p>\n<p><strong>Utorak, 9. travnja 2019.<\/strong><\/p>\n<p>11 \u2013 12 sati<\/p>\n<p>Stru\u010dno vodstvo po stalnom postavu muzeja<\/p>\n<p>12 \u2013 13 sati<\/p>\n<p>Predstavljanje monografije \u201ePottery Production, Landscape and Economy of Roman Dalmatia. Interdisciplinary approaches\u201c (\u017deljko Mileti\u0107, Odjel za arheologiju Sveu\u010dili\u0161ta u Zadru; Goranka Lipovac Vrkljan i Ana Konestra, Institut za arheologiju)<\/p>\n<p>17 \u2013 18 sati<\/p>\n<p>Predstavljanje Priru\u010dnika projekta \u201eOd strukovnih zanimanja do kreativne industrije\u201c (Zorica Babi\u0107, Arheolo\u0161ki muzej u Zagrebu)<\/p>\n<p>18 &#8211; 19 sati<\/p>\n<p>Predavanje &#8220;Sopron&#8221; (Erzsebet Jerem, Institut za arheologiju Ma\u0111arske akademije znanosti, Archeolingua Foundation)<\/p>\n<p>napomena: predavanje je na engleskom jeziku<\/p>\n<p>&nbsp;<\/p>\n<p><strong>Srijeda, 10. travnja 2019.<\/strong><\/p>\n<p>12:30 \u2013 13:30 sati<\/p>\n<p>Predavanje \u201eMuzej vu\u010dedolske kulture i budu\u0107i projekti\u201c (Dora \u0160imi\u0107, Muzej vu\u010dedolske kulture)<\/p>\n<p>14 \u2013 15 sati<\/p>\n<p>Predavanje za vi\u0161e razrede osnovne i srednje \u0161kole\u00a0 \u201eClaustra alpuim iuliarum \u2013 kasnoanti\u010dki obrambeni sustav\u201c (Ana Golja, Pomorski i povijesni muzej Hrvatskog primorja Rijeka)<\/p>\n<p>15 \u2013 16 sati<\/p>\n<p>Radionica za vi\u0161e razrede osnovne \u0161kole &#8220;Upoznajmo opremu kasnoanti\u010dkog vojnika na Claustri\u201c\u00a0 (Ana Golja, Andrea Samard\u017eija i Jasna Uj\u010di\u0107 Grudeni\u0107, Pomorski i povijesni muzej Hrvatskog primorja Rijeka)<\/p>\n<p>17 \u2013 18 sati<\/p>\n<p>Predstavljanje \u201eIzdava\u0161tvo Arheolo\u0161koga muzeja Zadar i njegov doprinos promociji arheologije\u201c (Marina Maruna, Arheolo\u0161ki muzej Zadar)<\/p>\n<p>&nbsp;<\/p>\n<p><strong>\u010cetvrtak, 11. travnja 2019.<\/strong><\/p>\n<p>11 \u2013 12 sati<\/p>\n<p>Stru\u010dno vodstvo po stalnom postavu muzeja<\/p>\n<p>12 \u2013 13 sati<\/p>\n<p>Predstavljanje monografije \u201eCrkva i zvono svetog Tome u Puli\u201c (\u017deljko Uj\u010di\u0107 i Tatjana Bradara, Arheolo\u0161ki muzej Istre)<\/p>\n<p>18 \u2013 19 sati<\/p>\n<p>Predavanje\u00a0 \u201eAnti\u010dki Sikuli\u201c (Ivan \u0160uta, Muzej grada Ka\u0161tela)<\/p>\n<p>&nbsp;<\/p>\n<p><strong>Petak, 12. travnja 2019.<\/strong><\/p>\n<p>12 \u2013 13 sati<\/p>\n<p>Predstavljanje monografije \u201ePAKO\u0160TANE \u2013 VELI \u0160KOLJ: Kasnoanti\u010dki brodolom u geolo\u0161kom-geografskom i kulturno-povijesnom kontekstu\u201c (Irena Radi\u0107 Rossi, Sveu\u010dili\u0161te u Zadru, Projekt AdriaS i Goranka Lipovac Vrkljan, Institut za arheologiju)<\/p>\n<p>&nbsp;<\/p>\n<p><strong>Subota, 13. travnja 2019.<\/strong><\/p>\n<p>10 \u2013 18 sati<\/p>\n<p>Radionice<\/p>\n<p>11 \u2013 12 sati<\/p>\n<p>Predstavljanje ustanove \u201cArheolo\u0161ki muzej Narona\u201c (Toni Glu\u010dina, Arheolo\u0161ki muzej Narona)<\/p>\n<p>13 \u2013 14 sati<\/p>\n<p>Predavanje \u201eArheologija u stvarnosti i arheologija na filmu\u201c (Jacqueline Balen, Arheolo\u0161ki muzej u Zagrebu)<\/p>\n<p>14 \u2013 15 sati<\/p>\n<p>Stru\u010dno vodstvo po stalnom postavu muzeja<\/p>\n<p>15 \u2013 16 sati<\/p>\n<p>Predstavljanje kataloga izlo\u017ebe \u201ePovratak u pro\u0161lost \u2013 bakreno doba u sjevernoj Hrvatskoj\u201c (Jacqueline Balen, Arheolo\u0161ki muzej u Zagrebu; Tihomila Te\u017eak Gregl, Filozofski fakultet Sveu\u010dili\u0161ta u Zagrebu; Ina Miloglav, Filozofski fakultet Sveu\u010dili\u0161ta u Zagrebu; Dragana Rajkovi\u0107 Arheolo\u0161ki muzej Osijek)<\/p>\n<p>Predstavljanje publikacije za djecu \u201e\u0160etnja kroz bakreno doba\u201c (Zorica Babi\u0107, Arheolo\u0161ki muzej u Zagrebu)<\/p>\n<p>&nbsp;<\/p>\n<p>Od 9. do 13. travnja ulaz u Arheolo\u0161ki muzej u Zagrebu i sudjelovanje u aktivnostima programa FestArK-a je besplatan za sve posjetitelje.<\/p>\n<p>&nbsp;<\/p>\n<p>Izvor: <a href=\"http:\/\/amz.hr\/naslovnica\/festark-1-festival-arheoloske-knjige\/festark-program.aspx\">http:\/\/amz.hr\/naslovnica\/festark-1-festival-arheoloske-knjige\/festark-program.aspx<\/a><\/p>\n<p>&nbsp;<\/p>\n<p>&nbsp;<\/p>\n<p>&nbsp;<\/p>\n","protected":false},"excerpt":{"rendered":"","protected":false},"author":2,"featured_media":14321,"comment_status":"open","ping_status":"open","sticky":false,"template":"","format":"standard","meta":{"_acf_changed":false,"jetpack_post_was_ever_published":false,"_jetpack_newsletter_access":"","_jetpack_dont_email_post_to_subs":false,"_jetpack_newsletter_tier_id":0,"_jetpack_memberships_contains_paywalled_content":false,"_jetpack_memberships_contains_paid_content":false,"footnotes":"","jetpack_publicize_message":"","jetpack_publicize_feature_enabled":true,"jetpack_social_post_already_shared":true,"jetpack_social_options":{"image_generator_settings":{"template":"highway","default_image_id":0,"font":"","enabled":false},"version":2}},"categories":[3],"tags":[],"class_list":["post-14320","post","type-post","status-publish","format-standard","has-post-thumbnail","hentry","category-novosti"],"acf":{"facebook_opis":""},"jetpack_publicize_connections":[],"jetpack_featured_media_url":"https:\/\/i0.wp.com\/historiografija.hr\/wp-content\/uploads\/2019\/04\/logo_festark_AMZ.jpg?fit=199%2C90&ssl=1","jetpack_sharing_enabled":true,"jetpack-related-posts":[{"id":52613,"url":"https:\/\/historiografija.hr\/?p=52613","url_meta":{"origin":14320,"position":0},"title":"No\u0107 knjige u Hrvatskom dr\u017eavnom arhivu","author":"Branimir Jankovi\u0107","date":"22. travnja 2026.","format":false,"excerpt":"Predstavljanje knjige Rajke Bu\u0107in \u201dLije\u010denje i zbrinjavanje \u017didova u Bolnici sestara milosrdnica u Zagrebu 1941. \u2013 1945.\u201d u \u010detvrtak, 23. travnja 2026. u 13 sati u Hrvatskom dr\u017eavnom arhivu u Zagrebu. Izvor: https:\/\/www.arhiv.hr\/hr-hr\/Kulturno-prosvjetne-aktivnosti\/ArticleId\/1986\/oamid\/1633","rel":"","context":"U &quot;Novosti&quot;","block_context":{"text":"Novosti","link":"https:\/\/historiografija.hr\/?cat=3"},"img":{"alt_text":"","src":"https:\/\/i0.wp.com\/historiografija.hr\/wp-content\/uploads\/2026\/04\/noc_knjige_2026.jpg?fit=680%2C276&ssl=1&resize=350%2C200","width":350,"height":200,"srcset":"https:\/\/i0.wp.com\/historiografija.hr\/wp-content\/uploads\/2026\/04\/noc_knjige_2026.jpg?fit=680%2C276&ssl=1&resize=350%2C200 1x, https:\/\/i0.wp.com\/historiografija.hr\/wp-content\/uploads\/2026\/04\/noc_knjige_2026.jpg?fit=680%2C276&ssl=1&resize=525%2C300 1.5x"},"classes":[]},{"id":52520,"url":"https:\/\/historiografija.hr\/?p=52520","url_meta":{"origin":14320,"position":1},"title":"Predstavljanje knjige &#8220;Socialist Economics in Yugoslavia: A Critical History&#8221; u Zagrebu","author":"Branimir Jankovi\u0107","date":"17. travnja 2026.","format":false,"excerpt":"Pozivamo vas na predstavljanje knjige \"Socialist Economics in Yugoslavia: A Critical History\", autora Mislava \u00a0\u017ditka i Marka Grde\u0161i\u0107a (Routledge, 2026). Na predstavljanju \u0107e govoriti Branko Milanovi\u0107 (CUNY), Milica Uvali\u0107 (EUI), Zdravko Petak (FPZG) te autori.\u00a0 Predstavljanje \u0107e se odr\u017eati u srijedu 22. travnja u 16:00 sati na Fakultetu politi\u010dkih znanosti\u2026","rel":"","context":"U &quot;Novosti&quot;","block_context":{"text":"Novosti","link":"https:\/\/historiografija.hr\/?cat=3"},"img":{"alt_text":"","src":"https:\/\/i0.wp.com\/historiografija.hr\/wp-content\/uploads\/2026\/04\/Poziv-na-predstavljanje.png?fit=800%2C652&ssl=1&resize=350%2C200","width":350,"height":200,"srcset":"https:\/\/i0.wp.com\/historiografija.hr\/wp-content\/uploads\/2026\/04\/Poziv-na-predstavljanje.png?fit=800%2C652&ssl=1&resize=350%2C200 1x, https:\/\/i0.wp.com\/historiografija.hr\/wp-content\/uploads\/2026\/04\/Poziv-na-predstavljanje.png?fit=800%2C652&ssl=1&resize=525%2C300 1.5x, https:\/\/i0.wp.com\/historiografija.hr\/wp-content\/uploads\/2026\/04\/Poziv-na-predstavljanje.png?fit=800%2C652&ssl=1&resize=700%2C400 2x"},"classes":[]},{"id":52552,"url":"https:\/\/historiografija.hr\/?p=52552","url_meta":{"origin":14320,"position":2},"title":"Besplatni glazbeni antikvarijat","author":"Branimir Jankovi\u0107","date":"20. travnja 2026.","format":false,"excerpt":"Muzi\u010dka akademija Sveu\u010dili\u0161ta u Zagrebu 23. travnja 2026. od 10 do 17 sati Pozivamo Vas na Besplatni glazbeni antikvarijat, koji u sklopu manifestacije No\u0107 knjige 2026. organizira Hrvatska udruga muzi\u010dkih knji\u017enica, arhiva i dokumentacijskih centara (HUMKAD). Antikvarijat \u0107e se odr\u017eati na Svjetski dan knjige \u2013 u \u010detvrtak 23. travnja 2026.\u2026","rel":"","context":"U &quot;Novosti&quot;","block_context":{"text":"Novosti","link":"https:\/\/historiografija.hr\/?cat=3"},"img":{"alt_text":"","src":"https:\/\/i0.wp.com\/historiografija.hr\/wp-content\/uploads\/2026\/04\/Besplatni-glazbeni-antikvarijat-23.-4.-2026.jpg?fit=1200%2C848&ssl=1&resize=350%2C200","width":350,"height":200,"srcset":"https:\/\/i0.wp.com\/historiografija.hr\/wp-content\/uploads\/2026\/04\/Besplatni-glazbeni-antikvarijat-23.-4.-2026.jpg?fit=1200%2C848&ssl=1&resize=350%2C200 1x, https:\/\/i0.wp.com\/historiografija.hr\/wp-content\/uploads\/2026\/04\/Besplatni-glazbeni-antikvarijat-23.-4.-2026.jpg?fit=1200%2C848&ssl=1&resize=525%2C300 1.5x, https:\/\/i0.wp.com\/historiografija.hr\/wp-content\/uploads\/2026\/04\/Besplatni-glazbeni-antikvarijat-23.-4.-2026.jpg?fit=1200%2C848&ssl=1&resize=700%2C400 2x, https:\/\/i0.wp.com\/historiografija.hr\/wp-content\/uploads\/2026\/04\/Besplatni-glazbeni-antikvarijat-23.-4.-2026.jpg?fit=1200%2C848&ssl=1&resize=1050%2C600 3x"},"classes":[]},{"id":52675,"url":"https:\/\/historiografija.hr\/?p=52675","url_meta":{"origin":14320,"position":3},"title":"Predstavljanje knjige Luke Peji\u0107a &#8220;U taboru anarhista: \u017divot Ivana Zeppa&#8221; u Osijeku","author":"Branimir Jankovi\u0107","date":"27. travnja 2026.","format":false,"excerpt":"U \u010detvrtak, 30. travnja 2026.\u00a0u\u00a019.00 sati\u00a0u Klubu knji\u017eare Nova\u00a0(Trg Ante Star\u010devi\u0107a 4, Osijek) odr\u017eat \u0107e se predstavljanje nove knjige Luke Peji\u0107a U taboru anarhista: \u017divot Ivana Zeppa (DAF, 2025.). Uz autora o knjizi \u0107e govoriti recenzent i povjesni\u010dar Nikola Toma\u0161egovi\u0107 te povjesni\u010darka Ana Rajkovi\u0107 Peji\u0107. Razgovor \u0107e moderirati doktorandica\u00a0Valentina Kezi\u0107.\u2026","rel":"","context":"U &quot;Novosti&quot;","block_context":{"text":"Novosti","link":"https:\/\/historiografija.hr\/?cat=3"},"img":{"alt_text":"","src":"https:\/\/i0.wp.com\/historiografija.hr\/wp-content\/uploads\/2025\/11\/Pejic.jpg?fit=574%2C790&ssl=1&resize=350%2C200","width":350,"height":200,"srcset":"https:\/\/i0.wp.com\/historiografija.hr\/wp-content\/uploads\/2025\/11\/Pejic.jpg?fit=574%2C790&ssl=1&resize=350%2C200 1x, https:\/\/i0.wp.com\/historiografija.hr\/wp-content\/uploads\/2025\/11\/Pejic.jpg?fit=574%2C790&ssl=1&resize=525%2C300 1.5x"},"classes":[]},{"id":52603,"url":"https:\/\/historiografija.hr\/?p=52603","url_meta":{"origin":14320,"position":4},"title":"No\u0107 knjige: Carska i kraljevska kuhinja","author":"Branimir Jankovi\u0107","date":"22. travnja 2026.","format":false,"excerpt":"Pozivamo vas da nam se pridru\u017eite 23. travnja 2026. u 18 sati u obilje\u017eavanju No\u0107i knjige u Pivnici Bobi&Rudi na Trgu Ivana Me\u0161trovi\u0107a u Zapru\u0111u u Zagrebu gdje uz kavu \u010ditamo recepte iz zemalja Austro-Ugarske Monarhije iz knjige Carska i kraljevska kuhinja, autora Roberta Mak\u0142owicza, u prijevodu Damira Agi\u010di\u0107a. Izvor:\u2026","rel":"","context":"U &quot;Novosti&quot;","block_context":{"text":"Novosti","link":"https:\/\/historiografija.hr\/?cat=3"},"img":{"alt_text":"","src":"https:\/\/i0.wp.com\/historiografija.hr\/wp-content\/uploads\/2026\/04\/Noc-knjige-Carska-i-kraljevska.jpg?fit=1200%2C1200&ssl=1&resize=350%2C200","width":350,"height":200,"srcset":"https:\/\/i0.wp.com\/historiografija.hr\/wp-content\/uploads\/2026\/04\/Noc-knjige-Carska-i-kraljevska.jpg?fit=1200%2C1200&ssl=1&resize=350%2C200 1x, https:\/\/i0.wp.com\/historiografija.hr\/wp-content\/uploads\/2026\/04\/Noc-knjige-Carska-i-kraljevska.jpg?fit=1200%2C1200&ssl=1&resize=525%2C300 1.5x, https:\/\/i0.wp.com\/historiografija.hr\/wp-content\/uploads\/2026\/04\/Noc-knjige-Carska-i-kraljevska.jpg?fit=1200%2C1200&ssl=1&resize=700%2C400 2x, https:\/\/i0.wp.com\/historiografija.hr\/wp-content\/uploads\/2026\/04\/Noc-knjige-Carska-i-kraljevska.jpg?fit=1200%2C1200&ssl=1&resize=1050%2C600 3x"},"classes":[]},{"id":52573,"url":"https:\/\/historiografija.hr\/?p=52573","url_meta":{"origin":14320,"position":5},"title":"Znanstvena konferencija &#8220;Filozofija odgoja: povijest, praksa, perspektive&#8221;","author":"Branimir Jankovi\u0107","date":"21. travnja 2026.","format":false,"excerpt":"Znanstvena konferencija \"Filozofija odgoja: povijest, praksa, perspektive\" odr\u017eat \u0107e se 23. i 24. travnja 2026. u Konferencijskoj dvorani Knji\u017enice Filozofskog fakulteta u Zagrebu (2. kat).\u00a0Konferencija je organizirana u okviru projekta\u00a0SUMKOS (voditeljica prof. dr. sc. Ivana Zagorac, financiran\u00a0sredstvima NextGenerationEU), uz potporu Odsjeka za filozofiju.\u00a0 Uz izlaga\u010dki dio, konferencija obuhva\u0107a i izlo\u017ebu\u2026","rel":"","context":"U &quot;Novosti&quot;","block_context":{"text":"Novosti","link":"https:\/\/historiografija.hr\/?cat=3"},"img":{"alt_text":"","src":"","width":0,"height":0},"classes":[]}],"_links":{"self":[{"href":"https:\/\/historiografija.hr\/index.php?rest_route=\/wp\/v2\/posts\/14320","targetHints":{"allow":["GET"]}}],"collection":[{"href":"https:\/\/historiografija.hr\/index.php?rest_route=\/wp\/v2\/posts"}],"about":[{"href":"https:\/\/historiografija.hr\/index.php?rest_route=\/wp\/v2\/types\/post"}],"author":[{"embeddable":true,"href":"https:\/\/historiografija.hr\/index.php?rest_route=\/wp\/v2\/users\/2"}],"replies":[{"embeddable":true,"href":"https:\/\/historiografija.hr\/index.php?rest_route=%2Fwp%2Fv2%2Fcomments&post=14320"}],"version-history":[{"count":1,"href":"https:\/\/historiografija.hr\/index.php?rest_route=\/wp\/v2\/posts\/14320\/revisions"}],"predecessor-version":[{"id":14322,"href":"https:\/\/historiografija.hr\/index.php?rest_route=\/wp\/v2\/posts\/14320\/revisions\/14322"}],"wp:featuredmedia":[{"embeddable":true,"href":"https:\/\/historiografija.hr\/index.php?rest_route=\/wp\/v2\/media\/14321"}],"wp:attachment":[{"href":"https:\/\/historiografija.hr\/index.php?rest_route=%2Fwp%2Fv2%2Fmedia&parent=14320"}],"wp:term":[{"taxonomy":"category","embeddable":true,"href":"https:\/\/historiografija.hr\/index.php?rest_route=%2Fwp%2Fv2%2Fcategories&post=14320"},{"taxonomy":"post_tag","embeddable":true,"href":"https:\/\/historiografija.hr\/index.php?rest_route=%2Fwp%2Fv2%2Ftags&post=14320"}],"curies":[{"name":"wp","href":"https:\/\/api.w.org\/{rel}","templated":true}]}}