{"id":14312,"date":"2019-04-08T10:23:33","date_gmt":"2019-04-08T10:23:33","guid":{"rendered":"http:\/\/historiografija.hr\/?p=14312"},"modified":"2019-04-08T10:23:33","modified_gmt":"2019-04-08T10:23:33","slug":"bert-preiss-the-power-of-youth-exploring-young-peoples-engagement-in-local-conflict-transformation-in-bosnia-herzegovina-and-kosovo","status":"publish","type":"post","link":"https:\/\/historiografija.hr\/?p=14312","title":{"rendered":"Bert Preiss &#8211; The Power of Youth: Exploring Young People\u2019s Engagement in Local Conflict Transformation in Bosnia-Herzegovina and Kosovo"},"content":{"rendered":"<p>U Centru za jugoisto\u010dnoeuropske studije (CSEES) Sveu\u010dili\u0161ta u Grazu u utorak, 9. travnja 2019. Bert Preiss odr\u017eat \u0107e predavanje o doprinosu anga\u017emana mladih u nadila\u017eenju sukoba na primjeru Bosne i Hercegovine i Kosova.<\/p>\n<p>&nbsp;<\/p>\n<p>This research aims to explore if and how young people\u2019s participation in political and social affairs can contribute to local conflict transformation and post-conflict peacebuilding in Bosnia-Herzegovina and Kosovo. More than two decades after the end of the wars, the majority of youth in both countries continue growing up in ethnically and religiously segregated communities. Moreover, they remain particularly affected by the chronic economic underdevelopment of their countries. The approach taken is bottom-up, empirically driven, multi-dimensional, interdisciplinary, comparative and emancipatory in nature. The analysis differentiated, by ethnicity, religion, socio-economic status, gender, age and between urban and rural spaces, will focus on young people in their socialization environments in conflict-prone locations in both countries.<\/p>\n<p>&nbsp;<\/p>\n<p>Bert Preiss is a lecturer in international politics and peace and conflict studies at the Department of Political Science, University of Vienna, and a research affiliate at the Department of Southeast European History and Anthropology, University of Graz. He is currently working on a book based on his dissertation on local conflict hotspots in Northern Ireland and Kosovo. His research interests include nationalism, power and hegemony, social justice, community studies and youth participation in (post-)conflict contexts. He has published book chapters and journal articles and he is the editor and co-editor of some books, such as Democracy in Crisis: The Dynamics of Civil Protest and Civil Resistance. Among his previous positions, he worked at the Austrian Study Centre for Peace and Conflict Resolution and the Institute for the Study of Social Change, University College Dublin.<\/p>\n<p>&nbsp;<\/p>\n<p>09.04.2019<\/p>\n<p>13:00 &#8211; 14:00<\/p>\n<p>&nbsp;<\/p>\n<p>VeranstalterIn<\/p>\n<p>Zentrum f\u00fcr S\u00fcdosteuropastudien, SOEGA<\/p>\n<p>&nbsp;<\/p>\n<p>Veranstaltungsort<\/p>\n<p>Ort: Resowi, SR 15.33<\/p>\n<p>&nbsp;<\/p>\n<p><a href=\"https:\/\/suedosteuropa.uni-graz.at\/de\/veranstaltungen\/detail\/article\/brown-bag-the-power-of-youth-exploring-young-peoples-engagement-in-local-conflict-transformation\/\">https:\/\/suedosteuropa.uni-graz.at\/de\/veranstaltungen\/detail\/article\/brown-bag-the-power-of-youth-exploring-young-peoples-engagement-in-local-conflict-transformation\/<\/a><\/p>\n<p>&nbsp;<\/p>\n<p>&nbsp;<\/p>\n","protected":false},"excerpt":{"rendered":"","protected":false},"author":2,"featured_media":14313,"comment_status":"open","ping_status":"open","sticky":false,"template":"","format":"standard","meta":{"_acf_changed":false,"jetpack_post_was_ever_published":false,"_jetpack_newsletter_access":"","_jetpack_dont_email_post_to_subs":false,"_jetpack_newsletter_tier_id":0,"_jetpack_memberships_contains_paywalled_content":false,"_jetpack_memberships_contains_paid_content":false,"footnotes":"","jetpack_publicize_message":"","jetpack_publicize_feature_enabled":true,"jetpack_social_post_already_shared":true,"jetpack_social_options":{"image_generator_settings":{"template":"highway","default_image_id":0,"font":"","enabled":false},"version":2}},"categories":[3],"tags":[],"class_list":["post-14312","post","type-post","status-publish","format-standard","has-post-thumbnail","hentry","category-novosti"],"acf":{"facebook_opis":""},"jetpack_publicize_connections":[],"jetpack_featured_media_url":"https:\/\/i0.wp.com\/historiografija.hr\/wp-content\/uploads\/2019\/04\/Bert_Preis_Mitrovica_Ibar_bridge_Kosovo.jpg?fit=800%2C485&ssl=1","jetpack_sharing_enabled":true,"jetpack-related-posts":[{"id":52580,"url":"https:\/\/historiografija.hr\/?p=52580","url_meta":{"origin":14312,"position":0},"title":"Conference &#8220;Living in the aftermaths: Trauma, politics and survival in Yugoslavia and successor states, 1945 \u2013 present&#8221;","author":"Branimir Jankovi\u0107","date":"21. travnja 2026.","format":false,"excerpt":"The conference aims to explore how war-related psychological distress was experienced, narrated, debated and reframed in Yugoslavia in the second half of the twentieth century. It asks how the theme of wounded psyche and wartime suffering was addressed and acknowledged in political, psychiatric and broader cultural discourses of socialist Yugoslavia,\u2026","rel":"","context":"U &quot;Novosti&quot;","block_context":{"text":"Novosti","link":"https:\/\/historiografija.hr\/?cat=3"},"img":{"alt_text":"","src":"https:\/\/i0.wp.com\/historiografija.hr\/wp-content\/uploads\/2026\/04\/Battle_of_Neretva_Picasso_poster-Conference-Living-in-the-aftermaths.webp?fit=564%2C954&ssl=1&resize=350%2C200","width":350,"height":200,"srcset":"https:\/\/i0.wp.com\/historiografija.hr\/wp-content\/uploads\/2026\/04\/Battle_of_Neretva_Picasso_poster-Conference-Living-in-the-aftermaths.webp?fit=564%2C954&ssl=1&resize=350%2C200 1x, https:\/\/i0.wp.com\/historiografija.hr\/wp-content\/uploads\/2026\/04\/Battle_of_Neretva_Picasso_poster-Conference-Living-in-the-aftermaths.webp?fit=564%2C954&ssl=1&resize=525%2C300 1.5x"},"classes":[]},{"id":52768,"url":"https:\/\/historiografija.hr\/?p=52768","url_meta":{"origin":14312,"position":1},"title":"Poziv za prijavu na me\u0111unarodni ljetni kamp za mlade \u201cYouth in Cold-War Europe\u201d","author":"Filip \u0160imunjak","date":"30. travnja 2026.","format":false,"excerpt":"Otvoren je poziv za prijavu na me\u0111unarodni ljetni kamp \"Youth in Cold-War Europe\", koji se odr\u017eava od 28.08. do 06.09. 2026. godine u Weimaru (Njema\u010dka). Kamp se odr\u017eava u organizaciji Europskog centra za obrazovanje mladih (EJBW) iz Weimara i njegovih me\u0111unarodnih partnera, te uz financijsku podr\u0161ku Europske unije i Savezne\u2026","rel":"","context":"U &quot;Novosti&quot;","block_context":{"text":"Novosti","link":"https:\/\/historiografija.hr\/?cat=3"},"img":{"alt_text":"","src":"https:\/\/i0.wp.com\/historiografija.hr\/wp-content\/uploads\/2026\/04\/LJETNI-KAMP-ZA-MLADE-YOUTH-IN-COLD-WAR-EUROPE.jpg?fit=667%2C375&ssl=1&resize=350%2C200","width":350,"height":200,"srcset":"https:\/\/i0.wp.com\/historiografija.hr\/wp-content\/uploads\/2026\/04\/LJETNI-KAMP-ZA-MLADE-YOUTH-IN-COLD-WAR-EUROPE.jpg?fit=667%2C375&ssl=1&resize=350%2C200 1x, https:\/\/i0.wp.com\/historiografija.hr\/wp-content\/uploads\/2026\/04\/LJETNI-KAMP-ZA-MLADE-YOUTH-IN-COLD-WAR-EUROPE.jpg?fit=667%2C375&ssl=1&resize=525%2C300 1.5x"},"classes":[]},{"id":52531,"url":"https:\/\/historiografija.hr\/?p=52531","url_meta":{"origin":14312,"position":2},"title":"Jonathan G. Leslie, \u201eFear and Insecurity: Israel and the Iran Threat Narrative\u201c","author":"Branimir Jankovi\u0107","date":"17. travnja 2026.","format":false,"excerpt":"Why is Israel\u2019s former ally Iran now perceived as the country\u2019s greatest threat? Description To observers of the Iran-Israel conflict, its vitriolic rhetoric might suggest an ancient hatred between Jews and Muslims\u2013a biblical feud dating back hundreds, or thousands, of years. But this rivalry is a far more modern development.\u2026","rel":"","context":"U &quot;Knjige&quot;","block_context":{"text":"Knjige","link":"https:\/\/historiografija.hr\/?cat=8"},"img":{"alt_text":"","src":"https:\/\/i0.wp.com\/historiografija.hr\/wp-content\/uploads\/2026\/04\/Leslie.jpg?fit=391%2C612&ssl=1&resize=350%2C200","width":350,"height":200},"classes":[]},{"id":52752,"url":"https:\/\/historiografija.hr\/?p=52752","url_meta":{"origin":14312,"position":3},"title":"Otvaranje izlo\u017ebe &#8220;Hrvati na So\u010danskom frontu&#8221; i predavanje &#8220;So\u010danska fronta u Prvome svjetskom ratu&#8221;","author":"Filip \u0160imunjak","date":"30. travnja 2026.","format":false,"excerpt":"Otvaranje izlo\u017ebe \u201eHrvati na So\u010danskom frontu\u201c, Kobari\u0161ki muzej Prvog svjetskog rata, Kobarid, odr\u017eat \u0107e se u sklopu ovogodi\u0161njega Festivala povijesti Kliofest u Nacionalnoj i sveu\u010dili\u0161noj knji\u017enici u Zagrebu, u utorak 5. svibnja, s po\u010detkom u 10 sati, uz sudjelovanje: Ga\u0161pera Dov\u017eana, veleposlanika Republike Slovenije u RH, te Martina \u0160olara, direktora\u2026","rel":"","context":"U &quot;Izlo\u017ebe&quot;","block_context":{"text":"Izlo\u017ebe","link":"https:\/\/historiografija.hr\/?cat=10"},"img":{"alt_text":"","src":"https:\/\/i0.wp.com\/historiografija.hr\/wp-content\/uploads\/2026\/04\/Kliofest-01-utorak-II-08-P-Socanska-fronta.jpg?fit=1200%2C566&ssl=1&resize=350%2C200","width":350,"height":200,"srcset":"https:\/\/i0.wp.com\/historiografija.hr\/wp-content\/uploads\/2026\/04\/Kliofest-01-utorak-II-08-P-Socanska-fronta.jpg?fit=1200%2C566&ssl=1&resize=350%2C200 1x, https:\/\/i0.wp.com\/historiografija.hr\/wp-content\/uploads\/2026\/04\/Kliofest-01-utorak-II-08-P-Socanska-fronta.jpg?fit=1200%2C566&ssl=1&resize=525%2C300 1.5x, https:\/\/i0.wp.com\/historiografija.hr\/wp-content\/uploads\/2026\/04\/Kliofest-01-utorak-II-08-P-Socanska-fronta.jpg?fit=1200%2C566&ssl=1&resize=700%2C400 2x, https:\/\/i0.wp.com\/historiografija.hr\/wp-content\/uploads\/2026\/04\/Kliofest-01-utorak-II-08-P-Socanska-fronta.jpg?fit=1200%2C566&ssl=1&resize=1050%2C600 3x"},"classes":[]},{"id":52613,"url":"https:\/\/historiografija.hr\/?p=52613","url_meta":{"origin":14312,"position":4},"title":"No\u0107 knjige u Hrvatskom dr\u017eavnom arhivu","author":"Branimir Jankovi\u0107","date":"22. travnja 2026.","format":false,"excerpt":"Predstavljanje knjige Rajke Bu\u0107in \u201dLije\u010denje i zbrinjavanje \u017didova u Bolnici sestara milosrdnica u Zagrebu 1941. \u2013 1945.\u201d u \u010detvrtak, 23. travnja 2026. u 13 sati u Hrvatskom dr\u017eavnom arhivu u Zagrebu. Izvor: https:\/\/www.arhiv.hr\/hr-hr\/Kulturno-prosvjetne-aktivnosti\/ArticleId\/1986\/oamid\/1633","rel":"","context":"U &quot;Novosti&quot;","block_context":{"text":"Novosti","link":"https:\/\/historiografija.hr\/?cat=3"},"img":{"alt_text":"","src":"https:\/\/i0.wp.com\/historiografija.hr\/wp-content\/uploads\/2026\/04\/noc_knjige_2026.jpg?fit=680%2C276&ssl=1&resize=350%2C200","width":350,"height":200,"srcset":"https:\/\/i0.wp.com\/historiografija.hr\/wp-content\/uploads\/2026\/04\/noc_knjige_2026.jpg?fit=680%2C276&ssl=1&resize=350%2C200 1x, https:\/\/i0.wp.com\/historiografija.hr\/wp-content\/uploads\/2026\/04\/noc_knjige_2026.jpg?fit=680%2C276&ssl=1&resize=525%2C300 1.5x"},"classes":[]},{"id":52654,"url":"https:\/\/historiografija.hr\/?p=52654","url_meta":{"origin":14312,"position":5},"title":"Gostuju\u0107e predavanje &#8211; Danijel D\u017eino \u201eKasnoanti\u010dke i ranosrednjovjekovne gra\u0111evine u Brezi: Spomenici nepotpune biografije\u201c","author":"Branimir Jankovi\u0107","date":"24. travnja 2026.","format":false,"excerpt":"Doktorski studij predmoderne povijesti poziva na predavanje \"Kasnoanti\u010dke i ranosrednjovjekovne gra\u0111evine u Brezi: Spomenici nepotpune biografije\u201d koje \u0107e odr\u017eati profesor Danijel D\u017eino sa Sveu\u010dili\u0161ta Macquarie u Sydneyu u\u00a0utorak 28. travnja 2026. u 17h u Konferencijskoj dvorani Knji\u017enice Filozofskog fakulteta u Zagrebu. Predavanje \u0107e predo\u010diti nova saznanja dobivena kroz arhivsko-dokumentarna istra\u017eivanja\u2026","rel":"","context":"U &quot;Novosti&quot;","block_context":{"text":"Novosti","link":"https:\/\/historiografija.hr\/?cat=3"},"img":{"alt_text":"","src":"https:\/\/i0.wp.com\/historiografija.hr\/wp-content\/uploads\/2026\/04\/Dzino.jpg?fit=980%2C819&ssl=1&resize=350%2C200","width":350,"height":200,"srcset":"https:\/\/i0.wp.com\/historiografija.hr\/wp-content\/uploads\/2026\/04\/Dzino.jpg?fit=980%2C819&ssl=1&resize=350%2C200 1x, https:\/\/i0.wp.com\/historiografija.hr\/wp-content\/uploads\/2026\/04\/Dzino.jpg?fit=980%2C819&ssl=1&resize=525%2C300 1.5x, https:\/\/i0.wp.com\/historiografija.hr\/wp-content\/uploads\/2026\/04\/Dzino.jpg?fit=980%2C819&ssl=1&resize=700%2C400 2x"},"classes":[]}],"_links":{"self":[{"href":"https:\/\/historiografija.hr\/index.php?rest_route=\/wp\/v2\/posts\/14312","targetHints":{"allow":["GET"]}}],"collection":[{"href":"https:\/\/historiografija.hr\/index.php?rest_route=\/wp\/v2\/posts"}],"about":[{"href":"https:\/\/historiografija.hr\/index.php?rest_route=\/wp\/v2\/types\/post"}],"author":[{"embeddable":true,"href":"https:\/\/historiografija.hr\/index.php?rest_route=\/wp\/v2\/users\/2"}],"replies":[{"embeddable":true,"href":"https:\/\/historiografija.hr\/index.php?rest_route=%2Fwp%2Fv2%2Fcomments&post=14312"}],"version-history":[{"count":1,"href":"https:\/\/historiografija.hr\/index.php?rest_route=\/wp\/v2\/posts\/14312\/revisions"}],"predecessor-version":[{"id":14314,"href":"https:\/\/historiografija.hr\/index.php?rest_route=\/wp\/v2\/posts\/14312\/revisions\/14314"}],"wp:featuredmedia":[{"embeddable":true,"href":"https:\/\/historiografija.hr\/index.php?rest_route=\/wp\/v2\/media\/14313"}],"wp:attachment":[{"href":"https:\/\/historiografija.hr\/index.php?rest_route=%2Fwp%2Fv2%2Fmedia&parent=14312"}],"wp:term":[{"taxonomy":"category","embeddable":true,"href":"https:\/\/historiografija.hr\/index.php?rest_route=%2Fwp%2Fv2%2Fcategories&post=14312"},{"taxonomy":"post_tag","embeddable":true,"href":"https:\/\/historiografija.hr\/index.php?rest_route=%2Fwp%2Fv2%2Ftags&post=14312"}],"curies":[{"name":"wp","href":"https:\/\/api.w.org\/{rel}","templated":true}]}}