{"id":14276,"date":"2019-04-03T14:29:06","date_gmt":"2019-04-03T14:29:06","guid":{"rendered":"http:\/\/historiografija.hr\/?p=14276"},"modified":"2019-04-03T14:29:06","modified_gmt":"2019-04-03T14:29:06","slug":"retrospektiva-s-devet-filmova-milene-dravic-u-kinu-tuskanac","status":"publish","type":"post","link":"https:\/\/historiografija.hr\/?p=14276","title":{"rendered":"Retrospektiva s devet filmova Milene Dravi\u0107 u kinu &#8216;Tu\u0161kanac&#8217;"},"content":{"rendered":"<p>Retrospektiva &#8216;Portreti: Prva dama jugoslavenskog filma Milena Dravi\u0107&#8217; otvara se u srijedu, 3. travnja u zagreba\u010dkom kinu &#8216;Tu\u0161kanac&#8217; ratnom dramom &#8216;Zasjeda&#8217; \u017divojina Pavlovi\u0107a, jednim od klju\u010dnih ostvarenja jugoslavenskog crnog vala koje je progla\u0161eno najve\u0107im antikomunisti\u010dkim filmom.<\/p>\n<p>&nbsp;<\/p>\n<p>Film, u kojem je Milena Dravi\u0107 uz Ivicu Vidovi\u0107a odigrala glavnu \u017eensku ulogu, govori o mladi\u0107u iz Dalmacije, koji se zbog uvjerenja da koristi vi\u0161im ciljevima uklju\u010duje u redove Ozne, da bi potom razo\u010daran napustio slu\u017ebu. &#8220;Posrijedi je vrlo hrabro i subverzivno ostvarenje te jedno od klju\u010dnih ostvarenja jugoslavenskog crnog vala&#8221;, isti\u010de se u najavi retrospektive, koja \u0107e do nedjelje, 7. travnja prikazati ukupno devet filmova.<\/p>\n<p>&nbsp;<\/p>\n<p>Na \u017eivot i rad nedavno preminule glumice koja je ostavila veliki trag, ne samo u srpskom i jugoslavenskom, nego i u hrvatskom filmu, podsjetit \u0107e i dvojezi\u010dna monografija &#8220;Milena Dravi\u0107 ili klju\u010d snova&#8221;, koja se nakon pro\u0161logodi\u0161njeg Pulskog filmskog festivala predstavlja i u &#8220;Tu\u0161kancu&#8221;.<\/p>\n<p>&nbsp;<\/p>\n<p>Nakon projekcije Zasjede, u nastavku ve\u010deri prikazat \u0107e se film Djevojka (Mladomir &#8216;Puri\u0161a&#8217; \u0110or\u0111evi\u0107, 1965), prvi dio redateljeve trilogije, kasnije tetralogije, o \u010detvero ljudi razli\u010ditih dobi i etni\u010dkog podrijetla koji se prisje\u0107aju detalja sudjelovanja u Drugom svjetskom ratu.<\/p>\n<p>&nbsp;<\/p>\n<p>U \u010detvrtak je na rasporedu Jutro istog redatelja, nastalo dvije godine kasnije, ratna drama na filmskom festivalu u Puli ovjen\u010dana Zlatnim Arenama za najbolju re\u017eiju i scenarij te Srebrnim Arenom za najbolji film, te Volpi Cupom u Veneciji, a tu je i komorna drama Rondo (Zvonimir Berkovi\u0107, 1966), klasik hrvatske kinematografije.<\/p>\n<p>&nbsp;<\/p>\n<p>Za petak su ostavljena dva filma kojima \u0107e se odati po\u010dast nedavno preminulom redatelju Du\u0161anu Makavejevu, a u\u00a0 kojima glumi Milena Dravi\u0107 \u2013 \u010covek nije tica (1965), autorov debitantski dugometra\u017eni film koji je ozna\u010dio po\u010detak crnog vala, te W. R. Misterije organizma (1971), redateljevo me\u0111unarodno najpoznatije djelo nagra\u0111eno u Berlinu i tijekom petnaestak godina zabranjeno za prikazivanje u zemlji.<\/p>\n<p>&nbsp;<\/p>\n<p>Subota donosi humornu dramu Poseban tretman (Goran Paskaljevi\u0107, 1980), koju je tada\u0161nja jugoslavenska kritika proglasila filmom godine i za koji je Milena Dravi\u0107 nagra\u0111ena za sporednu \u017eensku ulogu u Cannesu, te atmosferi\u010dnu krimi-dramu Deps (Antun Vrdoljak, 1974), za ulogu u kojoj je Milena Dravi\u0107 nagra\u0111ena Srebrnom Arenom u Puli.<\/p>\n<p>&nbsp;<\/p>\n<p>Retrospektivu \u0107e u nedjelju zatvoriti projekcija &#8220;\u0161armantne, razigrane i lako gledljive&#8221; komedije Nije lako s mu\u0161karcima (Mihailo Vukobratovi\u0107, 1985), u kojem je Milena Dravi\u0107 ostvarila za ono doba ulogu netipi\u010dne protagonistice, samostalne, razvedene i zaposlene \u017eene koja je samohrana majka i koja se uz brigu o obitelji i karijeri trudi uga\u0111ati sebi, svojim potrebama i \u017eeljama.<\/p>\n<p>&nbsp;<\/p>\n<p>Program je realiziran u suradnji sa Srpskim narodnim vije\u0107em, Vije\u0107em srpske nacionalne manjine grada Zagreba, Jugoslavenskom kinotekom i Ambasadom Republike Srbije u Zagrebu.<\/p>\n<p>&nbsp;<\/p>\n<p><strong>Hina<\/strong><\/p>\n<p>&nbsp;<\/p>\n<p>Program i dodatne informacije:<\/p>\n<p>&nbsp;<\/p>\n<p><a href=\"http:\/\/kinotuskanac.hr\/cycle\/portreti-prva-dama-jugoslavenskog-filma-milena-dravic\">http:\/\/kinotuskanac.hr\/cycle\/portreti-prva-dama-jugoslavenskog-filma-milena-dravic<\/a><\/p>\n<p>&nbsp;<\/p>\n<p>&nbsp;<\/p>\n","protected":false},"excerpt":{"rendered":"","protected":false},"author":2,"featured_media":14277,"comment_status":"open","ping_status":"open","sticky":false,"template":"","format":"standard","meta":{"_acf_changed":false,"jetpack_post_was_ever_published":false,"_jetpack_newsletter_access":"","_jetpack_dont_email_post_to_subs":false,"_jetpack_newsletter_tier_id":0,"_jetpack_memberships_contains_paywalled_content":false,"_jetpack_memberships_contains_paid_content":false,"footnotes":"","jetpack_publicize_message":"","jetpack_publicize_feature_enabled":true,"jetpack_social_post_already_shared":true,"jetpack_social_options":{"image_generator_settings":{"template":"highway","default_image_id":0,"font":"","enabled":false},"version":2}},"categories":[13,3],"tags":[],"class_list":["post-14276","post","type-post","status-publish","format-standard","has-post-thumbnail","hentry","category-filmovi-i-serije","category-novosti"],"acf":{"facebook_opis":""},"jetpack_publicize_connections":[],"jetpack_featured_media_url":"https:\/\/i0.wp.com\/historiografija.hr\/wp-content\/uploads\/2019\/04\/Zaseda.jpg?fit=636%2C385&ssl=1","jetpack_sharing_enabled":true,"jetpack-related-posts":[{"id":52539,"url":"https:\/\/historiografija.hr\/?p=52539","url_meta":{"origin":14276,"position":0},"title":"Drugi po redu studentski simpozij &#8220;In fonte veritas&#8221;","author":"Branimir Jankovi\u0107","date":"20. travnja 2026.","format":false,"excerpt":"U srijedu, 22. travnja 2026. godine, u dvorani C 0.4 na Hrvatskom katoli\u010dkom sveu\u010dili\u0161tu odr\u017eat \u0107e se drugi studentski simpozij \u201eIn fonte veritas\". Ovogodi\u0161nja sredi\u0161nja tema simpozija je Papinstvo. Kroz istra\u017eiva\u010dko suo\u010davanje s povijesnim izvorima deset \u0107e studenata predstaviti rezultate svojih istra\u017eivanja o instituciji koja je stolje\u0107ima oblikovala europsku i\u2026","rel":"","context":"U &quot;Novosti&quot;","block_context":{"text":"Novosti","link":"https:\/\/historiografija.hr\/?cat=3"},"img":{"alt_text":"","src":"https:\/\/i0.wp.com\/historiografija.hr\/wp-content\/uploads\/2026\/04\/Papinstvo.png?fit=1024%2C500&ssl=1&resize=350%2C200","width":350,"height":200,"srcset":"https:\/\/i0.wp.com\/historiografija.hr\/wp-content\/uploads\/2026\/04\/Papinstvo.png?fit=1024%2C500&ssl=1&resize=350%2C200 1x, https:\/\/i0.wp.com\/historiografija.hr\/wp-content\/uploads\/2026\/04\/Papinstvo.png?fit=1024%2C500&ssl=1&resize=525%2C300 1.5x, https:\/\/i0.wp.com\/historiografija.hr\/wp-content\/uploads\/2026\/04\/Papinstvo.png?fit=1024%2C500&ssl=1&resize=700%2C400 2x"},"classes":[]},{"id":52508,"url":"https:\/\/historiografija.hr\/?p=52508","url_meta":{"origin":14276,"position":1},"title":"Glazbena radionica \u201eDUGMETARA REVISITED\u201c","author":"Branimir Jankovi\u0107","date":"17. travnja 2026.","format":false,"excerpt":"DUGMETARA REVISITED glazbena radionica vodi: Ana Horvat 13., 20. i 27. travnja, od 18 do 20 sati Radiona, Nova cesta 186 Na tri radioni\u010dka susreta uranjamo u naslje\u0111e Dugmetare, biv\u0161e tvornice dugmadi na Savskoj cesti koja je po\u010detkom 2000-ih igrom slu\u010daja postala \u017eivo, jedinstveno mjesto glazbene proizvodnje. Svoje su probe\u2026","rel":"","context":"U &quot;Novosti&quot;","block_context":{"text":"Novosti","link":"https:\/\/historiografija.hr\/?cat=3"},"img":{"alt_text":"","src":"https:\/\/i0.wp.com\/historiografija.hr\/wp-content\/uploads\/2026\/04\/TRESNJA_TRESTI.jpg?fit=380%2C475&ssl=1&resize=350%2C200","width":350,"height":200},"classes":[]},{"id":52496,"url":"https:\/\/historiografija.hr\/?p=52496","url_meta":{"origin":14276,"position":2},"title":"30 godina Podru\u017enice \u2013 Javno predavanje Matea \u010calu\u0161i\u0107a \u201eSlavonski Brod u Domovinskom ratu\u201c","author":"Branimir Jankovi\u0107","date":"17. travnja 2026.","format":false,"excerpt":"U 2026. navr\u0161ava se trideset godina od osnutka Podru\u017enice za povijest Slavonije, Srijema i Baranje Hrvatskoga instituta za povijest. Obilje\u017eavanje ove zna\u010dajne obljetnice zapo\u010dinje ciklusom javnih povijesnih predavanja znanstvenika Instituta. Tre\u0107e po redu je predavanje Matea \u010calu\u0161i\u0107a \u2013 \u201eSLAVONSKI BROD U DOMOVINSKOM RATU\u201c. Predavanje \u0107e se odr\u017eati 21. travnja 2026.\u2026","rel":"","context":"U &quot;Novosti&quot;","block_context":{"text":"Novosti","link":"https:\/\/historiografija.hr\/?cat=3"},"img":{"alt_text":"","src":"https:\/\/i0.wp.com\/historiografija.hr\/wp-content\/uploads\/2026\/04\/Predavanje-Calusic.png?fit=860%2C1200&ssl=1&resize=350%2C200","width":350,"height":200,"srcset":"https:\/\/i0.wp.com\/historiografija.hr\/wp-content\/uploads\/2026\/04\/Predavanje-Calusic.png?fit=860%2C1200&ssl=1&resize=350%2C200 1x, https:\/\/i0.wp.com\/historiografija.hr\/wp-content\/uploads\/2026\/04\/Predavanje-Calusic.png?fit=860%2C1200&ssl=1&resize=525%2C300 1.5x, https:\/\/i0.wp.com\/historiografija.hr\/wp-content\/uploads\/2026\/04\/Predavanje-Calusic.png?fit=860%2C1200&ssl=1&resize=700%2C400 2x"},"classes":[]},{"id":52607,"url":"https:\/\/historiografija.hr\/?p=52607","url_meta":{"origin":14276,"position":3},"title":"No\u0107 knjige: Kako je prije 410 godina smr\u0107u Shakespearea i Cervantesa zavr\u0161ilo razdoblje renesanse u knji\u017eevnosti","author":"Branimir Jankovi\u0107","date":"22. travnja 2026.","format":false,"excerpt":"\u010cetvrtak, 23. travnja 2026. u 18:00 sati, Knji\u017eara Matice hrvatske, Ulica Matice hrvatske 2, Zagreb Uvodna rije\u010d: dr. sc.\u00a0Dubravka Brezak Stama\u0107, pro\u010delnica Odjela za knji\u017eevnost Matice hrvatske Prof. dr. sc. Ivan Lupi\u0107, redoviti profesor u Odsjeku za anglistiku i Odsjeku za kroatistiku Sveu\u010dili\u0161ta u RijeciShakespeare, kazali\u0161te, glazbaKada se susre\u0107emo sa\u2026","rel":"","context":"U &quot;Novosti&quot;","block_context":{"text":"Novosti","link":"https:\/\/historiografija.hr\/?cat=3"},"img":{"alt_text":"","src":"https:\/\/i0.wp.com\/historiografija.hr\/wp-content\/uploads\/2026\/04\/noc_knjige_2026.jpg?fit=680%2C276&ssl=1&resize=350%2C200","width":350,"height":200,"srcset":"https:\/\/i0.wp.com\/historiografija.hr\/wp-content\/uploads\/2026\/04\/noc_knjige_2026.jpg?fit=680%2C276&ssl=1&resize=350%2C200 1x, https:\/\/i0.wp.com\/historiografija.hr\/wp-content\/uploads\/2026\/04\/noc_knjige_2026.jpg?fit=680%2C276&ssl=1&resize=525%2C300 1.5x"},"classes":[]},{"id":52616,"url":"https:\/\/historiografija.hr\/?p=52616","url_meta":{"origin":14276,"position":4},"title":"No\u0107 knjige 2026.","author":"Branimir Jankovi\u0107","date":"22. travnja 2026.","format":false,"excerpt":"Slavljeni\u010dka 15. No\u0107 knjige odr\u017eat \u0107e se 23. travnja diljem Hrvatske u povodu Svjetskog dana knjige i autorskih prava te Dana hrvatske knjige. S vi\u0161e od 1.000 prijavljenih programa i akcija s pravom nosi epitet najmasovnije doma\u0107e kulturne manifestacije, a ove \u0107e godine prote\u0107i u znaku mira, razumijevanja, tolerancije, srodnosti\u2026","rel":"","context":"U &quot;Novosti&quot;","block_context":{"text":"Novosti","link":"https:\/\/historiografija.hr\/?cat=3"},"img":{"alt_text":"","src":"https:\/\/i0.wp.com\/historiografija.hr\/wp-content\/uploads\/2026\/04\/noc_knjige_2026.jpg?fit=680%2C276&ssl=1&resize=350%2C200","width":350,"height":200,"srcset":"https:\/\/i0.wp.com\/historiografija.hr\/wp-content\/uploads\/2026\/04\/noc_knjige_2026.jpg?fit=680%2C276&ssl=1&resize=350%2C200 1x, https:\/\/i0.wp.com\/historiografija.hr\/wp-content\/uploads\/2026\/04\/noc_knjige_2026.jpg?fit=680%2C276&ssl=1&resize=525%2C300 1.5x"},"classes":[]},{"id":52543,"url":"https:\/\/historiografija.hr\/?p=52543","url_meta":{"origin":14276,"position":5},"title":"Znanstveno-stru\u010dni skup \u201eOto\u010dne pu\u010dke pobo\u017enosti: kontinuiteti i transformacije\u201c","author":"Branimir Jankovi\u0107","date":"20. travnja 2026.","format":false,"excerpt":"Najavljujemo\u00a0znanstveno-stru\u010dni skup \u201eOto\u010dne pu\u010dke pobo\u017enosti: kontinuiteti i transformacije\u201c,\u00a0koji \u0107e se odr\u017eati\u00a0u Rabu od 24. do 26. travnja 2026.,\u00a0u organizaciji i uz potporu\u00a0Instituta za etnologiju i folkloristiku, Zagreb, \u00a0Grada Raba, Pu\u010dkog otvorenog u\u010dili\u0161ta Rab i Centra za istra\u017eivanje srednjovjekovne ba\u0161tine Jadrana RIMAH. Skup okuplja vode\u0107e doma\u0107e stru\u010dnjake koji \u0107e kroz niz\u2026","rel":"","context":"U &quot;Novosti&quot;","block_context":{"text":"Novosti","link":"https:\/\/historiografija.hr\/?cat=3"},"img":{"alt_text":"","src":"https:\/\/i0.wp.com\/historiografija.hr\/wp-content\/uploads\/2026\/04\/Skup_Rab.jpg?fit=848%2C1200&ssl=1&resize=350%2C200","width":350,"height":200,"srcset":"https:\/\/i0.wp.com\/historiografija.hr\/wp-content\/uploads\/2026\/04\/Skup_Rab.jpg?fit=848%2C1200&ssl=1&resize=350%2C200 1x, https:\/\/i0.wp.com\/historiografija.hr\/wp-content\/uploads\/2026\/04\/Skup_Rab.jpg?fit=848%2C1200&ssl=1&resize=525%2C300 1.5x, https:\/\/i0.wp.com\/historiografija.hr\/wp-content\/uploads\/2026\/04\/Skup_Rab.jpg?fit=848%2C1200&ssl=1&resize=700%2C400 2x"},"classes":[]}],"_links":{"self":[{"href":"https:\/\/historiografija.hr\/index.php?rest_route=\/wp\/v2\/posts\/14276","targetHints":{"allow":["GET"]}}],"collection":[{"href":"https:\/\/historiografija.hr\/index.php?rest_route=\/wp\/v2\/posts"}],"about":[{"href":"https:\/\/historiografija.hr\/index.php?rest_route=\/wp\/v2\/types\/post"}],"author":[{"embeddable":true,"href":"https:\/\/historiografija.hr\/index.php?rest_route=\/wp\/v2\/users\/2"}],"replies":[{"embeddable":true,"href":"https:\/\/historiografija.hr\/index.php?rest_route=%2Fwp%2Fv2%2Fcomments&post=14276"}],"version-history":[{"count":1,"href":"https:\/\/historiografija.hr\/index.php?rest_route=\/wp\/v2\/posts\/14276\/revisions"}],"predecessor-version":[{"id":14278,"href":"https:\/\/historiografija.hr\/index.php?rest_route=\/wp\/v2\/posts\/14276\/revisions\/14278"}],"wp:featuredmedia":[{"embeddable":true,"href":"https:\/\/historiografija.hr\/index.php?rest_route=\/wp\/v2\/media\/14277"}],"wp:attachment":[{"href":"https:\/\/historiografija.hr\/index.php?rest_route=%2Fwp%2Fv2%2Fmedia&parent=14276"}],"wp:term":[{"taxonomy":"category","embeddable":true,"href":"https:\/\/historiografija.hr\/index.php?rest_route=%2Fwp%2Fv2%2Fcategories&post=14276"},{"taxonomy":"post_tag","embeddable":true,"href":"https:\/\/historiografija.hr\/index.php?rest_route=%2Fwp%2Fv2%2Ftags&post=14276"}],"curies":[{"name":"wp","href":"https:\/\/api.w.org\/{rel}","templated":true}]}}