{"id":14248,"date":"2019-03-29T10:59:22","date_gmt":"2019-03-29T10:59:22","guid":{"rendered":"http:\/\/historiografija.hr\/?p=14248"},"modified":"2019-03-29T10:59:22","modified_gmt":"2019-03-29T10:59:22","slug":"international-conference-visions-of-society-new-universities-and-the-20th-century","status":"publish","type":"post","link":"https:\/\/historiografija.hr\/?p=14248","title":{"rendered":"International conference \u201cVisions of Society: New Universities and the 20th Century\u201d"},"content":{"rendered":"<p>Na Sveu\u010dili\u0161tu u K\u00f6lnu odr\u017eava se od 28. do 30. o\u017eujka 2019.\u00a0me\u0111unarodna konferencija o novoosnovanim sveu\u010dili\u0161tima u Europi tijekom 20. stolje\u0107a i njihovom odnosu prema politi\u010dkim, dru\u0161tvenim i ekonomskim promjenama.<\/p>\n<p>&nbsp;<\/p>\n<p>&#8212;<\/p>\n<p>&nbsp;<\/p>\n<p>On the occasion of the 100th anniversary of its re-foundation in 1919, the University of Cologne offers the opportunity to reflect on the politics, relevance and impacts of the establishment of new universities in Europe during the 20th century. The international conference aims to compare conditions and intentions, forms and effects of new universities within changing political environments. While the European university model heavily relies on a tradition dating back to its medieval origins, it also proved to be flexible, innovative and open to the future.<\/p>\n<p>&nbsp;<\/p>\n<p>Thus, the question of the relationship between the establishment of new universities and contemporary social change is the main focus of interest: How were new institutions of higher education embedded in the specific social, political and economic environment of their time? And in particular: which ideas of the present and future of society fueled these founding projects?<\/p>\n<p>&nbsp;<\/p>\n<p>The conference will provide an opportunity for intensive discussion in a workshop-style atmosphere. The conference language is English.<\/p>\n<p>&nbsp;<\/p>\n<p><strong>Programm<\/strong><\/p>\n<p>&nbsp;<\/p>\n<p>THURSDAY, MARCH 28, 2019<\/p>\n<p>&nbsp;<\/p>\n<p>14.00\u201314.15 h<\/p>\n<p>Ralph Jessen (Cologne)<\/p>\n<p>Welcome &amp; Introduction<\/p>\n<p>&nbsp;<\/p>\n<p>14.15\u201316.15 h<\/p>\n<p>Panel 1: Ideas of Urban Modernity: Big Cities and New Universities in the Early 20th Century<\/p>\n<p>Chair: Hans Peter ULLMANN (Cologne)<\/p>\n<p>&nbsp;<\/p>\n<p>Kerstin THIELER (Cologne)<\/p>\n<p>Old Traditions, New Concepts: Founding Narratives of the New Cologne University Around 1919<\/p>\n<p>&nbsp;<\/p>\n<p>Barbara WOLBRING (Frankfurt\/Main)<\/p>\n<p>Visions of Economic Prosperity and Urban Modernity: The Bourgeois Founding of a University in Frankfurt 1914<\/p>\n<p>&nbsp;<\/p>\n<p>Katrin STEFFEN (Luneburg\/Berlin)<\/p>\n<p>Crisis and Euphoria: The Establishments of Warsaw Universities during the First World War<\/p>\n<p>&nbsp;<\/p>\n<p>Commentator: Ute SCHNEIDER (Duisburg-Essen)<\/p>\n<p>&nbsp;<\/p>\n<p>16.15\u201317.00<\/p>\n<p>Coffee Break &amp; Change of Venue<\/p>\n<p>&nbsp;<\/p>\n<p>17.00\u201318.30<\/p>\n<p>Public Keynote Lecture<\/p>\n<p>&nbsp;<\/p>\n<p>Axel FREIMUTH (Rector of the University of Cologne)<\/p>\n<p>Welcome Address<\/p>\n<p>&nbsp;<\/p>\n<p>Stefan COLLINI (Cambridge)<\/p>\n<p>The Long Run: Contemporary Universities in Historical Perspective<\/p>\n<p>&nbsp;<\/p>\n<p>FRIDAY, MARCH 29, 2019<\/p>\n<p>&nbsp;<\/p>\n<p>9.00\u201311.00<\/p>\n<p>Panel 2: Nation Building: State Formation and the University in Interwar Europe<\/p>\n<p>Chair: Georg WAMHOF (Cologne)<\/p>\n<p>&nbsp;<\/p>\n<p>Vesa VARES (Turku)<\/p>\n<p>Cosmopolitan Nationalism and Conservative Reformism in the Re-foundation of the University of Turku, 1917\u20131920<\/p>\n<p>&nbsp;<\/p>\n<p>Ning de CONINCK-SMITH (Aarhus)<\/p>\n<p>Aarhus University between Modernity and Tradition. A Correspondence between Major Actors, 1919\u20131933<\/p>\n<p>&nbsp;<\/p>\n<p>Antonie DOLE\u017dALOV\u00c1 (Prague)<\/p>\n<p>Pillars of the New Society: Universities in Inter-War Czechoslovakia between Education, Nation, and Money<\/p>\n<p>&nbsp;<\/p>\n<p>Commentator: Habbo KNOCH (Cologne)<\/p>\n<p>&nbsp;<\/p>\n<p>11.00\u201311.20 Coffee Break<\/p>\n<p>&nbsp;<\/p>\n<p>11.20\u201312.20<\/p>\n<p>Michael GR\u00dcTTNER (Berlin)<\/p>\n<p>New Foundations under National Socialism: The Reichsuniversit\u00e4ten Stra\u00dfburg and Posen<\/p>\n<p>&nbsp;<\/p>\n<p>Chair: Habbo KNOCH (Cologne)<\/p>\n<p>&nbsp;<\/p>\n<p>12.20\u201313.00 Lunch Break<\/p>\n<p>&nbsp;<\/p>\n<p>13.00\u201315.00<\/p>\n<p>Panel 3: Modernizing Postwar Societies: Strategies in Higher Education in an Era of Expansion<\/p>\n<p>Chair: Ralph JESSEN (Cologne)<\/p>\n<p>&nbsp;<\/p>\n<p>Wilfried RUDLOFF (Kassel)<\/p>\n<p>&#8220;Temples of science&#8221;, &#8220;castles in the air&#8221; and &#8220;hotbeds of red cadres&#8221;. A Diversified Landscape of Higher Education in West Germany? (1960s and 1970s)<\/p>\n<p>&nbsp;<\/p>\n<p>Mauro MORETTI (Siena)<\/p>\n<p>&#8220;Adding to the nation&#8217;s stock of universities&#8221;. Main Trends and Issues Concerning the Establishment of New Universities in Italy 1945\u20131990<\/p>\n<p>&nbsp;<\/p>\n<p>William WHYTE (Oxford)<\/p>\n<p>From Redbrick to Plateglass. Founding New Universities in the United Kingdom, 1950s\u20131960s<\/p>\n<p>&nbsp;<\/p>\n<p>Commentator: Christof DIPPER (Darmstadt)<\/p>\n<p>&nbsp;<\/p>\n<p>15.00\u201315.30 Coffee Break<\/p>\n<p>&nbsp;<\/p>\n<p>15.30\u201317.30<\/p>\n<p>Panel 4: Concepts of Reform: University Foundations in the 1960s and 1970s<\/p>\n<p>Chair: Steffi DE JONG (Cologne)<\/p>\n<p>&nbsp;<\/p>\n<p>Fabian LINK (Frankfurt\/Main)<\/p>\n<p>Helmut Schelsky&#8217;s Reform University in East Westphalia: Bielefeld University as an Amalgamation of Nazi Concepts, the Humboldt Idea, and the &#8220;Cold War University&#8221;<\/p>\n<p>&nbsp;<\/p>\n<p>Annemieke KLIJN (Maastricht)<\/p>\n<p>&#8220;The Maastricht Experiment&#8221;. On the Legitimation of a &#8220;New Style&#8221; University in the South of the Netherlands in 1976<\/p>\n<p>&nbsp;<\/p>\n<p>Anne CORBETT (LSE London)<\/p>\n<p>The Creation of the European University Institute in Florence, 1972: A Lesson about Historical Memory, a Lesson about Europe and Higher Education<\/p>\n<p>&nbsp;<\/p>\n<p>Commentator: Volker BARTH (Cologne)<\/p>\n<p>&nbsp;<\/p>\n<p>17.30\u201318.00 Break &amp; Change of Venue<\/p>\n<p>&nbsp;<\/p>\n<p>18.30\u201320.00<\/p>\n<p>Public Panel Discussion<\/p>\n<p>&nbsp;<\/p>\n<p>Neue Universit\u00e4ten \u2013 Neue Gesellschaft? Gr\u00fcndungsgeschichten im R\u00fcckblick<\/p>\n<p>Venue: Am\u00e9lie Thyssen Auditorium, Fritz Thyssen Foundation, Apostelnkloster 13-15, Cologne<\/p>\n<p>&nbsp;<\/p>\n<p>Introduction: Hans Peter ULLMANN (Cologne)<\/p>\n<p>&nbsp;<\/p>\n<p>Ayl\u00e2 NEUSEL (concerning Kassel, 1973)<\/p>\n<p>Wolfgang SCHIEDER (concerning Trier, 1971)<\/p>\n<p>Wolfgang SCHLUCHTER (concerning Erfurt, 1994)<\/p>\n<p>&nbsp;<\/p>\n<p>Moderation: Manuela G\u00dcNTER (Cologne)<\/p>\n<p>&nbsp;<\/p>\n<p>(The panel discussion, held in German, will be simultaneously translated into English for the non-German-speaking participants of the conference.)<\/p>\n<p>&nbsp;<\/p>\n<p>SATURDAY, MARCH 30, 2019<\/p>\n<p>&nbsp;<\/p>\n<p>9.30\u201311.30<\/p>\n<p>Panel 5: Open Society \u2013 Open University? Alternative Models in Higher Education<\/p>\n<p>Chair: Jost D\u00dcLFFER (Cologne)<\/p>\n<p>&nbsp;<\/p>\n<p>Daniel WEINBREN (Open University)<\/p>\n<p>&#8220;Disembodied and airborne&#8221;: Reflections on the First 50 Years of the Open University (UK)<\/p>\n<p>&nbsp;<\/p>\n<p>Timocin CELEBI (Duisburg-Essen)<\/p>\n<p>A Decentralized Institution of Further Education and North Rhine-Westphalia&#8217;s Comprehensive Plan for Higher Education: The Fernuniversit\u00e4t-Gesamthochschule Hagen<\/p>\n<p>&nbsp;<\/p>\n<p>Susanne SCHREGEL (Cologne)<\/p>\n<p>Where Freedom, Women and Monsters Meet. Some Remarks on Invented Universities<\/p>\n<p>&nbsp;<\/p>\n<p>Commentator: Christa-Irene KLEIN (Freiburg)<\/p>\n<p>&nbsp;<\/p>\n<p>11.30\u201312.15 Lunch break<\/p>\n<p>&nbsp;<\/p>\n<p>12.15\u201314.15<\/p>\n<p>Panel 6: Competition \u2013 Privatization \u2013 Internationalization: Developments in the Late 20th Century<\/p>\n<p>Chair: Stefan GROH\u00c9 (Cologne)<\/p>\n<p>&nbsp;<\/p>\n<p>Jeroen HUISMAN (Ghent)<\/p>\n<p>Does the Higher Education Institutional Landscape in Europe Really Change?<\/p>\n<p>&nbsp;<\/p>\n<p>Julian LAMBERTY (Odense)<\/p>\n<p>An Offspring of the Competition State? The Creation of the University of Southern Denmark in the Context of Late 20th Century University Politics in Denmark<\/p>\n<p>&nbsp;<\/p>\n<p>Bal\u00e1zs TRENCS\u00c9NYI (CEU Budapest)<\/p>\n<p>The Dilemmas of the Model of a Private Non-Profit &#8220;Mission-driven&#8221; University: Post-Transition Developments in the &#8220;Other Europe&#8221; and the Story of Central European University<\/p>\n<p>&nbsp;<\/p>\n<p>Commentator: Ralph JESSEN (Cologne)<\/p>\n<p>&nbsp;<\/p>\n<p>14.15<\/p>\n<p>Concluding Discussion<\/p>\n<p>&nbsp;<\/p>\n<p><a href=\"https:\/\/www.hsozkult.de\/event\/id\/termine-39558\">https:\/\/www.hsozkult.de\/event\/id\/termine-39558<\/a><\/p>\n<p>&nbsp;<\/p>\n","protected":false},"excerpt":{"rendered":"","protected":false},"author":2,"featured_media":14249,"comment_status":"open","ping_status":"open","sticky":false,"template":"","format":"standard","meta":{"_acf_changed":false,"jetpack_post_was_ever_published":false,"_jetpack_newsletter_access":"","_jetpack_dont_email_post_to_subs":false,"_jetpack_newsletter_tier_id":0,"_jetpack_memberships_contains_paywalled_content":false,"_jetpack_memberships_contains_paid_content":false,"footnotes":"","jetpack_publicize_message":"","jetpack_publicize_feature_enabled":true,"jetpack_social_post_already_shared":true,"jetpack_social_options":{"image_generator_settings":{"template":"highway","default_image_id":0,"font":"","enabled":false},"version":2}},"categories":[3,9],"tags":[],"class_list":["post-14248","post","type-post","status-publish","format-standard","has-post-thumbnail","hentry","category-novosti","category-skupovi"],"acf":{"facebook_opis":""},"jetpack_publicize_connections":[],"jetpack_featured_media_url":"https:\/\/i0.wp.com\/historiografija.hr\/wp-content\/uploads\/2019\/03\/Plakat_Tagung.jpg?fit=320%2C454&ssl=1","jetpack_sharing_enabled":true,"jetpack-related-posts":[{"id":52664,"url":"https:\/\/historiografija.hr\/?p=52664","url_meta":{"origin":14248,"position":0},"title":"CfP: CONFERENCE OF THE HISTORY OF CONCEPTS GROUP, HELSINKI, 19TH\u201321ST AUGUST 2026 (DEADLINE: 30TH APRIL 2026)","author":"Branimir Jankovi\u0107","date":"24. travnja 2026.","format":false,"excerpt":"The annual conference of the History of Concepts Group is held at the University of Helsinki, 19-21 August 2026. Conference of the History of Concepts Group Conceptual history studies the use of concepts and tries to understand how historical actors have linguistically articulated views of the world. Studying concepts from\u2026","rel":"","context":"U &quot;Novosti&quot;","block_context":{"text":"Novosti","link":"https:\/\/historiografija.hr\/?cat=3"},"img":{"alt_text":"","src":"https:\/\/i0.wp.com\/historiografija.hr\/wp-content\/uploads\/2017\/10\/hsozkult.png?fit=1006%2C241&ssl=1&resize=350%2C200","width":350,"height":200,"srcset":"https:\/\/i0.wp.com\/historiografija.hr\/wp-content\/uploads\/2017\/10\/hsozkult.png?fit=1006%2C241&ssl=1&resize=350%2C200 1x, https:\/\/i0.wp.com\/historiografija.hr\/wp-content\/uploads\/2017\/10\/hsozkult.png?fit=1006%2C241&ssl=1&resize=525%2C300 1.5x, https:\/\/i0.wp.com\/historiografija.hr\/wp-content\/uploads\/2017\/10\/hsozkult.png?fit=1006%2C241&ssl=1&resize=700%2C400 2x"},"classes":[]},{"id":52622,"url":"https:\/\/historiografija.hr\/?p=52622","url_meta":{"origin":14248,"position":1},"title":"Annual CAPONEU conference: Political Novel in Europe Between Democracy and Authoritarianism","author":"Branimir Jankovi\u0107","date":"23. travnja 2026.","format":false,"excerpt":"Caponeu event 22.04.2026 - 24.04.2026 Location: The Faculty of Polish and Classical Philology AMU (Fredry 10, Pozna\u0144)Organized by: Tomasz Mizerkiewicz, Krystyna Pieni\u0105\u017cek-Markovi\u0107, Anna Gawarecka, Ewa Szperlik, Magda Potok, B\u0142a\u017cej Warkocki, Gerard Ronge (all Adam Mickiewicz University in Pozna\u0144)Contact: gerron@amu.edu.pl The Adam Mickiewicz University team, as part of the international CAPONEU\u2026","rel":"","context":"U &quot;Novosti&quot;","block_context":{"text":"Novosti","link":"https:\/\/historiografija.hr\/?cat=3"},"img":{"alt_text":"","src":"https:\/\/i0.wp.com\/historiografija.hr\/wp-content\/uploads\/2026\/04\/Caponeu-political-novel.jpg?fit=500%2C261&ssl=1&resize=350%2C200","width":350,"height":200},"classes":[]},{"id":52641,"url":"https:\/\/historiografija.hr\/?p=52641","url_meta":{"origin":14248,"position":2},"title":"CfP: WHO OWNS THE PAST? VERNACULAR MEMORY, STATE MEMORY, AND THE POLITICS OF OWNERSHIP","author":"Branimir Jankovi\u0107","date":"24. travnja 2026.","format":false,"excerpt":"VIENNA, 31ST AUGUST\u20133RD SEPTEMBER 2026 (DEADLINE: 24TH APRIL 2026) The Center for Austrian Studies at the European Forum at the Hebrew University and the Austrian Academy of Sciences\/Institute of Culture Studies invite early postdocs, PhD candidates, and advanced Master\u2019s students from the Hebrew University of Jerusalem and universities and academic\u2026","rel":"","context":"U &quot;Novosti&quot;","block_context":{"text":"Novosti","link":"https:\/\/historiografija.hr\/?cat=3"},"img":{"alt_text":"","src":"https:\/\/i0.wp.com\/historiografija.hr\/wp-content\/uploads\/2017\/10\/hsozkult.png?fit=1006%2C241&ssl=1&resize=350%2C200","width":350,"height":200,"srcset":"https:\/\/i0.wp.com\/historiografija.hr\/wp-content\/uploads\/2017\/10\/hsozkult.png?fit=1006%2C241&ssl=1&resize=350%2C200 1x, https:\/\/i0.wp.com\/historiografija.hr\/wp-content\/uploads\/2017\/10\/hsozkult.png?fit=1006%2C241&ssl=1&resize=525%2C300 1.5x, https:\/\/i0.wp.com\/historiografija.hr\/wp-content\/uploads\/2017\/10\/hsozkult.png?fit=1006%2C241&ssl=1&resize=700%2C400 2x"},"classes":[]},{"id":52580,"url":"https:\/\/historiografija.hr\/?p=52580","url_meta":{"origin":14248,"position":3},"title":"Conference &#8220;Living in the aftermaths: Trauma, politics and survival in Yugoslavia and successor states, 1945 \u2013 present&#8221;","author":"Branimir Jankovi\u0107","date":"21. travnja 2026.","format":false,"excerpt":"The conference aims to explore how war-related psychological distress was experienced, narrated, debated and reframed in Yugoslavia in the second half of the twentieth century. It asks how the theme of wounded psyche and wartime suffering was addressed and acknowledged in political, psychiatric and broader cultural discourses of socialist Yugoslavia,\u2026","rel":"","context":"U &quot;Novosti&quot;","block_context":{"text":"Novosti","link":"https:\/\/historiografija.hr\/?cat=3"},"img":{"alt_text":"","src":"https:\/\/i0.wp.com\/historiografija.hr\/wp-content\/uploads\/2026\/04\/Battle_of_Neretva_Picasso_poster-Conference-Living-in-the-aftermaths.webp?fit=564%2C954&ssl=1&resize=350%2C200","width":350,"height":200,"srcset":"https:\/\/i0.wp.com\/historiografija.hr\/wp-content\/uploads\/2026\/04\/Battle_of_Neretva_Picasso_poster-Conference-Living-in-the-aftermaths.webp?fit=564%2C954&ssl=1&resize=350%2C200 1x, https:\/\/i0.wp.com\/historiografija.hr\/wp-content\/uploads\/2026\/04\/Battle_of_Neretva_Picasso_poster-Conference-Living-in-the-aftermaths.webp?fit=564%2C954&ssl=1&resize=525%2C300 1.5x"},"classes":[]},{"id":52586,"url":"https:\/\/historiografija.hr\/?p=52586","url_meta":{"origin":14248,"position":4},"title":"Aur\u00e9lie Daher, \u201eHezbollah: Mobilisation and Power\u201c","author":"Branimir Jankovi\u0107","date":"22. travnja 2026.","format":false,"excerpt":"Morning Star \u2018Book of the Year\u2019 Social movement, liberation party or terrorist group? With Hezbollah\u2019s growing involvement in the war in Syria, this study of its impact on Lebanon, drawing heavily on first-hand interviews, could not be more timely. Description Almost forty years after its foundation, Hezbollah remains an enigma.\u2026","rel":"","context":"U &quot;Knjige&quot;","block_context":{"text":"Knjige","link":"https:\/\/historiografija.hr\/?cat=8"},"img":{"alt_text":"","src":"https:\/\/i0.wp.com\/historiografija.hr\/wp-content\/uploads\/2026\/04\/Daher-Hezbollah.jpg?fit=600%2C931&ssl=1&resize=350%2C200","width":350,"height":200,"srcset":"https:\/\/i0.wp.com\/historiografija.hr\/wp-content\/uploads\/2026\/04\/Daher-Hezbollah.jpg?fit=600%2C931&ssl=1&resize=350%2C200 1x, https:\/\/i0.wp.com\/historiografija.hr\/wp-content\/uploads\/2026\/04\/Daher-Hezbollah.jpg?fit=600%2C931&ssl=1&resize=525%2C300 1.5x"},"classes":[]},{"id":52516,"url":"https:\/\/historiografija.hr\/?p=52516","url_meta":{"origin":14248,"position":5},"title":"Marko Grde\u0161i\u0107, Mislav \u017ditko, \u201eSocialist Economics in Yugoslavia: A Critical History\u201c","author":"Branimir Jankovi\u0107","date":"17. travnja 2026.","format":false,"excerpt":"This book presents a critical history of Yugoslav socialist economics, from its inception in the late 1940s to its dissolution in the late 1980s. After the dramatic break with the Soviet Union in 1948, Yugoslavia found itself in urgent need of a third way: A socialist trajectory which would not\u2026","rel":"","context":"U &quot;Knjige&quot;","block_context":{"text":"Knjige","link":"https:\/\/historiografija.hr\/?cat=8"},"img":{"alt_text":"","src":"https:\/\/i0.wp.com\/historiografija.hr\/wp-content\/uploads\/2026\/04\/Zitko_Grdesic.jpg?fit=350%2C535&ssl=1&resize=350%2C200","width":350,"height":200},"classes":[]}],"_links":{"self":[{"href":"https:\/\/historiografija.hr\/index.php?rest_route=\/wp\/v2\/posts\/14248","targetHints":{"allow":["GET"]}}],"collection":[{"href":"https:\/\/historiografija.hr\/index.php?rest_route=\/wp\/v2\/posts"}],"about":[{"href":"https:\/\/historiografija.hr\/index.php?rest_route=\/wp\/v2\/types\/post"}],"author":[{"embeddable":true,"href":"https:\/\/historiografija.hr\/index.php?rest_route=\/wp\/v2\/users\/2"}],"replies":[{"embeddable":true,"href":"https:\/\/historiografija.hr\/index.php?rest_route=%2Fwp%2Fv2%2Fcomments&post=14248"}],"version-history":[{"count":1,"href":"https:\/\/historiografija.hr\/index.php?rest_route=\/wp\/v2\/posts\/14248\/revisions"}],"predecessor-version":[{"id":14250,"href":"https:\/\/historiografija.hr\/index.php?rest_route=\/wp\/v2\/posts\/14248\/revisions\/14250"}],"wp:featuredmedia":[{"embeddable":true,"href":"https:\/\/historiografija.hr\/index.php?rest_route=\/wp\/v2\/media\/14249"}],"wp:attachment":[{"href":"https:\/\/historiografija.hr\/index.php?rest_route=%2Fwp%2Fv2%2Fmedia&parent=14248"}],"wp:term":[{"taxonomy":"category","embeddable":true,"href":"https:\/\/historiografija.hr\/index.php?rest_route=%2Fwp%2Fv2%2Fcategories&post=14248"},{"taxonomy":"post_tag","embeddable":true,"href":"https:\/\/historiografija.hr\/index.php?rest_route=%2Fwp%2Fv2%2Ftags&post=14248"}],"curies":[{"name":"wp","href":"https:\/\/api.w.org\/{rel}","templated":true}]}}