{"id":14245,"date":"2019-03-29T10:48:35","date_gmt":"2019-03-29T10:48:35","guid":{"rendered":"http:\/\/historiografija.hr\/?p=14245"},"modified":"2019-03-29T10:48:35","modified_gmt":"2019-03-29T10:48:35","slug":"zbornik-radova-sveucilisna-nastava-povijesti-u-hrvatskoj-tradicija-danasnje-stanje-perspektive","status":"publish","type":"post","link":"https:\/\/historiografija.hr\/?p=14245","title":{"rendered":"Zbornik radova \u201cSveu\u010dili\u0161na nastava povijesti u Hrvatskoj: Tradicija, dana\u0161nje stanje, perspektive\u201d"},"content":{"rendered":"<p>Objavljen je zbornik radova \u201cSveu\u010dili\u0161na nastava povijesti u Hrvatskoj: Tradicija, dana\u0161nje stanje, perspektive. Povodom 140. godi\u0161njice po\u010detka rada povijesnih katedri Sveu\u010dili\u0161ta u Zagrebu\u201d (uredili Damir Agi\u010di\u0107, Branimir Jankovi\u0107), Zagreb: Filozofski fakultet Sveu\u010dili\u0161ta u Zagrebu; Hrvatski nacionalni odbor za povijesne znanosti; Dru\u0161tvo za hrvatsku povjesnicu, 2018.<\/p>\n<p>&nbsp;<\/p>\n<p><strong>Sadr\u017eaj<\/strong><\/p>\n<p>&nbsp;<\/p>\n<p>Branimir Jankovi\u0107<\/p>\n<p>Predgovor. Povijest sveu\u010dili\u0161ta \u2013 novo podru\u010dje hrvatske historiografije<\/p>\n<p>&nbsp;<\/p>\n<p>Program rada<\/p>\n<p>Sa\u017eeci izlaganja<\/p>\n<p>&nbsp;<\/p>\n<p>Franko Miro\u0161evi\u0107<\/p>\n<p>Studirati povijest pedesetih godina pro\u0161log stolje\u0107a<\/p>\n<p>&nbsp;<\/p>\n<p>Branimir Jankovi\u0107<\/p>\n<p>Nastava povijesti historiografije i suvremene historiografije te teorije i metodologije povijesti: pitanje recepcije<\/p>\n<p>&nbsp;<\/p>\n<p>Damir Agi\u010di\u0107<\/p>\n<p>Odsjek za povijest Filozofskog fakulteta Sveu\u010dili\u0161ta u Zagrebu na razme\u0111u tisu\u0107lje\u0107a<\/p>\n<p>&nbsp;<\/p>\n<p>Milorad Pavi\u0107<\/p>\n<p>Nastava povijesti na Filozofskom fakultetu \/ Sveu\u010dili\u0161tu u Zadru, od po\u010detaka (1956.) do danas<\/p>\n<p>&nbsp;<\/p>\n<p>Klara Bur\u0161i\u0107-Matija\u0161i\u0107<\/p>\n<p>Dvadeset godina studija povijesti u Puli (1994-2014)<\/p>\n<p>&nbsp;<\/p>\n<p>Mladen Tomorad<\/p>\n<p>Odjel za povijest Hrvatskih studija (1997.-2015.)<\/p>\n<p>&nbsp;<\/p>\n<p>Marko Trogrli\u0107 i Josip Vrande\u010di\u0107<\/p>\n<p>Osnutak i djelovanje Odsjeka za povijest Filozofskog fakulteta u Splitu(2003.\/04.-2013.\/14.)<\/p>\n<p>&nbsp;<\/p>\n<p>Ines Saboti\u010d<\/p>\n<p>Hrvatsko katoli\u010dko sveu\u010dili\u0161te \u2013 studij povijesti<\/p>\n<p>&nbsp;<\/p>\n<p>Irena Ip\u0161i\u0107, Lovro Kun\u010devi\u0107 i Nenad Vekari\u0107<\/p>\n<p>Studiji povijesti u Dubrovniku u posljednjih pola stolje\u0107a<\/p>\n<p>&nbsp;<\/p>\n<p>Fani Celio Cega<\/p>\n<p>Nastava povijesti na Kolegiju sv. Lazara u Trogiru s obzirom na podrijetlo polaznika<\/p>\n<p>&nbsp;<\/p>\n<p>Tihana Lueti\u0107<\/p>\n<p>Studenti povijesti na Mudroslovnom fakultetu Kr. Sveu\u010dili\u0161ta Franje Josipa I. u Zagrebu od 1874. do 1914<\/p>\n<p>&nbsp;<\/p>\n<p>Tihana Petrovi\u0107 Le\u0161<\/p>\n<p>Od slu\u0161kinje filologije do prijateljice povijesti: Veze studija povijesti i studija etnologije od 1927. do danas<\/p>\n<p>&nbsp;<\/p>\n<p>Mladen Tomorad<\/p>\n<p>Sveu\u010dili\u0161na nastava povijesti starog Egipta u Hrvatskoj (1874.-2015.): povijest i mogu\u0107nosti razvoja<\/p>\n<p>&nbsp;<\/p>\n<p>Zdenko Samar\u017eija<\/p>\n<p>Kakve povjesni\u010dare trebamo u konzervatorskim istra\u017eivanjima srednjovjekovnih objekata Slavonije, Baranje i Srijema \u2013 prolegomena za budu\u0107i sveu\u010dili\u0161ni kurikulum<\/p>\n<p>&nbsp;<\/p>\n<p>Zlata \u017divakovi\u0107-Ker\u017ee<\/p>\n<p>Sa zagreba\u010dkom diplomom u osje\u010dki prosvjetni i javno-dru\u0161tveni \u017eivot (Osvrt na djelovanje Ferde \u0160i\u0161i\u0107a, Rudolfa Horvata i Josipa B\u00f6sendorfera)<\/p>\n<p>&nbsp;<\/p>\n<p>&nbsp;<\/p>\n<p>Napomena: Tekstovi koji se objavljuju u knjizi zaprimljeni su tijekom 2015-2016. godine, osim Predgovora. Prire\u0111ivanje zbornika kasnilo je, pa se ovdje mo\u017ee vidjeti stanje sveu\u010dili\u0161ne nastave povijesti od prije nekoliko godina. \u017dao nam je \u0161to nismo uspjeli osigurati tekstove o studijima povijesti u Osijeku i Rijeci.<\/p>\n<p>&nbsp;<\/p>\n<p>&nbsp;<\/p>\n<p>&#8212;<\/p>\n<p>&nbsp;<\/p>\n<p>Nikolina \u0160imetin \u0160egvi\u0107<\/p>\n<p>&nbsp;<\/p>\n<p>Znanstveni skup <em><strong>Sveu\u010dili\u0161na nastava povijesti u Hrvatskoj. Tradicija, dana\u0161nje stanje, perspektive<\/strong><\/em>, Filozofski fakultet u Zagrebu, 28-29. XI. 2014.<\/p>\n<p>&nbsp;<\/p>\n<p><a href=\"https:\/\/historiografija.hr\/prikazi.php?id=236022\">https:\/\/historiografija.hr\/prikazi.php?id=236022<\/a><\/p>\n<p>&nbsp;<\/p>\n<p>&nbsp;<\/p>\n<p>&nbsp;<\/p>\n","protected":false},"excerpt":{"rendered":"","protected":false},"author":2,"featured_media":14246,"comment_status":"open","ping_status":"open","sticky":false,"template":"","format":"standard","meta":{"_acf_changed":false,"jetpack_post_was_ever_published":false,"_jetpack_newsletter_access":"","_jetpack_dont_email_post_to_subs":false,"_jetpack_newsletter_tier_id":0,"_jetpack_memberships_contains_paywalled_content":false,"_jetpack_memberships_contains_paid_content":false,"footnotes":"","jetpack_publicize_message":"","jetpack_publicize_feature_enabled":true,"jetpack_social_post_already_shared":true,"jetpack_social_options":{"image_generator_settings":{"template":"highway","default_image_id":0,"font":"","enabled":false},"version":2}},"categories":[8,3],"tags":[],"class_list":["post-14245","post","type-post","status-publish","format-standard","has-post-thumbnail","hentry","category-knjige","category-novosti"],"acf":{"facebook_opis":""},"jetpack_publicize_connections":[],"jetpack_featured_media_url":"https:\/\/i0.wp.com\/historiografija.hr\/wp-content\/uploads\/2019\/03\/snp.jpg?fit=300%2C188&ssl=1","jetpack_sharing_enabled":true,"jetpack-related-posts":[{"id":52499,"url":"https:\/\/historiografija.hr\/?p=52499","url_meta":{"origin":14245,"position":0},"title":"POTPISAN UGOVOR O ZNANSTVENO-ISTRA\u017dIVA\u010cKOJ SURADNJI: PROJEKT \u201eTEMELJI HRVATSKE SAMOSTALNOSTI\u201d","author":"Branimir Jankovi\u0107","date":"17. travnja 2026.","format":false,"excerpt":"Hrvatski institut za povijest, Sveu\u010dili\u0161te obrane i sigurnosti \u201eDr. Franjo Tu\u0111man\u201d, Institut dru\u0161tvenih znanosti Ivo Pilar i Hrvatski dr\u017eavni arhiv\u00a0potpisali su 23. o\u017eujka 2026.\u00a0Ugovor o znanstveno-istra\u017eiva\u010dkoj suradnji s ciljem provedbe projekta \u201eTemelji hrvatske samostalnosti\u201d. Tim projektom obuhva\u0107a se istra\u017eivanje arhivskoga gradiva, priprema znanstvenih publikacija, digitalizacija i javna prezentacija rezultata istra\u017eivanja\u2026","rel":"","context":"U &quot;Novosti&quot;","block_context":{"text":"Novosti","link":"https:\/\/historiografija.hr\/?cat=3"},"img":{"alt_text":"","src":"https:\/\/i0.wp.com\/historiografija.hr\/wp-content\/uploads\/2026\/04\/THS_sporazum.jpg?fit=1200%2C583&ssl=1&resize=350%2C200","width":350,"height":200,"srcset":"https:\/\/i0.wp.com\/historiografija.hr\/wp-content\/uploads\/2026\/04\/THS_sporazum.jpg?fit=1200%2C583&ssl=1&resize=350%2C200 1x, https:\/\/i0.wp.com\/historiografija.hr\/wp-content\/uploads\/2026\/04\/THS_sporazum.jpg?fit=1200%2C583&ssl=1&resize=525%2C300 1.5x, https:\/\/i0.wp.com\/historiografija.hr\/wp-content\/uploads\/2026\/04\/THS_sporazum.jpg?fit=1200%2C583&ssl=1&resize=700%2C400 2x, https:\/\/i0.wp.com\/historiografija.hr\/wp-content\/uploads\/2026\/04\/THS_sporazum.jpg?fit=1200%2C583&ssl=1&resize=1050%2C600 3x"},"classes":[]},{"id":52654,"url":"https:\/\/historiografija.hr\/?p=52654","url_meta":{"origin":14245,"position":1},"title":"Gostuju\u0107e predavanje &#8211; Danijel D\u017eino \u201eKasnoanti\u010dke i ranosrednjovjekovne gra\u0111evine u Brezi: Spomenici nepotpune biografije\u201c","author":"Branimir Jankovi\u0107","date":"24. travnja 2026.","format":false,"excerpt":"Doktorski studij predmoderne povijesti poziva na predavanje \"Kasnoanti\u010dke i ranosrednjovjekovne gra\u0111evine u Brezi: Spomenici nepotpune biografije\u201d koje \u0107e odr\u017eati profesor Danijel D\u017eino sa Sveu\u010dili\u0161ta Macquarie u Sydneyu u\u00a0utorak 28. travnja 2026. u 17h u Konferencijskoj dvorani Knji\u017enice Filozofskog fakulteta u Zagrebu. Predavanje \u0107e predo\u010diti nova saznanja dobivena kroz arhivsko-dokumentarna istra\u017eivanja\u2026","rel":"","context":"U &quot;Novosti&quot;","block_context":{"text":"Novosti","link":"https:\/\/historiografija.hr\/?cat=3"},"img":{"alt_text":"","src":"https:\/\/i0.wp.com\/historiografija.hr\/wp-content\/uploads\/2026\/04\/Dzino.jpg?fit=980%2C819&ssl=1&resize=350%2C200","width":350,"height":200,"srcset":"https:\/\/i0.wp.com\/historiografija.hr\/wp-content\/uploads\/2026\/04\/Dzino.jpg?fit=980%2C819&ssl=1&resize=350%2C200 1x, https:\/\/i0.wp.com\/historiografija.hr\/wp-content\/uploads\/2026\/04\/Dzino.jpg?fit=980%2C819&ssl=1&resize=525%2C300 1.5x, https:\/\/i0.wp.com\/historiografija.hr\/wp-content\/uploads\/2026\/04\/Dzino.jpg?fit=980%2C819&ssl=1&resize=700%2C400 2x"},"classes":[]},{"id":52502,"url":"https:\/\/historiografija.hr\/?p=52502","url_meta":{"origin":14245,"position":2},"title":"Novi znanstveni projekt Hrvatskog instituta za povijest: \u201c\u017drtve ratova i dr\u017eavnog\/politi\u010dkog nasilja u hrvatskoj povijesti 20. stolje\u0107a\u201d","author":"Branimir Jankovi\u0107","date":"17. travnja 2026.","format":false,"excerpt":"Na redovitoj sjednici Vlade RH, 16. travnja 2026., donijet je Zaklju\u010dak kojim se pokre\u0107e znanstveni projekt \u201c\u017drtve ratova i dr\u017eavnog\/politi\u010dkog nasilja u hrvatskoj povijesti 20. stolje\u0107a\u201d. Projekt \u0107e provoditi i koordinirati Hrvatski institut za povijest u razdoblju trajanja projekta od pet godina. Zakljucak Vlade RH Iz teksta projektnog prijedloga: Problematika\u2026","rel":"","context":"U &quot;Novosti&quot;","block_context":{"text":"Novosti","link":"https:\/\/historiografija.hr\/?cat=3"},"img":{"alt_text":"","src":"https:\/\/i0.wp.com\/historiografija.hr\/wp-content\/uploads\/2026\/04\/Vlada-RH.jpg?fit=1200%2C557&ssl=1&resize=350%2C200","width":350,"height":200,"srcset":"https:\/\/i0.wp.com\/historiografija.hr\/wp-content\/uploads\/2026\/04\/Vlada-RH.jpg?fit=1200%2C557&ssl=1&resize=350%2C200 1x, https:\/\/i0.wp.com\/historiografija.hr\/wp-content\/uploads\/2026\/04\/Vlada-RH.jpg?fit=1200%2C557&ssl=1&resize=525%2C300 1.5x, https:\/\/i0.wp.com\/historiografija.hr\/wp-content\/uploads\/2026\/04\/Vlada-RH.jpg?fit=1200%2C557&ssl=1&resize=700%2C400 2x, https:\/\/i0.wp.com\/historiografija.hr\/wp-content\/uploads\/2026\/04\/Vlada-RH.jpg?fit=1200%2C557&ssl=1&resize=1050%2C600 3x"},"classes":[]},{"id":52573,"url":"https:\/\/historiografija.hr\/?p=52573","url_meta":{"origin":14245,"position":3},"title":"Znanstvena konferencija &#8220;Filozofija odgoja: povijest, praksa, perspektive&#8221;","author":"Branimir Jankovi\u0107","date":"21. travnja 2026.","format":false,"excerpt":"Znanstvena konferencija \"Filozofija odgoja: povijest, praksa, perspektive\" odr\u017eat \u0107e se 23. i 24. travnja 2026. u Konferencijskoj dvorani Knji\u017enice Filozofskog fakulteta u Zagrebu (2. kat).\u00a0Konferencija je organizirana u okviru projekta\u00a0SUMKOS (voditeljica prof. dr. sc. Ivana Zagorac, financiran\u00a0sredstvima NextGenerationEU), uz potporu Odsjeka za filozofiju.\u00a0 Uz izlaga\u010dki dio, konferencija obuhva\u0107a i izlo\u017ebu\u2026","rel":"","context":"U &quot;Novosti&quot;","block_context":{"text":"Novosti","link":"https:\/\/historiografija.hr\/?cat=3"},"img":{"alt_text":"","src":"","width":0,"height":0},"classes":[]},{"id":52666,"url":"https:\/\/historiografija.hr\/?p=52666","url_meta":{"origin":14245,"position":4},"title":"Najava programa Festivala povijesti Kliofest (5-8. V. 2026)","author":"Branimir Jankovi\u0107","date":"24. travnja 2026.","format":false,"excerpt":"Po trinaesti put odr\u017eava se Festival povijesti Kliofest! Do petka \u0107emo odr\u017eati osam okruglih stolova i dva kolokvija te niz predstavljanja knjiga i projekata razli\u010dite tematike, od antike do suvremenosti. Bit \u0107e predstavljeno i nekoliko izlo\u017ebi te odr\u017ean jedan povijesni kviz. Prikazat \u0107emo i jedan film \u2013 o generalu Boroevi\u0107u.\u2026","rel":"","context":"U &quot;Novosti&quot;","block_context":{"text":"Novosti","link":"https:\/\/historiografija.hr\/?cat=3"},"img":{"alt_text":"","src":"https:\/\/i0.wp.com\/historiografija.hr\/wp-content\/uploads\/2026\/04\/Kliofest-2026.jpg?fit=526%2C526&ssl=1&resize=350%2C200","width":350,"height":200,"srcset":"https:\/\/i0.wp.com\/historiografija.hr\/wp-content\/uploads\/2026\/04\/Kliofest-2026.jpg?fit=526%2C526&ssl=1&resize=350%2C200 1x, https:\/\/i0.wp.com\/historiografija.hr\/wp-content\/uploads\/2026\/04\/Kliofest-2026.jpg?fit=526%2C526&ssl=1&resize=525%2C300 1.5x"},"classes":[]},{"id":52552,"url":"https:\/\/historiografija.hr\/?p=52552","url_meta":{"origin":14245,"position":5},"title":"Besplatni glazbeni antikvarijat","author":"Branimir Jankovi\u0107","date":"20. travnja 2026.","format":false,"excerpt":"Muzi\u010dka akademija Sveu\u010dili\u0161ta u Zagrebu 23. travnja 2026. od 10 do 17 sati Pozivamo Vas na Besplatni glazbeni antikvarijat, koji u sklopu manifestacije No\u0107 knjige 2026. organizira Hrvatska udruga muzi\u010dkih knji\u017enica, arhiva i dokumentacijskih centara (HUMKAD). Antikvarijat \u0107e se odr\u017eati na Svjetski dan knjige \u2013 u \u010detvrtak 23. travnja 2026.\u2026","rel":"","context":"U &quot;Novosti&quot;","block_context":{"text":"Novosti","link":"https:\/\/historiografija.hr\/?cat=3"},"img":{"alt_text":"","src":"https:\/\/i0.wp.com\/historiografija.hr\/wp-content\/uploads\/2026\/04\/Besplatni-glazbeni-antikvarijat-23.-4.-2026.jpg?fit=1200%2C848&ssl=1&resize=350%2C200","width":350,"height":200,"srcset":"https:\/\/i0.wp.com\/historiografija.hr\/wp-content\/uploads\/2026\/04\/Besplatni-glazbeni-antikvarijat-23.-4.-2026.jpg?fit=1200%2C848&ssl=1&resize=350%2C200 1x, https:\/\/i0.wp.com\/historiografija.hr\/wp-content\/uploads\/2026\/04\/Besplatni-glazbeni-antikvarijat-23.-4.-2026.jpg?fit=1200%2C848&ssl=1&resize=525%2C300 1.5x, https:\/\/i0.wp.com\/historiografija.hr\/wp-content\/uploads\/2026\/04\/Besplatni-glazbeni-antikvarijat-23.-4.-2026.jpg?fit=1200%2C848&ssl=1&resize=700%2C400 2x, https:\/\/i0.wp.com\/historiografija.hr\/wp-content\/uploads\/2026\/04\/Besplatni-glazbeni-antikvarijat-23.-4.-2026.jpg?fit=1200%2C848&ssl=1&resize=1050%2C600 3x"},"classes":[]}],"_links":{"self":[{"href":"https:\/\/historiografija.hr\/index.php?rest_route=\/wp\/v2\/posts\/14245","targetHints":{"allow":["GET"]}}],"collection":[{"href":"https:\/\/historiografija.hr\/index.php?rest_route=\/wp\/v2\/posts"}],"about":[{"href":"https:\/\/historiografija.hr\/index.php?rest_route=\/wp\/v2\/types\/post"}],"author":[{"embeddable":true,"href":"https:\/\/historiografija.hr\/index.php?rest_route=\/wp\/v2\/users\/2"}],"replies":[{"embeddable":true,"href":"https:\/\/historiografija.hr\/index.php?rest_route=%2Fwp%2Fv2%2Fcomments&post=14245"}],"version-history":[{"count":1,"href":"https:\/\/historiografija.hr\/index.php?rest_route=\/wp\/v2\/posts\/14245\/revisions"}],"predecessor-version":[{"id":14247,"href":"https:\/\/historiografija.hr\/index.php?rest_route=\/wp\/v2\/posts\/14245\/revisions\/14247"}],"wp:featuredmedia":[{"embeddable":true,"href":"https:\/\/historiografija.hr\/index.php?rest_route=\/wp\/v2\/media\/14246"}],"wp:attachment":[{"href":"https:\/\/historiografija.hr\/index.php?rest_route=%2Fwp%2Fv2%2Fmedia&parent=14245"}],"wp:term":[{"taxonomy":"category","embeddable":true,"href":"https:\/\/historiografija.hr\/index.php?rest_route=%2Fwp%2Fv2%2Fcategories&post=14245"},{"taxonomy":"post_tag","embeddable":true,"href":"https:\/\/historiografija.hr\/index.php?rest_route=%2Fwp%2Fv2%2Ftags&post=14245"}],"curies":[{"name":"wp","href":"https:\/\/api.w.org\/{rel}","templated":true}]}}