{"id":14242,"date":"2019-03-29T10:26:02","date_gmt":"2019-03-29T10:26:02","guid":{"rendered":"http:\/\/historiografija.hr\/?p=14242"},"modified":"2019-03-29T10:26:02","modified_gmt":"2019-03-29T10:26:02","slug":"poziv-na-5-doktorsku-radionicu-ckpis-a-i-ffpu-a","status":"publish","type":"post","link":"https:\/\/historiografija.hr\/?p=14242","title":{"rendered":"Poziv na 5. Doktorsku radionicu CKPIS-a i FFPU-a"},"content":{"rendered":"<p>CKPIS i FFPU objavljuju poziv za sudjelovanje na 5. Doktorskoj radionici koja \u0107e se na temu \u201cIndustrijska dru\u0161tva kasnoga socijalizma: europske usporedbe\u201d odr\u017eati u Puli, 28\u201331. kolovoza 2019. godine.<\/p>\n<p>&nbsp;<\/p>\n<p>&#8212;<\/p>\n<p>&nbsp;<\/p>\n<p><strong>Doktorska radionica 2019.<\/strong><\/p>\n<p>&nbsp;<\/p>\n<p>Sveu\u010dili\u0161te Jurja Dobrile u Puli, Filozofski fakultet, Odsjek za povijest i<br \/>\nCentar za kulturolo\u0161ka i povijesna istra\u017eivanja socijalizma<\/p>\n<p>&nbsp;<\/p>\n<p><strong>DOKTORSKA RADIONICA<\/strong><strong><br \/>\n<\/strong><strong>Industrijska dru\u0161tva kasnoga socijalizma: europske usporedbe<\/strong><br \/>\nPula, 28\u201331. kolovoza 2019.<\/p>\n<p>&nbsp;<\/p>\n<p>Petu godinu za redom organiziramo trodnevnu ljetnu doktorsku radionicu. Godine 2015. tema je bila <em>Povijest svakodnevice u socijalisti\u010dkoj Jugoslaviji<\/em>, 2016. <em>Jugoslavenski socijalizam: sli\u010dnosti i posebnosti<\/em>, 2017. <em>Novi \u010dovjek za socijalisti\u010dko dru\u0161tvo<\/em>, a 2018. <em>Jugoslavija i globalna 1968.: konteksti, perspektive, odjeci<\/em>. Radionicu smo do sada povezivali s razli\u010ditim projektima: jedne godine s projektom <em>Stvaranje socijalisti\u010dkoga \u010dovjeka. Hrvatsko dru\u0161tvo i ideologija jugoslavenskoga socijalizma<\/em> (voditelj izv. prof. dr. sc. Igor Duda, Sveu\u010dili\u0161te Jurja Dobrile u Puli, potpora HRZZ), a vi\u0161e puta s multilateralnom suradnjom pokrenutom iz Berlina. Ove godine sura\u0111ujemo s projektom <em>Opasan zaokret nakon ideolo\u0161ke krutosti: preispitivanje jugoslavenske 1989.<\/em> (prof. dr. sc. Hannes Grandits, Humboldtovo sveu\u010dili\u0161te u Berlinu, potpora DAAD) te \u0107e na radionici sudjelovati stru\u010dnjaci umre\u017eeni u projekt koji dolaze sa sveu\u010dili\u0161ta i instituta u Beogradu, Berlinu, Kopru, Sarajevu, Skopju, Zagrebu i Puli. Proteklih godina radionica je bilje\u017eila izvrstan odaziv te su, pored onih iz spomenutih gradova, na njoj sudjelovali i doktorandi iz Be\u010da, Firence, Ghenta, Giessena, Glasgowa, Graza, Hamburga, Ia\u015fija, Montreala, M\u00fcnchena, Nottinghama, Pariza, Potsdama, Praga, Regensburga, Sofije i Warwicka.<\/p>\n<p>Nakon Drugoga svjetskog rata proces brze industrijalizacije uvelike je promijenio ekonomsku i dru\u0161tvenu strukturu socijalisti\u010dkih dru\u0161tava u Europi. Dotad dominantno poljoprivredna dru\u0161tva, poput onih u Jugoslaviji i zemljama Sovjetskoga bloka, unutar jedne generacije postaju industrijska, a dr\u017eavna politika planskom ekonomijom ili tr\u017ei\u0161nim socijalizmom nastoji odr\u017eati va\u017enost industrijske proizvodnje, time i polo\u017eaj emancipirane radni\u010dke klase kao klju\u010dnog segmenta dru\u0161tvene strukture. Vrijede li ove postavke i za godine kasnoga socijalizma te na koji se na\u010din provode u djelo i s kojim posljedicama u posljednjem desetlje\u0107u jednostrana\u010dke komunisti\u010dke vladavine, klju\u010dna su pitanja za snimak stanja u socijalisti\u010dkim dru\u0161tvima pred kraj njihova postojanja. Putem izlaganja doktoranada i pozvanih predava\u010da Doktorska radionica tra\u017eit \u0107e odgovore o stupnju razvijenosti socijalisti\u010dkih dru\u0161tava, ekonomskim kretanjima i reformskim nastojanjima, nezaposlenosti, zaposlenosti i produktivnosti rada, o\u010dekivanjima radnika te pripremljenosti za velike promjene koje \u0107e uslijediti prelaskom na tr\u017ei\u0161no poslovanje i privatizaciju gospodarstva. Nadalje, radionicu \u0107e zanimati \u0161to je zna\u010dilo biti industrijskim radnikom osamdesetih godina, koliko industrija utje\u010de na identitet pojedinaca i \u017eivotnih sredina, te koja je uloga sindikata i drugih organizacija u sve \u010de\u0161\u0107im sivim zonama izme\u0111u gra\u0111ana i dr\u017eave. Sigurnost radnog mjesta, \u017eivotni standard i kvaliteta \u017eivota, slobodno vrijeme, sudjelovanje u potro\u0161a\u010dkoj kulturi te aktivnosti u podru\u010dju kulturnoga \u017eivota radnika tako\u0111er su dobrodo\u0161le radioni\u010dke teme. O\u010dekuje se da \u0107e izlaganja i rasprave pridonijeti novim spoznajama te komparativnim uvidima u europska dru\u0161tva kasnoga socijalizma.<\/p>\n<p>&nbsp;<\/p>\n<p>POZIV ZA SUDJELOVANJE<\/p>\n<p>&nbsp;<\/p>\n<p>PRIJAVNI OBRAZAC (Rok: 15. svibnja 2019.)<\/p>\n<p>&nbsp;<\/p>\n<p><strong>Organizacijski odbor<\/strong><\/p>\n<p>izv. prof. dr. sc. Igor Duda<\/p>\n<p>izv. prof. dr. sc. Radina Vu\u010deti\u0107<\/p>\n<p>dr. sc. Anita Buhin<\/p>\n<p>Tina Filipovi\u0107, doktorandica<\/p>\n<p>&nbsp;<\/p>\n<p><strong>Zahvaljujemo na potpori<\/strong><\/p>\n<p>Filozofski fakultet u Puli<\/p>\n<p>&nbsp;<\/p>\n<p><strong>Zahvaljujemo na suradnji<\/strong><\/p>\n<p>Studentski centar Pula<\/p>\n<p>&nbsp;<\/p>\n<p><strong>Call in English<\/strong><\/p>\n<p>&nbsp;<\/p>\n<p><a href=\"https:\/\/ckpis.unipu.hr\/ckpis\/obavijesti?@=2erhk#news_107528\">https:\/\/ckpis.unipu.hr\/ckpis\/obavijesti?@=2erhk#news_107528<\/a><\/p>\n<p>&nbsp;<\/p>\n<p><a href=\"https:\/\/ckpis.unipu.hr\/ckpis\/doktorska_radionica\/2019\">https:\/\/ckpis.unipu.hr\/ckpis\/doktorska_radionica\/2019<\/a><\/p>\n<p>&nbsp;<\/p>\n<p><a href=\"https:\/\/ckpis.unipu.hr\/ckpis\/en\/doctoral_workshop\/2019\">https:\/\/ckpis.unipu.hr\/ckpis\/en\/doctoral_workshop\/2019<\/a><\/p>\n<p>&nbsp;<\/p>\n<p><a href=\"https:\/\/www.facebook.com\/ckpis.unipu.hr\/\">https:\/\/www.facebook.com\/ckpis.unipu.hr\/<\/a><\/p>\n<p>&nbsp;<\/p>\n","protected":false},"excerpt":{"rendered":"","protected":false},"author":2,"featured_media":14243,"comment_status":"open","ping_status":"open","sticky":false,"template":"","format":"standard","meta":{"_acf_changed":false,"jetpack_post_was_ever_published":false,"_jetpack_newsletter_access":"","_jetpack_dont_email_post_to_subs":false,"_jetpack_newsletter_tier_id":0,"_jetpack_memberships_contains_paywalled_content":false,"_jetpack_memberships_contains_paid_content":false,"footnotes":"","jetpack_publicize_message":"","jetpack_publicize_feature_enabled":true,"jetpack_social_post_already_shared":true,"jetpack_social_options":{"image_generator_settings":{"template":"highway","default_image_id":0,"font":"","enabled":false},"version":2}},"categories":[3,9],"tags":[],"class_list":["post-14242","post","type-post","status-publish","format-standard","has-post-thumbnail","hentry","category-novosti","category-skupovi"],"acf":{"facebook_opis":""},"jetpack_publicize_connections":[],"jetpack_featured_media_url":"https:\/\/i0.wp.com\/historiografija.hr\/wp-content\/uploads\/2019\/03\/workshop19.png?fit=720%2C960&ssl=1","jetpack_sharing_enabled":true,"jetpack-related-posts":[{"id":52666,"url":"https:\/\/historiografija.hr\/?p=52666","url_meta":{"origin":14242,"position":0},"title":"Najava programa Festivala povijesti Kliofest (5-8. V. 2026)","author":"Branimir Jankovi\u0107","date":"24. travnja 2026.","format":false,"excerpt":"Po trinaesti put odr\u017eava se Festival povijesti Kliofest! Do petka \u0107emo odr\u017eati osam okruglih stolova i dva kolokvija te niz predstavljanja knjiga i projekata razli\u010dite tematike, od antike do suvremenosti. Bit \u0107e predstavljeno i nekoliko izlo\u017ebi te odr\u017ean jedan povijesni kviz. Prikazat \u0107emo i jedan film \u2013 o generalu Boroevi\u0107u.\u2026","rel":"","context":"U &quot;Novosti&quot;","block_context":{"text":"Novosti","link":"https:\/\/historiografija.hr\/?cat=3"},"img":{"alt_text":"","src":"https:\/\/i0.wp.com\/historiografija.hr\/wp-content\/uploads\/2026\/04\/Kliofest-2026.jpg?fit=526%2C526&ssl=1&resize=350%2C200","width":350,"height":200,"srcset":"https:\/\/i0.wp.com\/historiografija.hr\/wp-content\/uploads\/2026\/04\/Kliofest-2026.jpg?fit=526%2C526&ssl=1&resize=350%2C200 1x, https:\/\/i0.wp.com\/historiografija.hr\/wp-content\/uploads\/2026\/04\/Kliofest-2026.jpg?fit=526%2C526&ssl=1&resize=525%2C300 1.5x"},"classes":[]},{"id":52543,"url":"https:\/\/historiografija.hr\/?p=52543","url_meta":{"origin":14242,"position":1},"title":"Znanstveno-stru\u010dni skup \u201eOto\u010dne pu\u010dke pobo\u017enosti: kontinuiteti i transformacije\u201c","author":"Branimir Jankovi\u0107","date":"20. travnja 2026.","format":false,"excerpt":"Najavljujemo\u00a0znanstveno-stru\u010dni skup \u201eOto\u010dne pu\u010dke pobo\u017enosti: kontinuiteti i transformacije\u201c,\u00a0koji \u0107e se odr\u017eati\u00a0u Rabu od 24. do 26. travnja 2026.,\u00a0u organizaciji i uz potporu\u00a0Instituta za etnologiju i folkloristiku, Zagreb, \u00a0Grada Raba, Pu\u010dkog otvorenog u\u010dili\u0161ta Rab i Centra za istra\u017eivanje srednjovjekovne ba\u0161tine Jadrana RIMAH. Skup okuplja vode\u0107e doma\u0107e stru\u010dnjake koji \u0107e kroz niz\u2026","rel":"","context":"U &quot;Novosti&quot;","block_context":{"text":"Novosti","link":"https:\/\/historiografija.hr\/?cat=3"},"img":{"alt_text":"","src":"https:\/\/i0.wp.com\/historiografija.hr\/wp-content\/uploads\/2026\/04\/Skup_Rab.jpg?fit=848%2C1200&ssl=1&resize=350%2C200","width":350,"height":200,"srcset":"https:\/\/i0.wp.com\/historiografija.hr\/wp-content\/uploads\/2026\/04\/Skup_Rab.jpg?fit=848%2C1200&ssl=1&resize=350%2C200 1x, https:\/\/i0.wp.com\/historiografija.hr\/wp-content\/uploads\/2026\/04\/Skup_Rab.jpg?fit=848%2C1200&ssl=1&resize=525%2C300 1.5x, https:\/\/i0.wp.com\/historiografija.hr\/wp-content\/uploads\/2026\/04\/Skup_Rab.jpg?fit=848%2C1200&ssl=1&resize=700%2C400 2x"},"classes":[]},{"id":52148,"url":"https:\/\/historiografija.hr\/?p=52148","url_meta":{"origin":14242,"position":2},"title":"Poziv za prijavu na me\u0111unarodnu znanstvenu konferenciju \u201eGranice (ne)slobode: Zadarski krug 1966. Intelektualna opozicija u totalitarnom dru\u0161tvu\u201c","author":"Branimir Jankovi\u0107","date":"27. o\u017eujka 2026.","format":false,"excerpt":"\u00a0\u00a0\u00a0\u00a0 Povodom \u0161ezdesete obljetnice poku\u0161aja osnivanja \u010dasopisa Slobodan glas u Zadru 1966. godine, pozivamo vas na znanstvenu konferenciju posve\u0107enu istra\u017eivanju disidentstva, intelektualne opozicije i granica divergentnog mi\u0161ljenja nasuprot slu\u017ebenoj ideologiji u komunisti\u010dkoj Jugoslaviji. Ideja konferencije je analizirati konkretan fenomen zadarskog slu\u010daja razloge i okolnosti njegove pojave, ali uz otvaranje komparativnih\u2026","rel":"","context":"U &quot;Novosti&quot;","block_context":{"text":"Novosti","link":"https:\/\/historiografija.hr\/?cat=3"},"img":{"alt_text":"","src":"https:\/\/i0.wp.com\/historiografija.hr\/wp-content\/uploads\/2026\/03\/Poziv-konferencija-Zadar.jpg?fit=1200%2C509&ssl=1&resize=350%2C200","width":350,"height":200,"srcset":"https:\/\/i0.wp.com\/historiografija.hr\/wp-content\/uploads\/2026\/03\/Poziv-konferencija-Zadar.jpg?fit=1200%2C509&ssl=1&resize=350%2C200 1x, https:\/\/i0.wp.com\/historiografija.hr\/wp-content\/uploads\/2026\/03\/Poziv-konferencija-Zadar.jpg?fit=1200%2C509&ssl=1&resize=525%2C300 1.5x, https:\/\/i0.wp.com\/historiografija.hr\/wp-content\/uploads\/2026\/03\/Poziv-konferencija-Zadar.jpg?fit=1200%2C509&ssl=1&resize=700%2C400 2x, https:\/\/i0.wp.com\/historiografija.hr\/wp-content\/uploads\/2026\/03\/Poziv-konferencija-Zadar.jpg?fit=1200%2C509&ssl=1&resize=1050%2C600 3x"},"classes":[]},{"id":52508,"url":"https:\/\/historiografija.hr\/?p=52508","url_meta":{"origin":14242,"position":3},"title":"Glazbena radionica \u201eDUGMETARA REVISITED\u201c","author":"Branimir Jankovi\u0107","date":"17. travnja 2026.","format":false,"excerpt":"DUGMETARA REVISITED glazbena radionica vodi: Ana Horvat 13., 20. i 27. travnja, od 18 do 20 sati Radiona, Nova cesta 186 Na tri radioni\u010dka susreta uranjamo u naslje\u0111e Dugmetare, biv\u0161e tvornice dugmadi na Savskoj cesti koja je po\u010detkom 2000-ih igrom slu\u010daja postala \u017eivo, jedinstveno mjesto glazbene proizvodnje. Svoje su probe\u2026","rel":"","context":"U &quot;Novosti&quot;","block_context":{"text":"Novosti","link":"https:\/\/historiografija.hr\/?cat=3"},"img":{"alt_text":"","src":"https:\/\/i0.wp.com\/historiografija.hr\/wp-content\/uploads\/2026\/04\/TRESNJA_TRESTI.jpg?fit=380%2C475&ssl=1&resize=350%2C200","width":350,"height":200},"classes":[]},{"id":52559,"url":"https:\/\/historiografija.hr\/?p=52559","url_meta":{"origin":14242,"position":4},"title":"Dobitnici dr\u017eavne nagrade za znanost za 2024. godinu","author":"Branimir Jankovi\u0107","date":"20. travnja 2026.","format":false,"excerpt":"Na sjednici Odbora za podjelu dr\u017eavnih nagrada za znanost odr\u017eanoj 16. travnja 2026. godine donesena je Odluka o dodjeli dr\u017eavnih nagrada za znanost za 2024. godinu. Godi\u0161njom nagradom za popularizaciju i promid\u017ebu znanosti nagra\u0111eni su u podru\u010dju humanisti\u010dkih znanosti znanstveni suradnici dr. sc. Josip Mihaljevi\u0107 i dr. sc. Gordan Ravan\u010di\u0107,\u2026","rel":"","context":"U &quot;Novosti&quot;","block_context":{"text":"Novosti","link":"https:\/\/historiografija.hr\/?cat=3"},"img":{"alt_text":"","src":"https:\/\/i0.wp.com\/historiografija.hr\/wp-content\/uploads\/2021\/12\/povijesne-kontroverze.jpg?fit=1200%2C675&ssl=1&resize=350%2C200","width":350,"height":200,"srcset":"https:\/\/i0.wp.com\/historiografija.hr\/wp-content\/uploads\/2021\/12\/povijesne-kontroverze.jpg?fit=1200%2C675&ssl=1&resize=350%2C200 1x, https:\/\/i0.wp.com\/historiografija.hr\/wp-content\/uploads\/2021\/12\/povijesne-kontroverze.jpg?fit=1200%2C675&ssl=1&resize=525%2C300 1.5x, https:\/\/i0.wp.com\/historiografija.hr\/wp-content\/uploads\/2021\/12\/povijesne-kontroverze.jpg?fit=1200%2C675&ssl=1&resize=700%2C400 2x, https:\/\/i0.wp.com\/historiografija.hr\/wp-content\/uploads\/2021\/12\/povijesne-kontroverze.jpg?fit=1200%2C675&ssl=1&resize=1050%2C600 3x"},"classes":[]},{"id":52633,"url":"https:\/\/historiografija.hr\/?p=52633","url_meta":{"origin":14242,"position":5},"title":"POVIJEST TRE\u0160NJEVA\u010cKE GLAZBE: prikupljanje virtualnog fundusa Muzeja susjedstva Tre\u0161njevka","author":"Branimir Jankovi\u0107","date":"23. travnja 2026.","format":false,"excerpt":"utorak 28. 4. 2026. 14 - 18 h Nova BAZA, Nova cesta 66, Zagreb Prvi su dani ljeta 1957. godine. Bo\u017eica Kalafati\u0107 poha\u0111a drugi razred Osnovne \u0161kole Bratstvo i jedinstvo, danas kralja Tomislava, a ide i na muzi\u010dke satove u Mo\u0161\u0107eni\u010dkoj ulici. Na fotografiji s harmonikom u rukama stoji u\u2026","rel":"","context":"U &quot;Novosti&quot;","block_context":{"text":"Novosti","link":"https:\/\/historiografija.hr\/?cat=3"},"img":{"alt_text":"","src":"https:\/\/i0.wp.com\/historiografija.hr\/wp-content\/uploads\/2026\/04\/MST_prikupljanje.jpg?fit=380%2C475&ssl=1&resize=350%2C200","width":350,"height":200},"classes":[]}],"_links":{"self":[{"href":"https:\/\/historiografija.hr\/index.php?rest_route=\/wp\/v2\/posts\/14242","targetHints":{"allow":["GET"]}}],"collection":[{"href":"https:\/\/historiografija.hr\/index.php?rest_route=\/wp\/v2\/posts"}],"about":[{"href":"https:\/\/historiografija.hr\/index.php?rest_route=\/wp\/v2\/types\/post"}],"author":[{"embeddable":true,"href":"https:\/\/historiografija.hr\/index.php?rest_route=\/wp\/v2\/users\/2"}],"replies":[{"embeddable":true,"href":"https:\/\/historiografija.hr\/index.php?rest_route=%2Fwp%2Fv2%2Fcomments&post=14242"}],"version-history":[{"count":1,"href":"https:\/\/historiografija.hr\/index.php?rest_route=\/wp\/v2\/posts\/14242\/revisions"}],"predecessor-version":[{"id":14244,"href":"https:\/\/historiografija.hr\/index.php?rest_route=\/wp\/v2\/posts\/14242\/revisions\/14244"}],"wp:featuredmedia":[{"embeddable":true,"href":"https:\/\/historiografija.hr\/index.php?rest_route=\/wp\/v2\/media\/14243"}],"wp:attachment":[{"href":"https:\/\/historiografija.hr\/index.php?rest_route=%2Fwp%2Fv2%2Fmedia&parent=14242"}],"wp:term":[{"taxonomy":"category","embeddable":true,"href":"https:\/\/historiografija.hr\/index.php?rest_route=%2Fwp%2Fv2%2Fcategories&post=14242"},{"taxonomy":"post_tag","embeddable":true,"href":"https:\/\/historiografija.hr\/index.php?rest_route=%2Fwp%2Fv2%2Ftags&post=14242"}],"curies":[{"name":"wp","href":"https:\/\/api.w.org\/{rel}","templated":true}]}}