{"id":14169,"date":"2019-03-23T10:44:58","date_gmt":"2019-03-23T10:44:58","guid":{"rendered":"http:\/\/historiografija.hr\/?p=14169"},"modified":"2019-03-23T10:53:30","modified_gmt":"2019-03-23T10:53:30","slug":"new-directions-in-social-and-cultural-history-editors-sasha-handley-rohan-mcwilliam-lucy-noakes","status":"publish","type":"post","link":"https:\/\/historiografija.hr\/?p=14169","title":{"rendered":"New Directions in Social and Cultural History. Edited by Sasha Handley, Rohan McWilliam, Lucy Noakes"},"content":{"rendered":"<p>Izdava\u010d Bloomsbury Academic objavio je 2018. godine zbornik o novim pristupima u dru\u0161tvenoj i kulturnoj povijesti obilje\u017eenima recentnim usponom transnacionalne povijesti i povijesti okoli\u0161a, povijesti emocija i javne povijesti te drugih, posebice u kontekstu kulturnog, vizualnog, prostornog, materijalnog\u00a0i\u00a0drugih obrata.<\/p>\n<p>&nbsp;<\/p>\n<p>\u2026<\/p>\n<p>&nbsp;<\/p>\n<p><strong>About New Directions in Social and Cultural History<\/strong><\/p>\n<p>&nbsp;<\/p>\n<p>What does it mean to be a social and cultural historian today? In the wake of the &#8216;cultural turn&#8217;, and in an age of digital and public history, what challenges and opportunities await historians in the early 21st century? In this exciting new text, leading historians reflect on key developments in their fields and argue for a range of &#8216;new directions&#8217; in social and cultural history. Focusing on emerging areas of historical research such as the history of the emotions and environmental history, <em>New Directions in Social and Cultural History<\/em> is an invaluable guide to the current and future state of the field.<\/p>\n<p>The book is divided into three clear sections, each with an editorial introduction, and covering key thematic areas: histories of the human, the material world, and challenges and provocations. Each chapter in the collection provides an introduction to the key and recent developments in its specialist field, with their authors then moving on to argue for what they see as particularly important shifts and interventions in the theory and methodology and suggest future developments.<em> New Directions in Social and Cultural Histor<\/em>y provides a comprehensive and insightful overview of this burgeoning field which will be important reading for all students and scholars of social and cultural history and historiography.<\/p>\n<p>&nbsp;<\/p>\n<p><strong>Table of contents<\/strong><\/p>\n<p>&nbsp;<\/p>\n<p>Acknowledgements<br \/>\nList of Figures<br \/>\nNotes on Contributors<br \/>\nForeword, <em>Frank Mort (University of Manchester, UK)<\/em><br \/>\nPreface, <em>Pamela Cox (University of Essex, UK)<\/em>Introduction: Towards New Social and Cultural Histories, <em>Rohan McWilliam (Anglia Ruskin University, UK), Lucy Noakes (University of Brighton, UK) and Sasha Handley (University of Manchester, UK)<\/em><\/p>\n<p><strong>Part I: Histories of the Human<\/strong><\/p>\n<p>1. Subjectivity, the Self and Historical Practice, <em>Penny Summerfield (University of Manchester, UK)<\/em><br \/>\n2. The History of Emotions, <em>Rob Boddice (Max Planck Institute, Germany)<\/em><br \/>\n3. The Body and the Senses, <em>Judith Allen (Indiana University, USA)<\/em><\/p>\n<p><strong>Part II: The Material Turn<\/strong><\/p>\n<p>4. A Return to Materialism? Putting Social History Back into Place, <em>Katrina Navickas (University of Hertfordshire, UK)<\/em><br \/>\n5. Markets and Cultures, <em>Donna Loftus (Open University, UK)<\/em><br \/>\n6. Visual and Material Cultures, <em>Jennifer Tucker (Wesleyan University, USA)<\/em><br \/>\n7. Public Histories, <em>Paul Ashton (University of Technology Sydney, Australia) and Meg Foster (University of New South Wales, Australia)<\/em><\/p>\n<p><strong>Part III: Challenges and Provocations<\/strong><\/p>\n<p>8. Animal Human Histories, <em>Hilda Kean (University of Greenwich and University College London, UK)<\/em><br \/>\n9. New Directions in Transnational History: Thinking and Living Transnationally, <em>Durbha Ghosh (Cornell University, USA)<\/em><br \/>\n10. Environmental History, <em>John Morgan (University of Manchester, UK)<\/em><br \/>\n11. Spatial Histories, <em>Nicola Whyte (University of Exeter, UK)<\/em><br \/>\nAfterword: Digital History, <em>Seth Denbo (American Historical Association, USA)<\/em><br \/>\nIndex<\/p>\n<p>&nbsp;<\/p>\n<p><strong>Reviews<\/strong><\/p>\n<p>&nbsp;<\/p>\n<p>\u201cAn impressive, well-written volume that not only addresses the current state of play in social and cultural history, but relates it to influential political and intellectual movements and points to future trends. It will be an extremely useful volume for students at both undergraduate and postgraduate level.\u201d\u00a0\u2013\u00a0 <strong><em>June Purvis, Emeritus Professor of Women&#8217;s and Gender History, University of Portsmouth, UK<\/em><\/strong><\/p>\n<p>&nbsp;<\/p>\n<p>\u201cThis engaging collection of essays encourages the reader to think critically about &#8211; and productively with &#8211; recent work in social and cultural history. In mapping a field characterised by dialogue and collaboration, it historicises current practice, contests conventional categories, and explores new approaches and cross-disciplinary encounters. The contributors explain what social and cultural history is today whilst also making insightful suggestions about its future. This is an essential read for everyone with a stake in how we understand the past.\u201d\u00a0\u2013\u00a0 <strong><em>Claire Langhamer, Professor of Modern British History, University of Sussex, UK<\/em><\/strong><\/p>\n<p>&nbsp;<\/p>\n<p>\u201c<em>New Directions in Social and Cultural History<\/em>&#8216;s lively essays and essential introduction show us how the discipline has evolved, providing an excellent starting point for history students. It is filled with analysis that is nuanced, thought-provoking, and attuned to how past and present intersect.\u201d\u00a0\u2013\u00a0 <strong><em>Susan R. Grayzel, Professor of History, Utah State University, USA<\/em><\/strong><\/p>\n<p>&nbsp;<\/p>\n<p><a href=\"https:\/\/www.bloomsbury.com\/uk\/new-directions-in-social-and-cultural-history-9781472580818\/\">https:\/\/www.bloomsbury.com\/uk\/new-directions-in-social-and-cultural-history-9781472580818\/<\/a><\/p>\n<p>&nbsp;<\/p>\n<p>&nbsp;<\/p>\n","protected":false},"excerpt":{"rendered":"","protected":false},"author":2,"featured_media":14171,"comment_status":"open","ping_status":"open","sticky":false,"template":"","format":"standard","meta":{"_acf_changed":false,"jetpack_post_was_ever_published":false,"_jetpack_newsletter_access":"","_jetpack_dont_email_post_to_subs":false,"_jetpack_newsletter_tier_id":0,"_jetpack_memberships_contains_paywalled_content":false,"_jetpack_memberships_contains_paid_content":false,"footnotes":"","jetpack_publicize_message":"","jetpack_publicize_feature_enabled":true,"jetpack_social_post_already_shared":true,"jetpack_social_options":{"image_generator_settings":{"template":"highway","default_image_id":0,"font":"","enabled":false},"version":2}},"categories":[8,3],"tags":[],"class_list":["post-14169","post","type-post","status-publish","format-standard","has-post-thumbnail","hentry","category-knjige","category-novosti"],"acf":{"facebook_opis":""},"jetpack_publicize_connections":[],"jetpack_featured_media_url":"https:\/\/i0.wp.com\/historiografija.hr\/wp-content\/uploads\/2019\/03\/social-cultural-history.jpg?fit=420%2C630&ssl=1","jetpack_sharing_enabled":true,"jetpack-related-posts":[{"id":52666,"url":"https:\/\/historiografija.hr\/?p=52666","url_meta":{"origin":14169,"position":0},"title":"Najava programa Festivala povijesti Kliofest (5-8. V. 2026)","author":"Branimir Jankovi\u0107","date":"24. travnja 2026.","format":false,"excerpt":"Po trinaesti put odr\u017eava se Festival povijesti Kliofest! Do petka \u0107emo odr\u017eati osam okruglih stolova i dva kolokvija te niz predstavljanja knjiga i projekata razli\u010dite tematike, od antike do suvremenosti. Bit \u0107e predstavljeno i nekoliko izlo\u017ebi te odr\u017ean jedan povijesni kviz. Prikazat \u0107emo i jedan film \u2013 o generalu Boroevi\u0107u.\u2026","rel":"","context":"U &quot;Novosti&quot;","block_context":{"text":"Novosti","link":"https:\/\/historiografija.hr\/?cat=3"},"img":{"alt_text":"","src":"https:\/\/i0.wp.com\/historiografija.hr\/wp-content\/uploads\/2026\/04\/Kliofest-2026.jpg?fit=526%2C526&ssl=1&resize=350%2C200","width":350,"height":200,"srcset":"https:\/\/i0.wp.com\/historiografija.hr\/wp-content\/uploads\/2026\/04\/Kliofest-2026.jpg?fit=526%2C526&ssl=1&resize=350%2C200 1x, https:\/\/i0.wp.com\/historiografija.hr\/wp-content\/uploads\/2026\/04\/Kliofest-2026.jpg?fit=526%2C526&ssl=1&resize=525%2C300 1.5x"},"classes":[]},{"id":52502,"url":"https:\/\/historiografija.hr\/?p=52502","url_meta":{"origin":14169,"position":1},"title":"Novi znanstveni projekt Hrvatskog instituta za povijest: \u201c\u017drtve ratova i dr\u017eavnog\/politi\u010dkog nasilja u hrvatskoj povijesti 20. stolje\u0107a\u201d","author":"Branimir Jankovi\u0107","date":"17. travnja 2026.","format":false,"excerpt":"Na redovitoj sjednici Vlade RH, 16. travnja 2026., donijet je Zaklju\u010dak kojim se pokre\u0107e znanstveni projekt \u201c\u017drtve ratova i dr\u017eavnog\/politi\u010dkog nasilja u hrvatskoj povijesti 20. stolje\u0107a\u201d. Projekt \u0107e provoditi i koordinirati Hrvatski institut za povijest u razdoblju trajanja projekta od pet godina. Zakljucak Vlade RH Iz teksta projektnog prijedloga: Problematika\u2026","rel":"","context":"U &quot;Novosti&quot;","block_context":{"text":"Novosti","link":"https:\/\/historiografija.hr\/?cat=3"},"img":{"alt_text":"","src":"https:\/\/i0.wp.com\/historiografija.hr\/wp-content\/uploads\/2026\/04\/Vlada-RH.jpg?fit=1200%2C557&ssl=1&resize=350%2C200","width":350,"height":200,"srcset":"https:\/\/i0.wp.com\/historiografija.hr\/wp-content\/uploads\/2026\/04\/Vlada-RH.jpg?fit=1200%2C557&ssl=1&resize=350%2C200 1x, https:\/\/i0.wp.com\/historiografija.hr\/wp-content\/uploads\/2026\/04\/Vlada-RH.jpg?fit=1200%2C557&ssl=1&resize=525%2C300 1.5x, https:\/\/i0.wp.com\/historiografija.hr\/wp-content\/uploads\/2026\/04\/Vlada-RH.jpg?fit=1200%2C557&ssl=1&resize=700%2C400 2x, https:\/\/i0.wp.com\/historiografija.hr\/wp-content\/uploads\/2026\/04\/Vlada-RH.jpg?fit=1200%2C557&ssl=1&resize=1050%2C600 3x"},"classes":[]},{"id":52646,"url":"https:\/\/historiografija.hr\/?p=52646","url_meta":{"origin":14169,"position":2},"title":"5. MALI FESTIVAL POVIJESTI U LASTOVU","author":"Branimir Jankovi\u0107","date":"24. travnja 2026.","format":false,"excerpt":"Peti Mali festival povijesti odr\u017eava se od 25. do 27. travnja 2026. na Lastovu, u suradnji Zavoda za povijesne znanosti HAZU u Dubrovniku, Op\u0107ine Lastovo i Turisti\u010dke zajednice te uz potporu Dubrova\u010dko-neretvanske \u017eupanije. Predavanja: Dr. sc. Jasna \u010capo \u201eKu\u0107a kao zalog budu\u0107nosti i most izme\u0111u iseljenika i domovine\u201c Dr. sc.\u2026","rel":"","context":"U &quot;Novosti&quot;","block_context":{"text":"Novosti","link":"https:\/\/historiografija.hr\/?cat=3"},"img":{"alt_text":"","src":"https:\/\/i0.wp.com\/historiografija.hr\/wp-content\/uploads\/2026\/04\/Lastovo.jpg?fit=1200%2C700&ssl=1&resize=350%2C200","width":350,"height":200,"srcset":"https:\/\/i0.wp.com\/historiografija.hr\/wp-content\/uploads\/2026\/04\/Lastovo.jpg?fit=1200%2C700&ssl=1&resize=350%2C200 1x, https:\/\/i0.wp.com\/historiografija.hr\/wp-content\/uploads\/2026\/04\/Lastovo.jpg?fit=1200%2C700&ssl=1&resize=525%2C300 1.5x, https:\/\/i0.wp.com\/historiografija.hr\/wp-content\/uploads\/2026\/04\/Lastovo.jpg?fit=1200%2C700&ssl=1&resize=700%2C400 2x, https:\/\/i0.wp.com\/historiografija.hr\/wp-content\/uploads\/2026\/04\/Lastovo.jpg?fit=1200%2C700&ssl=1&resize=1050%2C600 3x"},"classes":[]},{"id":52654,"url":"https:\/\/historiografija.hr\/?p=52654","url_meta":{"origin":14169,"position":3},"title":"Gostuju\u0107e predavanje &#8211; Danijel D\u017eino \u201eKasnoanti\u010dke i ranosrednjovjekovne gra\u0111evine u Brezi: Spomenici nepotpune biografije\u201c","author":"Branimir Jankovi\u0107","date":"24. travnja 2026.","format":false,"excerpt":"Doktorski studij predmoderne povijesti poziva na predavanje \"Kasnoanti\u010dke i ranosrednjovjekovne gra\u0111evine u Brezi: Spomenici nepotpune biografije\u201d koje \u0107e odr\u017eati profesor Danijel D\u017eino sa Sveu\u010dili\u0161ta Macquarie u Sydneyu u\u00a0utorak 28. travnja 2026. u 17h u Konferencijskoj dvorani Knji\u017enice Filozofskog fakulteta u Zagrebu. Predavanje \u0107e predo\u010diti nova saznanja dobivena kroz arhivsko-dokumentarna istra\u017eivanja\u2026","rel":"","context":"U &quot;Novosti&quot;","block_context":{"text":"Novosti","link":"https:\/\/historiografija.hr\/?cat=3"},"img":{"alt_text":"","src":"https:\/\/i0.wp.com\/historiografija.hr\/wp-content\/uploads\/2026\/04\/Dzino.jpg?fit=980%2C819&ssl=1&resize=350%2C200","width":350,"height":200,"srcset":"https:\/\/i0.wp.com\/historiografija.hr\/wp-content\/uploads\/2026\/04\/Dzino.jpg?fit=980%2C819&ssl=1&resize=350%2C200 1x, https:\/\/i0.wp.com\/historiografija.hr\/wp-content\/uploads\/2026\/04\/Dzino.jpg?fit=980%2C819&ssl=1&resize=525%2C300 1.5x, https:\/\/i0.wp.com\/historiografija.hr\/wp-content\/uploads\/2026\/04\/Dzino.jpg?fit=980%2C819&ssl=1&resize=700%2C400 2x"},"classes":[]},{"id":52547,"url":"https:\/\/historiografija.hr\/?p=52547","url_meta":{"origin":14169,"position":4},"title":"ISHA Zagreb \u2013 Filmska ve\u010der: Povratak Martina Guerrea","author":"Branimir Jankovi\u0107","date":"20. travnja 2026.","format":false,"excerpt":"Klub studenata povijesti \u2013 ISHA Zagreb poziva Vas na filmsku ve\u010der na kojoj \u0107e se prikazivati \u201ePovratak Martina Guerrea\u201c, povijesna drama iz 1982. godine s radnjom smje\u0161tenom u 16. stolje\u0107u. Radnja je utemeljena na stvarnoj povijesnoj li\u010dnosti Martina Guerrea koji se nakon mnogo godina izbivanja vra\u0107a u svoje rodno mjesto\u2026","rel":"","context":"U &quot;Filmovi i serije&quot;","block_context":{"text":"Filmovi i serije","link":"https:\/\/historiografija.hr\/?cat=13"},"img":{"alt_text":"","src":"https:\/\/i0.wp.com\/historiografija.hr\/wp-content\/uploads\/2026\/04\/M-Guerre.png?fit=702%2C1006&ssl=1&resize=350%2C200","width":350,"height":200,"srcset":"https:\/\/i0.wp.com\/historiografija.hr\/wp-content\/uploads\/2026\/04\/M-Guerre.png?fit=702%2C1006&ssl=1&resize=350%2C200 1x, https:\/\/i0.wp.com\/historiografija.hr\/wp-content\/uploads\/2026\/04\/M-Guerre.png?fit=702%2C1006&ssl=1&resize=525%2C300 1.5x, https:\/\/i0.wp.com\/historiografija.hr\/wp-content\/uploads\/2026\/04\/M-Guerre.png?fit=702%2C1006&ssl=1&resize=700%2C400 2x"},"classes":[]},{"id":52660,"url":"https:\/\/historiografija.hr\/?p=52660","url_meta":{"origin":14169,"position":5},"title":"Medijski odjeci \u010dlanka Steve \u0110ura\u0161kovi\u0107a \u201e\u017dupanovljeva ne\u017eeljena djeca: ideolo\u0161ko pribli\u017eavanje neoliberala i kr\u0161\u0107anske radikalne desnice u Hrvatskoj\u201c","author":"Branimir Jankovi\u0107","date":"24. travnja 2026.","format":false,"excerpt":"U sklopu projekta \u201eIzazovi intelektualne povijesti: recepcije, preobrazbe i upotrebe politi\u010dkih ideja\u201c objavljen je polemi\u010dki \u010dlanak Steve \u0110ura\u0161kovi\u0107a \u201e\u017dupanovljeva ne\u017eeljena djeca: ideolo\u0161ko pribli\u017eavanje neoliberala i kr\u0161\u0107anske radikalne desnice u Hrvatskoj\u201c, koji je izazvao odre\u0111ene medijske reakcije. Stevo \u0110ura\u0161kovi\u0107 \u017dupanovljeva ne\u017eeljena djeca: ideolo\u0161ko pribli\u017eavanje neoliberala i kr\u0161\u0107anske radikalne desnice u Hrvatskoj\u2026","rel":"","context":"U &quot;Novosti&quot;","block_context":{"text":"Novosti","link":"https:\/\/historiografija.hr\/?cat=3"},"img":{"alt_text":"","src":"https:\/\/i0.wp.com\/historiografija.hr\/wp-content\/uploads\/2026\/04\/SD.png?fit=809%2C821&ssl=1&resize=350%2C200","width":350,"height":200,"srcset":"https:\/\/i0.wp.com\/historiografija.hr\/wp-content\/uploads\/2026\/04\/SD.png?fit=809%2C821&ssl=1&resize=350%2C200 1x, https:\/\/i0.wp.com\/historiografija.hr\/wp-content\/uploads\/2026\/04\/SD.png?fit=809%2C821&ssl=1&resize=525%2C300 1.5x, https:\/\/i0.wp.com\/historiografija.hr\/wp-content\/uploads\/2026\/04\/SD.png?fit=809%2C821&ssl=1&resize=700%2C400 2x"},"classes":[]}],"_links":{"self":[{"href":"https:\/\/historiografija.hr\/index.php?rest_route=\/wp\/v2\/posts\/14169","targetHints":{"allow":["GET"]}}],"collection":[{"href":"https:\/\/historiografija.hr\/index.php?rest_route=\/wp\/v2\/posts"}],"about":[{"href":"https:\/\/historiografija.hr\/index.php?rest_route=\/wp\/v2\/types\/post"}],"author":[{"embeddable":true,"href":"https:\/\/historiografija.hr\/index.php?rest_route=\/wp\/v2\/users\/2"}],"replies":[{"embeddable":true,"href":"https:\/\/historiografija.hr\/index.php?rest_route=%2Fwp%2Fv2%2Fcomments&post=14169"}],"version-history":[{"count":5,"href":"https:\/\/historiografija.hr\/index.php?rest_route=\/wp\/v2\/posts\/14169\/revisions"}],"predecessor-version":[{"id":14176,"href":"https:\/\/historiografija.hr\/index.php?rest_route=\/wp\/v2\/posts\/14169\/revisions\/14176"}],"wp:featuredmedia":[{"embeddable":true,"href":"https:\/\/historiografija.hr\/index.php?rest_route=\/wp\/v2\/media\/14171"}],"wp:attachment":[{"href":"https:\/\/historiografija.hr\/index.php?rest_route=%2Fwp%2Fv2%2Fmedia&parent=14169"}],"wp:term":[{"taxonomy":"category","embeddable":true,"href":"https:\/\/historiografija.hr\/index.php?rest_route=%2Fwp%2Fv2%2Fcategories&post=14169"},{"taxonomy":"post_tag","embeddable":true,"href":"https:\/\/historiografija.hr\/index.php?rest_route=%2Fwp%2Fv2%2Ftags&post=14169"}],"curies":[{"name":"wp","href":"https:\/\/api.w.org\/{rel}","templated":true}]}}