{"id":14102,"date":"2019-03-19T18:31:53","date_gmt":"2019-03-19T18:31:53","guid":{"rendered":"http:\/\/historiografija.hr\/?p=14102"},"modified":"2019-03-19T18:31:53","modified_gmt":"2019-03-19T18:31:53","slug":"symposium-tod-und-krise-totenfursorge-und-bestattungspraktiken-im-langen-19-jahrhundert","status":"publish","type":"post","link":"https:\/\/historiografija.hr\/?p=14102","title":{"rendered":"Symposium \u201eTod und Krise. Totenf\u00fcrsorge und Bestattungspraktiken im langen 19. Jahrhundert\u201c"},"content":{"rendered":"<p>U Berlinu se od 19. do 21. o\u017eujka 2019. godine odr\u017eava (studentski) simpozij o povijesti smrti u dugom 19. stolje\u0107u, koji mo\u017ee biti zanimljiv povjesni\u010darima i povjesni\u010darkama u Hrvatskoj koji se bave tim podru\u010djem.<\/p>\n<p>&nbsp;<\/p>\n<p>&#8212;<\/p>\n<p>&nbsp;<\/p>\n<p>Als existentieller Bestandteil des Lebens ist der Tod in allen Gesellschaften allgegenw\u00e4rtig und prinzipiell unumg\u00e4nglich. Der praktische Umgang mit Toten ist dabei zwar stark von Traditionen gepr\u00e4gt, jedoch zeichnet sich f\u00fcr das 19. Jahrhundert ein kultureller Wandel bez\u00fcglich der Totenf\u00fcrsorge und der Bestattungspraktiken ab. Medizinische Entwicklungen, technische Innovationen und zunehmende Institutionalisierung vor dem Hintergrund steigender Urbanisierung nahmen erheblichen Einfluss auf die Bestattungskultur(en). Neben langfristigen Entwicklungen zeigten sich auch Krisen im Kontext von Sterben und Tod als Antrieb f\u00fcr innovative Praktiken. In dem Studierenden-Symposium wird es somit um die Frage gehen, wie sich Krisen \u2013 beispielsweise ausgel\u00f6st durch Epidemien, politische Unruhen oder Krieg \u2013 auf den praktischen Umgang mit Toten im langen 19. Jahrhundert auswirkten.<\/p>\n<p>&nbsp;<\/p>\n<p>&nbsp;<\/p>\n<p>Programm<\/p>\n<p>&nbsp;<\/p>\n<p>VORL\u00c4UFIGES PROGRAMM<\/p>\n<p>&nbsp;<\/p>\n<p>DIENSTAG, 19. M\u00c4RZ 2019<\/p>\n<p>&nbsp;<\/p>\n<p>14:30\/15:00 Uhr \u2013 16:00 Uhr Spaziergang und F\u00fchrung \u00fcber den Dorotheenst\u00e4dtischen Friedhof<\/p>\n<p>&nbsp;<\/p>\n<p>18:00 Uhr Er\u00f6ffnung durch die Veranstalterinnen Nina Kreibig (HU), Anja Maria Hamann (HU), Katja Wolgast (UP)<\/p>\n<p>&nbsp;<\/p>\n<p>18:10 Uhr Gru\u00dfwort der Humboldt-Universit\u00e4tsgesellschaft<\/p>\n<p>&nbsp;<\/p>\n<p>18:20 Uhr Gru\u00dfwort Juliane Uhl von der FUNUS Stiftung<\/p>\n<p>&nbsp;<\/p>\n<p>18:30 Uhr Gru\u00dfwort Jutta v. Zitzewitz von der Stiftung Deutsche Bestattungskultur<\/p>\n<p>&nbsp;<\/p>\n<p>18:40 Uhr Dominik Gro\u00df<\/p>\n<p>Bestattungspraktiken in der Neuzeit \u2013 Krisen und Paradigmenwechsel<\/p>\n<p>&nbsp;<\/p>\n<p>19:30 Uhr Abschlussdiskussion<\/p>\n<p>&nbsp;<\/p>\n<p>Mittwoch, 20. M\u00e4rz 2019<\/p>\n<p>&nbsp;<\/p>\n<p>10:00 \u2013 10:50 Uhr Gesine Nebe (Halle)<\/p>\n<p>Kindheitsentwurf und Thanatopraxis am Beginn des 19. Jahrhunderts. \u00dcberlegungen am Beispiel der Romanfigur Hanno Buddenbrook (T. Mann: Buddenbrooks)<\/p>\n<p>&nbsp;<\/p>\n<p>10:50 \u2013 11:40 Uhr Anita Henneberger (Magdeburg)<\/p>\n<p>Kindsbestattungen im Spannungsfeld von Tradition, aufgekl\u00e4rtem Reformgeist und Krisenbewusstsein am Ende des 18. Jahrhunderts. Die Kinder des F\u00fcrstenpaares Carl August und Luise von Sachsen-Weimar-Eisenach<\/p>\n<p>&nbsp;<\/p>\n<p>11:40 \u2013 12:30 Uhr Laila Baur (Heidelberg)<\/p>\n<p>In Zeiten der Krise. Die adlige Trauerkultur und ihre G\u00fcter im \u00bblangen 19. Jahrhundert\u00ab<\/p>\n<p>&nbsp;<\/p>\n<p>12:30 \u2013 13:30 Uhr Mittagspause<\/p>\n<p>&nbsp;<\/p>\n<p>13:30 \u2013 14:20 Uhr Nikola Burkhardt und Fabian Dombrowski (Berlin)<\/p>\n<p>Von Probsttod und Mordkreuzen. Erz\u00e4hlungen \u00fcber Nikolaus von Bernaus Hinrichtung(en) im 19.Jahrhundert<\/p>\n<p>&nbsp;<\/p>\n<p>14:20 \u2013 15:10 Uhr Mois\u00e9s Prieto (Bern)<\/p>\n<p>\u00bbDieser ist auch f\u00fcr\u2019s Vaterland gestorben\u00ab. Tod und Gedenken in den Nachwehen des schweizerischen Sonderbundskrieges (1847 \/ 48)<\/p>\n<p>&nbsp;<\/p>\n<p>15:10 \u2013 15:40 Uhr Kaffeepause<\/p>\n<p>&nbsp;<\/p>\n<p>15:40 \u2013 16:30 Uhr Katja Wolgast (Potsdam)<\/p>\n<p>Von Kremationspoesie und Leichenraub: Zur Verarbeitung von Krisenthemen im Organ des Berliner Vereins f\u00fcr Feuerbestattung Die Flamme (1884 \u2013 1918)<\/p>\n<p>&nbsp;<\/p>\n<p>16:30 \u2013 17:20 Uhr Lunch &amp; Lecture<\/p>\n<p>\u00dcber den Tod sprechen \u2013 Juliane Uhl \u00fcber \u00d6ffentlichkeitsarbeit f\u00fcr den Tod.<\/p>\n<p>(Autorin des Buchs \u00bb3 Liter Tod\u00ab und Redakteurin des Magazins) \u00bbDRUNTER &amp; DR\u00dcBER\u00ab<\/p>\n<p>&nbsp;<\/p>\n<p>DONNERSTAG, 21. M\u00c4RZ 2019<\/p>\n<p>&nbsp;<\/p>\n<p>10:00 \u2013 10:50 Uhr Jonas Milde (Berlin)<\/p>\n<p>Tod nach Lehrbuch? Die Ausbildung des evangelischen Pfarrernachwuchses im 19. Jahrhundert im Hinblick auf Tod und Bestattung<\/p>\n<p>&nbsp;<\/p>\n<p>10:50 \u2013 11:40 Uhr Anja Maria Hamann (Berlin)<\/p>\n<p>\u00bbWas man da sieht, spottet jeder Beschreibung.\u00ab Institutionen in der Krise. Kranken- und Leichenh\u00e4user w\u00e4hrend der Cholera-Epidemie in Hamburg 1892<\/p>\n<p>&nbsp;<\/p>\n<p>11:40 \u2013 12:30 Uhr Nina Kreibig (Berlin)<\/p>\n<p>Sterben in Uniform. \u00dcber die Unsicherheit der Todesfeststellung im Kriegskontext des 19. Jahrhunderts<\/p>\n<p>&nbsp;<\/p>\n<p>12:30 \u2013 13:30 Uhr Mittagspause<\/p>\n<p>&nbsp;<\/p>\n<p>13:30 \u2013 14:20 Uhr Jan-Martin Zollitsch (Berlin)<\/p>\n<p>Von Idealisierung und Abnutzung \u2013 Zum Umgang mit toten Soldaten im Ersten Weltkrieg<\/p>\n<p>&nbsp;<\/p>\n<p>14:20 \u2013 15:10 Uhr Abschlussdiskussion<\/p>\n<p>&nbsp;<\/p>\n<p><a href=\"https:\/\/www.hsozkult.de\/event\/id\/termine-39580\">https:\/\/www.hsozkult.de\/event\/id\/termine-39580<\/a><\/p>\n<p>&nbsp;<\/p>\n","protected":false},"excerpt":{"rendered":"","protected":false},"author":2,"featured_media":14103,"comment_status":"open","ping_status":"open","sticky":false,"template":"","format":"standard","meta":{"_acf_changed":false,"jetpack_post_was_ever_published":false,"_jetpack_newsletter_access":"","_jetpack_dont_email_post_to_subs":false,"_jetpack_newsletter_tier_id":0,"_jetpack_memberships_contains_paywalled_content":false,"_jetpack_memberships_contains_paid_content":false,"footnotes":"","jetpack_publicize_message":"","jetpack_publicize_feature_enabled":true,"jetpack_social_post_already_shared":true,"jetpack_social_options":{"image_generator_settings":{"template":"highway","default_image_id":0,"font":"","enabled":false},"version":2}},"categories":[3,9],"tags":[],"class_list":["post-14102","post","type-post","status-publish","format-standard","has-post-thumbnail","hentry","category-novosti","category-skupovi"],"acf":{"facebook_opis":""},"jetpack_publicize_connections":[],"jetpack_featured_media_url":"https:\/\/i0.wp.com\/historiografija.hr\/wp-content\/uploads\/2019\/03\/Todt.jpg?fit=526%2C276&ssl=1","jetpack_sharing_enabled":true,"jetpack-related-posts":[{"id":52528,"url":"https:\/\/historiografija.hr\/?p=52528","url_meta":{"origin":14102,"position":0},"title":"[Promocija knjige] Banja Luka u ratu: Etnopolitika i svakodnevica (1990\u20131995) (ActiveLab, YugoLab)","author":"Branimir Jankovi\u0107","date":"17. travnja 2026.","format":false,"excerpt":"Institut za filozofiju i dru\u0161tvenu teoriju i O\u0161tra Nula organizuju promociju knjige Banja Luka u ratu: Etnopolitika i svakodnevica (1990\u20131995) autorke Armine Galija\u0161, koja \u0107e se odr\u017eati 20. aprila 2026. u 12.00 sati u prostorijama Instituta (Kraljice Natalije 45, Beograd). Re\u010d je o prvom nau\u010dno utemeljenom i sistematskom radu koji\u2026","rel":"","context":"U &quot;Novosti&quot;","block_context":{"text":"Novosti","link":"https:\/\/historiografija.hr\/?cat=3"},"img":{"alt_text":"","src":"https:\/\/i0.wp.com\/historiografija.hr\/wp-content\/uploads\/2026\/04\/20-april-RS.jpg?fit=1200%2C675&ssl=1&resize=350%2C200","width":350,"height":200,"srcset":"https:\/\/i0.wp.com\/historiografija.hr\/wp-content\/uploads\/2026\/04\/20-april-RS.jpg?fit=1200%2C675&ssl=1&resize=350%2C200 1x, https:\/\/i0.wp.com\/historiografija.hr\/wp-content\/uploads\/2026\/04\/20-april-RS.jpg?fit=1200%2C675&ssl=1&resize=525%2C300 1.5x, https:\/\/i0.wp.com\/historiografija.hr\/wp-content\/uploads\/2026\/04\/20-april-RS.jpg?fit=1200%2C675&ssl=1&resize=700%2C400 2x, https:\/\/i0.wp.com\/historiografija.hr\/wp-content\/uploads\/2026\/04\/20-april-RS.jpg?fit=1200%2C675&ssl=1&resize=1050%2C600 3x"},"classes":[]},{"id":52536,"url":"https:\/\/historiografija.hr\/?p=52536","url_meta":{"origin":14102,"position":1},"title":"Kader Abdolah, \u201ePrije nego \u0161to bude kasno\u201c","author":"Branimir Jankovi\u0107","date":"20. travnja 2026.","format":false,"excerpt":"Kader Abdolah \u017eeli se vratiti ku\u0107i. Ali povratak je nemogu\u0107: u Iranu bi bio uhap\u0161en. Pod la\u017enim imenom i s krivotvorenim paso\u0161em ipak uspijeva u\u0107i u domovinu i sti\u017ee do roditeljske ku\u0107e, visoko u planinama. Majka ga ne prepoznaje, otac je mrtav, a sve \u0161to je tra\u017eio izmi\u010de mu pred\u2026","rel":"","context":"U &quot;Novosti&quot;","block_context":{"text":"Novosti","link":"https:\/\/historiografija.hr\/?cat=3"},"img":{"alt_text":"","src":"https:\/\/i0.wp.com\/historiografija.hr\/wp-content\/uploads\/2026\/04\/Prije-nego-sto-bude-kasno.webp?fit=566%2C872&ssl=1&resize=350%2C200","width":350,"height":200,"srcset":"https:\/\/i0.wp.com\/historiografija.hr\/wp-content\/uploads\/2026\/04\/Prije-nego-sto-bude-kasno.webp?fit=566%2C872&ssl=1&resize=350%2C200 1x, https:\/\/i0.wp.com\/historiografija.hr\/wp-content\/uploads\/2026\/04\/Prije-nego-sto-bude-kasno.webp?fit=566%2C872&ssl=1&resize=525%2C300 1.5x"},"classes":[]},{"id":52660,"url":"https:\/\/historiografija.hr\/?p=52660","url_meta":{"origin":14102,"position":2},"title":"Medijski odjeci \u010dlanka Steve \u0110ura\u0161kovi\u0107a \u201e\u017dupanovljeva ne\u017eeljena djeca: ideolo\u0161ko pribli\u017eavanje neoliberala i kr\u0161\u0107anske radikalne desnice u Hrvatskoj\u201c","author":"Branimir Jankovi\u0107","date":"24. travnja 2026.","format":false,"excerpt":"U sklopu projekta \u201eIzazovi intelektualne povijesti: recepcije, preobrazbe i upotrebe politi\u010dkih ideja\u201c objavljen je polemi\u010dki \u010dlanak Steve \u0110ura\u0161kovi\u0107a \u201e\u017dupanovljeva ne\u017eeljena djeca: ideolo\u0161ko pribli\u017eavanje neoliberala i kr\u0161\u0107anske radikalne desnice u Hrvatskoj\u201c, koji je izazvao odre\u0111ene medijske reakcije. Stevo \u0110ura\u0161kovi\u0107 \u017dupanovljeva ne\u017eeljena djeca: ideolo\u0161ko pribli\u017eavanje neoliberala i kr\u0161\u0107anske radikalne desnice u Hrvatskoj\u2026","rel":"","context":"U &quot;Novosti&quot;","block_context":{"text":"Novosti","link":"https:\/\/historiografija.hr\/?cat=3"},"img":{"alt_text":"","src":"https:\/\/i0.wp.com\/historiografija.hr\/wp-content\/uploads\/2026\/04\/SD.png?fit=809%2C821&ssl=1&resize=350%2C200","width":350,"height":200,"srcset":"https:\/\/i0.wp.com\/historiografija.hr\/wp-content\/uploads\/2026\/04\/SD.png?fit=809%2C821&ssl=1&resize=350%2C200 1x, https:\/\/i0.wp.com\/historiografija.hr\/wp-content\/uploads\/2026\/04\/SD.png?fit=809%2C821&ssl=1&resize=525%2C300 1.5x, https:\/\/i0.wp.com\/historiografija.hr\/wp-content\/uploads\/2026\/04\/SD.png?fit=809%2C821&ssl=1&resize=700%2C400 2x"},"classes":[]},{"id":52578,"url":"https:\/\/historiografija.hr\/?p=52578","url_meta":{"origin":14102,"position":3},"title":"Poziv za sudjelovanje: XXII. Dani Julija Bene\u0161i\u0107a u Iloku","author":"Branimir Jankovi\u0107","date":"21. travnja 2026.","format":false,"excerpt":"Zavod za lingvisti\u010dka istra\u017eivanja Hrvatske akademije znanosti i umjetnosti, zajedno s Muzejom grada Iloka, organizira XXII. Dane Julija Bene\u0161i\u0107a, koji \u0107e se odr\u017eati od 28. do 30. listopada 2026. u Iloku.\u00a0Teme ovogodi\u0161njih Dana podijeljene su u dvije cjeline: Knji\u017eevno-jezikoslovni d\u00ecv\u0101n s Bene\u0161i\u0107em te Ilok i Srijem u povijesnim stalnicama i\u2026","rel":"","context":"U &quot;Novosti&quot;","block_context":{"text":"Novosti","link":"https:\/\/historiografija.hr\/?cat=3"},"img":{"alt_text":"","src":"https:\/\/i0.wp.com\/historiografija.hr\/wp-content\/uploads\/2019\/10\/HE2_Benesic.jpg?fit=413%2C591&ssl=1&resize=350%2C200","width":350,"height":200},"classes":[]},{"id":52543,"url":"https:\/\/historiografija.hr\/?p=52543","url_meta":{"origin":14102,"position":4},"title":"Znanstveno-stru\u010dni skup \u201eOto\u010dne pu\u010dke pobo\u017enosti: kontinuiteti i transformacije\u201c","author":"Branimir Jankovi\u0107","date":"20. travnja 2026.","format":false,"excerpt":"Najavljujemo\u00a0znanstveno-stru\u010dni skup \u201eOto\u010dne pu\u010dke pobo\u017enosti: kontinuiteti i transformacije\u201c,\u00a0koji \u0107e se odr\u017eati\u00a0u Rabu od 24. do 26. travnja 2026.,\u00a0u organizaciji i uz potporu\u00a0Instituta za etnologiju i folkloristiku, Zagreb, \u00a0Grada Raba, Pu\u010dkog otvorenog u\u010dili\u0161ta Rab i Centra za istra\u017eivanje srednjovjekovne ba\u0161tine Jadrana RIMAH. Skup okuplja vode\u0107e doma\u0107e stru\u010dnjake koji \u0107e kroz niz\u2026","rel":"","context":"U &quot;Novosti&quot;","block_context":{"text":"Novosti","link":"https:\/\/historiografija.hr\/?cat=3"},"img":{"alt_text":"","src":"https:\/\/i0.wp.com\/historiografija.hr\/wp-content\/uploads\/2026\/04\/Skup_Rab.jpg?fit=848%2C1200&ssl=1&resize=350%2C200","width":350,"height":200,"srcset":"https:\/\/i0.wp.com\/historiografija.hr\/wp-content\/uploads\/2026\/04\/Skup_Rab.jpg?fit=848%2C1200&ssl=1&resize=350%2C200 1x, https:\/\/i0.wp.com\/historiografija.hr\/wp-content\/uploads\/2026\/04\/Skup_Rab.jpg?fit=848%2C1200&ssl=1&resize=525%2C300 1.5x, https:\/\/i0.wp.com\/historiografija.hr\/wp-content\/uploads\/2026\/04\/Skup_Rab.jpg?fit=848%2C1200&ssl=1&resize=700%2C400 2x"},"classes":[]},{"id":52619,"url":"https:\/\/historiografija.hr\/?p=52619","url_meta":{"origin":14102,"position":5},"title":"Predavanje \u0110ur\u0111ice Vitkovi\u0107 &#8220;Izme\u0111u pera i objektiva: Zagorka i Foto Tonka&#8221;","author":"Branimir Jankovi\u0107","date":"23. travnja 2026.","format":false,"excerpt":"Memorijalni stan Marije Juri\u0107 Zagorke poziva Vas na predavanje \u0110ur\u0111ice Vitkovi\u0107 \u201eIzme\u0111u pera i objektiva: Zagorka i Foto Tonka\u201c koje \u0107e se odr\u017eati u utorak, 28. travnja 2026. s po\u010detkom u 18 h u sklopu Ciklusa predavanja u Memorijalnom stanu Marije Juri\u0107 Zagorke. Kako su se susrele knji\u017eevnost i fotografija\u2026","rel":"","context":"U &quot;Novosti&quot;","block_context":{"text":"Novosti","link":"https:\/\/historiografija.hr\/?cat=3"},"img":{"alt_text":"","src":"https:\/\/i0.wp.com\/historiografija.hr\/wp-content\/uploads\/2024\/11\/Zagorka_ciklus.jpg?fit=1200%2C1006&ssl=1&resize=350%2C200","width":350,"height":200,"srcset":"https:\/\/i0.wp.com\/historiografija.hr\/wp-content\/uploads\/2024\/11\/Zagorka_ciklus.jpg?fit=1200%2C1006&ssl=1&resize=350%2C200 1x, https:\/\/i0.wp.com\/historiografija.hr\/wp-content\/uploads\/2024\/11\/Zagorka_ciklus.jpg?fit=1200%2C1006&ssl=1&resize=525%2C300 1.5x, https:\/\/i0.wp.com\/historiografija.hr\/wp-content\/uploads\/2024\/11\/Zagorka_ciklus.jpg?fit=1200%2C1006&ssl=1&resize=700%2C400 2x, https:\/\/i0.wp.com\/historiografija.hr\/wp-content\/uploads\/2024\/11\/Zagorka_ciklus.jpg?fit=1200%2C1006&ssl=1&resize=1050%2C600 3x"},"classes":[]}],"_links":{"self":[{"href":"https:\/\/historiografija.hr\/index.php?rest_route=\/wp\/v2\/posts\/14102","targetHints":{"allow":["GET"]}}],"collection":[{"href":"https:\/\/historiografija.hr\/index.php?rest_route=\/wp\/v2\/posts"}],"about":[{"href":"https:\/\/historiografija.hr\/index.php?rest_route=\/wp\/v2\/types\/post"}],"author":[{"embeddable":true,"href":"https:\/\/historiografija.hr\/index.php?rest_route=\/wp\/v2\/users\/2"}],"replies":[{"embeddable":true,"href":"https:\/\/historiografija.hr\/index.php?rest_route=%2Fwp%2Fv2%2Fcomments&post=14102"}],"version-history":[{"count":1,"href":"https:\/\/historiografija.hr\/index.php?rest_route=\/wp\/v2\/posts\/14102\/revisions"}],"predecessor-version":[{"id":14104,"href":"https:\/\/historiografija.hr\/index.php?rest_route=\/wp\/v2\/posts\/14102\/revisions\/14104"}],"wp:featuredmedia":[{"embeddable":true,"href":"https:\/\/historiografija.hr\/index.php?rest_route=\/wp\/v2\/media\/14103"}],"wp:attachment":[{"href":"https:\/\/historiografija.hr\/index.php?rest_route=%2Fwp%2Fv2%2Fmedia&parent=14102"}],"wp:term":[{"taxonomy":"category","embeddable":true,"href":"https:\/\/historiografija.hr\/index.php?rest_route=%2Fwp%2Fv2%2Fcategories&post=14102"},{"taxonomy":"post_tag","embeddable":true,"href":"https:\/\/historiografija.hr\/index.php?rest_route=%2Fwp%2Fv2%2Ftags&post=14102"}],"curies":[{"name":"wp","href":"https:\/\/api.w.org\/{rel}","templated":true}]}}