{"id":14057,"date":"2019-03-15T10:46:50","date_gmt":"2019-03-15T10:46:50","guid":{"rendered":"http:\/\/historiografija.hr\/?p=14057"},"modified":"2019-03-15T10:49:31","modified_gmt":"2019-03-15T10:49:31","slug":"how-to-write-history-meeting-of-young-historians-ix-kosice-16-17-october-2019","status":"publish","type":"post","link":"https:\/\/historiografija.hr\/?p=14057","title":{"rendered":"How to write history? \u2013 Meeting of Young Historians IX (Ko\u0161ice, 16-17 October 2019)"},"content":{"rendered":"<p>Regarding the changes in historiography, Georg Iggers in his book Historiography in the Twentieth Century: From Scientific Objectivity to the Postmodern Challenge wrote that the concept of truth, and with it the duty of the historian to avoid falsification and to reveal thoughts, remains a firm part of the historiographic practice. As he adds, a professionally trained historian must continue to work critically with the sources, as it is the only way how to achieve a historical reality. (Iggers, 1997). The above words do not necessarily apply only to the field of historiography, but also directly address the theoretical-methodological questions of the historian&#8217;s research or ethics. Today&#8217;s historical science is not satisfied only with a positive and descriptive approach. The conceptualization and definition of the theoretical and methodological origins have gradually become an elementary precondition for historical research. Slovak historical science has experienced a specific development. Until 1989 it was dominated by a significant selectivity of the themes with the domain of chosen aspects of political and economic history. Nowadays, one of the most recent challenges is the theme of theoretical and methodological approaches to historical research. In today&#8217;s and current discourse, the issue of the ethics of the historian&#8217;s work, whether we are talking about work with primary or secondary sources, comes to the fore. Sufficient theoretical and methodological preparation of historians associated with the correct treatment of the sources should guarantee an objective interpretation of history.<\/p>\n<p>&nbsp;<\/p>\n<p>The conference of the Department of History of the Faculty of Arts of Pavol Jozef \u0160af\u00e1rik University &#8211; Meeting of Young Historians IX- will also be devoted to the problems mentioned above. As an incoming generation of historians, we would like to open the question of &#8220;how to write history today&#8221; and to share our experience. The organizers of the conference are therefore pleased to welcome contributions whose aim is to answer the following questions:<\/p>\n<p>&nbsp;<\/p>\n<p>&#8211; Why and how to choose appropriate approaches to study specific research topics? Does the chosen method affect results of the research? How do the methodological procedures vary according to the period studied by the historian? To what extent is the current historian informed in the theoretical-methodological spectrum?<\/p>\n<p>&nbsp;<\/p>\n<p>&#8211; What role does cooperation with other science disciplines play in historian\u2019s work? Is it possible to write history without going beyond historical research into other disciplines? Is the interdisciplinary approach the key to historical science to continue to exist?<\/p>\n<p>&nbsp;<\/p>\n<p>&#8211; How to perceive the role of historian in the society? How does the historian work with sources? Why is the question of ethics of the historian&#8217;s work so important? How to prevent the misuse of sources? Can it be discovered?<\/p>\n<p>&nbsp;<\/p>\n<p>&#8211; What influences the process of writing the history and what limitations do historians struggle with in this process? What sense does the historian&#8217;s work have for the society?<\/p>\n<p>&nbsp;<\/p>\n<p>Application deadline: 16 June 2019<\/p>\n<p>Paper submission deadline: 31 August 2019<\/p>\n<p>Lenght of contribution: 15 normpages, more information will be sent to invited participants<\/p>\n<p>Conference languages: Slovak, Czech, English<\/p>\n<p>Conference fee: 20\u20ac<\/p>\n<p>Venue: Rectorate Building UPJ\u0160, \u0160rob\u00e1rova 2, 040 01 Ko\u0161ice, Slovakia<\/p>\n<p>Application available at: <a href=\"https:\/\/www.upjs.sk\/en\/faculty-of-arts\/department-of-history\/9569\/\">https:\/\/www.upjs.sk\/en\/faculty-of-arts\/department-of-history\/9569\/<\/a><\/p>\n<p>Contact: smh@gmail.com, katarina.hromulakova@gmail.com<\/p>\n<p>&nbsp;<\/p>\n<p><a href=\"https:\/\/www.hsozkult.de\/event\/id\/termine-39712\">https:\/\/www.hsozkult.de\/event\/id\/termine-39712<\/a><\/p>\n<p>&nbsp;<\/p>\n<p>&nbsp;<\/p>\n","protected":false},"excerpt":{"rendered":"","protected":false},"author":2,"featured_media":14060,"comment_status":"open","ping_status":"open","sticky":false,"template":"","format":"standard","meta":{"_acf_changed":false,"jetpack_post_was_ever_published":false,"_jetpack_newsletter_access":"","_jetpack_dont_email_post_to_subs":false,"_jetpack_newsletter_tier_id":0,"_jetpack_memberships_contains_paywalled_content":false,"_jetpack_memberships_contains_paid_content":false,"footnotes":"","jetpack_publicize_message":"","jetpack_publicize_feature_enabled":true,"jetpack_social_post_already_shared":true,"jetpack_social_options":{"image_generator_settings":{"template":"highway","default_image_id":0,"font":"","enabled":false},"version":2}},"categories":[3,9],"tags":[],"class_list":["post-14057","post","type-post","status-publish","format-standard","has-post-thumbnail","hentry","category-novosti","category-skupovi"],"acf":{"facebook_opis":""},"jetpack_publicize_connections":[],"jetpack_featured_media_url":"https:\/\/i0.wp.com\/historiografija.hr\/wp-content\/uploads\/2019\/03\/Logo-UPJS.png?fit=719%2C719&ssl=1","jetpack_sharing_enabled":true,"jetpack-related-posts":[{"id":52664,"url":"https:\/\/historiografija.hr\/?p=52664","url_meta":{"origin":14057,"position":0},"title":"CfP: CONFERENCE OF THE HISTORY OF CONCEPTS GROUP, HELSINKI, 19TH\u201321ST AUGUST 2026 (DEADLINE: 30TH APRIL 2026)","author":"Branimir Jankovi\u0107","date":"24. travnja 2026.","format":false,"excerpt":"The annual conference of the History of Concepts Group is held at the University of Helsinki, 19-21 August 2026. Conference of the History of Concepts Group Conceptual history studies the use of concepts and tries to understand how historical actors have linguistically articulated views of the world. Studying concepts from\u2026","rel":"","context":"U &quot;Novosti&quot;","block_context":{"text":"Novosti","link":"https:\/\/historiografija.hr\/?cat=3"},"img":{"alt_text":"","src":"https:\/\/i0.wp.com\/historiografija.hr\/wp-content\/uploads\/2017\/10\/hsozkult.png?fit=1006%2C241&ssl=1&resize=350%2C200","width":350,"height":200,"srcset":"https:\/\/i0.wp.com\/historiografija.hr\/wp-content\/uploads\/2017\/10\/hsozkult.png?fit=1006%2C241&ssl=1&resize=350%2C200 1x, https:\/\/i0.wp.com\/historiografija.hr\/wp-content\/uploads\/2017\/10\/hsozkult.png?fit=1006%2C241&ssl=1&resize=525%2C300 1.5x, https:\/\/i0.wp.com\/historiografija.hr\/wp-content\/uploads\/2017\/10\/hsozkult.png?fit=1006%2C241&ssl=1&resize=700%2C400 2x"},"classes":[]},{"id":52641,"url":"https:\/\/historiografija.hr\/?p=52641","url_meta":{"origin":14057,"position":1},"title":"CfP: WHO OWNS THE PAST? VERNACULAR MEMORY, STATE MEMORY, AND THE POLITICS OF OWNERSHIP","author":"Branimir Jankovi\u0107","date":"24. travnja 2026.","format":false,"excerpt":"VIENNA, 31ST AUGUST\u20133RD SEPTEMBER 2026 (DEADLINE: 24TH APRIL 2026) The Center for Austrian Studies at the European Forum at the Hebrew University and the Austrian Academy of Sciences\/Institute of Culture Studies invite early postdocs, PhD candidates, and advanced Master\u2019s students from the Hebrew University of Jerusalem and universities and academic\u2026","rel":"","context":"U &quot;Novosti&quot;","block_context":{"text":"Novosti","link":"https:\/\/historiografija.hr\/?cat=3"},"img":{"alt_text":"","src":"https:\/\/i0.wp.com\/historiografija.hr\/wp-content\/uploads\/2017\/10\/hsozkult.png?fit=1006%2C241&ssl=1&resize=350%2C200","width":350,"height":200,"srcset":"https:\/\/i0.wp.com\/historiografija.hr\/wp-content\/uploads\/2017\/10\/hsozkult.png?fit=1006%2C241&ssl=1&resize=350%2C200 1x, https:\/\/i0.wp.com\/historiografija.hr\/wp-content\/uploads\/2017\/10\/hsozkult.png?fit=1006%2C241&ssl=1&resize=525%2C300 1.5x, https:\/\/i0.wp.com\/historiografija.hr\/wp-content\/uploads\/2017\/10\/hsozkult.png?fit=1006%2C241&ssl=1&resize=700%2C400 2x"},"classes":[]},{"id":52516,"url":"https:\/\/historiografija.hr\/?p=52516","url_meta":{"origin":14057,"position":2},"title":"Marko Grde\u0161i\u0107, Mislav \u017ditko, \u201eSocialist Economics in Yugoslavia: A Critical History\u201c","author":"Branimir Jankovi\u0107","date":"17. travnja 2026.","format":false,"excerpt":"This book presents a critical history of Yugoslav socialist economics, from its inception in the late 1940s to its dissolution in the late 1980s. After the dramatic break with the Soviet Union in 1948, Yugoslavia found itself in urgent need of a third way: A socialist trajectory which would not\u2026","rel":"","context":"U &quot;Knjige&quot;","block_context":{"text":"Knjige","link":"https:\/\/historiografija.hr\/?cat=8"},"img":{"alt_text":"","src":"https:\/\/i0.wp.com\/historiografija.hr\/wp-content\/uploads\/2026\/04\/Zitko_Grdesic.jpg?fit=350%2C535&ssl=1&resize=350%2C200","width":350,"height":200},"classes":[]},{"id":52531,"url":"https:\/\/historiografija.hr\/?p=52531","url_meta":{"origin":14057,"position":3},"title":"Jonathan G. Leslie, \u201eFear and Insecurity: Israel and the Iran Threat Narrative\u201c","author":"Branimir Jankovi\u0107","date":"17. travnja 2026.","format":false,"excerpt":"Why is Israel\u2019s former ally Iran now perceived as the country\u2019s greatest threat? Description To observers of the Iran-Israel conflict, its vitriolic rhetoric might suggest an ancient hatred between Jews and Muslims\u2013a biblical feud dating back hundreds, or thousands, of years. But this rivalry is a far more modern development.\u2026","rel":"","context":"U &quot;Knjige&quot;","block_context":{"text":"Knjige","link":"https:\/\/historiografija.hr\/?cat=8"},"img":{"alt_text":"","src":"https:\/\/i0.wp.com\/historiografija.hr\/wp-content\/uploads\/2026\/04\/Leslie.jpg?fit=391%2C612&ssl=1&resize=350%2C200","width":350,"height":200},"classes":[]},{"id":52586,"url":"https:\/\/historiografija.hr\/?p=52586","url_meta":{"origin":14057,"position":4},"title":"Aur\u00e9lie Daher, \u201eHezbollah: Mobilisation and Power\u201c","author":"Branimir Jankovi\u0107","date":"22. travnja 2026.","format":false,"excerpt":"Morning Star \u2018Book of the Year\u2019 Social movement, liberation party or terrorist group? With Hezbollah\u2019s growing involvement in the war in Syria, this study of its impact on Lebanon, drawing heavily on first-hand interviews, could not be more timely. Description Almost forty years after its foundation, Hezbollah remains an enigma.\u2026","rel":"","context":"U &quot;Knjige&quot;","block_context":{"text":"Knjige","link":"https:\/\/historiografija.hr\/?cat=8"},"img":{"alt_text":"","src":"https:\/\/i0.wp.com\/historiografija.hr\/wp-content\/uploads\/2026\/04\/Daher-Hezbollah.jpg?fit=600%2C931&ssl=1&resize=350%2C200","width":350,"height":200,"srcset":"https:\/\/i0.wp.com\/historiografija.hr\/wp-content\/uploads\/2026\/04\/Daher-Hezbollah.jpg?fit=600%2C931&ssl=1&resize=350%2C200 1x, https:\/\/i0.wp.com\/historiografija.hr\/wp-content\/uploads\/2026\/04\/Daher-Hezbollah.jpg?fit=600%2C931&ssl=1&resize=525%2C300 1.5x"},"classes":[]}],"_links":{"self":[{"href":"https:\/\/historiografija.hr\/index.php?rest_route=\/wp\/v2\/posts\/14057","targetHints":{"allow":["GET"]}}],"collection":[{"href":"https:\/\/historiografija.hr\/index.php?rest_route=\/wp\/v2\/posts"}],"about":[{"href":"https:\/\/historiografija.hr\/index.php?rest_route=\/wp\/v2\/types\/post"}],"author":[{"embeddable":true,"href":"https:\/\/historiografija.hr\/index.php?rest_route=\/wp\/v2\/users\/2"}],"replies":[{"embeddable":true,"href":"https:\/\/historiografija.hr\/index.php?rest_route=%2Fwp%2Fv2%2Fcomments&post=14057"}],"version-history":[{"count":1,"href":"https:\/\/historiografija.hr\/index.php?rest_route=\/wp\/v2\/posts\/14057\/revisions"}],"predecessor-version":[{"id":14059,"href":"https:\/\/historiografija.hr\/index.php?rest_route=\/wp\/v2\/posts\/14057\/revisions\/14059"}],"wp:featuredmedia":[{"embeddable":true,"href":"https:\/\/historiografija.hr\/index.php?rest_route=\/wp\/v2\/media\/14060"}],"wp:attachment":[{"href":"https:\/\/historiografija.hr\/index.php?rest_route=%2Fwp%2Fv2%2Fmedia&parent=14057"}],"wp:term":[{"taxonomy":"category","embeddable":true,"href":"https:\/\/historiografija.hr\/index.php?rest_route=%2Fwp%2Fv2%2Fcategories&post=14057"},{"taxonomy":"post_tag","embeddable":true,"href":"https:\/\/historiografija.hr\/index.php?rest_route=%2Fwp%2Fv2%2Ftags&post=14057"}],"curies":[{"name":"wp","href":"https:\/\/api.w.org\/{rel}","templated":true}]}}